{"id":82514,"date":"2014-05-26T17:30:49","date_gmt":"2014-05-26T16:30:49","guid":{"rendered":"http:\/\/www.visit-ulcinj.com\/blog\/?p=82514"},"modified":"2014-05-26T17:30:49","modified_gmt":"2014-05-26T16:30:49","slug":"tuna-sejdiu-jep-edhe-jeten-per-cozman","status":"publish","type":"post","link":"https:\/\/www.visit-ulcinj.com\/blog\/2014\/05\/26\/tuna-sejdiu-jep-edhe-jeten-per-cozman\/","title":{"rendered":"Tuna Sejdiu jep edhe jet\u00ebn p\u00ebr Cozman"},"content":{"rendered":"<p><a href=\"http:\/\/www.visit-ulcinj.com\/blog\/wp-content\/uploads\/2014\/05\/Tuna-Sejdiu-cozman.jpg\"><img loading=\"lazy\" class=\"alignleft  wp-image-82515\" alt=\"Tuna Sejdiu-cozman\" src=\"http:\/\/www.visit-ulcinj.com\/blog\/wp-content\/uploads\/2014\/05\/Tuna-Sejdiu-cozman.jpg\" width=\"508\" height=\"360\" \/><\/a>\u201cN\u00ebse dashuria p\u00ebr ty ka nj\u00eb \u00e7mim, un\u00eb do ta jap edhe jet\u00ebn time p\u00ebr ty\u201d.<\/p>\n<p>Ky \u00ebsht\u00eb mbishkrimi q\u00eb k\u00ebng\u00ebtarja nga Maqedonia, Tuna Sejdiu, ka shkruar n\u00eb fotografin\u00eb e saj, ku shihet duke shk\u00ebmbyer puthje me t\u00eb dashurin e saj, reperin Cozman.<\/p>\n<p>\u00c7ifti shihej n\u00ebn uj\u00eb, teksa shk\u00ebmbejn\u00eb puthje pasionuese p\u00ebr nj\u00ebri tjetrin.<\/p>\n<p>Tuna e ka shp\u00ebrndar k\u00ebt\u00eb fotografi n\u00eb rrjetin social Facebook, ku edhe ka shprehur dashurin\u00eb q\u00eb ndjen\u00eb p\u00ebr Cozman.<\/p>\n<p><strong>Gazeta Express<\/strong><\/p>\n<!--YouTube Error: bad URL entered-->\n","protected":false},"excerpt":{"rendered":"<p>\u201cN\u00ebse dashuria p\u00ebr ty ka nj\u00eb \u00e7mim, un\u00eb do ta jap edhe jet\u00ebn time p\u00ebr ty\u201d. Ky \u00ebsht\u00eb mbishkrimi q\u00eb k\u00ebng\u00ebtarja nga Maqedonia, Tuna Sejdiu, ka shkruar n\u00eb fotografin\u00eb e saj, ku shihet duke shk\u00ebmbyer puthje me t\u00eb dashurin e saj, reperin Cozman. \u00c7ifti shihej n\u00ebn uj\u00eb, teksa shk\u00ebmbejn\u00eb puthje pasionuese p\u00ebr nj\u00ebri tjetrin. Tuna [&hellip;]<\/p>\n","protected":false},"author":1,"featured_media":0,"comment_status":"closed","ping_status":"closed","sticky":false,"template":"","format":"standard","meta":{"spay_email":"","jetpack_publicize_message":"","jetpack_is_tweetstorm":false,"jetpack_publicize_feature_enabled":true},"categories":[1],"tags":[],"jetpack_publicize_connections":[],"yoast_head":"<!-- This site is optimized with the Yoast SEO plugin v19.1 - https:\/\/yoast.com\/wordpress\/plugins\/seo\/ -->\n<title>Tuna Sejdiu jep edhe jet\u00ebn p\u00ebr Cozman - Lajme nga Ulqini<\/title>\n<meta name=\"description\" content=\"\u201cN\u00ebse dashuria p\u00ebr ty ka nj\u00eb \u00e7mim, un\u00eb do ta jap edhe jet\u00ebn time p\u00ebr ty\u201d. Ky \u00ebsht\u00eb mbishkrimi q\u00eb k\u00ebng\u00ebtarja nga Maqedonia, Tuna Sejdiu, ka shkruar n\u00eb\" \/>\n<meta name=\"robots\" content=\"index, follow, max-snippet:-1, max-image-preview:large, max-video-preview:-1\" \/>\n<link rel=\"canonical\" href=\"https:\/\/www.visit-ulcinj.com\/blog\/2014\/05\/26\/tuna-sejdiu-jep-edhe-jeten-per-cozman\/\" \/>\n<meta property=\"og:locale\" content=\"en_US\" \/>\n<meta property=\"og:type\" content=\"article\" \/>\n<meta property=\"og:title\" content=\"Tuna Sejdiu jep edhe jet\u00ebn p\u00ebr Cozman - Lajme nga Ulqini\" \/>\n<meta property=\"og:description\" content=\"\u201cN\u00ebse dashuria p\u00ebr ty ka nj\u00eb \u00e7mim, un\u00eb do ta jap edhe jet\u00ebn time p\u00ebr ty\u201d. Ky \u00ebsht\u00eb mbishkrimi q\u00eb k\u00ebng\u00ebtarja nga Maqedonia, Tuna Sejdiu, ka shkruar n\u00eb\" \/>\n<meta property=\"og:url\" content=\"https:\/\/www.visit-ulcinj.com\/blog\/2014\/05\/26\/tuna-sejdiu-jep-edhe-jeten-per-cozman\/\" \/>\n<meta property=\"og:site_name\" content=\"Lajme nga Ulqini\" \/>\n<meta property=\"article:published_time\" content=\"2014-05-26T16:30:49+00:00\" \/>\n<meta property=\"og:image\" content=\"http:\/\/www.visit-ulcinj.com\/blog\/wp-content\/uploads\/2014\/05\/Tuna-Sejdiu-cozman.jpg\" \/>\n<meta name=\"twitter:label1\" content=\"Written by\" \/>\n\t<meta name=\"twitter:data1\" content=\"ulqini\" \/>\n<script type=\"application\/ld+json\" class=\"yoast-schema-graph\">{\"@context\":\"https:\/\/schema.org\",\"@graph\":[{\"@type\":\"WebSite\",\"@id\":\"https:\/\/www.visit-ulcinj.com\/blog\/#website\",\"url\":\"https:\/\/www.visit-ulcinj.com\/blog\/\",\"name\":\"Lajme nga Ulqini\",\"description\":\"Lajme,Vijesti,Ulqini,Ulqin,Crna Gora,Mali i Zi\",\"potentialAction\":[{\"@type\":\"SearchAction\",\"target\":{\"@type\":\"EntryPoint\",\"urlTemplate\":\"https:\/\/www.visit-ulcinj.com\/blog\/?s={search_term_string}\"},\"query-input\":\"required name=search_term_string\"}],\"inLanguage\":\"en-US\"},{\"@type\":\"ImageObject\",\"inLanguage\":\"en-US\",\"@id\":\"https:\/\/www.visit-ulcinj.com\/blog\/2014\/05\/26\/tuna-sejdiu-jep-edhe-jeten-per-cozman\/#primaryimage\",\"url\":\"http:\/\/www.visit-ulcinj.com\/blog\/wp-content\/uploads\/2014\/05\/Tuna-Sejdiu-cozman.jpg\",\"contentUrl\":\"http:\/\/www.visit-ulcinj.com\/blog\/wp-content\/uploads\/2014\/05\/Tuna-Sejdiu-cozman.jpg\"},{\"@type\":\"WebPage\",\"@id\":\"https:\/\/www.visit-ulcinj.com\/blog\/2014\/05\/26\/tuna-sejdiu-jep-edhe-jeten-per-cozman\/#webpage\",\"url\":\"https:\/\/www.visit-ulcinj.com\/blog\/2014\/05\/26\/tuna-sejdiu-jep-edhe-jeten-per-cozman\/\",\"name\":\"Tuna Sejdiu jep edhe jet\u00ebn p\u00ebr Cozman - Lajme nga Ulqini\",\"isPartOf\":{\"@id\":\"https:\/\/www.visit-ulcinj.com\/blog\/#website\"},\"primaryImageOfPage\":{\"@id\":\"https:\/\/www.visit-ulcinj.com\/blog\/2014\/05\/26\/tuna-sejdiu-jep-edhe-jeten-per-cozman\/#primaryimage\"},\"datePublished\":\"2014-05-26T16:30:49+00:00\",\"dateModified\":\"2014-05-26T16:30:49+00:00\",\"author\":{\"@id\":\"https:\/\/www.visit-ulcinj.com\/blog\/#\/schema\/person\/dcab619c614d3038751c63bc2aadc06d\"},\"description\":\"\u201cN\u00ebse dashuria p\u00ebr ty ka nj\u00eb \u00e7mim, un\u00eb do ta jap edhe jet\u00ebn time p\u00ebr ty\u201d. Ky \u00ebsht\u00eb mbishkrimi q\u00eb k\u00ebng\u00ebtarja nga Maqedonia, Tuna Sejdiu, ka shkruar n\u00eb\",\"breadcrumb\":{\"@id\":\"https:\/\/www.visit-ulcinj.com\/blog\/2014\/05\/26\/tuna-sejdiu-jep-edhe-jeten-per-cozman\/#breadcrumb\"},\"inLanguage\":\"en-US\",\"potentialAction\":[{\"@type\":\"ReadAction\",\"target\":[\"https:\/\/www.visit-ulcinj.com\/blog\/2014\/05\/26\/tuna-sejdiu-jep-edhe-jeten-per-cozman\/\"]}]},{\"@type\":\"BreadcrumbList\",\"@id\":\"https:\/\/www.visit-ulcinj.com\/blog\/2014\/05\/26\/tuna-sejdiu-jep-edhe-jeten-per-cozman\/#breadcrumb\",\"itemListElement\":[{\"@type\":\"ListItem\",\"position\":1,\"name\":\"Tuna Sejdiu jep edhe jet\u00ebn p\u00ebr Cozman\"}]},{\"@type\":\"Person\",\"@id\":\"https:\/\/www.visit-ulcinj.com\/blog\/#\/schema\/person\/dcab619c614d3038751c63bc2aadc06d\",\"name\":\"ulqini\",\"sameAs\":[\"http:\/\/www.visit-ulcinj.com\"],\"url\":\"https:\/\/www.visit-ulcinj.com\/blog\/author\/admin\/\"}]}<\/script>\n<!-- \/ Yoast SEO plugin. -->","yoast_head_json":{"title":"Tuna Sejdiu jep edhe jet\u00ebn p\u00ebr Cozman - Lajme nga Ulqini","description":"\u201cN\u00ebse dashuria p\u00ebr ty ka nj\u00eb \u00e7mim, un\u00eb do ta jap edhe jet\u00ebn time p\u00ebr ty\u201d. Ky \u00ebsht\u00eb mbishkrimi q\u00eb k\u00ebng\u00ebtarja nga Maqedonia, Tuna Sejdiu, ka shkruar n\u00eb","robots":{"index":"index","follow":"follow","max-snippet":"max-snippet:-1","max-image-preview":"max-image-preview:large","max-video-preview":"max-video-preview:-1"},"canonical":"https:\/\/www.visit-ulcinj.com\/blog\/2014\/05\/26\/tuna-sejdiu-jep-edhe-jeten-per-cozman\/","og_locale":"en_US","og_type":"article","og_title":"Tuna Sejdiu jep edhe jet\u00ebn p\u00ebr Cozman - Lajme nga Ulqini","og_description":"\u201cN\u00ebse dashuria p\u00ebr ty ka nj\u00eb \u00e7mim, un\u00eb do ta jap edhe jet\u00ebn time p\u00ebr ty\u201d. Ky \u00ebsht\u00eb mbishkrimi q\u00eb k\u00ebng\u00ebtarja nga Maqedonia, Tuna Sejdiu, ka shkruar n\u00eb","og_url":"https:\/\/www.visit-ulcinj.com\/blog\/2014\/05\/26\/tuna-sejdiu-jep-edhe-jeten-per-cozman\/","og_site_name":"Lajme nga Ulqini","article_published_time":"2014-05-26T16:30:49+00:00","og_image":[{"url":"http:\/\/www.visit-ulcinj.com\/blog\/wp-content\/uploads\/2014\/05\/Tuna-Sejdiu-cozman.jpg"}],"twitter_misc":{"Written by":"ulqini"},"schema":{"@context":"https:\/\/schema.org","@graph":[{"@type":"WebSite","@id":"https:\/\/www.visit-ulcinj.com\/blog\/#website","url":"https:\/\/www.visit-ulcinj.com\/blog\/","name":"Lajme nga Ulqini","description":"Lajme,Vijesti,Ulqini,Ulqin,Crna Gora,Mali i Zi","potentialAction":[{"@type":"SearchAction","target":{"@type":"EntryPoint","urlTemplate":"https:\/\/www.visit-ulcinj.com\/blog\/?s={search_term_string}"},"query-input":"required name=search_term_string"}],"inLanguage":"en-US"},{"@type":"ImageObject","inLanguage":"en-US","@id":"https:\/\/www.visit-ulcinj.com\/blog\/2014\/05\/26\/tuna-sejdiu-jep-edhe-jeten-per-cozman\/#primaryimage","url":"http:\/\/www.visit-ulcinj.com\/blog\/wp-content\/uploads\/2014\/05\/Tuna-Sejdiu-cozman.jpg","contentUrl":"http:\/\/www.visit-ulcinj.com\/blog\/wp-content\/uploads\/2014\/05\/Tuna-Sejdiu-cozman.jpg"},{"@type":"WebPage","@id":"https:\/\/www.visit-ulcinj.com\/blog\/2014\/05\/26\/tuna-sejdiu-jep-edhe-jeten-per-cozman\/#webpage","url":"https:\/\/www.visit-ulcinj.com\/blog\/2014\/05\/26\/tuna-sejdiu-jep-edhe-jeten-per-cozman\/","name":"Tuna Sejdiu jep edhe jet\u00ebn p\u00ebr Cozman - Lajme nga Ulqini","isPartOf":{"@id":"https:\/\/www.visit-ulcinj.com\/blog\/#website"},"primaryImageOfPage":{"@id":"https:\/\/www.visit-ulcinj.com\/blog\/2014\/05\/26\/tuna-sejdiu-jep-edhe-jeten-per-cozman\/#primaryimage"},"datePublished":"2014-05-26T16:30:49+00:00","dateModified":"2014-05-26T16:30:49+00:00","author":{"@id":"https:\/\/www.visit-ulcinj.com\/blog\/#\/schema\/person\/dcab619c614d3038751c63bc2aadc06d"},"description":"\u201cN\u00ebse dashuria p\u00ebr ty ka nj\u00eb \u00e7mim, un\u00eb do ta jap edhe jet\u00ebn time p\u00ebr ty\u201d. Ky \u00ebsht\u00eb mbishkrimi q\u00eb k\u00ebng\u00ebtarja nga Maqedonia, Tuna Sejdiu, ka shkruar n\u00eb","breadcrumb":{"@id":"https:\/\/www.visit-ulcinj.com\/blog\/2014\/05\/26\/tuna-sejdiu-jep-edhe-jeten-per-cozman\/#breadcrumb"},"inLanguage":"en-US","potentialAction":[{"@type":"ReadAction","target":["https:\/\/www.visit-ulcinj.com\/blog\/2014\/05\/26\/tuna-sejdiu-jep-edhe-jeten-per-cozman\/"]}]},{"@type":"BreadcrumbList","@id":"https:\/\/www.visit-ulcinj.com\/blog\/2014\/05\/26\/tuna-sejdiu-jep-edhe-jeten-per-cozman\/#breadcrumb","itemListElement":[{"@type":"ListItem","position":1,"name":"Tuna Sejdiu jep edhe jet\u00ebn p\u00ebr Cozman"}]},{"@type":"Person","@id":"https:\/\/www.visit-ulcinj.com\/blog\/#\/schema\/person\/dcab619c614d3038751c63bc2aadc06d","name":"ulqini","sameAs":["http:\/\/www.visit-ulcinj.com"],"url":"https:\/\/www.visit-ulcinj.com\/blog\/author\/admin\/"}]}},"jetpack_featured_media_url":"","jetpack_sharing_enabled":true,"jetpack_shortlink":"https:\/\/wp.me\/pe6lTn-lsS","_links":{"self":[{"href":"https:\/\/www.visit-ulcinj.com\/blog\/wp-json\/wp\/v2\/posts\/82514"}],"collection":[{"href":"https:\/\/www.visit-ulcinj.com\/blog\/wp-json\/wp\/v2\/posts"}],"about":[{"href":"https:\/\/www.visit-ulcinj.com\/blog\/wp-json\/wp\/v2\/types\/post"}],"author":[{"embeddable":true,"href":"https:\/\/www.visit-ulcinj.com\/blog\/wp-json\/wp\/v2\/users\/1"}],"replies":[{"embeddable":true,"href":"https:\/\/www.visit-ulcinj.com\/blog\/wp-json\/wp\/v2\/comments?post=82514"}],"version-history":[{"count":1,"href":"https:\/\/www.visit-ulcinj.com\/blog\/wp-json\/wp\/v2\/posts\/82514\/revisions"}],"predecessor-version":[{"id":82516,"href":"https:\/\/www.visit-ulcinj.com\/blog\/wp-json\/wp\/v2\/posts\/82514\/revisions\/82516"}],"wp:attachment":[{"href":"https:\/\/www.visit-ulcinj.com\/blog\/wp-json\/wp\/v2\/media?parent=82514"}],"wp:term":[{"taxonomy":"category","embeddable":true,"href":"https:\/\/www.visit-ulcinj.com\/blog\/wp-json\/wp\/v2\/categories?post=82514"},{"taxonomy":"post_tag","embeddable":true,"href":"https:\/\/www.visit-ulcinj.com\/blog\/wp-json\/wp\/v2\/tags?post=82514"}],"curies":[{"name":"wp","href":"https:\/\/api.w.org\/{rel}","templated":true}]}}