{"id":82517,"date":"2014-05-26T17:42:25","date_gmt":"2014-05-26T16:42:25","guid":{"rendered":"http:\/\/www.visit-ulcinj.com\/blog\/?p=82517"},"modified":"2014-05-26T17:42:50","modified_gmt":"2014-05-26T16:42:50","slug":"partia-e-gjukanoviqit-fiton-ne-tuz","status":"publish","type":"post","link":"https:\/\/www.visit-ulcinj.com\/blog\/2014\/05\/26\/partia-e-gjukanoviqit-fiton-ne-tuz\/","title":{"rendered":"Partia e Gjukanoviqit fiton n\u00eb Tuz"},"content":{"rendered":"<p>&nbsp;<\/p>\n<p><strong><a href=\"http:\/\/www.visit-ulcinj.com\/blog\/wp-content\/uploads\/2014\/05\/DPS-TUZI.jpg\"><img loading=\"lazy\" class=\"alignleft  wp-image-82518\" alt=\"DPS-TUZI\" src=\"http:\/\/www.visit-ulcinj.com\/blog\/wp-content\/uploads\/2014\/05\/DPS-TUZI.jpg\" width=\"508\" height=\"360\" \/><\/a> N\u00eb Tuzin shqiptar fiton partia e Gjukanoviqit<\/strong><\/p>\n<p><strong>Tuz, 26 maj \u2013 N\u00eb Mal t\u00eb Zi dje jan\u00eb mbajtur zgjedhjet p\u00ebr pushtetin lokal. Sipas t\u00eb dh\u00ebnave preliminare, n\u00eb Komun\u00ebn Urbane t\u00eb Tuzit (n\u00eb kuad\u00ebr t\u00eb asaj t\u00eb Podgoric\u00ebs), q\u00eb \u00ebsht\u00eb m\u00eb pak se komunat e tjera t\u00eb pavarura, q\u00eb i raporton Mal\u00ebsia org.<\/strong><\/p>\n<div>\n<p>Shumic\u00ebn absolute t\u00eb votave e ka fituar koalicioni i DPS-s\u00eb &#8211; Koalicioni \u201cP\u00ebr Tuzin Evropian \u2013 Milo Djukanovic\u201d (DPS-UDSH-Partia Boshnjake-Lista p\u00ebr Tuz) me 3352 vota, gjegj\u00ebsisht 13 mandate, q\u00eb ndiqet nga Koalicioni Shqiptar (Alternativa Shqiptare \u2013 Iniciativa Qytetare) me 1203 vota, gjegj\u00ebsish 4 mandate, pastaj vijn\u00eb Lidhja Demokratike n\u00eb Mal t\u00eb Zi me 863 vota, gjegj\u00ebsish 3 mandate, SDP- Pozitivna me 506 vota, gjegj\u00ebsish 2 mandate, dhe SNP me 237 vota, mbetet pa mandat<br \/>\nPartit\u00eb shqiptare q\u00eb garuan p\u00ebr pushtetin lokal n\u00eb Tuz manifestuan p\u00ebr\u00e7arjen tradicionale dhe madje jo vet\u00ebm n\u00eb baza partiake, por edhe fetare. P\u00ebr pasoj\u00eb fitoi partia e Gjukanoviqit, DPS, ashtu si\u00e7 ndodhi muaj m\u00eb par\u00eb edhe n\u00eb Ulqin.<br \/>\nKuvendi i KU Tuz ka gjithsej 22 vende.<\/p>\n<p><strong>Koha Net<\/strong><\/p>\n<\/div>\n","protected":false},"excerpt":{"rendered":"<p>&nbsp; N\u00eb Tuzin shqiptar fiton partia e Gjukanoviqit Tuz, 26 maj \u2013 N\u00eb Mal t\u00eb Zi dje jan\u00eb mbajtur zgjedhjet p\u00ebr pushtetin lokal. Sipas t\u00eb dh\u00ebnave preliminare, n\u00eb Komun\u00ebn Urbane t\u00eb Tuzit (n\u00eb kuad\u00ebr t\u00eb asaj t\u00eb Podgoric\u00ebs), q\u00eb \u00ebsht\u00eb m\u00eb pak se komunat e tjera t\u00eb pavarura, q\u00eb i raporton Mal\u00ebsia org. Shumic\u00ebn absolute [&hellip;]<\/p>\n","protected":false},"author":1,"featured_media":0,"comment_status":"closed","ping_status":"closed","sticky":false,"template":"","format":"standard","meta":{"spay_email":"","jetpack_publicize_message":"","jetpack_is_tweetstorm":false,"jetpack_publicize_feature_enabled":true},"categories":[6950],"tags":[],"jetpack_publicize_connections":[],"yoast_head":"<!-- This site is optimized with the Yoast SEO plugin v19.1 - https:\/\/yoast.com\/wordpress\/plugins\/seo\/ -->\n<title>Partia e Gjukanoviqit fiton n\u00eb Tuz - Lajme nga Ulqini<\/title>\n<meta name=\"description\" content=\"&nbsp; N\u00eb Tuzin shqiptar fiton partia e Gjukanoviqit Tuz, 26 maj \u2013 N\u00eb Mal t\u00eb Zi dje jan\u00eb mbajtur zgjedhjet p\u00ebr pushtetin lokal. Sipas t\u00eb dh\u00ebnave\" \/>\n<meta name=\"robots\" content=\"index, follow, max-snippet:-1, max-image-preview:large, max-video-preview:-1\" \/>\n<link rel=\"canonical\" href=\"https:\/\/www.visit-ulcinj.com\/blog\/2014\/05\/26\/partia-e-gjukanoviqit-fiton-ne-tuz\/\" \/>\n<meta property=\"og:locale\" content=\"en_US\" \/>\n<meta property=\"og:type\" content=\"article\" \/>\n<meta property=\"og:title\" content=\"Partia e Gjukanoviqit fiton n\u00eb Tuz - Lajme nga Ulqini\" \/>\n<meta property=\"og:description\" content=\"&nbsp; N\u00eb Tuzin shqiptar fiton partia e Gjukanoviqit Tuz, 26 maj \u2013 N\u00eb Mal t\u00eb Zi dje jan\u00eb mbajtur zgjedhjet p\u00ebr pushtetin lokal. Sipas t\u00eb dh\u00ebnave\" \/>\n<meta property=\"og:url\" content=\"https:\/\/www.visit-ulcinj.com\/blog\/2014\/05\/26\/partia-e-gjukanoviqit-fiton-ne-tuz\/\" \/>\n<meta property=\"og:site_name\" content=\"Lajme nga Ulqini\" \/>\n<meta property=\"article:published_time\" content=\"2014-05-26T16:42:25+00:00\" \/>\n<meta property=\"article:modified_time\" content=\"2014-05-26T16:42:50+00:00\" \/>\n<meta property=\"og:image\" content=\"http:\/\/www.visit-ulcinj.com\/blog\/wp-content\/uploads\/2014\/05\/DPS-TUZI.jpg\" \/>\n<meta name=\"twitter:label1\" content=\"Written by\" \/>\n\t<meta name=\"twitter:data1\" content=\"ulqini\" \/>\n\t<meta name=\"twitter:label2\" content=\"Est. reading time\" \/>\n\t<meta name=\"twitter:data2\" content=\"1 minute\" \/>\n<script type=\"application\/ld+json\" class=\"yoast-schema-graph\">{\"@context\":\"https:\/\/schema.org\",\"@graph\":[{\"@type\":\"WebSite\",\"@id\":\"https:\/\/www.visit-ulcinj.com\/blog\/#website\",\"url\":\"https:\/\/www.visit-ulcinj.com\/blog\/\",\"name\":\"Lajme nga Ulqini\",\"description\":\"Lajme,Vijesti,Ulqini,Ulqin,Crna Gora,Mali i Zi\",\"potentialAction\":[{\"@type\":\"SearchAction\",\"target\":{\"@type\":\"EntryPoint\",\"urlTemplate\":\"https:\/\/www.visit-ulcinj.com\/blog\/?s={search_term_string}\"},\"query-input\":\"required name=search_term_string\"}],\"inLanguage\":\"en-US\"},{\"@type\":\"ImageObject\",\"inLanguage\":\"en-US\",\"@id\":\"https:\/\/www.visit-ulcinj.com\/blog\/2014\/05\/26\/partia-e-gjukanoviqit-fiton-ne-tuz\/#primaryimage\",\"url\":\"https:\/\/www.visit-ulcinj.com\/blog\/wp-content\/uploads\/2014\/05\/DPS-TUZI.jpg\",\"contentUrl\":\"https:\/\/www.visit-ulcinj.com\/blog\/wp-content\/uploads\/2014\/05\/DPS-TUZI.jpg\",\"width\":640,\"height\":425},{\"@type\":\"WebPage\",\"@id\":\"https:\/\/www.visit-ulcinj.com\/blog\/2014\/05\/26\/partia-e-gjukanoviqit-fiton-ne-tuz\/#webpage\",\"url\":\"https:\/\/www.visit-ulcinj.com\/blog\/2014\/05\/26\/partia-e-gjukanoviqit-fiton-ne-tuz\/\",\"name\":\"Partia e Gjukanoviqit fiton n\u00eb Tuz - Lajme nga Ulqini\",\"isPartOf\":{\"@id\":\"https:\/\/www.visit-ulcinj.com\/blog\/#website\"},\"primaryImageOfPage\":{\"@id\":\"https:\/\/www.visit-ulcinj.com\/blog\/2014\/05\/26\/partia-e-gjukanoviqit-fiton-ne-tuz\/#primaryimage\"},\"datePublished\":\"2014-05-26T16:42:25+00:00\",\"dateModified\":\"2014-05-26T16:42:50+00:00\",\"author\":{\"@id\":\"https:\/\/www.visit-ulcinj.com\/blog\/#\/schema\/person\/dcab619c614d3038751c63bc2aadc06d\"},\"description\":\"&nbsp; N\u00eb Tuzin shqiptar fiton partia e Gjukanoviqit Tuz, 26 maj \u2013 N\u00eb Mal t\u00eb Zi dje jan\u00eb mbajtur zgjedhjet p\u00ebr pushtetin lokal. Sipas t\u00eb dh\u00ebnave\",\"breadcrumb\":{\"@id\":\"https:\/\/www.visit-ulcinj.com\/blog\/2014\/05\/26\/partia-e-gjukanoviqit-fiton-ne-tuz\/#breadcrumb\"},\"inLanguage\":\"en-US\",\"potentialAction\":[{\"@type\":\"ReadAction\",\"target\":[\"https:\/\/www.visit-ulcinj.com\/blog\/2014\/05\/26\/partia-e-gjukanoviqit-fiton-ne-tuz\/\"]}]},{\"@type\":\"BreadcrumbList\",\"@id\":\"https:\/\/www.visit-ulcinj.com\/blog\/2014\/05\/26\/partia-e-gjukanoviqit-fiton-ne-tuz\/#breadcrumb\",\"itemListElement\":[{\"@type\":\"ListItem\",\"position\":1,\"name\":\"Partia e Gjukanoviqit fiton n\u00eb Tuz\"}]},{\"@type\":\"Person\",\"@id\":\"https:\/\/www.visit-ulcinj.com\/blog\/#\/schema\/person\/dcab619c614d3038751c63bc2aadc06d\",\"name\":\"ulqini\",\"sameAs\":[\"http:\/\/www.visit-ulcinj.com\"],\"url\":\"https:\/\/www.visit-ulcinj.com\/blog\/author\/admin\/\"}]}<\/script>\n<!-- \/ Yoast SEO plugin. -->","yoast_head_json":{"title":"Partia e Gjukanoviqit fiton n\u00eb Tuz - Lajme nga Ulqini","description":"&nbsp; N\u00eb Tuzin shqiptar fiton partia e Gjukanoviqit Tuz, 26 maj \u2013 N\u00eb Mal t\u00eb Zi dje jan\u00eb mbajtur zgjedhjet p\u00ebr pushtetin lokal. Sipas t\u00eb dh\u00ebnave","robots":{"index":"index","follow":"follow","max-snippet":"max-snippet:-1","max-image-preview":"max-image-preview:large","max-video-preview":"max-video-preview:-1"},"canonical":"https:\/\/www.visit-ulcinj.com\/blog\/2014\/05\/26\/partia-e-gjukanoviqit-fiton-ne-tuz\/","og_locale":"en_US","og_type":"article","og_title":"Partia e Gjukanoviqit fiton n\u00eb Tuz - Lajme nga Ulqini","og_description":"&nbsp; N\u00eb Tuzin shqiptar fiton partia e Gjukanoviqit Tuz, 26 maj \u2013 N\u00eb Mal t\u00eb Zi dje jan\u00eb mbajtur zgjedhjet p\u00ebr pushtetin lokal. Sipas t\u00eb dh\u00ebnave","og_url":"https:\/\/www.visit-ulcinj.com\/blog\/2014\/05\/26\/partia-e-gjukanoviqit-fiton-ne-tuz\/","og_site_name":"Lajme nga Ulqini","article_published_time":"2014-05-26T16:42:25+00:00","article_modified_time":"2014-05-26T16:42:50+00:00","og_image":[{"url":"http:\/\/www.visit-ulcinj.com\/blog\/wp-content\/uploads\/2014\/05\/DPS-TUZI.jpg"}],"twitter_misc":{"Written by":"ulqini","Est. reading time":"1 minute"},"schema":{"@context":"https:\/\/schema.org","@graph":[{"@type":"WebSite","@id":"https:\/\/www.visit-ulcinj.com\/blog\/#website","url":"https:\/\/www.visit-ulcinj.com\/blog\/","name":"Lajme nga Ulqini","description":"Lajme,Vijesti,Ulqini,Ulqin,Crna Gora,Mali i Zi","potentialAction":[{"@type":"SearchAction","target":{"@type":"EntryPoint","urlTemplate":"https:\/\/www.visit-ulcinj.com\/blog\/?s={search_term_string}"},"query-input":"required name=search_term_string"}],"inLanguage":"en-US"},{"@type":"ImageObject","inLanguage":"en-US","@id":"https:\/\/www.visit-ulcinj.com\/blog\/2014\/05\/26\/partia-e-gjukanoviqit-fiton-ne-tuz\/#primaryimage","url":"https:\/\/www.visit-ulcinj.com\/blog\/wp-content\/uploads\/2014\/05\/DPS-TUZI.jpg","contentUrl":"https:\/\/www.visit-ulcinj.com\/blog\/wp-content\/uploads\/2014\/05\/DPS-TUZI.jpg","width":640,"height":425},{"@type":"WebPage","@id":"https:\/\/www.visit-ulcinj.com\/blog\/2014\/05\/26\/partia-e-gjukanoviqit-fiton-ne-tuz\/#webpage","url":"https:\/\/www.visit-ulcinj.com\/blog\/2014\/05\/26\/partia-e-gjukanoviqit-fiton-ne-tuz\/","name":"Partia e Gjukanoviqit fiton n\u00eb Tuz - Lajme nga Ulqini","isPartOf":{"@id":"https:\/\/www.visit-ulcinj.com\/blog\/#website"},"primaryImageOfPage":{"@id":"https:\/\/www.visit-ulcinj.com\/blog\/2014\/05\/26\/partia-e-gjukanoviqit-fiton-ne-tuz\/#primaryimage"},"datePublished":"2014-05-26T16:42:25+00:00","dateModified":"2014-05-26T16:42:50+00:00","author":{"@id":"https:\/\/www.visit-ulcinj.com\/blog\/#\/schema\/person\/dcab619c614d3038751c63bc2aadc06d"},"description":"&nbsp; N\u00eb Tuzin shqiptar fiton partia e Gjukanoviqit Tuz, 26 maj \u2013 N\u00eb Mal t\u00eb Zi dje jan\u00eb mbajtur zgjedhjet p\u00ebr pushtetin lokal. Sipas t\u00eb dh\u00ebnave","breadcrumb":{"@id":"https:\/\/www.visit-ulcinj.com\/blog\/2014\/05\/26\/partia-e-gjukanoviqit-fiton-ne-tuz\/#breadcrumb"},"inLanguage":"en-US","potentialAction":[{"@type":"ReadAction","target":["https:\/\/www.visit-ulcinj.com\/blog\/2014\/05\/26\/partia-e-gjukanoviqit-fiton-ne-tuz\/"]}]},{"@type":"BreadcrumbList","@id":"https:\/\/www.visit-ulcinj.com\/blog\/2014\/05\/26\/partia-e-gjukanoviqit-fiton-ne-tuz\/#breadcrumb","itemListElement":[{"@type":"ListItem","position":1,"name":"Partia e Gjukanoviqit fiton n\u00eb Tuz"}]},{"@type":"Person","@id":"https:\/\/www.visit-ulcinj.com\/blog\/#\/schema\/person\/dcab619c614d3038751c63bc2aadc06d","name":"ulqini","sameAs":["http:\/\/www.visit-ulcinj.com"],"url":"https:\/\/www.visit-ulcinj.com\/blog\/author\/admin\/"}]}},"jetpack_featured_media_url":"","jetpack_sharing_enabled":true,"jetpack_shortlink":"https:\/\/wp.me\/pe6lTn-lsV","_links":{"self":[{"href":"https:\/\/www.visit-ulcinj.com\/blog\/wp-json\/wp\/v2\/posts\/82517"}],"collection":[{"href":"https:\/\/www.visit-ulcinj.com\/blog\/wp-json\/wp\/v2\/posts"}],"about":[{"href":"https:\/\/www.visit-ulcinj.com\/blog\/wp-json\/wp\/v2\/types\/post"}],"author":[{"embeddable":true,"href":"https:\/\/www.visit-ulcinj.com\/blog\/wp-json\/wp\/v2\/users\/1"}],"replies":[{"embeddable":true,"href":"https:\/\/www.visit-ulcinj.com\/blog\/wp-json\/wp\/v2\/comments?post=82517"}],"version-history":[{"count":2,"href":"https:\/\/www.visit-ulcinj.com\/blog\/wp-json\/wp\/v2\/posts\/82517\/revisions"}],"predecessor-version":[{"id":82520,"href":"https:\/\/www.visit-ulcinj.com\/blog\/wp-json\/wp\/v2\/posts\/82517\/revisions\/82520"}],"wp:attachment":[{"href":"https:\/\/www.visit-ulcinj.com\/blog\/wp-json\/wp\/v2\/media?parent=82517"}],"wp:term":[{"taxonomy":"category","embeddable":true,"href":"https:\/\/www.visit-ulcinj.com\/blog\/wp-json\/wp\/v2\/categories?post=82517"},{"taxonomy":"post_tag","embeddable":true,"href":"https:\/\/www.visit-ulcinj.com\/blog\/wp-json\/wp\/v2\/tags?post=82517"}],"curies":[{"name":"wp","href":"https:\/\/api.w.org\/{rel}","templated":true}]}}