{"id":82521,"date":"2014-05-27T13:33:10","date_gmt":"2014-05-27T12:33:10","guid":{"rendered":"http:\/\/www.visit-ulcinj.com\/blog\/?p=82521"},"modified":"2014-05-27T13:34:24","modified_gmt":"2014-05-27T12:34:24","slug":"marubi-u-eu-info-centru-u-podgorici","status":"publish","type":"post","link":"https:\/\/www.visit-ulcinj.com\/blog\/2014\/05\/27\/marubi-u-eu-info-centru-u-podgorici\/","title":{"rendered":"Marubi u EU Info Centru u Podgorici"},"content":{"rendered":"<p><strong><a href=\"http:\/\/www.visit-ulcinj.com\/blog\/wp-content\/uploads\/2014\/05\/Marubi-project-Shkodra-Ulqini.jpg\"><img loading=\"lazy\" class=\"alignleft  wp-image-82522\" alt=\"Marubi project Shkodra Ulqini\" src=\"http:\/\/www.visit-ulcinj.com\/blog\/wp-content\/uploads\/2014\/05\/Marubi-project-Shkodra-Ulqini.jpg\" width=\"508\" height=\"360\" \/><\/a>Izlo\u017eba fotografija narodnih no\u0161nji Crne Gore i Albanije <\/strong><\/p>\n<p>Sve\u010dano otvaranje izlo\u017ebe fotografija \u201eReflektujemo na\u0161u tradiciju, reflektujemo sebe \u2013 Marubi\u201c odr\u017ea\u0107e se u utorak 27. maja u 19h u EU Info Centru u Podgorici.<\/p>\n<p>Izlo\u017eba se sastoji od 30 odabranih fotografija narodnih no\u0161nji Crne Gore i Albanije iz kolekcije Marubijev.<\/p>\n<p>\u201cMarubi\u201d je \u010duvena fototeka iz Skadra, u kojoj je arhivirano preko 500.000 fotografija, napravljenih izme\u0111u 1850. i 1950. godine, javlja Portal RTCG.<\/p>\n<p>Izlo\u017eba je uspje\u0161no organizovana u Ankari i Var\u0161avi kao i u Evropskom parlamentu u Briselu. Do kraja projekta planirane su izlo\u017ebe u \u017denevi, Beogradu i Budimpe\u0161ti.<\/p>\n<p>Op\u0161tina Ulcinj trenutno implementira projekat &#8221;Marubi: a cooperative model for tourist promotion between Shkodra and Ulcinj&#8221;, koji finansira Evropska unija, preko prekograni\u010dnog programa Albanija &#8211; Crna Gora. Projekat ima za cilj turisti\u010dku promociju ova dva grada kroz valorizaciju potencijala \u010duvene fototeke Marubi iz Skadra.<\/p>\n<p>Izlo\u017eba \u0107e biti otvorena do 6. juna.<\/p>\n<p><strong>Izvor: Analitika &#8211; Informativni Portal<\/strong><\/p>\n","protected":false},"excerpt":{"rendered":"<p>Izlo\u017eba fotografija narodnih no\u0161nji Crne Gore i Albanije Sve\u010dano otvaranje izlo\u017ebe fotografija \u201eReflektujemo na\u0161u tradiciju, reflektujemo sebe \u2013 Marubi\u201c odr\u017ea\u0107e se u utorak 27. maja u 19h u EU Info Centru u Podgorici. Izlo\u017eba se sastoji od 30 odabranih fotografija narodnih no\u0161nji Crne Gore i Albanije iz kolekcije Marubijev. \u201cMarubi\u201d je \u010duvena fototeka iz Skadra, [&hellip;]<\/p>\n","protected":false},"author":1,"featured_media":0,"comment_status":"closed","ping_status":"closed","sticky":false,"template":"","format":"standard","meta":{"spay_email":"","jetpack_publicize_message":"","jetpack_is_tweetstorm":false,"jetpack_publicize_feature_enabled":true},"categories":[8337],"tags":[],"jetpack_publicize_connections":[],"yoast_head":"<!-- This site is optimized with the Yoast SEO plugin v19.1 - https:\/\/yoast.com\/wordpress\/plugins\/seo\/ -->\n<title>Marubi u EU Info Centru u Podgorici - Lajme nga Ulqini<\/title>\n<meta name=\"description\" content=\"Izlo\u017eba fotografija narodnih no\u0161nji Crne Gore i Albanije Sve\u010dano otvaranje izlo\u017ebe fotografija \u201eReflektujemo na\u0161u tradiciju, reflektujemo sebe \u2013 Marubi\u201c\" \/>\n<meta name=\"robots\" content=\"index, follow, max-snippet:-1, max-image-preview:large, max-video-preview:-1\" \/>\n<link rel=\"canonical\" href=\"https:\/\/www.visit-ulcinj.com\/blog\/2014\/05\/27\/marubi-u-eu-info-centru-u-podgorici\/\" \/>\n<meta property=\"og:locale\" content=\"en_US\" \/>\n<meta property=\"og:type\" content=\"article\" \/>\n<meta property=\"og:title\" content=\"Marubi u EU Info Centru u Podgorici - Lajme nga Ulqini\" \/>\n<meta property=\"og:description\" content=\"Izlo\u017eba fotografija narodnih no\u0161nji Crne Gore i Albanije Sve\u010dano otvaranje izlo\u017ebe fotografija \u201eReflektujemo na\u0161u tradiciju, reflektujemo sebe \u2013 Marubi\u201c\" \/>\n<meta property=\"og:url\" content=\"https:\/\/www.visit-ulcinj.com\/blog\/2014\/05\/27\/marubi-u-eu-info-centru-u-podgorici\/\" \/>\n<meta property=\"og:site_name\" content=\"Lajme nga Ulqini\" \/>\n<meta property=\"article:published_time\" content=\"2014-05-27T12:33:10+00:00\" \/>\n<meta property=\"article:modified_time\" content=\"2014-05-27T12:34:24+00:00\" \/>\n<meta property=\"og:image\" content=\"http:\/\/www.visit-ulcinj.com\/blog\/wp-content\/uploads\/2014\/05\/Marubi-project-Shkodra-Ulqini.jpg\" \/>\n<meta name=\"twitter:label1\" content=\"Written by\" \/>\n\t<meta name=\"twitter:data1\" content=\"ulqini\" \/>\n\t<meta name=\"twitter:label2\" content=\"Est. reading time\" \/>\n\t<meta name=\"twitter:data2\" content=\"1 minute\" \/>\n<script type=\"application\/ld+json\" class=\"yoast-schema-graph\">{\"@context\":\"https:\/\/schema.org\",\"@graph\":[{\"@type\":\"WebSite\",\"@id\":\"https:\/\/www.visit-ulcinj.com\/blog\/#website\",\"url\":\"https:\/\/www.visit-ulcinj.com\/blog\/\",\"name\":\"Lajme nga Ulqini\",\"description\":\"Lajme,Vijesti,Ulqini,Ulqin,Crna Gora,Mali i Zi\",\"potentialAction\":[{\"@type\":\"SearchAction\",\"target\":{\"@type\":\"EntryPoint\",\"urlTemplate\":\"https:\/\/www.visit-ulcinj.com\/blog\/?s={search_term_string}\"},\"query-input\":\"required name=search_term_string\"}],\"inLanguage\":\"en-US\"},{\"@type\":\"ImageObject\",\"inLanguage\":\"en-US\",\"@id\":\"https:\/\/www.visit-ulcinj.com\/blog\/2014\/05\/27\/marubi-u-eu-info-centru-u-podgorici\/#primaryimage\",\"url\":\"https:\/\/www.visit-ulcinj.com\/blog\/wp-content\/uploads\/2014\/05\/Marubi-project-Shkodra-Ulqini.jpg\",\"contentUrl\":\"https:\/\/www.visit-ulcinj.com\/blog\/wp-content\/uploads\/2014\/05\/Marubi-project-Shkodra-Ulqini.jpg\",\"width\":960,\"height\":639},{\"@type\":\"WebPage\",\"@id\":\"https:\/\/www.visit-ulcinj.com\/blog\/2014\/05\/27\/marubi-u-eu-info-centru-u-podgorici\/#webpage\",\"url\":\"https:\/\/www.visit-ulcinj.com\/blog\/2014\/05\/27\/marubi-u-eu-info-centru-u-podgorici\/\",\"name\":\"Marubi u EU Info Centru u Podgorici - Lajme nga Ulqini\",\"isPartOf\":{\"@id\":\"https:\/\/www.visit-ulcinj.com\/blog\/#website\"},\"primaryImageOfPage\":{\"@id\":\"https:\/\/www.visit-ulcinj.com\/blog\/2014\/05\/27\/marubi-u-eu-info-centru-u-podgorici\/#primaryimage\"},\"datePublished\":\"2014-05-27T12:33:10+00:00\",\"dateModified\":\"2014-05-27T12:34:24+00:00\",\"author\":{\"@id\":\"https:\/\/www.visit-ulcinj.com\/blog\/#\/schema\/person\/dcab619c614d3038751c63bc2aadc06d\"},\"description\":\"Izlo\u017eba fotografija narodnih no\u0161nji Crne Gore i Albanije Sve\u010dano otvaranje izlo\u017ebe fotografija \u201eReflektujemo na\u0161u tradiciju, reflektujemo sebe \u2013 Marubi\u201c\",\"breadcrumb\":{\"@id\":\"https:\/\/www.visit-ulcinj.com\/blog\/2014\/05\/27\/marubi-u-eu-info-centru-u-podgorici\/#breadcrumb\"},\"inLanguage\":\"en-US\",\"potentialAction\":[{\"@type\":\"ReadAction\",\"target\":[\"https:\/\/www.visit-ulcinj.com\/blog\/2014\/05\/27\/marubi-u-eu-info-centru-u-podgorici\/\"]}]},{\"@type\":\"BreadcrumbList\",\"@id\":\"https:\/\/www.visit-ulcinj.com\/blog\/2014\/05\/27\/marubi-u-eu-info-centru-u-podgorici\/#breadcrumb\",\"itemListElement\":[{\"@type\":\"ListItem\",\"position\":1,\"name\":\"Marubi u EU Info Centru u Podgorici\"}]},{\"@type\":\"Person\",\"@id\":\"https:\/\/www.visit-ulcinj.com\/blog\/#\/schema\/person\/dcab619c614d3038751c63bc2aadc06d\",\"name\":\"ulqini\",\"sameAs\":[\"http:\/\/www.visit-ulcinj.com\"],\"url\":\"https:\/\/www.visit-ulcinj.com\/blog\/author\/admin\/\"}]}<\/script>\n<!-- \/ Yoast SEO plugin. -->","yoast_head_json":{"title":"Marubi u EU Info Centru u Podgorici - Lajme nga Ulqini","description":"Izlo\u017eba fotografija narodnih no\u0161nji Crne Gore i Albanije Sve\u010dano otvaranje izlo\u017ebe fotografija \u201eReflektujemo na\u0161u tradiciju, reflektujemo sebe \u2013 Marubi\u201c","robots":{"index":"index","follow":"follow","max-snippet":"max-snippet:-1","max-image-preview":"max-image-preview:large","max-video-preview":"max-video-preview:-1"},"canonical":"https:\/\/www.visit-ulcinj.com\/blog\/2014\/05\/27\/marubi-u-eu-info-centru-u-podgorici\/","og_locale":"en_US","og_type":"article","og_title":"Marubi u EU Info Centru u Podgorici - Lajme nga Ulqini","og_description":"Izlo\u017eba fotografija narodnih no\u0161nji Crne Gore i Albanije Sve\u010dano otvaranje izlo\u017ebe fotografija \u201eReflektujemo na\u0161u tradiciju, reflektujemo sebe \u2013 Marubi\u201c","og_url":"https:\/\/www.visit-ulcinj.com\/blog\/2014\/05\/27\/marubi-u-eu-info-centru-u-podgorici\/","og_site_name":"Lajme nga Ulqini","article_published_time":"2014-05-27T12:33:10+00:00","article_modified_time":"2014-05-27T12:34:24+00:00","og_image":[{"url":"http:\/\/www.visit-ulcinj.com\/blog\/wp-content\/uploads\/2014\/05\/Marubi-project-Shkodra-Ulqini.jpg"}],"twitter_misc":{"Written by":"ulqini","Est. reading time":"1 minute"},"schema":{"@context":"https:\/\/schema.org","@graph":[{"@type":"WebSite","@id":"https:\/\/www.visit-ulcinj.com\/blog\/#website","url":"https:\/\/www.visit-ulcinj.com\/blog\/","name":"Lajme nga Ulqini","description":"Lajme,Vijesti,Ulqini,Ulqin,Crna Gora,Mali i Zi","potentialAction":[{"@type":"SearchAction","target":{"@type":"EntryPoint","urlTemplate":"https:\/\/www.visit-ulcinj.com\/blog\/?s={search_term_string}"},"query-input":"required name=search_term_string"}],"inLanguage":"en-US"},{"@type":"ImageObject","inLanguage":"en-US","@id":"https:\/\/www.visit-ulcinj.com\/blog\/2014\/05\/27\/marubi-u-eu-info-centru-u-podgorici\/#primaryimage","url":"https:\/\/www.visit-ulcinj.com\/blog\/wp-content\/uploads\/2014\/05\/Marubi-project-Shkodra-Ulqini.jpg","contentUrl":"https:\/\/www.visit-ulcinj.com\/blog\/wp-content\/uploads\/2014\/05\/Marubi-project-Shkodra-Ulqini.jpg","width":960,"height":639},{"@type":"WebPage","@id":"https:\/\/www.visit-ulcinj.com\/blog\/2014\/05\/27\/marubi-u-eu-info-centru-u-podgorici\/#webpage","url":"https:\/\/www.visit-ulcinj.com\/blog\/2014\/05\/27\/marubi-u-eu-info-centru-u-podgorici\/","name":"Marubi u EU Info Centru u Podgorici - Lajme nga Ulqini","isPartOf":{"@id":"https:\/\/www.visit-ulcinj.com\/blog\/#website"},"primaryImageOfPage":{"@id":"https:\/\/www.visit-ulcinj.com\/blog\/2014\/05\/27\/marubi-u-eu-info-centru-u-podgorici\/#primaryimage"},"datePublished":"2014-05-27T12:33:10+00:00","dateModified":"2014-05-27T12:34:24+00:00","author":{"@id":"https:\/\/www.visit-ulcinj.com\/blog\/#\/schema\/person\/dcab619c614d3038751c63bc2aadc06d"},"description":"Izlo\u017eba fotografija narodnih no\u0161nji Crne Gore i Albanije Sve\u010dano otvaranje izlo\u017ebe fotografija \u201eReflektujemo na\u0161u tradiciju, reflektujemo sebe \u2013 Marubi\u201c","breadcrumb":{"@id":"https:\/\/www.visit-ulcinj.com\/blog\/2014\/05\/27\/marubi-u-eu-info-centru-u-podgorici\/#breadcrumb"},"inLanguage":"en-US","potentialAction":[{"@type":"ReadAction","target":["https:\/\/www.visit-ulcinj.com\/blog\/2014\/05\/27\/marubi-u-eu-info-centru-u-podgorici\/"]}]},{"@type":"BreadcrumbList","@id":"https:\/\/www.visit-ulcinj.com\/blog\/2014\/05\/27\/marubi-u-eu-info-centru-u-podgorici\/#breadcrumb","itemListElement":[{"@type":"ListItem","position":1,"name":"Marubi u EU Info Centru u Podgorici"}]},{"@type":"Person","@id":"https:\/\/www.visit-ulcinj.com\/blog\/#\/schema\/person\/dcab619c614d3038751c63bc2aadc06d","name":"ulqini","sameAs":["http:\/\/www.visit-ulcinj.com"],"url":"https:\/\/www.visit-ulcinj.com\/blog\/author\/admin\/"}]}},"jetpack_featured_media_url":"","jetpack_sharing_enabled":true,"jetpack_shortlink":"https:\/\/wp.me\/pe6lTn-lsZ","_links":{"self":[{"href":"https:\/\/www.visit-ulcinj.com\/blog\/wp-json\/wp\/v2\/posts\/82521"}],"collection":[{"href":"https:\/\/www.visit-ulcinj.com\/blog\/wp-json\/wp\/v2\/posts"}],"about":[{"href":"https:\/\/www.visit-ulcinj.com\/blog\/wp-json\/wp\/v2\/types\/post"}],"author":[{"embeddable":true,"href":"https:\/\/www.visit-ulcinj.com\/blog\/wp-json\/wp\/v2\/users\/1"}],"replies":[{"embeddable":true,"href":"https:\/\/www.visit-ulcinj.com\/blog\/wp-json\/wp\/v2\/comments?post=82521"}],"version-history":[{"count":2,"href":"https:\/\/www.visit-ulcinj.com\/blog\/wp-json\/wp\/v2\/posts\/82521\/revisions"}],"predecessor-version":[{"id":82524,"href":"https:\/\/www.visit-ulcinj.com\/blog\/wp-json\/wp\/v2\/posts\/82521\/revisions\/82524"}],"wp:attachment":[{"href":"https:\/\/www.visit-ulcinj.com\/blog\/wp-json\/wp\/v2\/media?parent=82521"}],"wp:term":[{"taxonomy":"category","embeddable":true,"href":"https:\/\/www.visit-ulcinj.com\/blog\/wp-json\/wp\/v2\/categories?post=82521"},{"taxonomy":"post_tag","embeddable":true,"href":"https:\/\/www.visit-ulcinj.com\/blog\/wp-json\/wp\/v2\/tags?post=82521"}],"curies":[{"name":"wp","href":"https:\/\/api.w.org\/{rel}","templated":true}]}}