{"id":82539,"date":"2014-05-28T06:02:09","date_gmt":"2014-05-28T05:02:09","guid":{"rendered":"http:\/\/www.visit-ulcinj.com\/blog\/?p=82539"},"modified":"2014-05-29T11:01:29","modified_gmt":"2014-05-29T10:01:29","slug":"ne-ulqin-gjendet-nje-delfin-ngordhur","status":"publish","type":"post","link":"https:\/\/www.visit-ulcinj.com\/blog\/2014\/05\/28\/ne-ulqin-gjendet-nje-delfin-ngordhur\/","title":{"rendered":"N\u00eb Ulqin gjendet nj\u00eb delfin i ngordhur"},"content":{"rendered":"<p><a href=\"http:\/\/www.visit-ulcinj.com\/blog\/wp-content\/uploads\/2014\/05\/N\u00eb-Ulqin-gjendet-nj\u00eb-delfin-i-ngordhur-3.jpg\"><img loading=\"lazy\" class=\"alignleft  wp-image-82541\" alt=\"N\u00eb Ulqin gjendet nj\u00eb delfin i ngordhur-3\" src=\"http:\/\/www.visit-ulcinj.com\/blog\/wp-content\/uploads\/2014\/05\/N\u00eb-Ulqin-gjendet-nj\u00eb-delfin-i-ngordhur-3.jpg\" width=\"508\" height=\"600\" \/><\/a>Duke u bazuar ngjarjeve t\u00eb fundit nga rrjeti social Facebook\u00a0<strong><a id=\"js_35\" href=\"https:\/\/www.facebook.com\/nemanja.skobic?hc_location=timeline\" data-hovercard=\"\/ajax\/hovercard\/user.php?id=1665120818&amp;extragetparams=%7B%22hc_location%22%3A%22timeline%22%7D\">Nemanja Skobic,<\/a>\u00a0<\/strong> njoftohet se gjendet nj\u00eb tjet\u00ebr delfin i ngordhur n\u00eb bregdetin e qytetit t\u00eb Ulqinit. Delfini \u00ebsht\u00eb gjetur dje n\u00eb zon\u00ebn e Ujit t\u00eb Ftoht\u00eb t\u00eb plazhit\u00a0Dolcinium Kite Siurf nga sportist\u00ebt e Kite Surfit dhe kalimtar\u00ebt t\u00eb rastit. Delfini ka nj\u00eb gjat\u00ebsi prej disa metrash, nd\u00ebrkoh\u00eb q\u00eb kishte d\u00ebmtime t\u00eb shumta n\u00eb trup. Shkak p\u00ebr ngordhjen e tij dyshohet t\u00eb ket\u00eb qen\u00eb goditja nga nj\u00eb mjet lundrues si dhe nga rjetat e peshkatar\u00ebve.<\/p>\n<p>Nga konstatimet e para n\u00eb fotografi\u00a0 \u00ebsht\u00eb v\u00ebn\u00eb re se delfini ka d\u00ebmtime n\u00eb trup t\u00eb cilat mund ti ken\u00eb shkaktuar dhe humbjen e jet\u00ebs si dhe rjeta e peshkatar\u00ebve e ngatruar n\u00ebper dhemb dhe trup.. Gjithashtu mendohet se ka qen\u00eb rryma detare ajo q\u00eb e ka sjell\u00eb n\u00eb breg, pasi moti i mbr\u00ebmsh\u00ebm \u00ebsht\u00eb karakterizuar nga er\u00ebra t\u00eb forta.<br \/>\nDyshohet se delfini ka dal\u00eb pran\u00eb cektin\u00ebs pa mundur t\u00eb kthehet dot n\u00eb thell\u00ebsi t\u00eb ujrave. P\u00ebr shkak se nuk ka mundur t\u00eb vazhdoj\u00eb frym\u00ebmarrjen normale, delfini ka ngordhur.<\/p>\n<p><a href=\"http:\/\/www.visit-ulcinj.com\/blog\/wp-content\/uploads\/2014\/05\/N\u00eb-Ulqin-gjendet-nj\u00eb-delfin-i-ngordhur.jpg\"><img loading=\"lazy\" class=\"alignleft  wp-image-82542\" alt=\"N\u00eb Ulqin gjendet nj\u00eb delfin i ngordhur\" src=\"http:\/\/www.visit-ulcinj.com\/blog\/wp-content\/uploads\/2014\/05\/N\u00eb-Ulqin-gjendet-nj\u00eb-delfin-i-ngordhur.jpg\" width=\"508\" height=\"600\" \/><\/a><br \/>\nDelfin\u00ebt ashtu si peshkaqen\u00ebt jan\u00eb peshq q\u00eb nuk jetojn\u00eb n\u00eb ujrat e detit Adriatik dhe p\u00ebr k\u00ebt\u00eb arsye shihen tep\u00ebr rrall\u00eb n\u00eb vendin ton\u00eb.<br \/>\nSipas specialist\u00ebve, delfin\u00ebt jan\u00eb afruar se tep\u00ebrmi n\u00eb vitet e fundit n\u00eb bregdetin e Ulqinit, p\u00ebr shkak edhe t\u00eb ngrohjes globale, nd\u00ebrkoh\u00eb q\u00eb shpesh b\u00ebhen viktima t\u00eb goditjes aksidentale nga mjetet lundruese.<\/p>\n<p>Ky \u00ebsht\u00eb rast p\u00ebrserites brenda nj\u00eb viti q\u00eb rryma e detit nxjerr n\u00eb sip\u00ebrfaqe nj\u00eb delfin t\u00eb ngordhur n\u00eb qytetin e Ulqinit. Si\u00e7 mun t\u00eb vreni n\u00eb fotografi delfini i ngordhur esht\u00eb\u00a0 varros n\u00eb lokalitetin e plazhit Dolcinium. \/Lajme nga Ulqini<\/p>\n\n\t\t<style type=\"text\/css\">\n\t\t\t#gallery-1 {\n\t\t\t\tmargin: auto;\n\t\t\t}\n\t\t\t#gallery-1 .gallery-item {\n\t\t\t\tfloat: left;\n\t\t\t\tmargin-top: 10px;\n\t\t\t\ttext-align: center;\n\t\t\t\twidth: 33%;\n\t\t\t}\n\t\t\t#gallery-1 img {\n\t\t\t\tborder: 2px solid #cfcfcf;\n\t\t\t}\n\t\t\t#gallery-1 .gallery-caption {\n\t\t\t\tmargin-left: 0;\n\t\t\t}\n\t\t\t\/* see gallery_shortcode() in wp-includes\/media.php *\/\n\t\t<\/style>\n\t\t<div id='gallery-1' class='gallery galleryid-82539 gallery-columns-3 gallery-size-thumbnail'><dl class='gallery-item'>\n\t\t\t<dt class='gallery-icon portrait'>\n\t\t\t\t<a href='https:\/\/www.visit-ulcinj.com\/blog\/2014\/05\/28\/ne-ulqin-gjendet-nje-delfin-ngordhur\/ne-ulqin-gjendet-nje-delfin-i-ngordhur-1\/'><img width=\"150\" height=\"150\" src=\"https:\/\/www.visit-ulcinj.com\/blog\/wp-content\/uploads\/2014\/05\/N\u00eb-Ulqin-gjendet-nj\u00eb-delfin-i-ngordhur-1-150x150.jpg\" class=\"attachment-thumbnail size-thumbnail\" alt=\"\" loading=\"lazy\" \/><\/a>\n\t\t\t<\/dt><\/dl><dl class='gallery-item'>\n\t\t\t<dt class='gallery-icon landscape'>\n\t\t\t\t<a href='https:\/\/www.visit-ulcinj.com\/blog\/2014\/05\/28\/ne-ulqin-gjendet-nje-delfin-ngordhur\/ne-ulqin-gjendet-nje-delfin-i-ngordhur-2\/'><img width=\"150\" height=\"150\" src=\"https:\/\/www.visit-ulcinj.com\/blog\/wp-content\/uploads\/2014\/05\/N\u00eb-Ulqin-gjendet-nj\u00eb-delfin-i-ngordhur-2-150x150.jpg\" class=\"attachment-thumbnail size-thumbnail\" alt=\"\" loading=\"lazy\" \/><\/a>\n\t\t\t<\/dt><\/dl><dl class='gallery-item'>\n\t\t\t<dt class='gallery-icon landscape'>\n\t\t\t\t<a href='https:\/\/www.visit-ulcinj.com\/blog\/2014\/05\/28\/ne-ulqin-gjendet-nje-delfin-ngordhur\/ne-ulqin-gjendet-nje-delfin-i-ngordhur-4\/'><img width=\"150\" height=\"150\" src=\"https:\/\/www.visit-ulcinj.com\/blog\/wp-content\/uploads\/2014\/05\/N\u00eb-Ulqin-gjendet-nj\u00eb-delfin-i-ngordhur-4-150x150.jpg\" class=\"attachment-thumbnail size-thumbnail\" alt=\"\" loading=\"lazy\" \/><\/a>\n\t\t\t<\/dt><\/dl><br style=\"clear: both\" \/><dl class='gallery-item'>\n\t\t\t<dt class='gallery-icon landscape'>\n\t\t\t\t<a href='https:\/\/www.visit-ulcinj.com\/blog\/2014\/05\/28\/ne-ulqin-gjendet-nje-delfin-ngordhur\/ne-ulqin-gjendet-nje-delfin-i-ngordhur-5\/'><img width=\"150\" height=\"150\" src=\"https:\/\/www.visit-ulcinj.com\/blog\/wp-content\/uploads\/2014\/05\/N\u00eb-Ulqin-gjendet-nj\u00eb-delfin-i-ngordhur-5-150x150.jpg\" class=\"attachment-thumbnail size-thumbnail\" alt=\"\" loading=\"lazy\" \/><\/a>\n\t\t\t<\/dt><\/dl><dl class='gallery-item'>\n\t\t\t<dt class='gallery-icon landscape'>\n\t\t\t\t<a href='https:\/\/www.visit-ulcinj.com\/blog\/2014\/05\/28\/ne-ulqin-gjendet-nje-delfin-ngordhur\/ne-ulqin-gjendet-nje-delfin-i-ngordhur-6\/'><img width=\"150\" height=\"150\" src=\"https:\/\/www.visit-ulcinj.com\/blog\/wp-content\/uploads\/2014\/05\/N\u00eb-Ulqin-gjendet-nj\u00eb-delfin-i-ngordhur-6-150x150.jpg\" class=\"attachment-thumbnail size-thumbnail\" alt=\"\" loading=\"lazy\" \/><\/a>\n\t\t\t<\/dt><\/dl><dl class='gallery-item'>\n\t\t\t<dt class='gallery-icon landscape'>\n\t\t\t\t<a href='https:\/\/www.visit-ulcinj.com\/blog\/2014\/05\/28\/ne-ulqin-gjendet-nje-delfin-ngordhur\/ne-ulqin-gjendet-nje-delfin-i-ngordhur-7\/'><img width=\"150\" height=\"150\" src=\"https:\/\/www.visit-ulcinj.com\/blog\/wp-content\/uploads\/2014\/05\/N\u00eb-Ulqin-gjendet-nj\u00eb-delfin-i-ngordhur-7-150x150.jpg\" class=\"attachment-thumbnail size-thumbnail\" alt=\"\" loading=\"lazy\" \/><\/a>\n\t\t\t<\/dt><\/dl><br style=\"clear: both\" \/><dl class='gallery-item'>\n\t\t\t<dt class='gallery-icon landscape'>\n\t\t\t\t<a href='https:\/\/www.visit-ulcinj.com\/blog\/2014\/05\/28\/ne-ulqin-gjendet-nje-delfin-ngordhur\/ne-ulqin-gjendet-nje-delfin-i-ngordhur-8\/'><img width=\"150\" height=\"150\" src=\"https:\/\/www.visit-ulcinj.com\/blog\/wp-content\/uploads\/2014\/05\/N\u00eb-Ulqin-gjendet-nj\u00eb-delfin-i-ngordhur-8-150x150.jpg\" class=\"attachment-thumbnail size-thumbnail\" alt=\"\" loading=\"lazy\" \/><\/a>\n\t\t\t<\/dt><\/dl><dl class='gallery-item'>\n\t\t\t<dt class='gallery-icon portrait'>\n\t\t\t\t<a href='https:\/\/www.visit-ulcinj.com\/blog\/2014\/05\/28\/ne-ulqin-gjendet-nje-delfin-ngordhur\/ne-ulqin-gjendet-nje-delfin-i-ngordhur-9\/'><img width=\"150\" height=\"150\" src=\"https:\/\/www.visit-ulcinj.com\/blog\/wp-content\/uploads\/2014\/05\/N\u00eb-Ulqin-gjendet-nj\u00eb-delfin-i-ngordhur-9-150x150.jpg\" class=\"attachment-thumbnail size-thumbnail\" alt=\"\" loading=\"lazy\" \/><\/a>\n\t\t\t<\/dt><\/dl><dl class='gallery-item'>\n\t\t\t<dt class='gallery-icon landscape'>\n\t\t\t\t<a href='https:\/\/www.visit-ulcinj.com\/blog\/2014\/05\/28\/ne-ulqin-gjendet-nje-delfin-ngordhur\/ne-ulqin-gjendet-nje-delfin-i-ngordhur-10\/'><img width=\"150\" height=\"150\" src=\"https:\/\/www.visit-ulcinj.com\/blog\/wp-content\/uploads\/2014\/05\/N\u00eb-Ulqin-gjendet-nj\u00eb-delfin-i-ngordhur-10-150x150.jpg\" class=\"attachment-thumbnail size-thumbnail\" alt=\"\" loading=\"lazy\" \/><\/a>\n\t\t\t<\/dt><\/dl><br style=\"clear: both\" \/>\n\t\t<\/div>\n\n","protected":false},"excerpt":{"rendered":"<p>Duke u bazuar ngjarjeve t\u00eb fundit nga rrjeti social Facebook\u00a0Nemanja Skobic,\u00a0 njoftohet se gjendet nj\u00eb tjet\u00ebr delfin i ngordhur n\u00eb bregdetin e qytetit t\u00eb Ulqinit. Delfini \u00ebsht\u00eb gjetur dje n\u00eb zon\u00ebn e Ujit t\u00eb Ftoht\u00eb t\u00eb plazhit\u00a0Dolcinium Kite Siurf nga sportist\u00ebt e Kite Surfit dhe kalimtar\u00ebt t\u00eb rastit. Delfini ka nj\u00eb gjat\u00ebsi prej disa metrash, [&hellip;]<\/p>\n","protected":false},"author":1,"featured_media":0,"comment_status":"closed","ping_status":"closed","sticky":false,"template":"","format":"standard","meta":{"spay_email":"","jetpack_publicize_message":"","jetpack_is_tweetstorm":false,"jetpack_publicize_feature_enabled":true},"categories":[1,11],"tags":[],"jetpack_publicize_connections":[],"yoast_head":"<!-- This site is optimized with the Yoast SEO plugin v19.1 - https:\/\/yoast.com\/wordpress\/plugins\/seo\/ -->\n<title>N\u00eb Ulqin gjendet nj\u00eb delfin i ngordhur - Lajme nga Ulqini<\/title>\n<meta name=\"description\" content=\"Duke u bazuar ngjarjeve t\u00eb fundit nga rrjeti social Facebook\u00a0Nemanja Skobic,\u00a0 njoftohet se gjendet nj\u00eb tjet\u00ebr delfin i ngordhur n\u00eb bregdetin e qytetit t\u00eb\" \/>\n<meta name=\"robots\" content=\"index, follow, max-snippet:-1, max-image-preview:large, max-video-preview:-1\" \/>\n<link rel=\"canonical\" href=\"https:\/\/www.visit-ulcinj.com\/blog\/2014\/05\/28\/ne-ulqin-gjendet-nje-delfin-ngordhur\/\" \/>\n<meta property=\"og:locale\" content=\"en_US\" \/>\n<meta property=\"og:type\" content=\"article\" \/>\n<meta property=\"og:title\" content=\"N\u00eb Ulqin gjendet nj\u00eb delfin i ngordhur - Lajme nga Ulqini\" \/>\n<meta property=\"og:description\" content=\"Duke u bazuar ngjarjeve t\u00eb fundit nga rrjeti social Facebook\u00a0Nemanja Skobic,\u00a0 njoftohet se gjendet nj\u00eb tjet\u00ebr delfin i ngordhur n\u00eb bregdetin e qytetit t\u00eb\" \/>\n<meta property=\"og:url\" content=\"https:\/\/www.visit-ulcinj.com\/blog\/2014\/05\/28\/ne-ulqin-gjendet-nje-delfin-ngordhur\/\" \/>\n<meta property=\"og:site_name\" content=\"Lajme nga Ulqini\" \/>\n<meta property=\"article:published_time\" content=\"2014-05-28T05:02:09+00:00\" \/>\n<meta property=\"article:modified_time\" content=\"2014-05-29T10:01:29+00:00\" \/>\n<meta property=\"og:image\" content=\"https:\/\/www.visit-ulcinj.com\/blog\/wp-content\/uploads\/2014\/05\/N\u00eb-Ulqin-gjendet-nj\u00eb-delfin-i-ngordhur-1-150x150.jpg\" \/>\n<meta name=\"twitter:label1\" content=\"Written by\" \/>\n\t<meta name=\"twitter:data1\" content=\"ulqini\" \/>\n\t<meta name=\"twitter:label2\" content=\"Est. reading time\" \/>\n\t<meta name=\"twitter:data2\" content=\"2 minutes\" \/>\n<script type=\"application\/ld+json\" class=\"yoast-schema-graph\">{\"@context\":\"https:\/\/schema.org\",\"@graph\":[{\"@type\":\"WebSite\",\"@id\":\"https:\/\/www.visit-ulcinj.com\/blog\/#website\",\"url\":\"https:\/\/www.visit-ulcinj.com\/blog\/\",\"name\":\"Lajme nga Ulqini\",\"description\":\"Lajme,Vijesti,Ulqini,Ulqin,Crna Gora,Mali i Zi\",\"potentialAction\":[{\"@type\":\"SearchAction\",\"target\":{\"@type\":\"EntryPoint\",\"urlTemplate\":\"https:\/\/www.visit-ulcinj.com\/blog\/?s={search_term_string}\"},\"query-input\":\"required name=search_term_string\"}],\"inLanguage\":\"en-US\"},{\"@type\":\"WebPage\",\"@id\":\"https:\/\/www.visit-ulcinj.com\/blog\/2014\/05\/28\/ne-ulqin-gjendet-nje-delfin-ngordhur\/#webpage\",\"url\":\"https:\/\/www.visit-ulcinj.com\/blog\/2014\/05\/28\/ne-ulqin-gjendet-nje-delfin-ngordhur\/\",\"name\":\"N\u00eb Ulqin gjendet nj\u00eb delfin i ngordhur - Lajme nga Ulqini\",\"isPartOf\":{\"@id\":\"https:\/\/www.visit-ulcinj.com\/blog\/#website\"},\"datePublished\":\"2014-05-28T05:02:09+00:00\",\"dateModified\":\"2014-05-29T10:01:29+00:00\",\"author\":{\"@id\":\"https:\/\/www.visit-ulcinj.com\/blog\/#\/schema\/person\/dcab619c614d3038751c63bc2aadc06d\"},\"description\":\"Duke u bazuar ngjarjeve t\u00eb fundit nga rrjeti social Facebook\u00a0Nemanja Skobic,\u00a0 njoftohet se gjendet nj\u00eb tjet\u00ebr delfin i ngordhur n\u00eb bregdetin e qytetit t\u00eb\",\"breadcrumb\":{\"@id\":\"https:\/\/www.visit-ulcinj.com\/blog\/2014\/05\/28\/ne-ulqin-gjendet-nje-delfin-ngordhur\/#breadcrumb\"},\"inLanguage\":\"en-US\",\"potentialAction\":[{\"@type\":\"ReadAction\",\"target\":[\"https:\/\/www.visit-ulcinj.com\/blog\/2014\/05\/28\/ne-ulqin-gjendet-nje-delfin-ngordhur\/\"]}]},{\"@type\":\"BreadcrumbList\",\"@id\":\"https:\/\/www.visit-ulcinj.com\/blog\/2014\/05\/28\/ne-ulqin-gjendet-nje-delfin-ngordhur\/#breadcrumb\",\"itemListElement\":[{\"@type\":\"ListItem\",\"position\":1,\"name\":\"N\u00eb Ulqin gjendet nj\u00eb delfin i ngordhur\"}]},{\"@type\":\"Person\",\"@id\":\"https:\/\/www.visit-ulcinj.com\/blog\/#\/schema\/person\/dcab619c614d3038751c63bc2aadc06d\",\"name\":\"ulqini\",\"sameAs\":[\"http:\/\/www.visit-ulcinj.com\"],\"url\":\"https:\/\/www.visit-ulcinj.com\/blog\/author\/admin\/\"}]}<\/script>\n<!-- \/ Yoast SEO plugin. -->","yoast_head_json":{"title":"N\u00eb Ulqin gjendet nj\u00eb delfin i ngordhur - Lajme nga Ulqini","description":"Duke u bazuar ngjarjeve t\u00eb fundit nga rrjeti social Facebook\u00a0Nemanja Skobic,\u00a0 njoftohet se gjendet nj\u00eb tjet\u00ebr delfin i ngordhur n\u00eb bregdetin e qytetit t\u00eb","robots":{"index":"index","follow":"follow","max-snippet":"max-snippet:-1","max-image-preview":"max-image-preview:large","max-video-preview":"max-video-preview:-1"},"canonical":"https:\/\/www.visit-ulcinj.com\/blog\/2014\/05\/28\/ne-ulqin-gjendet-nje-delfin-ngordhur\/","og_locale":"en_US","og_type":"article","og_title":"N\u00eb Ulqin gjendet nj\u00eb delfin i ngordhur - Lajme nga Ulqini","og_description":"Duke u bazuar ngjarjeve t\u00eb fundit nga rrjeti social Facebook\u00a0Nemanja Skobic,\u00a0 njoftohet se gjendet nj\u00eb tjet\u00ebr delfin i ngordhur n\u00eb bregdetin e qytetit t\u00eb","og_url":"https:\/\/www.visit-ulcinj.com\/blog\/2014\/05\/28\/ne-ulqin-gjendet-nje-delfin-ngordhur\/","og_site_name":"Lajme nga Ulqini","article_published_time":"2014-05-28T05:02:09+00:00","article_modified_time":"2014-05-29T10:01:29+00:00","og_image":[{"url":"https:\/\/www.visit-ulcinj.com\/blog\/wp-content\/uploads\/2014\/05\/N\u00eb-Ulqin-gjendet-nj\u00eb-delfin-i-ngordhur-1-150x150.jpg"}],"twitter_misc":{"Written by":"ulqini","Est. reading time":"2 minutes"},"schema":{"@context":"https:\/\/schema.org","@graph":[{"@type":"WebSite","@id":"https:\/\/www.visit-ulcinj.com\/blog\/#website","url":"https:\/\/www.visit-ulcinj.com\/blog\/","name":"Lajme nga Ulqini","description":"Lajme,Vijesti,Ulqini,Ulqin,Crna Gora,Mali i Zi","potentialAction":[{"@type":"SearchAction","target":{"@type":"EntryPoint","urlTemplate":"https:\/\/www.visit-ulcinj.com\/blog\/?s={search_term_string}"},"query-input":"required name=search_term_string"}],"inLanguage":"en-US"},{"@type":"WebPage","@id":"https:\/\/www.visit-ulcinj.com\/blog\/2014\/05\/28\/ne-ulqin-gjendet-nje-delfin-ngordhur\/#webpage","url":"https:\/\/www.visit-ulcinj.com\/blog\/2014\/05\/28\/ne-ulqin-gjendet-nje-delfin-ngordhur\/","name":"N\u00eb Ulqin gjendet nj\u00eb delfin i ngordhur - Lajme nga Ulqini","isPartOf":{"@id":"https:\/\/www.visit-ulcinj.com\/blog\/#website"},"datePublished":"2014-05-28T05:02:09+00:00","dateModified":"2014-05-29T10:01:29+00:00","author":{"@id":"https:\/\/www.visit-ulcinj.com\/blog\/#\/schema\/person\/dcab619c614d3038751c63bc2aadc06d"},"description":"Duke u bazuar ngjarjeve t\u00eb fundit nga rrjeti social Facebook\u00a0Nemanja Skobic,\u00a0 njoftohet se gjendet nj\u00eb tjet\u00ebr delfin i ngordhur n\u00eb bregdetin e qytetit t\u00eb","breadcrumb":{"@id":"https:\/\/www.visit-ulcinj.com\/blog\/2014\/05\/28\/ne-ulqin-gjendet-nje-delfin-ngordhur\/#breadcrumb"},"inLanguage":"en-US","potentialAction":[{"@type":"ReadAction","target":["https:\/\/www.visit-ulcinj.com\/blog\/2014\/05\/28\/ne-ulqin-gjendet-nje-delfin-ngordhur\/"]}]},{"@type":"BreadcrumbList","@id":"https:\/\/www.visit-ulcinj.com\/blog\/2014\/05\/28\/ne-ulqin-gjendet-nje-delfin-ngordhur\/#breadcrumb","itemListElement":[{"@type":"ListItem","position":1,"name":"N\u00eb Ulqin gjendet nj\u00eb delfin i ngordhur"}]},{"@type":"Person","@id":"https:\/\/www.visit-ulcinj.com\/blog\/#\/schema\/person\/dcab619c614d3038751c63bc2aadc06d","name":"ulqini","sameAs":["http:\/\/www.visit-ulcinj.com"],"url":"https:\/\/www.visit-ulcinj.com\/blog\/author\/admin\/"}]}},"jetpack_featured_media_url":"","jetpack_sharing_enabled":true,"jetpack_shortlink":"https:\/\/wp.me\/pe6lTn-lth","_links":{"self":[{"href":"https:\/\/www.visit-ulcinj.com\/blog\/wp-json\/wp\/v2\/posts\/82539"}],"collection":[{"href":"https:\/\/www.visit-ulcinj.com\/blog\/wp-json\/wp\/v2\/posts"}],"about":[{"href":"https:\/\/www.visit-ulcinj.com\/blog\/wp-json\/wp\/v2\/types\/post"}],"author":[{"embeddable":true,"href":"https:\/\/www.visit-ulcinj.com\/blog\/wp-json\/wp\/v2\/users\/1"}],"replies":[{"embeddable":true,"href":"https:\/\/www.visit-ulcinj.com\/blog\/wp-json\/wp\/v2\/comments?post=82539"}],"version-history":[{"count":3,"href":"https:\/\/www.visit-ulcinj.com\/blog\/wp-json\/wp\/v2\/posts\/82539\/revisions"}],"predecessor-version":[{"id":82554,"href":"https:\/\/www.visit-ulcinj.com\/blog\/wp-json\/wp\/v2\/posts\/82539\/revisions\/82554"}],"wp:attachment":[{"href":"https:\/\/www.visit-ulcinj.com\/blog\/wp-json\/wp\/v2\/media?parent=82539"}],"wp:term":[{"taxonomy":"category","embeddable":true,"href":"https:\/\/www.visit-ulcinj.com\/blog\/wp-json\/wp\/v2\/categories?post=82539"},{"taxonomy":"post_tag","embeddable":true,"href":"https:\/\/www.visit-ulcinj.com\/blog\/wp-json\/wp\/v2\/tags?post=82539"}],"curies":[{"name":"wp","href":"https:\/\/api.w.org\/{rel}","templated":true}]}}