{"id":82581,"date":"2014-05-28T19:15:54","date_gmt":"2014-05-28T18:15:54","guid":{"rendered":"http:\/\/www.visit-ulcinj.com\/blog\/?p=82581"},"modified":"2014-05-28T19:16:19","modified_gmt":"2014-05-28T18:16:19","slug":"dritan-abazovic-za-podgoricu-predlaze-ulcinjski-model","status":"publish","type":"post","link":"https:\/\/www.visit-ulcinj.com\/blog\/2014\/05\/28\/dritan-abazovic-za-podgoricu-predlaze-ulcinjski-model\/","title":{"rendered":"Dritan Abazovi\u0107 za Podgoricu predla\u017ee &#8220;ulcinjski model&#8221;"},"content":{"rendered":"<div id=\"article_text\">\n<p><a href=\"http:\/\/www.visit-ulcinj.com\/blog\/wp-content\/uploads\/2013\/11\/dritan.abazovic.jpg\"><img loading=\"lazy\" class=\"alignleft  wp-image-76576\" alt=\"dritan.abazovic\" src=\"http:\/\/www.visit-ulcinj.com\/blog\/wp-content\/uploads\/2013\/11\/dritan.abazovic.jpg\" width=\"508\" height=\"380\" \/><\/a>Predstavnici koalicije \u201cEvropsko lice Podgorice\u201d, Demokratskog fronta i Socijalisti\u010dke narodne partije (SNP) treba da primjene \u201culcinjski model\u201d prilikom dogovora o formiranju vlasti u Podgorici i n smiju odugovla\u010diti sa pregovorima, izjavio je \u010dlan predsjedni\u0161tva Pozitivne Crne Gore Dritan Abazovi\u0107.<\/p>\n<p>On je upozorio da sporazum u Podgorici treba posti\u0107i \u201cbez ve\u0107ih natezanja\u201d.<\/p>\n<p>\u201cKaraktereistika ulcinjskog modela je da nema ucjena i nepotrebnih natezanja oko funkcija ili personalnih rije\u0161enja, ve\u0107 je osnova da vlast funkcioni\u0161e u interesu gra\u0111ana sa jasnim naglaskom na racionalnom i transparentom tro\u0161enju novca. Nadam se da \u0107e sve strane shvatiti odgovornost odluke koja ih \u010deka i da \u0107e razlike, koje su u \u017eivotu ali i politici prirodne, ovoga puta ostaviti po strani.<\/p>\n<p>Moramo sagledati situaciju u \u0161irem kontekstu i prilika koja se ukazala nikako ne smije biti propu\u0161tena&#8221;, izjavio je Abazovi\u0107 \u201cVijestima\u201d.<\/p>\n<p>Ulcinjski odbor Pozitivne podr\u017eao je u januaru formiranje vlasti u toj op\u0161tini, ne zahtjevaju\u0107i od albanskih stranaka funkcije u lokalnoj vlasti. Iako je DPS tada pojedina\u010dno osvojila najvi\u0161e mandata, Pozitivna je sa dva svoja i 15 albanskih odbornika formirala ve\u0107inu.<\/p>\n<p>Abazovi\u0107 je tada prihvatio dogovor prema kojem bi Fatmir \u0110eka bio gradona\u010delnik Ulcinja, dok bi funkcije u lokalnoj upravi bile raspore\u0111ene izme\u0111u Force, Demokratskog saveza i Albanske perspektive. Pozitivna je tada tra\u017eila da nova vlast vodi op\u0161tinu transparentno i po evropskim prinicipima. Abazovi\u0107 smatra da je sli\u010dna situacija mogu\u0107a i u Glavnom gradu, poja\u0161njavaju\u0107i da su gra\u0111ani Podgorice na izborima potvrdili da \u017eele promjene.<\/p>\n<p>&#8220;Predstvavnici na\u0161e koalicije, Fronta i SNP-a treba da se dogovore o formiranju vlasti i postignu d\u017eetelmenski sporazum bez ve\u0107ih natezanja i odugovla\u010denja. Svjesni \u010dinjenice da DPS nema apsloutnu ve\u0107inu i da im je rezultat &#8220;naduven&#8221; kroz razli\u010dite izborne zlouporebe i pritiske, nema dileme da je volja gra\u0111ana Podgorice bila vo\u0111ena isklju\u010divom \u017eeljom za promjenama.<\/p>\n<p>Stoga je obaveza ostalih subjekata da do\u0111u do dogovora \u0161to prije i tako zadovolje gra\u0111ane, a budu\u0107u vlastu u\u010dine prije svaga transparentnijom i odgovornijom&#8221;, kazao je Abazovi\u0107.<\/p>\n<p>&nbsp;<\/p>\n<p><strong>Samir Kajo\u0161evi\u0107<\/strong><br \/>\n<strong>Izvor: Vijesti Online<\/strong><\/p>\n<\/div>\n","protected":false},"excerpt":{"rendered":"<p>Predstavnici koalicije \u201cEvropsko lice Podgorice\u201d, Demokratskog fronta i Socijalisti\u010dke narodne partije (SNP) treba da primjene \u201culcinjski model\u201d prilikom dogovora o formiranju vlasti u Podgorici i n smiju odugovla\u010diti sa pregovorima, izjavio je \u010dlan predsjedni\u0161tva Pozitivne Crne Gore Dritan Abazovi\u0107. On je upozorio da sporazum u Podgorici treba posti\u0107i \u201cbez ve\u0107ih natezanja\u201d. \u201cKaraktereistika ulcinjskog modela je [&hellip;]<\/p>\n","protected":false},"author":1,"featured_media":0,"comment_status":"closed","ping_status":"closed","sticky":false,"template":"","format":"standard","meta":{"spay_email":"","jetpack_publicize_message":"","jetpack_is_tweetstorm":false,"jetpack_publicize_feature_enabled":true},"categories":[6950],"tags":[],"jetpack_publicize_connections":[],"yoast_head":"<!-- This site is optimized with the Yoast SEO plugin v19.1 - https:\/\/yoast.com\/wordpress\/plugins\/seo\/ -->\n<title>Dritan Abazovi\u0107 za Podgoricu predla\u017ee &quot;ulcinjski model&quot; - Lajme nga Ulqini<\/title>\n<meta name=\"description\" content=\"Predstavnici koalicije \u201cEvropsko lice Podgorice\u201d, Demokratskog fronta i Socijalisti\u010dke narodne partije (SNP) treba da primjene \u201culcinjski model\u201d prilikom\" \/>\n<meta name=\"robots\" content=\"index, follow, max-snippet:-1, max-image-preview:large, max-video-preview:-1\" \/>\n<link rel=\"canonical\" href=\"https:\/\/www.visit-ulcinj.com\/blog\/2014\/05\/28\/dritan-abazovic-za-podgoricu-predlaze-ulcinjski-model\/\" \/>\n<meta property=\"og:locale\" content=\"en_US\" \/>\n<meta property=\"og:type\" content=\"article\" \/>\n<meta property=\"og:title\" content=\"Dritan Abazovi\u0107 za Podgoricu predla\u017ee &quot;ulcinjski model&quot; - Lajme nga Ulqini\" \/>\n<meta property=\"og:description\" content=\"Predstavnici koalicije \u201cEvropsko lice Podgorice\u201d, Demokratskog fronta i Socijalisti\u010dke narodne partije (SNP) treba da primjene \u201culcinjski model\u201d prilikom\" \/>\n<meta property=\"og:url\" content=\"https:\/\/www.visit-ulcinj.com\/blog\/2014\/05\/28\/dritan-abazovic-za-podgoricu-predlaze-ulcinjski-model\/\" \/>\n<meta property=\"og:site_name\" content=\"Lajme nga Ulqini\" \/>\n<meta property=\"article:published_time\" content=\"2014-05-28T18:15:54+00:00\" \/>\n<meta property=\"article:modified_time\" content=\"2014-05-28T18:16:19+00:00\" \/>\n<meta property=\"og:image\" content=\"http:\/\/www.visit-ulcinj.com\/blog\/wp-content\/uploads\/2013\/11\/dritan.abazovic.jpg\" \/>\n<meta name=\"twitter:label1\" content=\"Written by\" \/>\n\t<meta name=\"twitter:data1\" content=\"ulqini\" \/>\n\t<meta name=\"twitter:label2\" content=\"Est. reading time\" \/>\n\t<meta name=\"twitter:data2\" content=\"2 minutes\" \/>\n<script type=\"application\/ld+json\" class=\"yoast-schema-graph\">{\"@context\":\"https:\/\/schema.org\",\"@graph\":[{\"@type\":\"WebSite\",\"@id\":\"https:\/\/www.visit-ulcinj.com\/blog\/#website\",\"url\":\"https:\/\/www.visit-ulcinj.com\/blog\/\",\"name\":\"Lajme nga Ulqini\",\"description\":\"Lajme,Vijesti,Ulqini,Ulqin,Crna Gora,Mali i Zi\",\"potentialAction\":[{\"@type\":\"SearchAction\",\"target\":{\"@type\":\"EntryPoint\",\"urlTemplate\":\"https:\/\/www.visit-ulcinj.com\/blog\/?s={search_term_string}\"},\"query-input\":\"required name=search_term_string\"}],\"inLanguage\":\"en-US\"},{\"@type\":\"ImageObject\",\"inLanguage\":\"en-US\",\"@id\":\"https:\/\/www.visit-ulcinj.com\/blog\/2014\/05\/28\/dritan-abazovic-za-podgoricu-predlaze-ulcinjski-model\/#primaryimage\",\"url\":\"https:\/\/www.visit-ulcinj.com\/blog\/wp-content\/uploads\/2013\/11\/dritan.abazovic.jpg\",\"contentUrl\":\"https:\/\/www.visit-ulcinj.com\/blog\/wp-content\/uploads\/2013\/11\/dritan.abazovic.jpg\",\"width\":638,\"height\":608},{\"@type\":\"WebPage\",\"@id\":\"https:\/\/www.visit-ulcinj.com\/blog\/2014\/05\/28\/dritan-abazovic-za-podgoricu-predlaze-ulcinjski-model\/#webpage\",\"url\":\"https:\/\/www.visit-ulcinj.com\/blog\/2014\/05\/28\/dritan-abazovic-za-podgoricu-predlaze-ulcinjski-model\/\",\"name\":\"Dritan Abazovi\u0107 za Podgoricu predla\u017ee \\\"ulcinjski model\\\" - Lajme nga Ulqini\",\"isPartOf\":{\"@id\":\"https:\/\/www.visit-ulcinj.com\/blog\/#website\"},\"primaryImageOfPage\":{\"@id\":\"https:\/\/www.visit-ulcinj.com\/blog\/2014\/05\/28\/dritan-abazovic-za-podgoricu-predlaze-ulcinjski-model\/#primaryimage\"},\"datePublished\":\"2014-05-28T18:15:54+00:00\",\"dateModified\":\"2014-05-28T18:16:19+00:00\",\"author\":{\"@id\":\"https:\/\/www.visit-ulcinj.com\/blog\/#\/schema\/person\/dcab619c614d3038751c63bc2aadc06d\"},\"description\":\"Predstavnici koalicije \u201cEvropsko lice Podgorice\u201d, Demokratskog fronta i Socijalisti\u010dke narodne partije (SNP) treba da primjene \u201culcinjski model\u201d prilikom\",\"breadcrumb\":{\"@id\":\"https:\/\/www.visit-ulcinj.com\/blog\/2014\/05\/28\/dritan-abazovic-za-podgoricu-predlaze-ulcinjski-model\/#breadcrumb\"},\"inLanguage\":\"en-US\",\"potentialAction\":[{\"@type\":\"ReadAction\",\"target\":[\"https:\/\/www.visit-ulcinj.com\/blog\/2014\/05\/28\/dritan-abazovic-za-podgoricu-predlaze-ulcinjski-model\/\"]}]},{\"@type\":\"BreadcrumbList\",\"@id\":\"https:\/\/www.visit-ulcinj.com\/blog\/2014\/05\/28\/dritan-abazovic-za-podgoricu-predlaze-ulcinjski-model\/#breadcrumb\",\"itemListElement\":[{\"@type\":\"ListItem\",\"position\":1,\"name\":\"Dritan Abazovi\u0107 za Podgoricu predla\u017ee &#8220;ulcinjski model&#8221;\"}]},{\"@type\":\"Person\",\"@id\":\"https:\/\/www.visit-ulcinj.com\/blog\/#\/schema\/person\/dcab619c614d3038751c63bc2aadc06d\",\"name\":\"ulqini\",\"sameAs\":[\"http:\/\/www.visit-ulcinj.com\"],\"url\":\"https:\/\/www.visit-ulcinj.com\/blog\/author\/admin\/\"}]}<\/script>\n<!-- \/ Yoast SEO plugin. -->","yoast_head_json":{"title":"Dritan Abazovi\u0107 za Podgoricu predla\u017ee \"ulcinjski model\" - Lajme nga Ulqini","description":"Predstavnici koalicije \u201cEvropsko lice Podgorice\u201d, Demokratskog fronta i Socijalisti\u010dke narodne partije (SNP) treba da primjene \u201culcinjski model\u201d prilikom","robots":{"index":"index","follow":"follow","max-snippet":"max-snippet:-1","max-image-preview":"max-image-preview:large","max-video-preview":"max-video-preview:-1"},"canonical":"https:\/\/www.visit-ulcinj.com\/blog\/2014\/05\/28\/dritan-abazovic-za-podgoricu-predlaze-ulcinjski-model\/","og_locale":"en_US","og_type":"article","og_title":"Dritan Abazovi\u0107 za Podgoricu predla\u017ee \"ulcinjski model\" - Lajme nga Ulqini","og_description":"Predstavnici koalicije \u201cEvropsko lice Podgorice\u201d, Demokratskog fronta i Socijalisti\u010dke narodne partije (SNP) treba da primjene \u201culcinjski model\u201d prilikom","og_url":"https:\/\/www.visit-ulcinj.com\/blog\/2014\/05\/28\/dritan-abazovic-za-podgoricu-predlaze-ulcinjski-model\/","og_site_name":"Lajme nga Ulqini","article_published_time":"2014-05-28T18:15:54+00:00","article_modified_time":"2014-05-28T18:16:19+00:00","og_image":[{"url":"http:\/\/www.visit-ulcinj.com\/blog\/wp-content\/uploads\/2013\/11\/dritan.abazovic.jpg"}],"twitter_misc":{"Written by":"ulqini","Est. reading time":"2 minutes"},"schema":{"@context":"https:\/\/schema.org","@graph":[{"@type":"WebSite","@id":"https:\/\/www.visit-ulcinj.com\/blog\/#website","url":"https:\/\/www.visit-ulcinj.com\/blog\/","name":"Lajme nga Ulqini","description":"Lajme,Vijesti,Ulqini,Ulqin,Crna Gora,Mali i Zi","potentialAction":[{"@type":"SearchAction","target":{"@type":"EntryPoint","urlTemplate":"https:\/\/www.visit-ulcinj.com\/blog\/?s={search_term_string}"},"query-input":"required name=search_term_string"}],"inLanguage":"en-US"},{"@type":"ImageObject","inLanguage":"en-US","@id":"https:\/\/www.visit-ulcinj.com\/blog\/2014\/05\/28\/dritan-abazovic-za-podgoricu-predlaze-ulcinjski-model\/#primaryimage","url":"https:\/\/www.visit-ulcinj.com\/blog\/wp-content\/uploads\/2013\/11\/dritan.abazovic.jpg","contentUrl":"https:\/\/www.visit-ulcinj.com\/blog\/wp-content\/uploads\/2013\/11\/dritan.abazovic.jpg","width":638,"height":608},{"@type":"WebPage","@id":"https:\/\/www.visit-ulcinj.com\/blog\/2014\/05\/28\/dritan-abazovic-za-podgoricu-predlaze-ulcinjski-model\/#webpage","url":"https:\/\/www.visit-ulcinj.com\/blog\/2014\/05\/28\/dritan-abazovic-za-podgoricu-predlaze-ulcinjski-model\/","name":"Dritan Abazovi\u0107 za Podgoricu predla\u017ee \"ulcinjski model\" - Lajme nga Ulqini","isPartOf":{"@id":"https:\/\/www.visit-ulcinj.com\/blog\/#website"},"primaryImageOfPage":{"@id":"https:\/\/www.visit-ulcinj.com\/blog\/2014\/05\/28\/dritan-abazovic-za-podgoricu-predlaze-ulcinjski-model\/#primaryimage"},"datePublished":"2014-05-28T18:15:54+00:00","dateModified":"2014-05-28T18:16:19+00:00","author":{"@id":"https:\/\/www.visit-ulcinj.com\/blog\/#\/schema\/person\/dcab619c614d3038751c63bc2aadc06d"},"description":"Predstavnici koalicije \u201cEvropsko lice Podgorice\u201d, Demokratskog fronta i Socijalisti\u010dke narodne partije (SNP) treba da primjene \u201culcinjski model\u201d prilikom","breadcrumb":{"@id":"https:\/\/www.visit-ulcinj.com\/blog\/2014\/05\/28\/dritan-abazovic-za-podgoricu-predlaze-ulcinjski-model\/#breadcrumb"},"inLanguage":"en-US","potentialAction":[{"@type":"ReadAction","target":["https:\/\/www.visit-ulcinj.com\/blog\/2014\/05\/28\/dritan-abazovic-za-podgoricu-predlaze-ulcinjski-model\/"]}]},{"@type":"BreadcrumbList","@id":"https:\/\/www.visit-ulcinj.com\/blog\/2014\/05\/28\/dritan-abazovic-za-podgoricu-predlaze-ulcinjski-model\/#breadcrumb","itemListElement":[{"@type":"ListItem","position":1,"name":"Dritan Abazovi\u0107 za Podgoricu predla\u017ee &#8220;ulcinjski model&#8221;"}]},{"@type":"Person","@id":"https:\/\/www.visit-ulcinj.com\/blog\/#\/schema\/person\/dcab619c614d3038751c63bc2aadc06d","name":"ulqini","sameAs":["http:\/\/www.visit-ulcinj.com"],"url":"https:\/\/www.visit-ulcinj.com\/blog\/author\/admin\/"}]}},"jetpack_featured_media_url":"","jetpack_sharing_enabled":true,"jetpack_shortlink":"https:\/\/wp.me\/pe6lTn-ltX","_links":{"self":[{"href":"https:\/\/www.visit-ulcinj.com\/blog\/wp-json\/wp\/v2\/posts\/82581"}],"collection":[{"href":"https:\/\/www.visit-ulcinj.com\/blog\/wp-json\/wp\/v2\/posts"}],"about":[{"href":"https:\/\/www.visit-ulcinj.com\/blog\/wp-json\/wp\/v2\/types\/post"}],"author":[{"embeddable":true,"href":"https:\/\/www.visit-ulcinj.com\/blog\/wp-json\/wp\/v2\/users\/1"}],"replies":[{"embeddable":true,"href":"https:\/\/www.visit-ulcinj.com\/blog\/wp-json\/wp\/v2\/comments?post=82581"}],"version-history":[{"count":2,"href":"https:\/\/www.visit-ulcinj.com\/blog\/wp-json\/wp\/v2\/posts\/82581\/revisions"}],"predecessor-version":[{"id":82583,"href":"https:\/\/www.visit-ulcinj.com\/blog\/wp-json\/wp\/v2\/posts\/82581\/revisions\/82583"}],"wp:attachment":[{"href":"https:\/\/www.visit-ulcinj.com\/blog\/wp-json\/wp\/v2\/media?parent=82581"}],"wp:term":[{"taxonomy":"category","embeddable":true,"href":"https:\/\/www.visit-ulcinj.com\/blog\/wp-json\/wp\/v2\/categories?post=82581"},{"taxonomy":"post_tag","embeddable":true,"href":"https:\/\/www.visit-ulcinj.com\/blog\/wp-json\/wp\/v2\/tags?post=82581"}],"curies":[{"name":"wp","href":"https:\/\/api.w.org\/{rel}","templated":true}]}}