{"id":82584,"date":"2014-05-28T19:21:15","date_gmt":"2014-05-28T18:21:15","guid":{"rendered":"http:\/\/www.visit-ulcinj.com\/blog\/?p=82584"},"modified":"2014-05-28T19:22:54","modified_gmt":"2014-05-28T18:22:54","slug":"ada-bojana-javnim-putem-samo-ko-plati","status":"publish","type":"post","link":"https:\/\/www.visit-ulcinj.com\/blog\/2014\/05\/28\/ada-bojana-javnim-putem-samo-ko-plati\/","title":{"rendered":"Ada Bojana: Javnim putem samo ko plati"},"content":{"rendered":"<p><a href=\"http:\/\/www.visit-ulcinj.com\/blog\/wp-content\/uploads\/2014\/05\/Ada-Bojana-ulaz.jpg\"><img loading=\"lazy\" class=\"alignleft  wp-image-82585\" alt=\"Ada-Bojana-ulaz\" src=\"http:\/\/www.visit-ulcinj.com\/blog\/wp-content\/uploads\/2014\/05\/Ada-Bojana-ulaz.jpg\" width=\"508\" height=\"600\" \/><\/a>UL\u00adCINj &#8211; Na\u00adplat\u00adnom ram\u00adpom HTP \u201eUl\u00adcinj\u00adska ri\u00advi\u00adje\u00adra\u201c na ula\u00adzu na ostr\u00advo Ada Bo\u00adja\u00adna i utvr\u00ad\u0111i\u00adva\u00adnjem da li je za\u00adko\u00adni\u00adto po\u00adsta\u00advlje\u00adna na jav\u00adni put ba\u00advi\u00ad\u0107e se i Vi\u00ad\u0161i sud u Pod\u00adgo\u00adri\u00adci, na\u00adkon \u0161to je Osnov\u00adni sud u Ul\u00adci\u00adnju \u010de\u00adtvr\u00adti put od 2011. go\u00addi\u00adne od\u00adba\u00adcio za\u00adhtjev za utvr\u00ad\u0111i\u00adva\u00adnje slo\u00adbod\u00adnog pro\u00adla\u00adza. Za\u00adhtjev je pri\u00adje \u010de\u00adti\u00adri go\u00addi\u00adne pr\u00advi put upu\u00adtio Ul\u00adci\u00adnja\u00adnin Sr\u00ad\u0111an Ku\u00adzman ko\u00adme je to pred\u00adu\u00adze\u00ad\u0107e, odo\u00adsno di\u00adrek\u00adtor Ra\u00addo\u00admir Mi\u00adkan Zec za\u00adbra\u00adnio da je\u00addi\u00adnim pu\u00adtem ula\u00adzi na Adu, gdje se na\u00adla\u00adzi nje\u00adgo\u00adva vi\u00adken\u00addi\u00adca.<br \/>\nUl\u00adcinj\u00adska ri\u00advi\u00adje\u00adra je na ula\u00adzu na ostr\u00advo po\u00adsta\u00advi\u00adla na\u00adplat\u00adnu ram\u00adpu i to\u00adkom se\u00adzo\u00adne na\u00adpla\u00ad\u0107u\u00adje sva\u00adki ula\u00adzak, tvr\u00adde\u00ad\u0107i da ta\u00adko \u0161ti\u00adti go\u00adste u nu\u00addi\u00adsti\u010d\u00adkom kam\u00adpu. Ci\u00adje\u00adna ula\u00adska za vo\u00adzi\u00adlo je pet eura, dok se po oso\u00adbi na\u00adpla\u00ad\u0107u\u00adje dva eura. Se\u00adzon\u00adska ula\u00adzni\u00adca ko\u00ad\u0161ta \u010dak sto eura. Po\u00adsled\u00adnji za\u00adhtjev za utvr\u00ad\u0111i\u00adva\u00adnje slu\u00ad\u017ebe\u00adno\u00adsti pro\u00adla\u00adza pre\u00adko jav\u00adnog pu\u00adta od\u00adba\u00adcio je su\u00addi\u00adja Pe\u00adro Lu\u00adki\u0107, ko\u00adji je u od\u00adno\u00adsu na ra\u00adni\u00adje slu\u00ad\u010da\u00adje\u00adve ka\u00adda se po\u00adzi\u00advao na ne\u00adna\u00addle\u00ad\u017enost su\u00adda, sa\u00adda oci\u00adje\u00adnio da je tu\u00ad\u017eba neo\u00adsno\u00adva\u00adna, na\u00advo\u00adde\u00ad\u0107i, iz\u00adme\u00ad\u0111u osta\u00adlog, u obra\u00adzlo\u00ad\u017ee\u00adnju da se \u201estvar\u00adna slu\u00ad\u017ebe\u00adnost sti\u00ad\u010de, prav\u00adnim po\u00adslom, od\u00adlu\u00adkom dr\u00ad\u017eav\u00adnih or\u00adga\u00adna ili od\u00adra\u00ad\u017ea\u00adjem, a na osno\u00advu prav\u00adnog po\u00adsla sti\u00ad\u010de se upi\u00adsom u jav\u00adnu knji\u00adgu ili na od\u00adgo\u00adva\u00adra\u00adju\u00ad\u0107i na\u00ad\u010din utvr\u00ad\u0111en za\u00adko\u00adnom\u201c.<br \/>\n&#8211; Za sti\u00adca\u00adnje pra\u00adva stvar\u00adne slu\u017eb\u00adno\u00adsti mo\u00adra\u00adju bi\u00adti is\u00adpu\u00adnje\u00adni za\u00adko\u00adnom pro\u00adpi\u00adsa\u00adni uslo\u00advi, ta\u00adko da prav\u00adni po\u00adsao, od\u00adlu\u00adka dr\u00ad\u017eav\u00adnog or\u00adga\u00adna ili od\u00adra\u00ad\u017eaj, pred\u00adsta\u00advlja\u00adju prav\u00adni osnov ali ne i uslov za sti\u00adca\u00adnje pra\u00adva. U kon\u00adkret\u00adnom slu\u00ad\u010da\u00adju tu\u00ad\u017ei\u00adlac ne\u00adma ni je\u00addan od na\u00adve\u00adde\u00adnih prav\u00adnih osno\u00adva &#8211; na\u00adpi\u00adsao je su\u00addi\u00adja Lu\u00adki\u0107 u obra\u00adzlo\u00ad\u017ee\u00adnju.<br \/>\nKu\u00adzma\u00adnu ni\u00adje uva\u00ad\u017ee\u00adno \u0161to je vla\u00adsnik vi\u00adken\u00addi\u00adce na ostr\u00advu za ko\u00adju ured\u00adno pla\u00ad\u0107a za\u00adkup ze\u00admlji\u00ad\u0161ta JP Mor\u00adsko do\u00adbro i \u0161to je na\u00adve\u00adde\u00adni put je\u00addi\u00adni pre\u00adko ko\u00adga mo\u00ad\u017ee do\u00ad\u0107i do objek\u00adta. Sud\u00adski vje\u00ad\u0161tak ge\u00ado\u00addet\u00adske stru\u00adke, an\u00adga\u00ad\u017eo\u00advan u sud\u00adskom po\u00adstup\u00adku utvr\u00addio je da je put na tom ostr\u00advu, u po\u00advr\u00ad\u0161i\u00adni od 7985 me\u00adta\u00adra kva\u00addrat\u00adnih, upi\u00adsan kao jav\u00adni.<br \/>\n&#8211; Ada je u ka\u00adta\u00adstru za\u00adve\u00adde\u00adna kao dr\u00ad\u017eav\u00adna svo\u00adji\u00adna, a Mor\u00adsko do\u00adbro kao ko\u00adri\u00adsnik. Sa\u00ado\u00adbra\u00ad\u0107aj\u00adni\u00adca pre\u00adma Adi na\u00adla\u00adzi u Re\u00adgi\u00adstru op\u00ad\u0161tin\u00adskih i ne\u00adka\u00adte\u00adgo\u00adri\u00adsa\u00adnih pu\u00adte\u00adva u Op\u00ad\u0161ti\u00adni Ul\u00adcinj &#8211; utvr\u00addio je vje\u00ad\u0161tak.<br \/>\nZa Ku\u00adzma\u00adna od\u00adlu\u00adka su\u00addi\u00adje ni\u00adje neo\u00ad\u010de\u00adki\u00adva\u00adna jer, ka\u00adko tvr\u00addi, iz\u00adme\u00ad\u0111u su\u00addi\u00adje i di\u00adrek\u00adto\u00adra Ze\u00adca \u201epo\u00adsto\u00adji spre\u00adga sa ko\u00adrup\u00adtiv\u00adnim ele\u00admen\u00adti\u00adma\u201d.<\/p>\n<p><a href=\"http:\/\/www.visit-ulcinj.com\/blog\/wp-content\/uploads\/2011\/11\/Mikan-Zec_Direktor-Ulcinjske-Rivijere.jpg\"><img loading=\"lazy\" class=\"alignleft  wp-image-53290\" alt=\"Mikan Zec_Direktor Ulcinjske Rivijere\" src=\"http:\/\/www.visit-ulcinj.com\/blog\/wp-content\/uploads\/2011\/11\/Mikan-Zec_Direktor-Ulcinjske-Rivijere.jpg\" width=\"508\" height=\"360\" \/><\/a><br \/>\n\u2013Niz go\u00addi\u00adna sam op\u00adstru\u00adi\u00adran u po\u00adku\u00ad\u0161a\u00adju da do\u00adka\u00ad\u017eem da se ra\u00addi o jav\u00adnom pu\u00adtu i da mi se ne mo\u00ad\u017ee na\u00adpla\u00ad\u0107i\u00adva\u00adti ulaz u nu\u00addi\u00adsti\u010d\u00adko na\u00adse\u00adlje jer je ne idem ta\u00admo ve\u0107 u svo\u00adju vi\u00adken\u00addi\u00adcu. Da je put ja\u00advan sa\u00adda pri\u00adzna\u00adje i su\u00addi\u00adja na osno\u00advu na\u00adla\u00adza su\u00adskog vje\u00ad\u0161ta\u00adka ali opet nje\u00admu to ni\u00adje do\u00advolj\u00adno. Ho\u00ad\u0107e po\u00ad\u0161to po\u00adto da me re\u00adke\u00adti\u00adra\u00adju i da sva\u00adki put ka\u00adda kre\u00adnem u vi\u00adken\u00addi\u00adcu pla\u00ad\u0107am. Ja na to ne pri\u00adsta\u00adjem pa ma\u00adkar se su\u00addio sto go\u00addi\u00adna. Ako nad\u00adle\u00ad\u017eni su\u00addo\u00advi ne ri\u00adje\u00ad\u0161e ovo pi\u00adta\u00adnje i\u0107i \u0107u i do Stra\u00adzbu\u00adra. Kao i u pret\u00adhod\u00adnim slu\u00ad\u010da\u00adje\u00advi\u00adma i sa\u00adda sam se po\u00adno\u00advo \u017ea\u00adlio Vi\u00ad\u0161em su\u00addu i o\u010de\u00adku\u00adjem da po\u00adni\u00ad\u0161ti ovu sram\u00adnu pre\u00adsu\u00addu &#8211; ka\u00ad\u017ee Ku\u00adzman.<br \/>\nZbog na\u00adplat\u00adne ram\u00adpe na ula\u00adzu na Adu Bo\u00adja\u00adnu u ju\u00adnu 2013. go\u00addi\u00adne NVO \u201eMo\u00adgul\u201c je or\u00adga\u00adni\u00adzo\u00adva\u00adla i pro\u00adte\u00adsni skup pod na\u00adzi\u00advom \u201eOslo\u00adbo\u00addi\u00adte pro\u00adlaz\u201c. Ak\u00adti\u00advi\u00adsti NVO, mje\u00ad\u0161ta\u00adni i ne\u00adko\u00adli\u00adko po\u00adsla\u00adni\u00adka Skup\u00ad\u0161ti\u00adne Cr\u00adne Go\u00adre tom pri\u00adli\u00adko su po\u00adku\u00ad\u0161a\u00adli da u\u0111u na Adu ali obez\u00adbje\u00ad\u0111e\u00adnje i po\u00adli\u00adci\u00adja ni\u00adsu do\u00adzvo\u00adli\u00adli pro\u00adlaz. Iz\u00advr\u00ad\u0161ni di\u00adrek\u00adtor te NVO D\u017ee\u00admal Pe\u00adro\u00advi\u0107 ka\u00ad\u017ee da je na\u00adkon op\u00adse\u00ad\u017enih ana\u00adli\u00adza za\u00adkon\u00adske re\u00adgu\u00adla\u00adti\u00adve i do\u00adku\u00adme\u00adna\u00adta do ko\u00adjih su do\u00ad\u0161li ko\u00adri\u00adste\u00ad\u0107i Za\u00adkon o slo\u00adbod\u00adnom pri\u00adstu\u00adpu in\u00adfor\u00adma\u00adci\u00adja\u00adma, utvr\u00ad\u0111e\u00adno da se ra\u00addi o jav\u00adnom pu\u00adtu i da se ram\u00adpom i na\u00adpla\u00adtom kr\u00ad\u0161i Ustav i za\u00adkon ko\u00adji ga\u00adran\u00adtu\u00adju slo\u00adbo\u00addu kre\u00adta\u00adnja i ne\u00adsma\u00adtan pri\u00adstup oba\u00adli.<br \/>\n&#8211; Tu ne\u00adza\u00adko\u00adni\u00adtu rad\u00adnju ve\u0107 ne\u00adko\u00adli\u00adko go\u00addi\u00adna spro\u00advo\u00addi HTP \u201eUl\u00adcinj\u00adska ri\u00advi\u00adje\u00adra\u201c. Taj slu\u00ad\u010daj je naj\u00ado\u00ad\u010di\u00adti\u00adji pri\u00admjer za\u00adro\u00adblje\u00adnih in\u00adsti\u00adtu\u00adci\u00adja jer pra\u00adte\u00ad\u0107i slu\u00ad\u010daj na su\u00addu, do\u00adka\u00adza\u00adno je da se ra\u00addi o jav\u00adnom pu\u00adtu, \u0161to je pu\u00adno\u00admo\u0107\u00adnik Ul\u00adcinj\u00adske ri\u00advi\u00adje\u00adre po\u00adtvr\u00addio i pri\u00adznao. Na\u00adja\u00adva po\u00adsta\u00adva\u00adlja\u00adnja ka\u00adpi\u00adje i za ovu go\u00addi\u00adnu, pred\u00adstva\u00adlja sa\u00admo de\u00admon\u00adstra\u00adci\u00adju mo\u00ad\u0107i onih po\u00adje\u00addi\u00adna\u00adca ko\u00adji dr\u00ad\u017ee u \u0161a\u00adci in\u00adsti\u00adtu\u00adci\u00adje pra\u00advo\u00adsu\u00ad\u0111a. Ra\u00addi se o kla\u00adsi\u010d\u00adnom ne\u00adle\u00adgal\u00adnom ubi\u00adra\u00adnju pri\u00adho\u00adda, ko\u00adje bi nad\u00adle\u00ad\u017ene in\u00adsti\u00adtu\u00adci\u00adje mo\u00adra\u00adle da is\u00adpi\u00adta\u00adju gdje od\u00adla\u00adze. Jer ta\u00adkav mo\u00adtiv mo\u00ad\u017ee da pro\u00adsi\u00adtek\u00adne sa\u00admo iz ve\u00adli\u00adkih zlo\u00adu\u00adpo\u00adtre\u00adba i gram\u00adzi\u00advo\u00adsti, \u0161to upu\u00ad\u0107u\u00adje na vi\u00adso\u00adku ko\u00adrup\u00adci\u00adju &#8211; ka\u00ad\u017ee Pe\u00adro\u00advi\u0107, \u010di\u00adja NVO, od sko\u00adro vr\u00ad\u0161i mo\u00adni\u00adto\u00adring ra\u00adda Osnov\u00adnog su\u00adda i Osnov\u00adnog tu\u00ad\u017ei\u00adla\u00ad\u0161tva u Ul\u00adci\u00adnju.<br \/>\n<strong>M.Kne\u00ad\u017ee\u00advi\u0107<\/strong><\/p>\n<p><a href=\"http:\/\/www.visit-ulcinj.com\/blog\/wp-content\/uploads\/2011\/11\/Srdjan-Kuzman_Ulcinj.jpg\"><img loading=\"lazy\" class=\"alignleft  wp-image-53289\" alt=\"Srdjan Kuzman_Ulcinj\" src=\"http:\/\/www.visit-ulcinj.com\/blog\/wp-content\/uploads\/2011\/11\/Srdjan-Kuzman_Ulcinj.jpg\" width=\"508\" height=\"358\" \/><\/a><\/p>\n<p><strong> Ne mo\u00ad\u017ee da u\u0111e ni ka\u00adda pla\u00adti<\/strong><br \/>\nU Osnov\u00adnom su\u00addu u Ul\u00adci\u00adnju u to\u00adku je i su\u00ad\u0111e\u00adnje po pri\u00advat\u00adnoj tu\u00ad\u017ebi Sr\u00ad\u0111a\u00adna Ku\u00adzma\u00adna pro\u00adtiv di\u00adrek\u00adto\u00adra HTP \u201eUl\u00adcinj\u00adska ri\u00advi\u00adje\u00adra\u201c Ra\u00addo\u00admi\u00adra Ze\u00adca. Ku\u00adzman tu\u00ad\u017ei Ze\u00adca zbog kri\u00advi\u010d\u00adnog dje\u00adla one\u00admo\u00adgu\u00ad\u0107a\u00adva\u00adnje slo\u00adbo\u00adde kre\u00adta\u00adnja. Sko\u00adro svi sa\u00adslu\u00ad\u0161a\u00adni svje\u00addo\u00adci: mje\u00ad\u0161ta\u00adni, rad\u00adnik obez\u00adbje\u00ad\u0111e\u00adnja, slu\u00ad\u017ebe\u00adnik po\u00adli\u00adci\u00adje, iz\u00adja\u00advi\u00adli su na su\u00addu da su bi\u00adli pri\u00adsut\u00adni ka\u00adda je Ku\u00adzma\u00adnu na ka\u00adpi\u00adji sa\u00adop\u00ad\u0161te\u00adno da mu je ulaz na Adu Bo\u00adja\u00adnu za\u00adbra\u00adnjen i da \u201ene mo\u00ad\u017ee da u\u0111e \u010dak ni ka\u00adda pla\u00adti\u201d, te da je to na\u00adre\u00addio di\u00adrek\u00adtor Zec. No\u00advo ro\u00ad\u010di\u00ad\u0161te u ovom po\u00adstup\u00adku tre\u00adba\u00adlo bi da se odr\u00ad\u017ei po\u00ad\u010det\u00adkom ju\u00adna.<\/p>\n<p><strong>Nu\u00addi\u00adsti\u010d\u00adko na\u00adse\u00adlje zva\u00adni\u010d\u00adno od 2013.go\u00addi\u00adne<\/strong><br \/>\nAda Bo\u00adja\u00adna je tek od pro\u00ad\u0161le go\u00addi\u00adne do\u00adbi\u00adla sta\u00adtus spe\u00adci\u00adjal\u00adnog ku\u00adpa\u00adli\u00ad\u0161ta i to na\u00adkon per\u00adfor\u00adman\u00adsa ko\u00adji je, is\u00adpred ka\u00adpi\u00adje na ula\u00adzu u ostr\u00advo, or\u00adga\u00adni\u00adzo\u00adva\u00adla NVO \u201eMo\u00adgul\u201c. Ra\u00adni\u00adjih go\u00addi\u00adna je ugo\u00advor o za\u00adku\u00adpu pla\u00ad\u017ee sa JP Mor\u00adsko do\u00adbro bio id\u00aden\u00adti\u00ad\u010dan kao i za bi\u00adlo ko\u00adje obi\u010d\u00adno ku\u00adpa\u00adli\u00ad\u0161te. In\u00adte\u00adre\u00adsant\u00adno je da za sta\u00adtus spe\u00adci\u00adjal\u00adnog ku\u00adpa\u00adli\u00ad\u0161ta po\u00adseb\u00adne uslo\u00adve pro\u00adpi\u00adsu\u00adje Mi\u00adni\u00adstar\u00adstvo odr\u00ad\u017ei\u00advog raz\u00advo\u00adja i tu\u00adri\u00adzma.Taj do\u00adku\u00adme\u00adnat ni\u00adka\u00adda ni\u00adje pre\u00addo\u00ad\u010den jav\u00adno\u00adsti iako ga je \u201eMo\u00adgul\u201c u vi\u00ad\u0161e na\u00advra\u00adta tra\u00ad\u017eio na uvid.<\/p>\n<p><strong>Izvor: DAN<\/strong><\/p>\n","protected":false},"excerpt":{"rendered":"<p>UL\u00adCINj &#8211; Na\u00adplat\u00adnom ram\u00adpom HTP \u201eUl\u00adcinj\u00adska ri\u00advi\u00adje\u00adra\u201c na ula\u00adzu na ostr\u00advo Ada Bo\u00adja\u00adna i utvr\u00ad\u0111i\u00adva\u00adnjem da li je za\u00adko\u00adni\u00adto po\u00adsta\u00advlje\u00adna na jav\u00adni put ba\u00advi\u00ad\u0107e se i Vi\u00ad\u0161i sud u Pod\u00adgo\u00adri\u00adci, na\u00adkon \u0161to je Osnov\u00adni sud u Ul\u00adci\u00adnju \u010de\u00adtvr\u00adti put od 2011. go\u00addi\u00adne od\u00adba\u00adcio za\u00adhtjev za utvr\u00ad\u0111i\u00adva\u00adnje slo\u00adbod\u00adnog pro\u00adla\u00adza. Za\u00adhtjev je pri\u00adje \u010de\u00adti\u00adri go\u00addi\u00adne pr\u00advi put [&hellip;]<\/p>\n","protected":false},"author":1,"featured_media":0,"comment_status":"closed","ping_status":"closed","sticky":false,"template":"","format":"standard","meta":{"spay_email":"","jetpack_publicize_message":"","jetpack_is_tweetstorm":false,"jetpack_publicize_feature_enabled":true},"categories":[6950],"tags":[],"jetpack_publicize_connections":[],"yoast_head":"<!-- This site is optimized with the Yoast SEO plugin v19.1 - https:\/\/yoast.com\/wordpress\/plugins\/seo\/ -->\n<title>Ada Bojana: Javnim putem samo ko plati - Lajme nga Ulqini<\/title>\n<meta name=\"description\" content=\"UL\u00adCINj - Na\u00adplat\u00adnom ram\u00adpom HTP \u201eUl\u00adcinj\u00adska ri\u00advi\u00adje\u00adra\u201c na ula\u00adzu na ostr\u00advo Ada Bo\u00adja\u00adna i utvr\u00ad\u0111i\u00adva\u00adnjem da li je za\u00adko\u00adni\u00adto po\u00adsta\u00advlje\u00adna na\" \/>\n<meta name=\"robots\" content=\"index, follow, max-snippet:-1, max-image-preview:large, max-video-preview:-1\" \/>\n<link rel=\"canonical\" href=\"https:\/\/www.visit-ulcinj.com\/blog\/2014\/05\/28\/ada-bojana-javnim-putem-samo-ko-plati\/\" \/>\n<meta property=\"og:locale\" content=\"en_US\" \/>\n<meta property=\"og:type\" content=\"article\" \/>\n<meta property=\"og:title\" content=\"Ada Bojana: Javnim putem samo ko plati - Lajme nga Ulqini\" \/>\n<meta property=\"og:description\" content=\"UL\u00adCINj - Na\u00adplat\u00adnom ram\u00adpom HTP \u201eUl\u00adcinj\u00adska ri\u00advi\u00adje\u00adra\u201c na ula\u00adzu na ostr\u00advo Ada Bo\u00adja\u00adna i utvr\u00ad\u0111i\u00adva\u00adnjem da li je za\u00adko\u00adni\u00adto po\u00adsta\u00advlje\u00adna na\" \/>\n<meta property=\"og:url\" content=\"https:\/\/www.visit-ulcinj.com\/blog\/2014\/05\/28\/ada-bojana-javnim-putem-samo-ko-plati\/\" \/>\n<meta property=\"og:site_name\" content=\"Lajme nga Ulqini\" \/>\n<meta property=\"article:published_time\" content=\"2014-05-28T18:21:15+00:00\" \/>\n<meta property=\"article:modified_time\" content=\"2014-05-28T18:22:54+00:00\" \/>\n<meta property=\"og:image\" content=\"http:\/\/www.visit-ulcinj.com\/blog\/wp-content\/uploads\/2014\/05\/Ada-Bojana-ulaz.jpg\" \/>\n<meta name=\"twitter:label1\" content=\"Written by\" \/>\n\t<meta name=\"twitter:data1\" content=\"ulqini\" \/>\n\t<meta name=\"twitter:label2\" content=\"Est. reading time\" \/>\n\t<meta name=\"twitter:data2\" content=\"9 minutes\" \/>\n<script type=\"application\/ld+json\" class=\"yoast-schema-graph\">{\"@context\":\"https:\/\/schema.org\",\"@graph\":[{\"@type\":\"WebSite\",\"@id\":\"https:\/\/www.visit-ulcinj.com\/blog\/#website\",\"url\":\"https:\/\/www.visit-ulcinj.com\/blog\/\",\"name\":\"Lajme nga Ulqini\",\"description\":\"Lajme,Vijesti,Ulqini,Ulqin,Crna Gora,Mali i Zi\",\"potentialAction\":[{\"@type\":\"SearchAction\",\"target\":{\"@type\":\"EntryPoint\",\"urlTemplate\":\"https:\/\/www.visit-ulcinj.com\/blog\/?s={search_term_string}\"},\"query-input\":\"required name=search_term_string\"}],\"inLanguage\":\"en-US\"},{\"@type\":\"ImageObject\",\"inLanguage\":\"en-US\",\"@id\":\"https:\/\/www.visit-ulcinj.com\/blog\/2014\/05\/28\/ada-bojana-javnim-putem-samo-ko-plati\/#primaryimage\",\"url\":\"https:\/\/www.visit-ulcinj.com\/blog\/wp-content\/uploads\/2014\/05\/Ada-Bojana-ulaz.jpg\",\"contentUrl\":\"https:\/\/www.visit-ulcinj.com\/blog\/wp-content\/uploads\/2014\/05\/Ada-Bojana-ulaz.jpg\",\"width\":407,\"height\":638},{\"@type\":\"WebPage\",\"@id\":\"https:\/\/www.visit-ulcinj.com\/blog\/2014\/05\/28\/ada-bojana-javnim-putem-samo-ko-plati\/#webpage\",\"url\":\"https:\/\/www.visit-ulcinj.com\/blog\/2014\/05\/28\/ada-bojana-javnim-putem-samo-ko-plati\/\",\"name\":\"Ada Bojana: Javnim putem samo ko plati - Lajme nga Ulqini\",\"isPartOf\":{\"@id\":\"https:\/\/www.visit-ulcinj.com\/blog\/#website\"},\"primaryImageOfPage\":{\"@id\":\"https:\/\/www.visit-ulcinj.com\/blog\/2014\/05\/28\/ada-bojana-javnim-putem-samo-ko-plati\/#primaryimage\"},\"datePublished\":\"2014-05-28T18:21:15+00:00\",\"dateModified\":\"2014-05-28T18:22:54+00:00\",\"author\":{\"@id\":\"https:\/\/www.visit-ulcinj.com\/blog\/#\/schema\/person\/dcab619c614d3038751c63bc2aadc06d\"},\"description\":\"UL\u00adCINj - Na\u00adplat\u00adnom ram\u00adpom HTP \u201eUl\u00adcinj\u00adska ri\u00advi\u00adje\u00adra\u201c na ula\u00adzu na ostr\u00advo Ada Bo\u00adja\u00adna i utvr\u00ad\u0111i\u00adva\u00adnjem da li je za\u00adko\u00adni\u00adto po\u00adsta\u00advlje\u00adna na\",\"breadcrumb\":{\"@id\":\"https:\/\/www.visit-ulcinj.com\/blog\/2014\/05\/28\/ada-bojana-javnim-putem-samo-ko-plati\/#breadcrumb\"},\"inLanguage\":\"en-US\",\"potentialAction\":[{\"@type\":\"ReadAction\",\"target\":[\"https:\/\/www.visit-ulcinj.com\/blog\/2014\/05\/28\/ada-bojana-javnim-putem-samo-ko-plati\/\"]}]},{\"@type\":\"BreadcrumbList\",\"@id\":\"https:\/\/www.visit-ulcinj.com\/blog\/2014\/05\/28\/ada-bojana-javnim-putem-samo-ko-plati\/#breadcrumb\",\"itemListElement\":[{\"@type\":\"ListItem\",\"position\":1,\"name\":\"Ada Bojana: Javnim putem samo ko plati\"}]},{\"@type\":\"Person\",\"@id\":\"https:\/\/www.visit-ulcinj.com\/blog\/#\/schema\/person\/dcab619c614d3038751c63bc2aadc06d\",\"name\":\"ulqini\",\"sameAs\":[\"http:\/\/www.visit-ulcinj.com\"],\"url\":\"https:\/\/www.visit-ulcinj.com\/blog\/author\/admin\/\"}]}<\/script>\n<!-- \/ Yoast SEO plugin. -->","yoast_head_json":{"title":"Ada Bojana: Javnim putem samo ko plati - Lajme nga Ulqini","description":"UL\u00adCINj - Na\u00adplat\u00adnom ram\u00adpom HTP \u201eUl\u00adcinj\u00adska ri\u00advi\u00adje\u00adra\u201c na ula\u00adzu na ostr\u00advo Ada Bo\u00adja\u00adna i utvr\u00ad\u0111i\u00adva\u00adnjem da li je za\u00adko\u00adni\u00adto po\u00adsta\u00advlje\u00adna na","robots":{"index":"index","follow":"follow","max-snippet":"max-snippet:-1","max-image-preview":"max-image-preview:large","max-video-preview":"max-video-preview:-1"},"canonical":"https:\/\/www.visit-ulcinj.com\/blog\/2014\/05\/28\/ada-bojana-javnim-putem-samo-ko-plati\/","og_locale":"en_US","og_type":"article","og_title":"Ada Bojana: Javnim putem samo ko plati - Lajme nga Ulqini","og_description":"UL\u00adCINj - Na\u00adplat\u00adnom ram\u00adpom HTP \u201eUl\u00adcinj\u00adska ri\u00advi\u00adje\u00adra\u201c na ula\u00adzu na ostr\u00advo Ada Bo\u00adja\u00adna i utvr\u00ad\u0111i\u00adva\u00adnjem da li je za\u00adko\u00adni\u00adto po\u00adsta\u00advlje\u00adna na","og_url":"https:\/\/www.visit-ulcinj.com\/blog\/2014\/05\/28\/ada-bojana-javnim-putem-samo-ko-plati\/","og_site_name":"Lajme nga Ulqini","article_published_time":"2014-05-28T18:21:15+00:00","article_modified_time":"2014-05-28T18:22:54+00:00","og_image":[{"url":"http:\/\/www.visit-ulcinj.com\/blog\/wp-content\/uploads\/2014\/05\/Ada-Bojana-ulaz.jpg"}],"twitter_misc":{"Written by":"ulqini","Est. reading time":"9 minutes"},"schema":{"@context":"https:\/\/schema.org","@graph":[{"@type":"WebSite","@id":"https:\/\/www.visit-ulcinj.com\/blog\/#website","url":"https:\/\/www.visit-ulcinj.com\/blog\/","name":"Lajme nga Ulqini","description":"Lajme,Vijesti,Ulqini,Ulqin,Crna Gora,Mali i Zi","potentialAction":[{"@type":"SearchAction","target":{"@type":"EntryPoint","urlTemplate":"https:\/\/www.visit-ulcinj.com\/blog\/?s={search_term_string}"},"query-input":"required name=search_term_string"}],"inLanguage":"en-US"},{"@type":"ImageObject","inLanguage":"en-US","@id":"https:\/\/www.visit-ulcinj.com\/blog\/2014\/05\/28\/ada-bojana-javnim-putem-samo-ko-plati\/#primaryimage","url":"https:\/\/www.visit-ulcinj.com\/blog\/wp-content\/uploads\/2014\/05\/Ada-Bojana-ulaz.jpg","contentUrl":"https:\/\/www.visit-ulcinj.com\/blog\/wp-content\/uploads\/2014\/05\/Ada-Bojana-ulaz.jpg","width":407,"height":638},{"@type":"WebPage","@id":"https:\/\/www.visit-ulcinj.com\/blog\/2014\/05\/28\/ada-bojana-javnim-putem-samo-ko-plati\/#webpage","url":"https:\/\/www.visit-ulcinj.com\/blog\/2014\/05\/28\/ada-bojana-javnim-putem-samo-ko-plati\/","name":"Ada Bojana: Javnim putem samo ko plati - Lajme nga Ulqini","isPartOf":{"@id":"https:\/\/www.visit-ulcinj.com\/blog\/#website"},"primaryImageOfPage":{"@id":"https:\/\/www.visit-ulcinj.com\/blog\/2014\/05\/28\/ada-bojana-javnim-putem-samo-ko-plati\/#primaryimage"},"datePublished":"2014-05-28T18:21:15+00:00","dateModified":"2014-05-28T18:22:54+00:00","author":{"@id":"https:\/\/www.visit-ulcinj.com\/blog\/#\/schema\/person\/dcab619c614d3038751c63bc2aadc06d"},"description":"UL\u00adCINj - Na\u00adplat\u00adnom ram\u00adpom HTP \u201eUl\u00adcinj\u00adska ri\u00advi\u00adje\u00adra\u201c na ula\u00adzu na ostr\u00advo Ada Bo\u00adja\u00adna i utvr\u00ad\u0111i\u00adva\u00adnjem da li je za\u00adko\u00adni\u00adto po\u00adsta\u00advlje\u00adna na","breadcrumb":{"@id":"https:\/\/www.visit-ulcinj.com\/blog\/2014\/05\/28\/ada-bojana-javnim-putem-samo-ko-plati\/#breadcrumb"},"inLanguage":"en-US","potentialAction":[{"@type":"ReadAction","target":["https:\/\/www.visit-ulcinj.com\/blog\/2014\/05\/28\/ada-bojana-javnim-putem-samo-ko-plati\/"]}]},{"@type":"BreadcrumbList","@id":"https:\/\/www.visit-ulcinj.com\/blog\/2014\/05\/28\/ada-bojana-javnim-putem-samo-ko-plati\/#breadcrumb","itemListElement":[{"@type":"ListItem","position":1,"name":"Ada Bojana: Javnim putem samo ko plati"}]},{"@type":"Person","@id":"https:\/\/www.visit-ulcinj.com\/blog\/#\/schema\/person\/dcab619c614d3038751c63bc2aadc06d","name":"ulqini","sameAs":["http:\/\/www.visit-ulcinj.com"],"url":"https:\/\/www.visit-ulcinj.com\/blog\/author\/admin\/"}]}},"jetpack_featured_media_url":"","jetpack_sharing_enabled":true,"jetpack_shortlink":"https:\/\/wp.me\/pe6lTn-lu0","_links":{"self":[{"href":"https:\/\/www.visit-ulcinj.com\/blog\/wp-json\/wp\/v2\/posts\/82584"}],"collection":[{"href":"https:\/\/www.visit-ulcinj.com\/blog\/wp-json\/wp\/v2\/posts"}],"about":[{"href":"https:\/\/www.visit-ulcinj.com\/blog\/wp-json\/wp\/v2\/types\/post"}],"author":[{"embeddable":true,"href":"https:\/\/www.visit-ulcinj.com\/blog\/wp-json\/wp\/v2\/users\/1"}],"replies":[{"embeddable":true,"href":"https:\/\/www.visit-ulcinj.com\/blog\/wp-json\/wp\/v2\/comments?post=82584"}],"version-history":[{"count":3,"href":"https:\/\/www.visit-ulcinj.com\/blog\/wp-json\/wp\/v2\/posts\/82584\/revisions"}],"predecessor-version":[{"id":82588,"href":"https:\/\/www.visit-ulcinj.com\/blog\/wp-json\/wp\/v2\/posts\/82584\/revisions\/82588"}],"wp:attachment":[{"href":"https:\/\/www.visit-ulcinj.com\/blog\/wp-json\/wp\/v2\/media?parent=82584"}],"wp:term":[{"taxonomy":"category","embeddable":true,"href":"https:\/\/www.visit-ulcinj.com\/blog\/wp-json\/wp\/v2\/categories?post=82584"},{"taxonomy":"post_tag","embeddable":true,"href":"https:\/\/www.visit-ulcinj.com\/blog\/wp-json\/wp\/v2\/tags?post=82584"}],"curies":[{"name":"wp","href":"https:\/\/api.w.org\/{rel}","templated":true}]}}