{"id":82592,"date":"2014-05-28T19:38:46","date_gmt":"2014-05-28T18:38:46","guid":{"rendered":"http:\/\/www.visit-ulcinj.com\/blog\/?p=82592"},"modified":"2014-05-29T07:10:19","modified_gmt":"2014-05-29T06:10:19","slug":"gjukanoviq-kriporja-e-ulqinit-te-ruhet-per-prodhimin-e-kripes-se-detit","status":"publish","type":"post","link":"https:\/\/www.visit-ulcinj.com\/blog\/2014\/05\/28\/gjukanoviq-kriporja-e-ulqinit-te-ruhet-per-prodhimin-e-kripes-se-detit\/","title":{"rendered":"Gjukanoviq: Kriporja e Ulqinit t\u00eb ruhet p\u00ebr prodhimin e krip\u00ebs s\u00eb detit &#8211; Video"},"content":{"rendered":"<p><a href=\"http:\/\/www.visit-ulcinj.com\/blog\/wp-content\/uploads\/2014\/05\/GJUKANOVIC-KRIPORJA.jpg\"><img loading=\"lazy\" class=\"alignleft  wp-image-82593\" alt=\"GJUKANOVIC-KRIPORJA\" src=\"http:\/\/www.visit-ulcinj.com\/blog\/wp-content\/uploads\/2014\/05\/GJUKANOVIC-KRIPORJA.jpg\" width=\"508\" height=\"360\" \/><\/a>Kryeministri Millo Gjukanoviq, ka theksuar se do ti p\u00ebrgjigjet ftes\u00ebs s\u00eb prokuroris\u00eb kryesore t\u00eb shtetit n\u00eb kuad\u00ebr t\u00eb hetimeve p\u00ebr vrasjen e kryeredaktorit t\u00eb gazet\u00ebs DAN Dushko Jovanoviq. Lideri i Malit t\u00eb Zi pozitiv Darko Pajoviq e ka pyetur kryeministrin n\u00eb parlament, se \u00e7ka ka b\u00ebr\u00eb si kryeminist\u00ebr q\u00eb ti njoftoj\u00eb institucionet kompetente t\u00eb shtetit p\u00ebr rrethanat lidhur me vrasjen e Jovanoviqit. Gjukanoviq ka theksuar se kryeprokuroria e shtetit ka iniciuar d\u00ebgjimin e nj\u00eb numri \u00a0t\u00eb madh t\u00eb individ\u00ebve n\u00eb rolin e d\u00ebshmitar\u00ebve, t\u00eb cil\u00ebt kan\u00eb disponuar me informata t\u00eb caktuara lidhur me vrasjen e tij , mir\u00ebpo prokuroria ende nuk e ka p\u00ebrfunduar pun\u00ebn . Gjat\u00eb k\u00ebtyre dit\u00ebve e kam marr\u00eb \u00a0ftes\u00ebn e prokurorit t\u00eb shtetit dhe me p\u00ebrgjegj\u00ebsi maksimale do ti p\u00ebrgjigjem menj\u00ebher\u00eb posa t\u00eb m\u00eb lejojn\u00eb obligimet e kryerjes s\u00eb funksionit t\u00eb kryeministrit ka theksuar Gjukanoviq. N\u00eb em\u00ebr t\u00eb klubit t\u00eb partive shqiptare Genci Nimanbegu nga Forca e ka pyetur kryeministrin se \u00e7ka ka b\u00ebr\u00eb qeveria deri tani dhe a planifikon t\u00eb nd\u00ebrmarr\u00eb aktivitete t\u00eb reja n\u00eb rastin e privatizimit t\u00eb d\u00ebshtuar t\u00eb kripores s\u00eb Ulqinit . Gjukanoviq ka theksuar se kriporja ka nj\u00eb tradit\u00eb disa deceniesh, por ka kaluar dy faza t\u00eb ndryshimeve \u00a0drejtuese, t\u00eb cilat kan\u00eb ndryshuar struktur\u00ebn e pron\u00ebsis\u00eb. Ai ka shtuar se qeveria p\u00ebr shkak t\u00eb falimentimit nuk mund ti ndaj\u00eb koncesione kripores p\u00ebr eksploatimin e krip\u00ebs. Ai megjithat\u00eb ka shtuar se qeveria ka p\u00ebr q\u00ebllim q\u00eb k\u00ebt\u00eb lokalitet ta ruaj si hap\u00ebsir\u00eb \u00a0n\u00eb t\u00eb cil\u00ebn do t\u00eb prodhohet kripa e detit.<\/p>\n<p>TVCG<\/p>\n<!--YouTube Error: bad URL entered-->\n","protected":false},"excerpt":{"rendered":"<p>Kryeministri Millo Gjukanoviq, ka theksuar se do ti p\u00ebrgjigjet ftes\u00ebs s\u00eb prokuroris\u00eb kryesore t\u00eb shtetit n\u00eb kuad\u00ebr t\u00eb hetimeve p\u00ebr vrasjen e kryeredaktorit t\u00eb gazet\u00ebs DAN Dushko Jovanoviq. Lideri i Malit t\u00eb Zi pozitiv Darko Pajoviq e ka pyetur kryeministrin n\u00eb parlament, se \u00e7ka ka b\u00ebr\u00eb si kryeminist\u00ebr q\u00eb ti njoftoj\u00eb institucionet kompetente t\u00eb shtetit [&hellip;]<\/p>\n","protected":false},"author":1,"featured_media":0,"comment_status":"closed","ping_status":"closed","sticky":false,"template":"","format":"standard","meta":{"spay_email":"","jetpack_publicize_message":"","jetpack_is_tweetstorm":false,"jetpack_publicize_feature_enabled":true},"categories":[10],"tags":[],"jetpack_publicize_connections":[],"yoast_head":"<!-- This site is optimized with the Yoast SEO plugin v19.1 - https:\/\/yoast.com\/wordpress\/plugins\/seo\/ -->\n<title>Gjukanoviq: Kriporja e Ulqinit t\u00eb ruhet p\u00ebr prodhimin e krip\u00ebs s\u00eb detit - Video - Lajme nga Ulqini<\/title>\n<meta name=\"description\" content=\"Kryeministri Millo Gjukanoviq, ka theksuar se do ti p\u00ebrgjigjet ftes\u00ebs s\u00eb prokuroris\u00eb kryesore t\u00eb shtetit n\u00eb kuad\u00ebr t\u00eb hetimeve p\u00ebr vrasjen e\" \/>\n<meta name=\"robots\" content=\"index, follow, max-snippet:-1, max-image-preview:large, max-video-preview:-1\" \/>\n<link rel=\"canonical\" href=\"https:\/\/www.visit-ulcinj.com\/blog\/2014\/05\/28\/gjukanoviq-kriporja-e-ulqinit-te-ruhet-per-prodhimin-e-kripes-se-detit\/\" \/>\n<meta property=\"og:locale\" content=\"en_US\" \/>\n<meta property=\"og:type\" content=\"article\" \/>\n<meta property=\"og:title\" content=\"Gjukanoviq: Kriporja e Ulqinit t\u00eb ruhet p\u00ebr prodhimin e krip\u00ebs s\u00eb detit - Video - Lajme nga Ulqini\" \/>\n<meta property=\"og:description\" content=\"Kryeministri Millo Gjukanoviq, ka theksuar se do ti p\u00ebrgjigjet ftes\u00ebs s\u00eb prokuroris\u00eb kryesore t\u00eb shtetit n\u00eb kuad\u00ebr t\u00eb hetimeve p\u00ebr vrasjen e\" \/>\n<meta property=\"og:url\" content=\"https:\/\/www.visit-ulcinj.com\/blog\/2014\/05\/28\/gjukanoviq-kriporja-e-ulqinit-te-ruhet-per-prodhimin-e-kripes-se-detit\/\" \/>\n<meta property=\"og:site_name\" content=\"Lajme nga Ulqini\" \/>\n<meta property=\"article:published_time\" content=\"2014-05-28T18:38:46+00:00\" \/>\n<meta property=\"article:modified_time\" content=\"2014-05-29T06:10:19+00:00\" \/>\n<meta property=\"og:image\" content=\"http:\/\/www.visit-ulcinj.com\/blog\/wp-content\/uploads\/2014\/05\/GJUKANOVIC-KRIPORJA.jpg\" \/>\n<meta name=\"twitter:label1\" content=\"Written by\" \/>\n\t<meta name=\"twitter:data1\" content=\"ulqini\" \/>\n\t<meta name=\"twitter:label2\" content=\"Est. reading time\" \/>\n\t<meta name=\"twitter:data2\" content=\"1 minute\" \/>\n<script type=\"application\/ld+json\" class=\"yoast-schema-graph\">{\"@context\":\"https:\/\/schema.org\",\"@graph\":[{\"@type\":\"WebSite\",\"@id\":\"https:\/\/www.visit-ulcinj.com\/blog\/#website\",\"url\":\"https:\/\/www.visit-ulcinj.com\/blog\/\",\"name\":\"Lajme nga Ulqini\",\"description\":\"Lajme,Vijesti,Ulqini,Ulqin,Crna Gora,Mali i Zi\",\"potentialAction\":[{\"@type\":\"SearchAction\",\"target\":{\"@type\":\"EntryPoint\",\"urlTemplate\":\"https:\/\/www.visit-ulcinj.com\/blog\/?s={search_term_string}\"},\"query-input\":\"required name=search_term_string\"}],\"inLanguage\":\"en-US\"},{\"@type\":\"ImageObject\",\"inLanguage\":\"en-US\",\"@id\":\"https:\/\/www.visit-ulcinj.com\/blog\/2014\/05\/28\/gjukanoviq-kriporja-e-ulqinit-te-ruhet-per-prodhimin-e-kripes-se-detit\/#primaryimage\",\"url\":\"https:\/\/www.visit-ulcinj.com\/blog\/wp-content\/uploads\/2014\/05\/GJUKANOVIC-KRIPORJA.jpg\",\"contentUrl\":\"https:\/\/www.visit-ulcinj.com\/blog\/wp-content\/uploads\/2014\/05\/GJUKANOVIC-KRIPORJA.jpg\",\"width\":900,\"height\":607},{\"@type\":\"WebPage\",\"@id\":\"https:\/\/www.visit-ulcinj.com\/blog\/2014\/05\/28\/gjukanoviq-kriporja-e-ulqinit-te-ruhet-per-prodhimin-e-kripes-se-detit\/#webpage\",\"url\":\"https:\/\/www.visit-ulcinj.com\/blog\/2014\/05\/28\/gjukanoviq-kriporja-e-ulqinit-te-ruhet-per-prodhimin-e-kripes-se-detit\/\",\"name\":\"Gjukanoviq: Kriporja e Ulqinit t\u00eb ruhet p\u00ebr prodhimin e krip\u00ebs s\u00eb detit - Video - Lajme nga Ulqini\",\"isPartOf\":{\"@id\":\"https:\/\/www.visit-ulcinj.com\/blog\/#website\"},\"primaryImageOfPage\":{\"@id\":\"https:\/\/www.visit-ulcinj.com\/blog\/2014\/05\/28\/gjukanoviq-kriporja-e-ulqinit-te-ruhet-per-prodhimin-e-kripes-se-detit\/#primaryimage\"},\"datePublished\":\"2014-05-28T18:38:46+00:00\",\"dateModified\":\"2014-05-29T06:10:19+00:00\",\"author\":{\"@id\":\"https:\/\/www.visit-ulcinj.com\/blog\/#\/schema\/person\/dcab619c614d3038751c63bc2aadc06d\"},\"description\":\"Kryeministri Millo Gjukanoviq, ka theksuar se do ti p\u00ebrgjigjet ftes\u00ebs s\u00eb prokuroris\u00eb kryesore t\u00eb shtetit n\u00eb kuad\u00ebr t\u00eb hetimeve p\u00ebr vrasjen e\",\"breadcrumb\":{\"@id\":\"https:\/\/www.visit-ulcinj.com\/blog\/2014\/05\/28\/gjukanoviq-kriporja-e-ulqinit-te-ruhet-per-prodhimin-e-kripes-se-detit\/#breadcrumb\"},\"inLanguage\":\"en-US\",\"potentialAction\":[{\"@type\":\"ReadAction\",\"target\":[\"https:\/\/www.visit-ulcinj.com\/blog\/2014\/05\/28\/gjukanoviq-kriporja-e-ulqinit-te-ruhet-per-prodhimin-e-kripes-se-detit\/\"]}]},{\"@type\":\"BreadcrumbList\",\"@id\":\"https:\/\/www.visit-ulcinj.com\/blog\/2014\/05\/28\/gjukanoviq-kriporja-e-ulqinit-te-ruhet-per-prodhimin-e-kripes-se-detit\/#breadcrumb\",\"itemListElement\":[{\"@type\":\"ListItem\",\"position\":1,\"name\":\"Gjukanoviq: Kriporja e Ulqinit t\u00eb ruhet p\u00ebr prodhimin e krip\u00ebs s\u00eb detit &#8211; Video\"}]},{\"@type\":\"Person\",\"@id\":\"https:\/\/www.visit-ulcinj.com\/blog\/#\/schema\/person\/dcab619c614d3038751c63bc2aadc06d\",\"name\":\"ulqini\",\"sameAs\":[\"http:\/\/www.visit-ulcinj.com\"],\"url\":\"https:\/\/www.visit-ulcinj.com\/blog\/author\/admin\/\"}]}<\/script>\n<!-- \/ Yoast SEO plugin. -->","yoast_head_json":{"title":"Gjukanoviq: Kriporja e Ulqinit t\u00eb ruhet p\u00ebr prodhimin e krip\u00ebs s\u00eb detit - Video - Lajme nga Ulqini","description":"Kryeministri Millo Gjukanoviq, ka theksuar se do ti p\u00ebrgjigjet ftes\u00ebs s\u00eb prokuroris\u00eb kryesore t\u00eb shtetit n\u00eb kuad\u00ebr t\u00eb hetimeve p\u00ebr vrasjen e","robots":{"index":"index","follow":"follow","max-snippet":"max-snippet:-1","max-image-preview":"max-image-preview:large","max-video-preview":"max-video-preview:-1"},"canonical":"https:\/\/www.visit-ulcinj.com\/blog\/2014\/05\/28\/gjukanoviq-kriporja-e-ulqinit-te-ruhet-per-prodhimin-e-kripes-se-detit\/","og_locale":"en_US","og_type":"article","og_title":"Gjukanoviq: Kriporja e Ulqinit t\u00eb ruhet p\u00ebr prodhimin e krip\u00ebs s\u00eb detit - Video - Lajme nga Ulqini","og_description":"Kryeministri Millo Gjukanoviq, ka theksuar se do ti p\u00ebrgjigjet ftes\u00ebs s\u00eb prokuroris\u00eb kryesore t\u00eb shtetit n\u00eb kuad\u00ebr t\u00eb hetimeve p\u00ebr vrasjen e","og_url":"https:\/\/www.visit-ulcinj.com\/blog\/2014\/05\/28\/gjukanoviq-kriporja-e-ulqinit-te-ruhet-per-prodhimin-e-kripes-se-detit\/","og_site_name":"Lajme nga Ulqini","article_published_time":"2014-05-28T18:38:46+00:00","article_modified_time":"2014-05-29T06:10:19+00:00","og_image":[{"url":"http:\/\/www.visit-ulcinj.com\/blog\/wp-content\/uploads\/2014\/05\/GJUKANOVIC-KRIPORJA.jpg"}],"twitter_misc":{"Written by":"ulqini","Est. reading time":"1 minute"},"schema":{"@context":"https:\/\/schema.org","@graph":[{"@type":"WebSite","@id":"https:\/\/www.visit-ulcinj.com\/blog\/#website","url":"https:\/\/www.visit-ulcinj.com\/blog\/","name":"Lajme nga Ulqini","description":"Lajme,Vijesti,Ulqini,Ulqin,Crna Gora,Mali i Zi","potentialAction":[{"@type":"SearchAction","target":{"@type":"EntryPoint","urlTemplate":"https:\/\/www.visit-ulcinj.com\/blog\/?s={search_term_string}"},"query-input":"required name=search_term_string"}],"inLanguage":"en-US"},{"@type":"ImageObject","inLanguage":"en-US","@id":"https:\/\/www.visit-ulcinj.com\/blog\/2014\/05\/28\/gjukanoviq-kriporja-e-ulqinit-te-ruhet-per-prodhimin-e-kripes-se-detit\/#primaryimage","url":"https:\/\/www.visit-ulcinj.com\/blog\/wp-content\/uploads\/2014\/05\/GJUKANOVIC-KRIPORJA.jpg","contentUrl":"https:\/\/www.visit-ulcinj.com\/blog\/wp-content\/uploads\/2014\/05\/GJUKANOVIC-KRIPORJA.jpg","width":900,"height":607},{"@type":"WebPage","@id":"https:\/\/www.visit-ulcinj.com\/blog\/2014\/05\/28\/gjukanoviq-kriporja-e-ulqinit-te-ruhet-per-prodhimin-e-kripes-se-detit\/#webpage","url":"https:\/\/www.visit-ulcinj.com\/blog\/2014\/05\/28\/gjukanoviq-kriporja-e-ulqinit-te-ruhet-per-prodhimin-e-kripes-se-detit\/","name":"Gjukanoviq: Kriporja e Ulqinit t\u00eb ruhet p\u00ebr prodhimin e krip\u00ebs s\u00eb detit - Video - Lajme nga Ulqini","isPartOf":{"@id":"https:\/\/www.visit-ulcinj.com\/blog\/#website"},"primaryImageOfPage":{"@id":"https:\/\/www.visit-ulcinj.com\/blog\/2014\/05\/28\/gjukanoviq-kriporja-e-ulqinit-te-ruhet-per-prodhimin-e-kripes-se-detit\/#primaryimage"},"datePublished":"2014-05-28T18:38:46+00:00","dateModified":"2014-05-29T06:10:19+00:00","author":{"@id":"https:\/\/www.visit-ulcinj.com\/blog\/#\/schema\/person\/dcab619c614d3038751c63bc2aadc06d"},"description":"Kryeministri Millo Gjukanoviq, ka theksuar se do ti p\u00ebrgjigjet ftes\u00ebs s\u00eb prokuroris\u00eb kryesore t\u00eb shtetit n\u00eb kuad\u00ebr t\u00eb hetimeve p\u00ebr vrasjen e","breadcrumb":{"@id":"https:\/\/www.visit-ulcinj.com\/blog\/2014\/05\/28\/gjukanoviq-kriporja-e-ulqinit-te-ruhet-per-prodhimin-e-kripes-se-detit\/#breadcrumb"},"inLanguage":"en-US","potentialAction":[{"@type":"ReadAction","target":["https:\/\/www.visit-ulcinj.com\/blog\/2014\/05\/28\/gjukanoviq-kriporja-e-ulqinit-te-ruhet-per-prodhimin-e-kripes-se-detit\/"]}]},{"@type":"BreadcrumbList","@id":"https:\/\/www.visit-ulcinj.com\/blog\/2014\/05\/28\/gjukanoviq-kriporja-e-ulqinit-te-ruhet-per-prodhimin-e-kripes-se-detit\/#breadcrumb","itemListElement":[{"@type":"ListItem","position":1,"name":"Gjukanoviq: Kriporja e Ulqinit t\u00eb ruhet p\u00ebr prodhimin e krip\u00ebs s\u00eb detit &#8211; Video"}]},{"@type":"Person","@id":"https:\/\/www.visit-ulcinj.com\/blog\/#\/schema\/person\/dcab619c614d3038751c63bc2aadc06d","name":"ulqini","sameAs":["http:\/\/www.visit-ulcinj.com"],"url":"https:\/\/www.visit-ulcinj.com\/blog\/author\/admin\/"}]}},"jetpack_featured_media_url":"","jetpack_sharing_enabled":true,"jetpack_shortlink":"https:\/\/wp.me\/pe6lTn-lu8","_links":{"self":[{"href":"https:\/\/www.visit-ulcinj.com\/blog\/wp-json\/wp\/v2\/posts\/82592"}],"collection":[{"href":"https:\/\/www.visit-ulcinj.com\/blog\/wp-json\/wp\/v2\/posts"}],"about":[{"href":"https:\/\/www.visit-ulcinj.com\/blog\/wp-json\/wp\/v2\/types\/post"}],"author":[{"embeddable":true,"href":"https:\/\/www.visit-ulcinj.com\/blog\/wp-json\/wp\/v2\/users\/1"}],"replies":[{"embeddable":true,"href":"https:\/\/www.visit-ulcinj.com\/blog\/wp-json\/wp\/v2\/comments?post=82592"}],"version-history":[{"count":3,"href":"https:\/\/www.visit-ulcinj.com\/blog\/wp-json\/wp\/v2\/posts\/82592\/revisions"}],"predecessor-version":[{"id":82617,"href":"https:\/\/www.visit-ulcinj.com\/blog\/wp-json\/wp\/v2\/posts\/82592\/revisions\/82617"}],"wp:attachment":[{"href":"https:\/\/www.visit-ulcinj.com\/blog\/wp-json\/wp\/v2\/media?parent=82592"}],"wp:term":[{"taxonomy":"category","embeddable":true,"href":"https:\/\/www.visit-ulcinj.com\/blog\/wp-json\/wp\/v2\/categories?post=82592"},{"taxonomy":"post_tag","embeddable":true,"href":"https:\/\/www.visit-ulcinj.com\/blog\/wp-json\/wp\/v2\/tags?post=82592"}],"curies":[{"name":"wp","href":"https:\/\/api.w.org\/{rel}","templated":true}]}}