{"id":82606,"date":"2017-03-05T05:29:06","date_gmt":"2017-03-05T04:29:06","guid":{"rendered":"http:\/\/www.visit-ulcinj.com\/blog\/?p=82606"},"modified":"2017-03-09T18:06:00","modified_gmt":"2017-03-09T17:06:00","slug":"interviste-rukije-lika-shaba-nga-emisioni-portreti-tv-teuta","status":"publish","type":"post","link":"https:\/\/www.visit-ulcinj.com\/blog\/2017\/03\/05\/interviste-rukije-lika-shaba-nga-emisioni-portreti-tv-teuta\/","title":{"rendered":"Interviste me Rukije Lika Shaba nga emisioni &#8221; Portreti&#8221; Tv Teuta"},"content":{"rendered":"<p><a href=\"http:\/\/www.visit-ulcinj.com\/blog\/wp-content\/uploads\/2014\/05\/Rukije-Lika-Shaba.jpg\"><img loading=\"lazy\" class=\"alignleft wp-image-82607\" src=\"http:\/\/www.visit-ulcinj.com\/blog\/wp-content\/uploads\/2014\/05\/Rukije-Lika-Shaba.jpg\" alt=\"Rukije-Lika-Shaba\" width=\"508\" height=\"360\" \/><\/a><\/p>\n<p><strong>Nd\u00ebrroi\u00a0 jet\u00eb Rrukije Lika Shaba, veterane e arsimit shqip n\u00eb\u00a0 Ulqin dhe n\u00eb An\u00eb t\u00eb Malit\u00a0 dhe m\u00ebsuesja e par\u00eb shqiptare n\u00eb trojet tona.<\/strong><\/p>\n<p><strong>Rrukija ushtroi ndikim t\u00eb madh n\u00eb emancipimin e femr\u00ebs shqiptare si m\u00ebsuesja e par\u00eb shqiptare dhe p\u00ebr nj\u00eb koh\u00eb e vetme n\u00eb k\u00ebto an\u00eb.<\/strong><\/p>\n<p>&nbsp;<\/p>\n<p>Emisioni \u00a0\u201cPortreti nga Hatixhe Nelaj\u201d sjell \u00e7do mbr\u00ebmje nga markurja nj\u00eb emisionin t\u00eb nxeht\u00eb t\u00eb jav\u00ebs. \u00c7\u00ebshtjet m\u00eb t\u00eb forta,ngjarjet dhe \u00a0t\u00eb ftuar t\u00eb shumt\u00eb, intervista ekskluzive. N\u00eb nj\u00eb rr\u00ebfim t\u00eb jasht\u00ebzakonsh\u00ebm p\u00ebr emisionin &#8220;Portreti&#8221; n\u00eb Tv Teuta flet msuesja 71 vje\u00e7are Rukije Lika Shaba.<\/p>\n<p><strong>Ju ftojm ta ndiqni emisionin<\/strong><\/p>\n<!--YouTube Error: bad URL entered-->\n","protected":false},"excerpt":{"rendered":"<p>Nd\u00ebrroi\u00a0 jet\u00eb Rrukije Lika Shaba, veterane e arsimit shqip n\u00eb\u00a0 Ulqin dhe n\u00eb An\u00eb t\u00eb Malit\u00a0 dhe m\u00ebsuesja e par\u00eb shqiptare n\u00eb trojet tona. Rrukija ushtroi ndikim t\u00eb madh n\u00eb emancipimin e femr\u00ebs shqiptare si m\u00ebsuesja e par\u00eb shqiptare dhe p\u00ebr nj\u00eb koh\u00eb e vetme n\u00eb k\u00ebto an\u00eb. &nbsp; Emisioni \u00a0\u201cPortreti nga Hatixhe Nelaj\u201d sjell [&hellip;]<\/p>\n","protected":false},"author":1,"featured_media":0,"comment_status":"closed","ping_status":"closed","sticky":false,"template":"","format":"standard","meta":{"spay_email":"","jetpack_publicize_message":"","jetpack_is_tweetstorm":false,"jetpack_publicize_feature_enabled":true},"categories":[5],"tags":[],"jetpack_publicize_connections":[],"yoast_head":"<!-- This site is optimized with the Yoast SEO plugin v19.1 - https:\/\/yoast.com\/wordpress\/plugins\/seo\/ -->\n<title>Interviste me Rukije Lika Shaba nga emisioni &quot; Portreti&quot; Tv Teuta - Lajme nga Ulqini<\/title>\n<meta name=\"description\" content=\"Nd\u00ebrroi\u00a0 jet\u00eb Rrukije Lika Shaba, veterane e arsimit shqip n\u00eb\u00a0 Ulqin dhe n\u00eb An\u00eb t\u00eb Malit\u00a0 dhe m\u00ebsuesja e par\u00eb shqiptare n\u00eb trojet tona. Rrukija ushtroi\" \/>\n<meta name=\"robots\" content=\"index, follow, max-snippet:-1, max-image-preview:large, max-video-preview:-1\" \/>\n<link rel=\"canonical\" href=\"https:\/\/www.visit-ulcinj.com\/blog\/2017\/03\/05\/interviste-rukije-lika-shaba-nga-emisioni-portreti-tv-teuta\/\" \/>\n<meta property=\"og:locale\" content=\"en_US\" \/>\n<meta property=\"og:type\" content=\"article\" \/>\n<meta property=\"og:title\" content=\"Interviste me Rukije Lika Shaba nga emisioni &quot; Portreti&quot; Tv Teuta - Lajme nga Ulqini\" \/>\n<meta property=\"og:description\" content=\"Nd\u00ebrroi\u00a0 jet\u00eb Rrukije Lika Shaba, veterane e arsimit shqip n\u00eb\u00a0 Ulqin dhe n\u00eb An\u00eb t\u00eb Malit\u00a0 dhe m\u00ebsuesja e par\u00eb shqiptare n\u00eb trojet tona. Rrukija ushtroi\" \/>\n<meta property=\"og:url\" content=\"https:\/\/www.visit-ulcinj.com\/blog\/2017\/03\/05\/interviste-rukije-lika-shaba-nga-emisioni-portreti-tv-teuta\/\" \/>\n<meta property=\"og:site_name\" content=\"Lajme nga Ulqini\" \/>\n<meta property=\"article:published_time\" content=\"2017-03-05T04:29:06+00:00\" \/>\n<meta property=\"article:modified_time\" content=\"2017-03-09T17:06:00+00:00\" \/>\n<meta property=\"og:image\" content=\"http:\/\/www.visit-ulcinj.com\/blog\/wp-content\/uploads\/2014\/05\/Rukije-Lika-Shaba.jpg\" \/>\n<meta name=\"twitter:label1\" content=\"Written by\" \/>\n\t<meta name=\"twitter:data1\" content=\"ulqini\" \/>\n\t<meta name=\"twitter:label2\" content=\"Est. reading time\" \/>\n\t<meta name=\"twitter:data2\" content=\"1 minute\" \/>\n<script type=\"application\/ld+json\" class=\"yoast-schema-graph\">{\"@context\":\"https:\/\/schema.org\",\"@graph\":[{\"@type\":\"WebSite\",\"@id\":\"https:\/\/www.visit-ulcinj.com\/blog\/#website\",\"url\":\"https:\/\/www.visit-ulcinj.com\/blog\/\",\"name\":\"Lajme nga Ulqini\",\"description\":\"Lajme,Vijesti,Ulqini,Ulqin,Crna Gora,Mali i Zi\",\"potentialAction\":[{\"@type\":\"SearchAction\",\"target\":{\"@type\":\"EntryPoint\",\"urlTemplate\":\"https:\/\/www.visit-ulcinj.com\/blog\/?s={search_term_string}\"},\"query-input\":\"required name=search_term_string\"}],\"inLanguage\":\"en-US\"},{\"@type\":\"ImageObject\",\"inLanguage\":\"en-US\",\"@id\":\"https:\/\/www.visit-ulcinj.com\/blog\/2017\/03\/05\/interviste-rukije-lika-shaba-nga-emisioni-portreti-tv-teuta\/#primaryimage\",\"url\":\"https:\/\/www.visit-ulcinj.com\/blog\/wp-content\/uploads\/2014\/05\/Rukije-Lika-Shaba.jpg\",\"contentUrl\":\"https:\/\/www.visit-ulcinj.com\/blog\/wp-content\/uploads\/2014\/05\/Rukije-Lika-Shaba.jpg\",\"width\":524,\"height\":396},{\"@type\":\"WebPage\",\"@id\":\"https:\/\/www.visit-ulcinj.com\/blog\/2017\/03\/05\/interviste-rukije-lika-shaba-nga-emisioni-portreti-tv-teuta\/#webpage\",\"url\":\"https:\/\/www.visit-ulcinj.com\/blog\/2017\/03\/05\/interviste-rukije-lika-shaba-nga-emisioni-portreti-tv-teuta\/\",\"name\":\"Interviste me Rukije Lika Shaba nga emisioni \\\" Portreti\\\" Tv Teuta - Lajme nga Ulqini\",\"isPartOf\":{\"@id\":\"https:\/\/www.visit-ulcinj.com\/blog\/#website\"},\"primaryImageOfPage\":{\"@id\":\"https:\/\/www.visit-ulcinj.com\/blog\/2017\/03\/05\/interviste-rukije-lika-shaba-nga-emisioni-portreti-tv-teuta\/#primaryimage\"},\"datePublished\":\"2017-03-05T04:29:06+00:00\",\"dateModified\":\"2017-03-09T17:06:00+00:00\",\"author\":{\"@id\":\"https:\/\/www.visit-ulcinj.com\/blog\/#\/schema\/person\/dcab619c614d3038751c63bc2aadc06d\"},\"description\":\"Nd\u00ebrroi\u00a0 jet\u00eb Rrukije Lika Shaba, veterane e arsimit shqip n\u00eb\u00a0 Ulqin dhe n\u00eb An\u00eb t\u00eb Malit\u00a0 dhe m\u00ebsuesja e par\u00eb shqiptare n\u00eb trojet tona. Rrukija ushtroi\",\"breadcrumb\":{\"@id\":\"https:\/\/www.visit-ulcinj.com\/blog\/2017\/03\/05\/interviste-rukije-lika-shaba-nga-emisioni-portreti-tv-teuta\/#breadcrumb\"},\"inLanguage\":\"en-US\",\"potentialAction\":[{\"@type\":\"ReadAction\",\"target\":[\"https:\/\/www.visit-ulcinj.com\/blog\/2017\/03\/05\/interviste-rukije-lika-shaba-nga-emisioni-portreti-tv-teuta\/\"]}]},{\"@type\":\"BreadcrumbList\",\"@id\":\"https:\/\/www.visit-ulcinj.com\/blog\/2017\/03\/05\/interviste-rukije-lika-shaba-nga-emisioni-portreti-tv-teuta\/#breadcrumb\",\"itemListElement\":[{\"@type\":\"ListItem\",\"position\":1,\"name\":\"Interviste me Rukije Lika Shaba nga emisioni &#8221; Portreti&#8221; Tv Teuta\"}]},{\"@type\":\"Person\",\"@id\":\"https:\/\/www.visit-ulcinj.com\/blog\/#\/schema\/person\/dcab619c614d3038751c63bc2aadc06d\",\"name\":\"ulqini\",\"sameAs\":[\"http:\/\/www.visit-ulcinj.com\"],\"url\":\"https:\/\/www.visit-ulcinj.com\/blog\/author\/admin\/\"}]}<\/script>\n<!-- \/ Yoast SEO plugin. -->","yoast_head_json":{"title":"Interviste me Rukije Lika Shaba nga emisioni \" Portreti\" Tv Teuta - Lajme nga Ulqini","description":"Nd\u00ebrroi\u00a0 jet\u00eb Rrukije Lika Shaba, veterane e arsimit shqip n\u00eb\u00a0 Ulqin dhe n\u00eb An\u00eb t\u00eb Malit\u00a0 dhe m\u00ebsuesja e par\u00eb shqiptare n\u00eb trojet tona. Rrukija ushtroi","robots":{"index":"index","follow":"follow","max-snippet":"max-snippet:-1","max-image-preview":"max-image-preview:large","max-video-preview":"max-video-preview:-1"},"canonical":"https:\/\/www.visit-ulcinj.com\/blog\/2017\/03\/05\/interviste-rukije-lika-shaba-nga-emisioni-portreti-tv-teuta\/","og_locale":"en_US","og_type":"article","og_title":"Interviste me Rukije Lika Shaba nga emisioni \" Portreti\" Tv Teuta - Lajme nga Ulqini","og_description":"Nd\u00ebrroi\u00a0 jet\u00eb Rrukije Lika Shaba, veterane e arsimit shqip n\u00eb\u00a0 Ulqin dhe n\u00eb An\u00eb t\u00eb Malit\u00a0 dhe m\u00ebsuesja e par\u00eb shqiptare n\u00eb trojet tona. Rrukija ushtroi","og_url":"https:\/\/www.visit-ulcinj.com\/blog\/2017\/03\/05\/interviste-rukije-lika-shaba-nga-emisioni-portreti-tv-teuta\/","og_site_name":"Lajme nga Ulqini","article_published_time":"2017-03-05T04:29:06+00:00","article_modified_time":"2017-03-09T17:06:00+00:00","og_image":[{"url":"http:\/\/www.visit-ulcinj.com\/blog\/wp-content\/uploads\/2014\/05\/Rukije-Lika-Shaba.jpg"}],"twitter_misc":{"Written by":"ulqini","Est. reading time":"1 minute"},"schema":{"@context":"https:\/\/schema.org","@graph":[{"@type":"WebSite","@id":"https:\/\/www.visit-ulcinj.com\/blog\/#website","url":"https:\/\/www.visit-ulcinj.com\/blog\/","name":"Lajme nga Ulqini","description":"Lajme,Vijesti,Ulqini,Ulqin,Crna Gora,Mali i Zi","potentialAction":[{"@type":"SearchAction","target":{"@type":"EntryPoint","urlTemplate":"https:\/\/www.visit-ulcinj.com\/blog\/?s={search_term_string}"},"query-input":"required name=search_term_string"}],"inLanguage":"en-US"},{"@type":"ImageObject","inLanguage":"en-US","@id":"https:\/\/www.visit-ulcinj.com\/blog\/2017\/03\/05\/interviste-rukije-lika-shaba-nga-emisioni-portreti-tv-teuta\/#primaryimage","url":"https:\/\/www.visit-ulcinj.com\/blog\/wp-content\/uploads\/2014\/05\/Rukije-Lika-Shaba.jpg","contentUrl":"https:\/\/www.visit-ulcinj.com\/blog\/wp-content\/uploads\/2014\/05\/Rukije-Lika-Shaba.jpg","width":524,"height":396},{"@type":"WebPage","@id":"https:\/\/www.visit-ulcinj.com\/blog\/2017\/03\/05\/interviste-rukije-lika-shaba-nga-emisioni-portreti-tv-teuta\/#webpage","url":"https:\/\/www.visit-ulcinj.com\/blog\/2017\/03\/05\/interviste-rukije-lika-shaba-nga-emisioni-portreti-tv-teuta\/","name":"Interviste me Rukije Lika Shaba nga emisioni \" Portreti\" Tv Teuta - Lajme nga Ulqini","isPartOf":{"@id":"https:\/\/www.visit-ulcinj.com\/blog\/#website"},"primaryImageOfPage":{"@id":"https:\/\/www.visit-ulcinj.com\/blog\/2017\/03\/05\/interviste-rukije-lika-shaba-nga-emisioni-portreti-tv-teuta\/#primaryimage"},"datePublished":"2017-03-05T04:29:06+00:00","dateModified":"2017-03-09T17:06:00+00:00","author":{"@id":"https:\/\/www.visit-ulcinj.com\/blog\/#\/schema\/person\/dcab619c614d3038751c63bc2aadc06d"},"description":"Nd\u00ebrroi\u00a0 jet\u00eb Rrukije Lika Shaba, veterane e arsimit shqip n\u00eb\u00a0 Ulqin dhe n\u00eb An\u00eb t\u00eb Malit\u00a0 dhe m\u00ebsuesja e par\u00eb shqiptare n\u00eb trojet tona. Rrukija ushtroi","breadcrumb":{"@id":"https:\/\/www.visit-ulcinj.com\/blog\/2017\/03\/05\/interviste-rukije-lika-shaba-nga-emisioni-portreti-tv-teuta\/#breadcrumb"},"inLanguage":"en-US","potentialAction":[{"@type":"ReadAction","target":["https:\/\/www.visit-ulcinj.com\/blog\/2017\/03\/05\/interviste-rukije-lika-shaba-nga-emisioni-portreti-tv-teuta\/"]}]},{"@type":"BreadcrumbList","@id":"https:\/\/www.visit-ulcinj.com\/blog\/2017\/03\/05\/interviste-rukije-lika-shaba-nga-emisioni-portreti-tv-teuta\/#breadcrumb","itemListElement":[{"@type":"ListItem","position":1,"name":"Interviste me Rukije Lika Shaba nga emisioni &#8221; Portreti&#8221; Tv Teuta"}]},{"@type":"Person","@id":"https:\/\/www.visit-ulcinj.com\/blog\/#\/schema\/person\/dcab619c614d3038751c63bc2aadc06d","name":"ulqini","sameAs":["http:\/\/www.visit-ulcinj.com"],"url":"https:\/\/www.visit-ulcinj.com\/blog\/author\/admin\/"}]}},"jetpack_featured_media_url":"","jetpack_sharing_enabled":true,"jetpack_shortlink":"https:\/\/wp.me\/pe6lTn-lum","_links":{"self":[{"href":"https:\/\/www.visit-ulcinj.com\/blog\/wp-json\/wp\/v2\/posts\/82606"}],"collection":[{"href":"https:\/\/www.visit-ulcinj.com\/blog\/wp-json\/wp\/v2\/posts"}],"about":[{"href":"https:\/\/www.visit-ulcinj.com\/blog\/wp-json\/wp\/v2\/types\/post"}],"author":[{"embeddable":true,"href":"https:\/\/www.visit-ulcinj.com\/blog\/wp-json\/wp\/v2\/users\/1"}],"replies":[{"embeddable":true,"href":"https:\/\/www.visit-ulcinj.com\/blog\/wp-json\/wp\/v2\/comments?post=82606"}],"version-history":[{"count":3,"href":"https:\/\/www.visit-ulcinj.com\/blog\/wp-json\/wp\/v2\/posts\/82606\/revisions"}],"predecessor-version":[{"id":103499,"href":"https:\/\/www.visit-ulcinj.com\/blog\/wp-json\/wp\/v2\/posts\/82606\/revisions\/103499"}],"wp:attachment":[{"href":"https:\/\/www.visit-ulcinj.com\/blog\/wp-json\/wp\/v2\/media?parent=82606"}],"wp:term":[{"taxonomy":"category","embeddable":true,"href":"https:\/\/www.visit-ulcinj.com\/blog\/wp-json\/wp\/v2\/categories?post=82606"},{"taxonomy":"post_tag","embeddable":true,"href":"https:\/\/www.visit-ulcinj.com\/blog\/wp-json\/wp\/v2\/tags?post=82606"}],"curies":[{"name":"wp","href":"https:\/\/api.w.org\/{rel}","templated":true}]}}