{"id":82613,"date":"2014-05-29T06:41:01","date_gmt":"2014-05-29T05:41:01","guid":{"rendered":"http:\/\/www.visit-ulcinj.com\/blog\/?p=82613"},"modified":"2014-05-29T06:41:01","modified_gmt":"2014-05-29T05:41:01","slug":"dukanovic-odgovara-na-pitanje-poslanika-nimanbegu-o-solani-video","status":"publish","type":"post","link":"https:\/\/www.visit-ulcinj.com\/blog\/2014\/05\/29\/dukanovic-odgovara-na-pitanje-poslanika-nimanbegu-o-solani-video\/","title":{"rendered":"\u0110ukanovi\u0107 odgovara na pitanje poslanika Nimanbegu o Solani &#8211; Video"},"content":{"rendered":"<p><a href=\"http:\/\/www.visit-ulcinj.com\/blog\/wp-content\/uploads\/2014\/05\/GJUKANOVIC-KRIPORJA.jpg\"><img loading=\"lazy\" class=\"alignleft  wp-image-82593\" alt=\"GJUKANOVIC-KRIPORJA\" src=\"http:\/\/www.visit-ulcinj.com\/blog\/wp-content\/uploads\/2014\/05\/GJUKANOVIC-KRIPORJA.jpg\" width=\"508\" height=\"360\" \/><\/a>Premijer \u0110ukanovi\u0107 saop\u0161tio je da Vlada podr\u017eava svaku aktivnost i predlo\u017eena rje\u0161enja koja za cilj imaju ponovno uspostavljanje proizvodnje soli i odr\u017eivost rada Solane ,,Bajo Sekuli\u0107\u201c.<\/p>\n<p>On je kazao da je Vlada spremna da podr\u017ei svaki dogovor koji mo\u017ee dovesti do nastavka proizvodnje u ulcinjskom preduze\u0107u, u skladu sa zakonskim propisima.<\/p>\n<p>&#8211; Me\u0111utim, uspostavljanje eventualne poslovno-tehni\u010dke saradnje i obezbje\u0111ivanje uslova za nastavak proizvodnje predstavljaju nadle\u017enost ste\u010dajnog upravnika i suda koji se brinu o poslovanju kompanije \u2013 rekao je \u0110ukanovi\u0107.<br \/>\nOn je, odgovaraju\u0107i na pitanje poslanika Force Gencija Nimanbegua, naveo da je Vlada opredijeljena da se na lokalitetu Solane dugoro\u010dno obavlja proizvodnja morske soli.<\/p>\n<p>&#8211; U tu svrhu spremni smo da u saradnji sa nadle\u017enim sudom podr\u017eimo svako konstruktivno rje\u0161enje za prevazila\u017eenje problema u skladu sa zakonima Crne Gore \u2013 rekao je \u0110ukanovi\u0107.<\/p>\n<p>On je ocijenio da Solana ima vi\u0161edecenijsku tradiciju poslovanja i da je ta kompanija umnogome doprinijela razvoju op\u0161tine Ulcinj.<br \/>\n\u0110ukanovi\u0107 je objasnio da je u pogledu nadle\u017enosti nad radom kompanije, koja je sada u ve\u0107inskom privatnom vlasni\u0161tvu, Crna Gora imala nadle\u017enosti u dijelu koji se odnosio na postojanje ugovora o koncesiji za eksploataciju morske soli, koji nije vi\u0161e na snazi.<\/p>\n<p>&#8211; \u010cinjenica da je u kompaniji uveden ste\u010daj, koji i dalje traje, onemogu\u0107ava Vladu da putem tenderskog postupka dodijeli Solani novi ugovor o koncesiji, jer sa aspekta primjene Zakona o koncesijama to akcionarsko dru\u0161tvo nije u podobnom stanju za tu vrstu aran\u017emana \u2013 naveo je \u0110ukanovi\u0107.<\/p>\n<p>Eventualno uvo\u0111enje novog preduze\u0107a kao koncesionara, koje bi nastavilo aktivnost proizvodnje morske soli, kako je dodao, zna\u010dilo bi i njegovu obavezu da rije\u0161i imovinsko-pravne odnose nad zemlji\u0161tem i poslovnim postrojenjima nad kojim pravo kori\u0161\u0107enja ima Solana.<\/p>\n<p>&#8211; Takvih zainteresovanih kompanija u ovom trenutku nema, o \u010demu svjedo\u010di neuspje\u0161no ogla\u0161avanje prodaje imovine \u2013 kazao je \u0110ukanovi\u0107.<br \/>\nPrema njegovim rije\u010dima, trenutno je u izradi prostorni plan op\u0161tine Ulcinj, a predlog resornog ministarstva u postupku davanja mi\u0161ljenja na taj dokument je da se lokalitet Solane defini\u0161e kao prostor za proizvodnju morske soli.<\/p>\n<p><b><em>Sr\u0111an Popovi\u0107<\/em><\/b><\/p>\n<p><strong>Izvor: Pobjeda<\/strong><\/p>\n<!--YouTube Error: bad URL entered-->\n","protected":false},"excerpt":{"rendered":"<p>Premijer \u0110ukanovi\u0107 saop\u0161tio je da Vlada podr\u017eava svaku aktivnost i predlo\u017eena rje\u0161enja koja za cilj imaju ponovno uspostavljanje proizvodnje soli i odr\u017eivost rada Solane ,,Bajo Sekuli\u0107\u201c. On je kazao da je Vlada spremna da podr\u017ei svaki dogovor koji mo\u017ee dovesti do nastavka proizvodnje u ulcinjskom preduze\u0107u, u skladu sa zakonskim propisima. &#8211; Me\u0111utim, uspostavljanje eventualne [&hellip;]<\/p>\n","protected":false},"author":1,"featured_media":0,"comment_status":"closed","ping_status":"closed","sticky":false,"template":"","format":"standard","meta":{"spay_email":"","jetpack_publicize_message":"","jetpack_is_tweetstorm":false,"jetpack_publicize_feature_enabled":true},"categories":[8337],"tags":[],"jetpack_publicize_connections":[],"yoast_head":"<!-- This site is optimized with the Yoast SEO plugin v19.1 - https:\/\/yoast.com\/wordpress\/plugins\/seo\/ -->\n<title>\u0110ukanovi\u0107 odgovara na pitanje poslanika Nimanbegu o Solani - Video - Lajme nga Ulqini<\/title>\n<meta name=\"description\" content=\"Premijer \u0110ukanovi\u0107 saop\u0161tio je da Vlada podr\u017eava svaku aktivnost i predlo\u017eena rje\u0161enja koja za cilj imaju ponovno uspostavljanje proizvodnje soli i\" \/>\n<meta name=\"robots\" content=\"index, follow, max-snippet:-1, max-image-preview:large, max-video-preview:-1\" \/>\n<link rel=\"canonical\" href=\"https:\/\/www.visit-ulcinj.com\/blog\/2014\/05\/29\/dukanovic-odgovara-na-pitanje-poslanika-nimanbegu-o-solani-video\/\" \/>\n<meta property=\"og:locale\" content=\"en_US\" \/>\n<meta property=\"og:type\" content=\"article\" \/>\n<meta property=\"og:title\" content=\"\u0110ukanovi\u0107 odgovara na pitanje poslanika Nimanbegu o Solani - Video - Lajme nga Ulqini\" \/>\n<meta property=\"og:description\" content=\"Premijer \u0110ukanovi\u0107 saop\u0161tio je da Vlada podr\u017eava svaku aktivnost i predlo\u017eena rje\u0161enja koja za cilj imaju ponovno uspostavljanje proizvodnje soli i\" \/>\n<meta property=\"og:url\" content=\"https:\/\/www.visit-ulcinj.com\/blog\/2014\/05\/29\/dukanovic-odgovara-na-pitanje-poslanika-nimanbegu-o-solani-video\/\" \/>\n<meta property=\"og:site_name\" content=\"Lajme nga Ulqini\" \/>\n<meta property=\"article:published_time\" content=\"2014-05-29T05:41:01+00:00\" \/>\n<meta property=\"og:image\" content=\"http:\/\/www.visit-ulcinj.com\/blog\/wp-content\/uploads\/2014\/05\/GJUKANOVIC-KRIPORJA.jpg\" \/>\n<meta name=\"twitter:label1\" content=\"Written by\" \/>\n\t<meta name=\"twitter:data1\" content=\"ulqini\" \/>\n\t<meta name=\"twitter:label2\" content=\"Est. reading time\" \/>\n\t<meta name=\"twitter:data2\" content=\"2 minutes\" \/>\n<script type=\"application\/ld+json\" class=\"yoast-schema-graph\">{\"@context\":\"https:\/\/schema.org\",\"@graph\":[{\"@type\":\"WebSite\",\"@id\":\"https:\/\/www.visit-ulcinj.com\/blog\/#website\",\"url\":\"https:\/\/www.visit-ulcinj.com\/blog\/\",\"name\":\"Lajme nga Ulqini\",\"description\":\"Lajme,Vijesti,Ulqini,Ulqin,Crna Gora,Mali i Zi\",\"potentialAction\":[{\"@type\":\"SearchAction\",\"target\":{\"@type\":\"EntryPoint\",\"urlTemplate\":\"https:\/\/www.visit-ulcinj.com\/blog\/?s={search_term_string}\"},\"query-input\":\"required name=search_term_string\"}],\"inLanguage\":\"en-US\"},{\"@type\":\"ImageObject\",\"inLanguage\":\"en-US\",\"@id\":\"https:\/\/www.visit-ulcinj.com\/blog\/2014\/05\/29\/dukanovic-odgovara-na-pitanje-poslanika-nimanbegu-o-solani-video\/#primaryimage\",\"url\":\"https:\/\/www.visit-ulcinj.com\/blog\/wp-content\/uploads\/2014\/05\/GJUKANOVIC-KRIPORJA.jpg\",\"contentUrl\":\"https:\/\/www.visit-ulcinj.com\/blog\/wp-content\/uploads\/2014\/05\/GJUKANOVIC-KRIPORJA.jpg\",\"width\":900,\"height\":607},{\"@type\":\"WebPage\",\"@id\":\"https:\/\/www.visit-ulcinj.com\/blog\/2014\/05\/29\/dukanovic-odgovara-na-pitanje-poslanika-nimanbegu-o-solani-video\/#webpage\",\"url\":\"https:\/\/www.visit-ulcinj.com\/blog\/2014\/05\/29\/dukanovic-odgovara-na-pitanje-poslanika-nimanbegu-o-solani-video\/\",\"name\":\"\u0110ukanovi\u0107 odgovara na pitanje poslanika Nimanbegu o Solani - Video - Lajme nga Ulqini\",\"isPartOf\":{\"@id\":\"https:\/\/www.visit-ulcinj.com\/blog\/#website\"},\"primaryImageOfPage\":{\"@id\":\"https:\/\/www.visit-ulcinj.com\/blog\/2014\/05\/29\/dukanovic-odgovara-na-pitanje-poslanika-nimanbegu-o-solani-video\/#primaryimage\"},\"datePublished\":\"2014-05-29T05:41:01+00:00\",\"dateModified\":\"2014-05-29T05:41:01+00:00\",\"author\":{\"@id\":\"https:\/\/www.visit-ulcinj.com\/blog\/#\/schema\/person\/dcab619c614d3038751c63bc2aadc06d\"},\"description\":\"Premijer \u0110ukanovi\u0107 saop\u0161tio je da Vlada podr\u017eava svaku aktivnost i predlo\u017eena rje\u0161enja koja za cilj imaju ponovno uspostavljanje proizvodnje soli i\",\"breadcrumb\":{\"@id\":\"https:\/\/www.visit-ulcinj.com\/blog\/2014\/05\/29\/dukanovic-odgovara-na-pitanje-poslanika-nimanbegu-o-solani-video\/#breadcrumb\"},\"inLanguage\":\"en-US\",\"potentialAction\":[{\"@type\":\"ReadAction\",\"target\":[\"https:\/\/www.visit-ulcinj.com\/blog\/2014\/05\/29\/dukanovic-odgovara-na-pitanje-poslanika-nimanbegu-o-solani-video\/\"]}]},{\"@type\":\"BreadcrumbList\",\"@id\":\"https:\/\/www.visit-ulcinj.com\/blog\/2014\/05\/29\/dukanovic-odgovara-na-pitanje-poslanika-nimanbegu-o-solani-video\/#breadcrumb\",\"itemListElement\":[{\"@type\":\"ListItem\",\"position\":1,\"name\":\"\u0110ukanovi\u0107 odgovara na pitanje poslanika Nimanbegu o Solani &#8211; Video\"}]},{\"@type\":\"Person\",\"@id\":\"https:\/\/www.visit-ulcinj.com\/blog\/#\/schema\/person\/dcab619c614d3038751c63bc2aadc06d\",\"name\":\"ulqini\",\"sameAs\":[\"http:\/\/www.visit-ulcinj.com\"],\"url\":\"https:\/\/www.visit-ulcinj.com\/blog\/author\/admin\/\"}]}<\/script>\n<!-- \/ Yoast SEO plugin. -->","yoast_head_json":{"title":"\u0110ukanovi\u0107 odgovara na pitanje poslanika Nimanbegu o Solani - Video - Lajme nga Ulqini","description":"Premijer \u0110ukanovi\u0107 saop\u0161tio je da Vlada podr\u017eava svaku aktivnost i predlo\u017eena rje\u0161enja koja za cilj imaju ponovno uspostavljanje proizvodnje soli i","robots":{"index":"index","follow":"follow","max-snippet":"max-snippet:-1","max-image-preview":"max-image-preview:large","max-video-preview":"max-video-preview:-1"},"canonical":"https:\/\/www.visit-ulcinj.com\/blog\/2014\/05\/29\/dukanovic-odgovara-na-pitanje-poslanika-nimanbegu-o-solani-video\/","og_locale":"en_US","og_type":"article","og_title":"\u0110ukanovi\u0107 odgovara na pitanje poslanika Nimanbegu o Solani - Video - Lajme nga Ulqini","og_description":"Premijer \u0110ukanovi\u0107 saop\u0161tio je da Vlada podr\u017eava svaku aktivnost i predlo\u017eena rje\u0161enja koja za cilj imaju ponovno uspostavljanje proizvodnje soli i","og_url":"https:\/\/www.visit-ulcinj.com\/blog\/2014\/05\/29\/dukanovic-odgovara-na-pitanje-poslanika-nimanbegu-o-solani-video\/","og_site_name":"Lajme nga Ulqini","article_published_time":"2014-05-29T05:41:01+00:00","og_image":[{"url":"http:\/\/www.visit-ulcinj.com\/blog\/wp-content\/uploads\/2014\/05\/GJUKANOVIC-KRIPORJA.jpg"}],"twitter_misc":{"Written by":"ulqini","Est. reading time":"2 minutes"},"schema":{"@context":"https:\/\/schema.org","@graph":[{"@type":"WebSite","@id":"https:\/\/www.visit-ulcinj.com\/blog\/#website","url":"https:\/\/www.visit-ulcinj.com\/blog\/","name":"Lajme nga Ulqini","description":"Lajme,Vijesti,Ulqini,Ulqin,Crna Gora,Mali i Zi","potentialAction":[{"@type":"SearchAction","target":{"@type":"EntryPoint","urlTemplate":"https:\/\/www.visit-ulcinj.com\/blog\/?s={search_term_string}"},"query-input":"required name=search_term_string"}],"inLanguage":"en-US"},{"@type":"ImageObject","inLanguage":"en-US","@id":"https:\/\/www.visit-ulcinj.com\/blog\/2014\/05\/29\/dukanovic-odgovara-na-pitanje-poslanika-nimanbegu-o-solani-video\/#primaryimage","url":"https:\/\/www.visit-ulcinj.com\/blog\/wp-content\/uploads\/2014\/05\/GJUKANOVIC-KRIPORJA.jpg","contentUrl":"https:\/\/www.visit-ulcinj.com\/blog\/wp-content\/uploads\/2014\/05\/GJUKANOVIC-KRIPORJA.jpg","width":900,"height":607},{"@type":"WebPage","@id":"https:\/\/www.visit-ulcinj.com\/blog\/2014\/05\/29\/dukanovic-odgovara-na-pitanje-poslanika-nimanbegu-o-solani-video\/#webpage","url":"https:\/\/www.visit-ulcinj.com\/blog\/2014\/05\/29\/dukanovic-odgovara-na-pitanje-poslanika-nimanbegu-o-solani-video\/","name":"\u0110ukanovi\u0107 odgovara na pitanje poslanika Nimanbegu o Solani - Video - Lajme nga Ulqini","isPartOf":{"@id":"https:\/\/www.visit-ulcinj.com\/blog\/#website"},"primaryImageOfPage":{"@id":"https:\/\/www.visit-ulcinj.com\/blog\/2014\/05\/29\/dukanovic-odgovara-na-pitanje-poslanika-nimanbegu-o-solani-video\/#primaryimage"},"datePublished":"2014-05-29T05:41:01+00:00","dateModified":"2014-05-29T05:41:01+00:00","author":{"@id":"https:\/\/www.visit-ulcinj.com\/blog\/#\/schema\/person\/dcab619c614d3038751c63bc2aadc06d"},"description":"Premijer \u0110ukanovi\u0107 saop\u0161tio je da Vlada podr\u017eava svaku aktivnost i predlo\u017eena rje\u0161enja koja za cilj imaju ponovno uspostavljanje proizvodnje soli i","breadcrumb":{"@id":"https:\/\/www.visit-ulcinj.com\/blog\/2014\/05\/29\/dukanovic-odgovara-na-pitanje-poslanika-nimanbegu-o-solani-video\/#breadcrumb"},"inLanguage":"en-US","potentialAction":[{"@type":"ReadAction","target":["https:\/\/www.visit-ulcinj.com\/blog\/2014\/05\/29\/dukanovic-odgovara-na-pitanje-poslanika-nimanbegu-o-solani-video\/"]}]},{"@type":"BreadcrumbList","@id":"https:\/\/www.visit-ulcinj.com\/blog\/2014\/05\/29\/dukanovic-odgovara-na-pitanje-poslanika-nimanbegu-o-solani-video\/#breadcrumb","itemListElement":[{"@type":"ListItem","position":1,"name":"\u0110ukanovi\u0107 odgovara na pitanje poslanika Nimanbegu o Solani &#8211; Video"}]},{"@type":"Person","@id":"https:\/\/www.visit-ulcinj.com\/blog\/#\/schema\/person\/dcab619c614d3038751c63bc2aadc06d","name":"ulqini","sameAs":["http:\/\/www.visit-ulcinj.com"],"url":"https:\/\/www.visit-ulcinj.com\/blog\/author\/admin\/"}]}},"jetpack_featured_media_url":"","jetpack_sharing_enabled":true,"jetpack_shortlink":"https:\/\/wp.me\/pe6lTn-lut","_links":{"self":[{"href":"https:\/\/www.visit-ulcinj.com\/blog\/wp-json\/wp\/v2\/posts\/82613"}],"collection":[{"href":"https:\/\/www.visit-ulcinj.com\/blog\/wp-json\/wp\/v2\/posts"}],"about":[{"href":"https:\/\/www.visit-ulcinj.com\/blog\/wp-json\/wp\/v2\/types\/post"}],"author":[{"embeddable":true,"href":"https:\/\/www.visit-ulcinj.com\/blog\/wp-json\/wp\/v2\/users\/1"}],"replies":[{"embeddable":true,"href":"https:\/\/www.visit-ulcinj.com\/blog\/wp-json\/wp\/v2\/comments?post=82613"}],"version-history":[{"count":1,"href":"https:\/\/www.visit-ulcinj.com\/blog\/wp-json\/wp\/v2\/posts\/82613\/revisions"}],"predecessor-version":[{"id":82614,"href":"https:\/\/www.visit-ulcinj.com\/blog\/wp-json\/wp\/v2\/posts\/82613\/revisions\/82614"}],"wp:attachment":[{"href":"https:\/\/www.visit-ulcinj.com\/blog\/wp-json\/wp\/v2\/media?parent=82613"}],"wp:term":[{"taxonomy":"category","embeddable":true,"href":"https:\/\/www.visit-ulcinj.com\/blog\/wp-json\/wp\/v2\/categories?post=82613"},{"taxonomy":"post_tag","embeddable":true,"href":"https:\/\/www.visit-ulcinj.com\/blog\/wp-json\/wp\/v2\/tags?post=82613"}],"curies":[{"name":"wp","href":"https:\/\/api.w.org\/{rel}","templated":true}]}}