{"id":82632,"date":"2014-05-30T14:12:21","date_gmt":"2014-05-30T13:12:21","guid":{"rendered":"http:\/\/www.visit-ulcinj.com\/blog\/?p=82632"},"modified":"2014-05-30T14:12:51","modified_gmt":"2014-05-30T13:12:51","slug":"nika-ulqinaket-ne-lufte-per-hapesire","status":"publish","type":"post","link":"https:\/\/www.visit-ulcinj.com\/blog\/2014\/05\/30\/nika-ulqinaket-ne-lufte-per-hapesire\/","title":{"rendered":"Nika: Ulqinak\u00ebt n\u00eb luft\u00eb p\u00ebr hap\u00ebsir\u00eb \u2013 (I)"},"content":{"rendered":"<p><b><i><a href=\"http:\/\/www.visit-ulcinj.com\/blog\/wp-content\/uploads\/2014\/03\/ulqini.jpg\"><img loading=\"lazy\" class=\"alignleft  wp-image-80817\" alt=\"ulqini\" src=\"http:\/\/www.visit-ulcinj.com\/blog\/wp-content\/uploads\/2014\/03\/ulqini.jpg\" width=\"508\" height=\"360\" \/><\/a>Shkruan Muhamet Nika:<\/i><\/b><\/p>\n<p><b><i>Rr\u00ebnimi i Kripores dhe vendimi i\u00a0 Kuvendit t\u00eb Komun\u00ebs s\u00eb Ulqinit p\u00ebr ta ndaluar at\u00eb<\/i><\/b><\/p>\n<p>&nbsp;<\/p>\n<p>K\u00ebtyre dit\u00ebve, zhvilloi punimet kuvendi i jasht\u00ebzakonsh\u00ebm i Komun\u00ebs s\u00eb Ulqinit\u00a0 p\u00ebr t\u00eb penguar fikjen p\u00ebrfundimtare t\u00eb \u00a0Kripores\u00a0 .\u00a0 Kush e shikoi prej\u00a0 anash\u00a0 kuvendin, nuk e pati t\u00eb v\u00ebshtir\u00eb ta hetoj\u00eb\u00a0 se\u00a0 n\u00eb \u201c em\u00ebr t\u00eb popullit dhe t\u00eb pun\u00ebtor\u00ebve&#8230;\u201d aty ishin mbledhur \u00a0njer\u00ebz t\u00eb ndrysh\u00ebm me q\u00ebllime t\u00eb ndryshme.\u00a0 T\u00eb par\u00ebt ishin ata q\u00eb v\u00ebrtet\u00eb me sinqeritetin e tyre,\u00a0 u vinte keq p\u00ebr \u00a0\u00e7far\u00eb ndodhi me privatizimin e saj. T\u00eb fundi(n\u00eb fakt t\u00eb par\u00ebt) \u00a0ishin\u00a0 ata t\u00eb cil\u00ebt sikur aludonin q\u00eb p\u00ebrmes \u00a0vendimeve t\u00eb kuvendit nes\u00ebr \u00a0\u00a0t\u00eb merrnin mund\u00ebsisht edhe nga nj\u00eb cop\u00eb t\u00eb saj\u00ebn. Andaj u\u00a0 nxor\u00ebn shpejt e shpejt do konkluza, \u00a0me t\u00eb cilat \u201c N\u00eb m\u00ebnyr\u00eb t\u00eb jaht\u00ebzskonshme\u201d ngarkonin ekzekutivin e komun\u00ebs edhe \u00a0materialisht n\u00eb favor t\u00eb nj\u00eb \u00a0firm\u00ebs \u00a0private! Kuptohet q\u00eb ligji aktual e ndalon rrept\u00ebsisht, pun\u00ebn e shlyerjes s\u00eb borxheve t\u00eb nj\u00eb kompanie private nga buxheti i nj\u00eb institucioni publik qoft\u00eb edhe me vendim t\u00eb \u00a0kuvendit t\u00eb atij institucionit. Ndoshta kjo ishte arsyeja, q\u00eb pas pik\u00ebs s\u00eb rendit t\u00eb dit\u00ebs s\u00eb propozuar nuk q\u00ebndroi si p\u00ebrpunues as nj\u00ebri nga sekretariatet e pushtetit q\u00eb u takon. Andaj \u00ebsht\u00eb\u00a0 pyetje n\u00eb vete n\u00eb se\u00a0 kryetari i komun\u00ebs , do t\u00eb \u201cguxoj\u00eb\u201d t\u00eb shkel ligjin sepse , qenka zbuluar nj\u00eb interes tep\u00ebr i lart\u00eb&#8230; \u00c7\u00ebshtja e ndihmes\u00ebs<\/p>\n<p>materiale duket se \u00ebsht\u00eb fare utopike, kur dihet q\u00eb edhe vet\u00eb sektori i pushtetit lokal ka nj\u00eb humbje jo m\u00eb pak se 3miljon\u00eb eurosh dhe sipas ligjit ve\u00e7 ka hyr\u00eb n\u00eb\u00a0 zon\u00ebn p\u00ebr futjen e masave t\u00eb dhunshme&#8230;?!!! Thjesht\u00eb , n\u00ebse ekzekutivi\u00a0 m\u00eb par\u00eb\u00a0 pat b\u00ebr\u00eb pagesa p\u00ebr shlyerje detyrimesh\u00a0 duke u\u00a0\u00a0 ujdis \u201cn\u00eb em\u00ebr t\u00eb nj\u00eb interesi t\u00eb lart\u00eb\u201d me p\u00ebrfaq\u00ebsuesit e\u00a0 ish-sektorit shoq\u00ebror t\u00eb privatizuar duke i siguruar atij \u201cbenefite\u201d ty ndryshme, at\u00ebher\u00eb \u00a0ka p\u00ebrgjegj\u00ebsi ligjore. Ky sektor, \u00a0n\u00eb raport me pjes\u00ebn\u00a0 tjet\u00ebr t\u00eb sektorit privat para institucioneve shtet\u00ebrore \u00ebsht\u00eb t\u00ebr\u00ebsisht i barabart\u00eb.. Koha , kur si\u00e7 thuhet q\u00eb \u00a0ish nd\u00ebrmarrjeve komuniste t\u00eb privatizuara, \u00a0\u201cu hante shaka petulla\u201d, me ligj moti ka per\u00ebnduar&#8230;???!!!!!!<\/p>\n<p>Duke ndjekur p\u00ebr gjat\u00eb t\u00ebr\u00eb koh\u00ebs, opsionet politike kisha p\u00ebrshtypjen q\u00eb\u00a0 pal\u00ebt e interesuara t\u00eb cilat i bie t\u00eb jen\u00eb n\u00eb k\u00ebt\u00eb situat\u00eb, qeveria dhe biznesi Ulqinak sikur\u00a0 demonstronin karshi nj\u00ebra tjetr\u00ebs \u00a0forc\u00ebn e vet\u00a0 n\u00eb prag t\u00eb agonis\u00eb s\u00eb nd\u00ebrmarrjes. Dhe p\u00ebrs\u00ebri, sikur biznesi k\u00ebrc\u00ebnonte me fjal\u00ebt, un\u00eb t\u00eb \u00e7oj n\u00eb k\u00ebmb\u00eb \u00a0pun\u00ebtor\u00ebt, me gjith\u00eb sektorin \u00a0civil dhe \u00a0t\u00ebr\u00eb Evrop\u00ebn po m\u00eb p\u00ebrjashtove n\u00eb proces t\u00eb falimentimit ashtu si ma b\u00ebre dikur me \u201chotelskon\u201d&#8230;?!!! \u00a0Kurse qeveria, sikur cekte : hajt se u njoh un\u00eb juve, q\u00eb\u00a0 nuk \u00a0keni ku shkoni sepse u rrethoj me ligje dhe plane urbanistike?!!! Me gjith\u00eb at\u00eb\u00a0 i gjith\u00eb ky konfrontim \u00a0\u00a0shihet se ka krijuar barrier\u00eb biznesi dhe \u00ebsht\u00eb duke trembur investitor\u00ebt e huaj dhe po u kushton vet\u00eb ulqinak\u00ebve. Deri sa biznesi ulqinak \u00a0t\u00eb shtyhet me shtet n\u00eb em\u00ebr t\u00eb kuvendit komunal, se n\u00eb cil\u00ebn zon\u00eb \u00a0t\u00eb qytetit, duhet t\u00eb investohet, aty ku prona \u00ebsht\u00eb e shtetit<\/p>\n<p>apo aty ku ajo \u00ebsht\u00eb e biznesit , kuptohet se edhe \u00a0\u00a0ato pak\u00eb investitor\u00eb t\u00eb huaj do t\u00eb shkojn\u00eb n\u00eb qytetet tjera t\u00eb republik\u00ebs?!<\/p>\n<p>&nbsp;<\/p>\n<p><b><i>Parodia e agonis\u00eb <span style=\"text-decoration: underline;\">\u00a0nga Poli i Tret\u00eb<\/span><\/i><\/b><\/p>\n<p>Q\u00eb agonia e nd\u00ebrmarrjes\u00a0\u00a0 po p\u00ebrjetonte \u00e7astet e saja \u00a0tragjike \u00a0n\u00eb k\u00ebt\u00eb mbledhje t\u00eb kuvendit, duke i ngjar\u00eb\u00a0 \u00a0atij q\u00eb jep frym\u00eb \u00a0u pa q\u00eb n\u00eb \u00a0diskutimet e startit.<\/p>\n<p>\u201cPatriotat e \u00e7\u00ebshtjes\u201d, \u00a0gjat\u00eb debatit , t\u00eb dukej sikur shtronin \u00e7\u00ebshtjen, duke k\u00ebrkuar \u201cSylyzin\u201d e \u00a0t\u00eb s\u00ebmurit( Kripores&#8230;), ende pa vdekur- dhe p\u00ebrmendnin obligimet q\u00eb dalin nga mos pagesa me vite e tatimit t\u00eb shfryt\u00ebzimit t\u00eb tok\u00ebs, q\u00eb po\u00a0 le pa paguar ajo ndaj komun\u00ebs. Mir\u00ebpo \u00a0k\u00ebt\u00eb( pun\u00ebn e sylyzit) , u hetua se nuk \u00a0e parap\u00eblqente \u00a0fort biznesi, dhe k\u00ebta q\u00eb kan\u00eb \u00a0\u00a0mendim\u201dpozitiv\u201d p\u00ebr shoq\u00ebrin\u00eb?! \u201cPozitiv\u00ebt\u201d\u00a0 arsyetonin me \u00e7\u00ebshtjen \u00a0e pa arsyeshme \u00a0p\u00ebr mospages\u00eb t\u00eb \u201csylyzit\u201d, sepse sipas tyre\u00a0 pagesa e tatimit n\u00eb tok\u00eb\u00a0 p\u00ebrligjte \u00a0gjoja\u00a0 legjitimitetn pas vdekjes s\u00eb pronarit&#8230; \u00a0E \u00a0k\u00ebsaj i thon\u00eb \u00a0\u201d t\u2019ia mshom Katunarit\u201d\u00a0 p\u00ebr \u00a0tatim toke&#8230;?!! Ndoshta nuk e menduan kaq thell\u00eb,\u00a0 por \u00a0prap\u00eb si \u00a0dihet, mbase mendonin n\u00eb heshtje \u00a0q\u00eb ky borxh po qe se nuk k\u00ebrkohet, nes\u00ebr mund t\u00eb llogarite i falur&#8230; Sipas bindjes dhe p\u00ebrvoj\u00ebs , shkopi gjithher\u00eb ka dy an\u00eb dhe var\u00ebt n\u00eb cil\u00ebn an\u00eb e kap..N\u00eb se e rrok\u00eb gabim u sos puna. Le t\u00eb kujtojm\u00eb \u00a0borxhin q\u00eb pagoi para dy viteve komuna ndaj ish- Otrant Komercit t\u00eb ndjer\u00eb, prej 200mij\u00eb eurosh. Mendojm\u00eb p\u00ebr at\u00eb, kur trash\u00ebgimtari\u00a0 i Otrantit(me t\u00eb nj\u00ebjtin em\u00ebr),zbuloi nj\u00eb testament borxhi, \u00a0i cili e \u00a0obligonte komun\u00ebn p\u00ebr shlyerjen e tij . Ai\u00a0 u pagua edhe pse Otranti \u00a0der sa ish gjall\u00eb, \u00a0nuk pagoi asnj\u00ebher\u00eb<\/p>\n<p>borxhet ndaj komun\u00ebs, p\u00ebr objektet e veta q\u00eb kish n\u00eb zonat m\u00eb atraktive\u00a0 t\u00eb saja. Dhe\u00a0 p\u00ebr \u00e7udi, askush nga komuna nuk u kujtua t\u00eb reagoj\u00eb ndaj gjykat\u00ebs me shkrim, p\u00ebrve\u00e7 se u k\u00ebnaq\u00ebn me nj\u00eb konferenc\u00eb shtypi.\u00a0 \u00a0Praktika e \u00a0tregtis\u00eb, thot\u00eb, q\u00eb ai i cili\u00a0 jep shpirt nuk duhet t\u00eb trash\u00ebgohet me borxhe ndaj t\u00eb tjer\u00ebve,e borxhet ndaj tij jan\u00eb t\u00eb mir\u00eb se ardhura si n\u00eb rastin konkret. Sepse edhe n\u00ebse e \u00a0blen dhe m\u00eb pas e shet, at\u00eb q\u00eb blen\u00eb, kurse \u00a0m\u00eb pas zbulohen \u00a0borxhet \u00a0q\u00eb ia kishin t\u00eb ndjerit, kjo nuk t\u00eb p\u00ebrjashton t\u00eb marr\u00ebsh hise nga testamenti i zbuluar q\u00eb\u00a0 sipas ligjit hisja \u00a0t\u00eb \u00a0takon.<\/p>\n<p>Nga kjo mund t\u00eb kuptohet e t\u00eb p\u00ebrfundohet,\u00a0 nj\u00eb gj\u00eb,\u00a0 t\u00eb cil\u00ebn doemos duhet ta din\u00eb t\u00eb gjith\u00eb ata q\u00eb ishin t\u00eb tubuar dje n\u00eb \u00a0kuvend e nuk e dinin.<\/p>\n<p><b><i>\u00a0NJ\u00cb\u00a0 GJ\u00cb PE R\u00cbNDIA IA KA NDALUAR EDHE VET\u00cbS, Q\u00cb KOH\u00cbN TA K\u00cbTHEJ MBRAPSHT\u00cb- THOT\u00cb AKINOI, KURSE PROFETI , SE <\/i><\/b><b><i>: KOH A \u00cbSHT\u00cb SHPAT\u00cb, N\u00cbSE TI NUK E PRET, T\u00cb PRET AJO TY<\/i><\/b><b><i> ?!<\/i><\/b><\/p>\n<p>P\u00ebr shqiptar\u00ebt n\u00eb Ulqin shpata e koh\u00ebs \u00a0s\u00eb Kripores , \u00a0bashk\u00eb me do shpata tjera moti \u00a0ka koh\u00eb q\u00eb e goditi Ulqinin , \u00a0dhe n\u00eb vend q\u00eb ne ta prisnim , na preu ajo ne&#8230;.?!!!<\/p>\n","protected":false},"excerpt":{"rendered":"<p>Shkruan Muhamet Nika: Rr\u00ebnimi i Kripores dhe vendimi i\u00a0 Kuvendit t\u00eb Komun\u00ebs s\u00eb Ulqinit p\u00ebr ta ndaluar at\u00eb &nbsp; K\u00ebtyre dit\u00ebve, zhvilloi punimet kuvendi i jasht\u00ebzakonsh\u00ebm i Komun\u00ebs s\u00eb Ulqinit\u00a0 p\u00ebr t\u00eb penguar fikjen p\u00ebrfundimtare t\u00eb \u00a0Kripores\u00a0 .\u00a0 Kush e shikoi prej\u00a0 anash\u00a0 kuvendin, nuk e pati t\u00eb v\u00ebshtir\u00eb ta hetoj\u00eb\u00a0 se\u00a0 n\u00eb \u201c em\u00ebr [&hellip;]<\/p>\n","protected":false},"author":1,"featured_media":0,"comment_status":"closed","ping_status":"closed","sticky":false,"template":"","format":"standard","meta":{"spay_email":"","jetpack_publicize_message":"","jetpack_is_tweetstorm":false,"jetpack_publicize_feature_enabled":true},"categories":[14249],"tags":[],"jetpack_publicize_connections":[],"yoast_head":"<!-- This site is optimized with the Yoast SEO plugin v19.1 - https:\/\/yoast.com\/wordpress\/plugins\/seo\/ -->\n<title>Nika: Ulqinak\u00ebt n\u00eb luft\u00eb p\u00ebr hap\u00ebsir\u00eb \u2013 (I) - Lajme nga Ulqini<\/title>\n<meta name=\"description\" content=\"Shkruan Muhamet Nika: Rr\u00ebnimi i Kripores dhe vendimi i\u00a0 Kuvendit t\u00eb Komun\u00ebs s\u00eb Ulqinit p\u00ebr ta ndaluar at\u00eb &nbsp; K\u00ebtyre dit\u00ebve, zhvilloi punimet kuvendi i\" \/>\n<meta name=\"robots\" content=\"index, follow, max-snippet:-1, max-image-preview:large, max-video-preview:-1\" \/>\n<link rel=\"canonical\" href=\"https:\/\/www.visit-ulcinj.com\/blog\/2014\/05\/30\/nika-ulqinaket-ne-lufte-per-hapesire\/\" \/>\n<meta property=\"og:locale\" content=\"en_US\" \/>\n<meta property=\"og:type\" content=\"article\" \/>\n<meta property=\"og:title\" content=\"Nika: Ulqinak\u00ebt n\u00eb luft\u00eb p\u00ebr hap\u00ebsir\u00eb \u2013 (I) - Lajme nga Ulqini\" \/>\n<meta property=\"og:description\" content=\"Shkruan Muhamet Nika: Rr\u00ebnimi i Kripores dhe vendimi i\u00a0 Kuvendit t\u00eb Komun\u00ebs s\u00eb Ulqinit p\u00ebr ta ndaluar at\u00eb &nbsp; K\u00ebtyre dit\u00ebve, zhvilloi punimet kuvendi i\" \/>\n<meta property=\"og:url\" content=\"https:\/\/www.visit-ulcinj.com\/blog\/2014\/05\/30\/nika-ulqinaket-ne-lufte-per-hapesire\/\" \/>\n<meta property=\"og:site_name\" content=\"Lajme nga Ulqini\" \/>\n<meta property=\"article:published_time\" content=\"2014-05-30T13:12:21+00:00\" \/>\n<meta property=\"article:modified_time\" content=\"2014-05-30T13:12:51+00:00\" \/>\n<meta property=\"og:image\" content=\"http:\/\/www.visit-ulcinj.com\/blog\/wp-content\/uploads\/2014\/03\/ulqini.jpg\" \/>\n<meta name=\"twitter:label1\" content=\"Written by\" \/>\n\t<meta name=\"twitter:data1\" content=\"ulqini\" \/>\n\t<meta name=\"twitter:label2\" content=\"Est. reading time\" \/>\n\t<meta name=\"twitter:data2\" content=\"6 minutes\" \/>\n<script type=\"application\/ld+json\" class=\"yoast-schema-graph\">{\"@context\":\"https:\/\/schema.org\",\"@graph\":[{\"@type\":\"WebSite\",\"@id\":\"https:\/\/www.visit-ulcinj.com\/blog\/#website\",\"url\":\"https:\/\/www.visit-ulcinj.com\/blog\/\",\"name\":\"Lajme nga Ulqini\",\"description\":\"Lajme,Vijesti,Ulqini,Ulqin,Crna Gora,Mali i Zi\",\"potentialAction\":[{\"@type\":\"SearchAction\",\"target\":{\"@type\":\"EntryPoint\",\"urlTemplate\":\"https:\/\/www.visit-ulcinj.com\/blog\/?s={search_term_string}\"},\"query-input\":\"required name=search_term_string\"}],\"inLanguage\":\"en-US\"},{\"@type\":\"ImageObject\",\"inLanguage\":\"en-US\",\"@id\":\"https:\/\/www.visit-ulcinj.com\/blog\/2014\/05\/30\/nika-ulqinaket-ne-lufte-per-hapesire\/#primaryimage\",\"url\":\"https:\/\/www.visit-ulcinj.com\/blog\/wp-content\/uploads\/2014\/03\/ulqini.jpg\",\"contentUrl\":\"https:\/\/www.visit-ulcinj.com\/blog\/wp-content\/uploads\/2014\/03\/ulqini.jpg\",\"width\":960,\"height\":620},{\"@type\":\"WebPage\",\"@id\":\"https:\/\/www.visit-ulcinj.com\/blog\/2014\/05\/30\/nika-ulqinaket-ne-lufte-per-hapesire\/#webpage\",\"url\":\"https:\/\/www.visit-ulcinj.com\/blog\/2014\/05\/30\/nika-ulqinaket-ne-lufte-per-hapesire\/\",\"name\":\"Nika: Ulqinak\u00ebt n\u00eb luft\u00eb p\u00ebr hap\u00ebsir\u00eb \u2013 (I) - Lajme nga Ulqini\",\"isPartOf\":{\"@id\":\"https:\/\/www.visit-ulcinj.com\/blog\/#website\"},\"primaryImageOfPage\":{\"@id\":\"https:\/\/www.visit-ulcinj.com\/blog\/2014\/05\/30\/nika-ulqinaket-ne-lufte-per-hapesire\/#primaryimage\"},\"datePublished\":\"2014-05-30T13:12:21+00:00\",\"dateModified\":\"2014-05-30T13:12:51+00:00\",\"author\":{\"@id\":\"https:\/\/www.visit-ulcinj.com\/blog\/#\/schema\/person\/dcab619c614d3038751c63bc2aadc06d\"},\"description\":\"Shkruan Muhamet Nika: Rr\u00ebnimi i Kripores dhe vendimi i\u00a0 Kuvendit t\u00eb Komun\u00ebs s\u00eb Ulqinit p\u00ebr ta ndaluar at\u00eb &nbsp; K\u00ebtyre dit\u00ebve, zhvilloi punimet kuvendi i\",\"breadcrumb\":{\"@id\":\"https:\/\/www.visit-ulcinj.com\/blog\/2014\/05\/30\/nika-ulqinaket-ne-lufte-per-hapesire\/#breadcrumb\"},\"inLanguage\":\"en-US\",\"potentialAction\":[{\"@type\":\"ReadAction\",\"target\":[\"https:\/\/www.visit-ulcinj.com\/blog\/2014\/05\/30\/nika-ulqinaket-ne-lufte-per-hapesire\/\"]}]},{\"@type\":\"BreadcrumbList\",\"@id\":\"https:\/\/www.visit-ulcinj.com\/blog\/2014\/05\/30\/nika-ulqinaket-ne-lufte-per-hapesire\/#breadcrumb\",\"itemListElement\":[{\"@type\":\"ListItem\",\"position\":1,\"name\":\"Nika: Ulqinak\u00ebt n\u00eb luft\u00eb p\u00ebr hap\u00ebsir\u00eb \u2013 (I)\"}]},{\"@type\":\"Person\",\"@id\":\"https:\/\/www.visit-ulcinj.com\/blog\/#\/schema\/person\/dcab619c614d3038751c63bc2aadc06d\",\"name\":\"ulqini\",\"sameAs\":[\"http:\/\/www.visit-ulcinj.com\"],\"url\":\"https:\/\/www.visit-ulcinj.com\/blog\/author\/admin\/\"}]}<\/script>\n<!-- \/ Yoast SEO plugin. -->","yoast_head_json":{"title":"Nika: Ulqinak\u00ebt n\u00eb luft\u00eb p\u00ebr hap\u00ebsir\u00eb \u2013 (I) - Lajme nga Ulqini","description":"Shkruan Muhamet Nika: Rr\u00ebnimi i Kripores dhe vendimi i\u00a0 Kuvendit t\u00eb Komun\u00ebs s\u00eb Ulqinit p\u00ebr ta ndaluar at\u00eb &nbsp; K\u00ebtyre dit\u00ebve, zhvilloi punimet kuvendi i","robots":{"index":"index","follow":"follow","max-snippet":"max-snippet:-1","max-image-preview":"max-image-preview:large","max-video-preview":"max-video-preview:-1"},"canonical":"https:\/\/www.visit-ulcinj.com\/blog\/2014\/05\/30\/nika-ulqinaket-ne-lufte-per-hapesire\/","og_locale":"en_US","og_type":"article","og_title":"Nika: Ulqinak\u00ebt n\u00eb luft\u00eb p\u00ebr hap\u00ebsir\u00eb \u2013 (I) - Lajme nga Ulqini","og_description":"Shkruan Muhamet Nika: Rr\u00ebnimi i Kripores dhe vendimi i\u00a0 Kuvendit t\u00eb Komun\u00ebs s\u00eb Ulqinit p\u00ebr ta ndaluar at\u00eb &nbsp; K\u00ebtyre dit\u00ebve, zhvilloi punimet kuvendi i","og_url":"https:\/\/www.visit-ulcinj.com\/blog\/2014\/05\/30\/nika-ulqinaket-ne-lufte-per-hapesire\/","og_site_name":"Lajme nga Ulqini","article_published_time":"2014-05-30T13:12:21+00:00","article_modified_time":"2014-05-30T13:12:51+00:00","og_image":[{"url":"http:\/\/www.visit-ulcinj.com\/blog\/wp-content\/uploads\/2014\/03\/ulqini.jpg"}],"twitter_misc":{"Written by":"ulqini","Est. reading time":"6 minutes"},"schema":{"@context":"https:\/\/schema.org","@graph":[{"@type":"WebSite","@id":"https:\/\/www.visit-ulcinj.com\/blog\/#website","url":"https:\/\/www.visit-ulcinj.com\/blog\/","name":"Lajme nga Ulqini","description":"Lajme,Vijesti,Ulqini,Ulqin,Crna Gora,Mali i Zi","potentialAction":[{"@type":"SearchAction","target":{"@type":"EntryPoint","urlTemplate":"https:\/\/www.visit-ulcinj.com\/blog\/?s={search_term_string}"},"query-input":"required name=search_term_string"}],"inLanguage":"en-US"},{"@type":"ImageObject","inLanguage":"en-US","@id":"https:\/\/www.visit-ulcinj.com\/blog\/2014\/05\/30\/nika-ulqinaket-ne-lufte-per-hapesire\/#primaryimage","url":"https:\/\/www.visit-ulcinj.com\/blog\/wp-content\/uploads\/2014\/03\/ulqini.jpg","contentUrl":"https:\/\/www.visit-ulcinj.com\/blog\/wp-content\/uploads\/2014\/03\/ulqini.jpg","width":960,"height":620},{"@type":"WebPage","@id":"https:\/\/www.visit-ulcinj.com\/blog\/2014\/05\/30\/nika-ulqinaket-ne-lufte-per-hapesire\/#webpage","url":"https:\/\/www.visit-ulcinj.com\/blog\/2014\/05\/30\/nika-ulqinaket-ne-lufte-per-hapesire\/","name":"Nika: Ulqinak\u00ebt n\u00eb luft\u00eb p\u00ebr hap\u00ebsir\u00eb \u2013 (I) - Lajme nga Ulqini","isPartOf":{"@id":"https:\/\/www.visit-ulcinj.com\/blog\/#website"},"primaryImageOfPage":{"@id":"https:\/\/www.visit-ulcinj.com\/blog\/2014\/05\/30\/nika-ulqinaket-ne-lufte-per-hapesire\/#primaryimage"},"datePublished":"2014-05-30T13:12:21+00:00","dateModified":"2014-05-30T13:12:51+00:00","author":{"@id":"https:\/\/www.visit-ulcinj.com\/blog\/#\/schema\/person\/dcab619c614d3038751c63bc2aadc06d"},"description":"Shkruan Muhamet Nika: Rr\u00ebnimi i Kripores dhe vendimi i\u00a0 Kuvendit t\u00eb Komun\u00ebs s\u00eb Ulqinit p\u00ebr ta ndaluar at\u00eb &nbsp; K\u00ebtyre dit\u00ebve, zhvilloi punimet kuvendi i","breadcrumb":{"@id":"https:\/\/www.visit-ulcinj.com\/blog\/2014\/05\/30\/nika-ulqinaket-ne-lufte-per-hapesire\/#breadcrumb"},"inLanguage":"en-US","potentialAction":[{"@type":"ReadAction","target":["https:\/\/www.visit-ulcinj.com\/blog\/2014\/05\/30\/nika-ulqinaket-ne-lufte-per-hapesire\/"]}]},{"@type":"BreadcrumbList","@id":"https:\/\/www.visit-ulcinj.com\/blog\/2014\/05\/30\/nika-ulqinaket-ne-lufte-per-hapesire\/#breadcrumb","itemListElement":[{"@type":"ListItem","position":1,"name":"Nika: Ulqinak\u00ebt n\u00eb luft\u00eb p\u00ebr hap\u00ebsir\u00eb \u2013 (I)"}]},{"@type":"Person","@id":"https:\/\/www.visit-ulcinj.com\/blog\/#\/schema\/person\/dcab619c614d3038751c63bc2aadc06d","name":"ulqini","sameAs":["http:\/\/www.visit-ulcinj.com"],"url":"https:\/\/www.visit-ulcinj.com\/blog\/author\/admin\/"}]}},"jetpack_featured_media_url":"","jetpack_sharing_enabled":true,"jetpack_shortlink":"https:\/\/wp.me\/pe6lTn-luM","_links":{"self":[{"href":"https:\/\/www.visit-ulcinj.com\/blog\/wp-json\/wp\/v2\/posts\/82632"}],"collection":[{"href":"https:\/\/www.visit-ulcinj.com\/blog\/wp-json\/wp\/v2\/posts"}],"about":[{"href":"https:\/\/www.visit-ulcinj.com\/blog\/wp-json\/wp\/v2\/types\/post"}],"author":[{"embeddable":true,"href":"https:\/\/www.visit-ulcinj.com\/blog\/wp-json\/wp\/v2\/users\/1"}],"replies":[{"embeddable":true,"href":"https:\/\/www.visit-ulcinj.com\/blog\/wp-json\/wp\/v2\/comments?post=82632"}],"version-history":[{"count":2,"href":"https:\/\/www.visit-ulcinj.com\/blog\/wp-json\/wp\/v2\/posts\/82632\/revisions"}],"predecessor-version":[{"id":82634,"href":"https:\/\/www.visit-ulcinj.com\/blog\/wp-json\/wp\/v2\/posts\/82632\/revisions\/82634"}],"wp:attachment":[{"href":"https:\/\/www.visit-ulcinj.com\/blog\/wp-json\/wp\/v2\/media?parent=82632"}],"wp:term":[{"taxonomy":"category","embeddable":true,"href":"https:\/\/www.visit-ulcinj.com\/blog\/wp-json\/wp\/v2\/categories?post=82632"},{"taxonomy":"post_tag","embeddable":true,"href":"https:\/\/www.visit-ulcinj.com\/blog\/wp-json\/wp\/v2\/tags?post=82632"}],"curies":[{"name":"wp","href":"https:\/\/api.w.org\/{rel}","templated":true}]}}