{"id":82635,"date":"2014-06-05T14:23:55","date_gmt":"2014-06-05T13:23:55","guid":{"rendered":"http:\/\/www.visit-ulcinj.com\/blog\/?p=82635"},"modified":"2014-06-06T12:08:04","modified_gmt":"2014-06-06T11:08:04","slug":"shqiptaret-e-anes-se-malit-ne-piknik-ne-malesit-e-nju-jorkut","status":"publish","type":"post","link":"https:\/\/www.visit-ulcinj.com\/blog\/2014\/06\/05\/shqiptaret-e-anes-se-malit-ne-piknik-ne-malesit-e-nju-jorkut\/","title":{"rendered":"Shqiptar\u00ebt e An\u00ebs s\u00eb Malit n\u00eb piknik n\u00eb mal\u00ebsit e Nju Jorkut &#8211; Video"},"content":{"rendered":"<div><strong><a href=\"http:\/\/www.visit-ulcinj.com\/blog\/wp-content\/uploads\/2014\/05\/hqiptar\u00ebt-e-An\u00ebs-s\u00eb-Malit-n\u00eb-piknik-new-york.jpg\"><img loading=\"lazy\" class=\"alignleft  wp-image-82636\" alt=\"hqiptar\u00ebt e An\u00ebs s\u00eb Malit n\u00eb piknik-new-york\" src=\"http:\/\/www.visit-ulcinj.com\/blog\/wp-content\/uploads\/2014\/05\/hqiptar\u00ebt-e-An\u00ebs-s\u00eb-Malit-n\u00eb-piknik-new-york.jpg\" width=\"508\" height=\"337\" \/><\/a>Franklin Rousvelt Park &#8211; NY:<\/strong>\u00a0 N\u00eb nji shkrim dhe fotot e marra n\u00eb rrjetin social facebook, plot\u00ebsohet edhe imazhi i nj\u00eb nj\u00eb aktiviteti, i cili duket\u00a0mjaft\u00a0i bukur dhe arg\u00ebtues\u00a0i zhvilluar n\u00eb fund jav\u00ebn e kaluar nga Shoqata Ana e Malit, n\u00eb Nju Jork.<\/div>\n<div>N\u00eb gazet\u00ebn Dielli nga Marko Caka\/New York\/, n\u00eb reportazhin me titull &#8220;Nj\u00eb dit\u00eb me shqiptar\u00ebt e An\u00ebs s\u00eb Malit n\u00eb Franklin Rousvelt Park&#8221;, tregohet, se si ata e festuan s\u00eb bashku n\u00eb nj\u00eb nga parqet m\u00eb arg\u00ebtuese, dhe i preferuar shum\u00eb p\u00ebr m\u00ebrgimtar\u00ebt tan\u00eb , me an\u00eb t\u00eb nj\u00eb pikniku n\u00eb mal\u00ebsit\u00eb e Nju Jorkut, k\u00ebt\u00eb fund-jav\u00eb.<\/div>\n<div><\/div>\n<div>Caka, shkruan se &#8220;T\u00eb larguar pas shum\u00eb dekadash nga trojet shqiptare n\u00eb Mal t\u00eb Zi dhe me dy gjenerata t\u00eb reja, banor\u00ebt e An\u00ebs s\u00eb malit jan\u00eb shembulli m\u00eb i mir\u00eb i ekzistenc\u00ebs dhe i ruajtjes s\u00eb gjuh\u00ebs dhe i traditave t\u00eb tyre kombetare. Franklin Rousvelt Park, thot\u00eb ai ishte vendi q\u00eb i mblodhi t\u00eb gjith\u00eb s\u00ebbashku. I madh e i vog\u00ebl nga kjo trev\u00eb u mblodh\u00ebn jo vet\u00ebm p\u00ebr t\u00eb festuar , por edhe duke na treguar se lidhjet ne mes tyre jan\u00eb akoma m\u00eb t\u00eb forta kur jan\u00eb larg vendit t\u00eb tyre, tregon ai n\u00eb reportazhin e tij.<\/div>\n<div><\/div>\n<div>M\u00eb tej n\u00eb reportazh thuhet se n\u00eb piknik ka qen\u00eb s\u00eb bashku mysliman\u00eb dhe krishter\u00eb, q\u00eb nuk i dalloje dot, sepse thell\u00eb n\u00eb shpirtin e tyre, thot\u00eb artikullshkruesi, \u00ebsht\u00eb gdhendur vet\u00ebm shqiptarizmi e cila me simbolin e saj te shqiponj\u00ebs dykrenare demonstrohej fort n\u00eb bluzat e tyre. Nj\u00eb ndjenj\u00eb e etur kjo p\u00ebr tok\u00ebn m\u00ebm\u00eb q\u00eb \u00ebsht\u00eb trash\u00ebguar fort tek brezi i ri i k\u00ebsaj treve.<\/div>\n<div><\/div>\n<div>Ai tregon se Fraklin Rusvelylt Park, \u00ebsht\u00eb rreth 100 km, nga Nju Jorku, por p\u00ebr organizator\u00ebt \u00ebsht\u00eb vendi m\u00eb i p\u00ebrshtatsh\u00ebm p\u00ebr t\u00eb hequr mallin e vendit t\u00eb tyre, t\u00eb cilin e kan\u00eb braktisur pa d\u00ebshir\u00ebn e tyre p\u00ebr shkaqe ekonomike dhe politike. Sipas organizator\u00ebve n\u00eb k\u00ebt\u00eb l\u00ebndin\u00eb t\u00eb rrethuar nga kodrat festohet nj\u00ebqind p\u00ebrqind shqip dhe q\u00eb \u00ebsht\u00eb zgjedhur enkas p\u00ebr t\u00eb sjell\u00eb mallin p\u00ebr bukurit\u00eb e mal\u00ebsis\u00eb s\u00eb tyre. Isha nj\u00eb nga mysafir\u00ebt e pakt\u00eb q\u00eb nuk I p\u00ebrkisja k\u00ebsaj treve, por t\u00eb gjith\u00eb mu gjend\u00ebn pran\u00eb p\u00ebr t\u00eb m\u00eb uruar mir\u00ebseardhjen n\u00eb fest\u00ebn e tyre t\u00eb p\u00ebrvitshme.<\/div>\n<div><\/div>\n<div>Nj\u00eb fest\u00eb q\u00eb i ngjante fest\u00ebs s\u00eb nj\u00eb fshati ku \u00e7do familje kishte sjell\u00eb di\u00e7ka nga sht\u00ebpia e tyre p\u00ebr t\u00eb pjekur dhe gatuar s\u00eb bashku recetat e shijshme tradicionale t\u00eb trev\u00ebs s\u00eb tyre, tregon autori duke shtuar se\u00a0 \u201c\u00cbsht\u00eb n\u00eb tradit\u00ebn ton\u00eb, q\u00eb mysyafirit ti hapim jo vet\u00ebm der\u00ebn por edhe zemr\u00ebn p\u00ebr ti treguar se \u00ebsht\u00eb pjes\u00eb e g\u00ebzimit ton\u00eb dhe p\u00ebr t\u00eb vler\u00ebsuar respektin e pjesmarrjes s\u00eb tij n\u00eb fest\u00ebn ton\u00eb. Prandaj edhe sot n\u00eb k\u00ebt\u00eb vend t\u00eb larg\u00ebt ne e ruajm\u00eb dhe e \u00e7mojm\u00eb k\u00ebt\u00eb vler\u00eb t\u00eb bujaris\u00eb, shprehet nj\u00eb nga drejtuesit e Shoqates s\u00eb An\u00ebs s\u00eb Malit, Ismet Kurti. Nd\u00ebrsa Xheladin Zeneli me tend\u00ebn q\u00eb shp\u00ebrndan fanelat e shoqat\u00ebs, \u00ebsht\u00eb nga ata mik\u00ebprit\u00ebsit organizator\u00eb, I cili ka dh\u00ebn\u00eb gjith\u00e7ka p\u00ebr ta b\u00ebr\u00eb piknikun e p\u00ebrvitsh\u00ebm sa m\u00eb madh\u00ebshtor. Ai me bizneset e tij t\u00eb parukeris\u00eb p\u00ebrcjell shembullin se shqiptar\u00ebt ulqinak\u00eb, kudo q\u00eb ndodhen nuk e harrojn\u00eb zanatin e tyre, p\u00ebrkundrazi edhe kontribojn\u00eb p\u00ebr komunitetin e tyre n\u00eb diaspor\u00eb.&#8221;<\/div>\n<div><\/div>\n<div>N\u00eb k\u00ebt\u00eb piknik ka marr\u00eb pjes\u00eb edhe asambleisti shqiptar\u00eb n\u00eb Asamblen\u00eb e Nju Jorkut, zoti Mark Gjonaj dhe organizatat Rr\u00ebnj\u00ebt Shqiptare.<\/div>\n<div><\/div>\n<div><strong>Beqir Sina<\/strong><\/div>\n<div><\/div>\n<div><!--YouTube Error: bad URL entered--><\/div>\n<div>\n\n\t\t<style type=\"text\/css\">\n\t\t\t#gallery-1 {\n\t\t\t\tmargin: auto;\n\t\t\t}\n\t\t\t#gallery-1 .gallery-item {\n\t\t\t\tfloat: left;\n\t\t\t\tmargin-top: 10px;\n\t\t\t\ttext-align: center;\n\t\t\t\twidth: 33%;\n\t\t\t}\n\t\t\t#gallery-1 img {\n\t\t\t\tborder: 2px solid #cfcfcf;\n\t\t\t}\n\t\t\t#gallery-1 .gallery-caption {\n\t\t\t\tmargin-left: 0;\n\t\t\t}\n\t\t\t\/* see gallery_shortcode() in wp-includes\/media.php *\/\n\t\t<\/style>\n\t\t<div id='gallery-1' class='gallery galleryid-82635 gallery-columns-3 gallery-size-thumbnail'><dl class='gallery-item'>\n\t\t\t<dt class='gallery-icon portrait'>\n\t\t\t\t<a href='https:\/\/www.visit-ulcinj.com\/blog\/2014\/06\/05\/shqiptaret-e-anes-se-malit-ne-piknik-ne-malesit-e-nju-jorkut\/hqiptaret-e-anes-se-malit-ne-piknik-new-york-1\/'><img width=\"150\" height=\"150\" src=\"https:\/\/www.visit-ulcinj.com\/blog\/wp-content\/uploads\/2014\/05\/hqiptar\u00ebt-e-An\u00ebs-s\u00eb-Malit-n\u00eb-piknik-new-york-1-150x150.jpg\" class=\"attachment-thumbnail size-thumbnail\" alt=\"\" loading=\"lazy\" \/><\/a>\n\t\t\t<\/dt><\/dl><dl class='gallery-item'>\n\t\t\t<dt class='gallery-icon landscape'>\n\t\t\t\t<a href='https:\/\/www.visit-ulcinj.com\/blog\/2014\/06\/05\/shqiptaret-e-anes-se-malit-ne-piknik-ne-malesit-e-nju-jorkut\/hqiptaret-e-anes-se-malit-ne-piknik-new-york-2\/'><img width=\"150\" height=\"150\" src=\"https:\/\/www.visit-ulcinj.com\/blog\/wp-content\/uploads\/2014\/05\/hqiptar\u00ebt-e-An\u00ebs-s\u00eb-Malit-n\u00eb-piknik-new-york-2-150x150.jpg\" class=\"attachment-thumbnail size-thumbnail\" alt=\"\" loading=\"lazy\" \/><\/a>\n\t\t\t<\/dt><\/dl><dl class='gallery-item'>\n\t\t\t<dt class='gallery-icon landscape'>\n\t\t\t\t<a href='https:\/\/www.visit-ulcinj.com\/blog\/2014\/06\/05\/shqiptaret-e-anes-se-malit-ne-piknik-ne-malesit-e-nju-jorkut\/hqiptaret-e-anes-se-malit-ne-piknik-new-york-4\/'><img width=\"150\" height=\"150\" src=\"https:\/\/www.visit-ulcinj.com\/blog\/wp-content\/uploads\/2014\/05\/hqiptar\u00ebt-e-An\u00ebs-s\u00eb-Malit-n\u00eb-piknik-new-york-4-150x150.jpg\" class=\"attachment-thumbnail size-thumbnail\" alt=\"\" loading=\"lazy\" \/><\/a>\n\t\t\t<\/dt><\/dl><br style=\"clear: both\" \/>\n\t\t<\/div>\n\n<\/div>\n","protected":false},"excerpt":{"rendered":"<p>Franklin Rousvelt Park &#8211; NY:\u00a0 N\u00eb nji shkrim dhe fotot e marra n\u00eb rrjetin social facebook, plot\u00ebsohet edhe imazhi i nj\u00eb nj\u00eb aktiviteti, i cili duket\u00a0mjaft\u00a0i bukur dhe arg\u00ebtues\u00a0i zhvilluar n\u00eb fund jav\u00ebn e kaluar nga Shoqata Ana e Malit, n\u00eb Nju Jork. N\u00eb gazet\u00ebn Dielli nga Marko Caka\/New York\/, n\u00eb reportazhin me titull &#8220;Nj\u00eb [&hellip;]<\/p>\n","protected":false},"author":1,"featured_media":0,"comment_status":"closed","ping_status":"closed","sticky":false,"template":"","format":"standard","meta":{"spay_email":"","jetpack_publicize_message":"","jetpack_is_tweetstorm":false,"jetpack_publicize_feature_enabled":true},"categories":[7],"tags":[],"jetpack_publicize_connections":[],"yoast_head":"<!-- This site is optimized with the Yoast SEO plugin v19.1 - https:\/\/yoast.com\/wordpress\/plugins\/seo\/ -->\n<title>Shqiptar\u00ebt e An\u00ebs s\u00eb Malit n\u00eb piknik n\u00eb mal\u00ebsit e Nju Jorkut - Video - Lajme nga Ulqini<\/title>\n<meta name=\"description\" content=\"Franklin Rousvelt Park - NY:\u00a0 N\u00eb nji shkrim dhe fotot e marra n\u00eb rrjetin social facebook, plot\u00ebsohet edhe imazhi i nj\u00eb nj\u00eb aktiviteti, i cili\" \/>\n<meta name=\"robots\" content=\"index, follow, max-snippet:-1, max-image-preview:large, max-video-preview:-1\" \/>\n<link rel=\"canonical\" href=\"https:\/\/www.visit-ulcinj.com\/blog\/2014\/06\/05\/shqiptaret-e-anes-se-malit-ne-piknik-ne-malesit-e-nju-jorkut\/\" \/>\n<meta property=\"og:locale\" content=\"en_US\" \/>\n<meta property=\"og:type\" content=\"article\" \/>\n<meta property=\"og:title\" content=\"Shqiptar\u00ebt e An\u00ebs s\u00eb Malit n\u00eb piknik n\u00eb mal\u00ebsit e Nju Jorkut - Video - Lajme nga Ulqini\" \/>\n<meta property=\"og:description\" content=\"Franklin Rousvelt Park - NY:\u00a0 N\u00eb nji shkrim dhe fotot e marra n\u00eb rrjetin social facebook, plot\u00ebsohet edhe imazhi i nj\u00eb nj\u00eb aktiviteti, i cili\" \/>\n<meta property=\"og:url\" content=\"https:\/\/www.visit-ulcinj.com\/blog\/2014\/06\/05\/shqiptaret-e-anes-se-malit-ne-piknik-ne-malesit-e-nju-jorkut\/\" \/>\n<meta property=\"og:site_name\" content=\"Lajme nga Ulqini\" \/>\n<meta property=\"article:published_time\" content=\"2014-06-05T13:23:55+00:00\" \/>\n<meta property=\"article:modified_time\" content=\"2014-06-06T11:08:04+00:00\" \/>\n<meta property=\"og:image\" content=\"https:\/\/www.visit-ulcinj.com\/blog\/wp-content\/uploads\/2014\/05\/hqiptar\u00ebt-e-An\u00ebs-s\u00eb-Malit-n\u00eb-piknik-new-york-1-150x150.jpg\" \/>\n<meta name=\"twitter:label1\" content=\"Written by\" \/>\n\t<meta name=\"twitter:data1\" content=\"ulqini\" \/>\n\t<meta name=\"twitter:label2\" content=\"Est. reading time\" \/>\n\t<meta name=\"twitter:data2\" content=\"3 minutes\" \/>\n<script type=\"application\/ld+json\" class=\"yoast-schema-graph\">{\"@context\":\"https:\/\/schema.org\",\"@graph\":[{\"@type\":\"WebSite\",\"@id\":\"https:\/\/www.visit-ulcinj.com\/blog\/#website\",\"url\":\"https:\/\/www.visit-ulcinj.com\/blog\/\",\"name\":\"Lajme nga Ulqini\",\"description\":\"Lajme,Vijesti,Ulqini,Ulqin,Crna Gora,Mali i Zi\",\"potentialAction\":[{\"@type\":\"SearchAction\",\"target\":{\"@type\":\"EntryPoint\",\"urlTemplate\":\"https:\/\/www.visit-ulcinj.com\/blog\/?s={search_term_string}\"},\"query-input\":\"required name=search_term_string\"}],\"inLanguage\":\"en-US\"},{\"@type\":\"WebPage\",\"@id\":\"https:\/\/www.visit-ulcinj.com\/blog\/2014\/06\/05\/shqiptaret-e-anes-se-malit-ne-piknik-ne-malesit-e-nju-jorkut\/#webpage\",\"url\":\"https:\/\/www.visit-ulcinj.com\/blog\/2014\/06\/05\/shqiptaret-e-anes-se-malit-ne-piknik-ne-malesit-e-nju-jorkut\/\",\"name\":\"Shqiptar\u00ebt e An\u00ebs s\u00eb Malit n\u00eb piknik n\u00eb mal\u00ebsit e Nju Jorkut - Video - Lajme nga Ulqini\",\"isPartOf\":{\"@id\":\"https:\/\/www.visit-ulcinj.com\/blog\/#website\"},\"datePublished\":\"2014-06-05T13:23:55+00:00\",\"dateModified\":\"2014-06-06T11:08:04+00:00\",\"author\":{\"@id\":\"https:\/\/www.visit-ulcinj.com\/blog\/#\/schema\/person\/dcab619c614d3038751c63bc2aadc06d\"},\"description\":\"Franklin Rousvelt Park - NY:\u00a0 N\u00eb nji shkrim dhe fotot e marra n\u00eb rrjetin social facebook, plot\u00ebsohet edhe imazhi i nj\u00eb nj\u00eb aktiviteti, i cili\",\"breadcrumb\":{\"@id\":\"https:\/\/www.visit-ulcinj.com\/blog\/2014\/06\/05\/shqiptaret-e-anes-se-malit-ne-piknik-ne-malesit-e-nju-jorkut\/#breadcrumb\"},\"inLanguage\":\"en-US\",\"potentialAction\":[{\"@type\":\"ReadAction\",\"target\":[\"https:\/\/www.visit-ulcinj.com\/blog\/2014\/06\/05\/shqiptaret-e-anes-se-malit-ne-piknik-ne-malesit-e-nju-jorkut\/\"]}]},{\"@type\":\"BreadcrumbList\",\"@id\":\"https:\/\/www.visit-ulcinj.com\/blog\/2014\/06\/05\/shqiptaret-e-anes-se-malit-ne-piknik-ne-malesit-e-nju-jorkut\/#breadcrumb\",\"itemListElement\":[{\"@type\":\"ListItem\",\"position\":1,\"name\":\"Shqiptar\u00ebt e An\u00ebs s\u00eb Malit n\u00eb piknik n\u00eb mal\u00ebsit e Nju Jorkut &#8211; Video\"}]},{\"@type\":\"Person\",\"@id\":\"https:\/\/www.visit-ulcinj.com\/blog\/#\/schema\/person\/dcab619c614d3038751c63bc2aadc06d\",\"name\":\"ulqini\",\"sameAs\":[\"http:\/\/www.visit-ulcinj.com\"],\"url\":\"https:\/\/www.visit-ulcinj.com\/blog\/author\/admin\/\"}]}<\/script>\n<!-- \/ Yoast SEO plugin. -->","yoast_head_json":{"title":"Shqiptar\u00ebt e An\u00ebs s\u00eb Malit n\u00eb piknik n\u00eb mal\u00ebsit e Nju Jorkut - Video - Lajme nga Ulqini","description":"Franklin Rousvelt Park - NY:\u00a0 N\u00eb nji shkrim dhe fotot e marra n\u00eb rrjetin social facebook, plot\u00ebsohet edhe imazhi i nj\u00eb nj\u00eb aktiviteti, i cili","robots":{"index":"index","follow":"follow","max-snippet":"max-snippet:-1","max-image-preview":"max-image-preview:large","max-video-preview":"max-video-preview:-1"},"canonical":"https:\/\/www.visit-ulcinj.com\/blog\/2014\/06\/05\/shqiptaret-e-anes-se-malit-ne-piknik-ne-malesit-e-nju-jorkut\/","og_locale":"en_US","og_type":"article","og_title":"Shqiptar\u00ebt e An\u00ebs s\u00eb Malit n\u00eb piknik n\u00eb mal\u00ebsit e Nju Jorkut - Video - Lajme nga Ulqini","og_description":"Franklin Rousvelt Park - NY:\u00a0 N\u00eb nji shkrim dhe fotot e marra n\u00eb rrjetin social facebook, plot\u00ebsohet edhe imazhi i nj\u00eb nj\u00eb aktiviteti, i cili","og_url":"https:\/\/www.visit-ulcinj.com\/blog\/2014\/06\/05\/shqiptaret-e-anes-se-malit-ne-piknik-ne-malesit-e-nju-jorkut\/","og_site_name":"Lajme nga Ulqini","article_published_time":"2014-06-05T13:23:55+00:00","article_modified_time":"2014-06-06T11:08:04+00:00","og_image":[{"url":"https:\/\/www.visit-ulcinj.com\/blog\/wp-content\/uploads\/2014\/05\/hqiptar\u00ebt-e-An\u00ebs-s\u00eb-Malit-n\u00eb-piknik-new-york-1-150x150.jpg"}],"twitter_misc":{"Written by":"ulqini","Est. reading time":"3 minutes"},"schema":{"@context":"https:\/\/schema.org","@graph":[{"@type":"WebSite","@id":"https:\/\/www.visit-ulcinj.com\/blog\/#website","url":"https:\/\/www.visit-ulcinj.com\/blog\/","name":"Lajme nga Ulqini","description":"Lajme,Vijesti,Ulqini,Ulqin,Crna Gora,Mali i Zi","potentialAction":[{"@type":"SearchAction","target":{"@type":"EntryPoint","urlTemplate":"https:\/\/www.visit-ulcinj.com\/blog\/?s={search_term_string}"},"query-input":"required name=search_term_string"}],"inLanguage":"en-US"},{"@type":"WebPage","@id":"https:\/\/www.visit-ulcinj.com\/blog\/2014\/06\/05\/shqiptaret-e-anes-se-malit-ne-piknik-ne-malesit-e-nju-jorkut\/#webpage","url":"https:\/\/www.visit-ulcinj.com\/blog\/2014\/06\/05\/shqiptaret-e-anes-se-malit-ne-piknik-ne-malesit-e-nju-jorkut\/","name":"Shqiptar\u00ebt e An\u00ebs s\u00eb Malit n\u00eb piknik n\u00eb mal\u00ebsit e Nju Jorkut - Video - Lajme nga Ulqini","isPartOf":{"@id":"https:\/\/www.visit-ulcinj.com\/blog\/#website"},"datePublished":"2014-06-05T13:23:55+00:00","dateModified":"2014-06-06T11:08:04+00:00","author":{"@id":"https:\/\/www.visit-ulcinj.com\/blog\/#\/schema\/person\/dcab619c614d3038751c63bc2aadc06d"},"description":"Franklin Rousvelt Park - NY:\u00a0 N\u00eb nji shkrim dhe fotot e marra n\u00eb rrjetin social facebook, plot\u00ebsohet edhe imazhi i nj\u00eb nj\u00eb aktiviteti, i cili","breadcrumb":{"@id":"https:\/\/www.visit-ulcinj.com\/blog\/2014\/06\/05\/shqiptaret-e-anes-se-malit-ne-piknik-ne-malesit-e-nju-jorkut\/#breadcrumb"},"inLanguage":"en-US","potentialAction":[{"@type":"ReadAction","target":["https:\/\/www.visit-ulcinj.com\/blog\/2014\/06\/05\/shqiptaret-e-anes-se-malit-ne-piknik-ne-malesit-e-nju-jorkut\/"]}]},{"@type":"BreadcrumbList","@id":"https:\/\/www.visit-ulcinj.com\/blog\/2014\/06\/05\/shqiptaret-e-anes-se-malit-ne-piknik-ne-malesit-e-nju-jorkut\/#breadcrumb","itemListElement":[{"@type":"ListItem","position":1,"name":"Shqiptar\u00ebt e An\u00ebs s\u00eb Malit n\u00eb piknik n\u00eb mal\u00ebsit e Nju Jorkut &#8211; Video"}]},{"@type":"Person","@id":"https:\/\/www.visit-ulcinj.com\/blog\/#\/schema\/person\/dcab619c614d3038751c63bc2aadc06d","name":"ulqini","sameAs":["http:\/\/www.visit-ulcinj.com"],"url":"https:\/\/www.visit-ulcinj.com\/blog\/author\/admin\/"}]}},"jetpack_featured_media_url":"","jetpack_sharing_enabled":true,"jetpack_shortlink":"https:\/\/wp.me\/pe6lTn-luP","_links":{"self":[{"href":"https:\/\/www.visit-ulcinj.com\/blog\/wp-json\/wp\/v2\/posts\/82635"}],"collection":[{"href":"https:\/\/www.visit-ulcinj.com\/blog\/wp-json\/wp\/v2\/posts"}],"about":[{"href":"https:\/\/www.visit-ulcinj.com\/blog\/wp-json\/wp\/v2\/types\/post"}],"author":[{"embeddable":true,"href":"https:\/\/www.visit-ulcinj.com\/blog\/wp-json\/wp\/v2\/users\/1"}],"replies":[{"embeddable":true,"href":"https:\/\/www.visit-ulcinj.com\/blog\/wp-json\/wp\/v2\/comments?post=82635"}],"version-history":[{"count":2,"href":"https:\/\/www.visit-ulcinj.com\/blog\/wp-json\/wp\/v2\/posts\/82635\/revisions"}],"predecessor-version":[{"id":82786,"href":"https:\/\/www.visit-ulcinj.com\/blog\/wp-json\/wp\/v2\/posts\/82635\/revisions\/82786"}],"wp:attachment":[{"href":"https:\/\/www.visit-ulcinj.com\/blog\/wp-json\/wp\/v2\/media?parent=82635"}],"wp:term":[{"taxonomy":"category","embeddable":true,"href":"https:\/\/www.visit-ulcinj.com\/blog\/wp-json\/wp\/v2\/categories?post=82635"},{"taxonomy":"post_tag","embeddable":true,"href":"https:\/\/www.visit-ulcinj.com\/blog\/wp-json\/wp\/v2\/tags?post=82635"}],"curies":[{"name":"wp","href":"https:\/\/api.w.org\/{rel}","templated":true}]}}