{"id":82641,"date":"2014-05-30T14:51:36","date_gmt":"2014-05-30T13:51:36","guid":{"rendered":"http:\/\/www.visit-ulcinj.com\/blog\/?p=82641"},"modified":"2014-05-30T14:51:36","modified_gmt":"2014-05-30T13:51:36","slug":"rrezik-nga-berlloku-dhe-deponia-e-mbeturinave-ndertimore-ne-ane-te-malit","status":"publish","type":"post","link":"https:\/\/www.visit-ulcinj.com\/blog\/2014\/05\/30\/rrezik-nga-berlloku-dhe-deponia-e-mbeturinave-ndertimore-ne-ane-te-malit\/","title":{"rendered":"Rrezik nga b\u00ebrlloku dhe deponia e mbeturinave nd\u00ebrtimore n\u00eb An\u00eb t\u00eb Malit!"},"content":{"rendered":"<p><a href=\"http:\/\/www.visit-ulcinj.com\/blog\/wp-content\/uploads\/2014\/05\/deponia-e-mbeturinave-nd\u00ebrtimore-ne-krythe.jpg\"><img loading=\"lazy\" class=\"alignleft  wp-image-82642\" alt=\"deponia e mbeturinave nd\u00ebrtimore ne krythe\" src=\"http:\/\/www.visit-ulcinj.com\/blog\/wp-content\/uploads\/2014\/05\/deponia-e-mbeturinave-nd\u00ebrtimore-ne-krythe.jpg\" width=\"508\" height=\"360\" \/><\/a>K\u00ebto dit\u00eb Lajme nga Ulqini b\u00ebri nj\u00eb reportazhe mbi deponit\u00eb e eg\u00ebra \u00a0q\u00eb \u00ebsht\u00eb shum\u00eb alarmante deponia n\u00eb Kryth\u00eb n\u00eb An\u00eb t\u00eb Malit.<br \/>\nSi duket qytetit t\u00eb Ulqinit nuk i shkon pa nj\u00eb deponi t\u00eb eg\u00ebr gjat\u00eb.<br \/>\nSituata \u00ebsht\u00eb thuajse e nj\u00ebjt\u00eb si edhe para disa viteve kur ky qytet si dhe fshatrat p\u00ebr rreth sikurse Krytha, Sukobina, Kat\u00ebrkolla, etj, hedhin mbeturinat ku jan t\u00eb rrezikuar nga s\u00ebmundjet e ndryshme nga sasia e madhe e hedhurinave e grumbulluara.<br \/>\nGjat\u00eb grumbullimit t\u00eb hedhurinave dhe mos transportit t\u00eb tyre, por edhe n\u00ebse transportohen, ai vend b\u00ebhet \u00e7erdhe e insekteve t\u00eb ndryshme, shpez\u00ebve t\u00eb cil\u00ebt m\u00eb pas e p\u00ebrhapin ndonj\u00eb epidemi. Ai vend \u00a0\u00ebsht\u00eb potencial p\u00ebr epidemi t\u00eb ndryshme prandaj dislokimi i saj do t\u00eb ishte zgjidhja m\u00eb e mir\u00eb.<br \/>\n<a href=\"http:\/\/www.visit-ulcinj.com\/blog\/wp-content\/uploads\/2014\/05\/deponia-e-mbeturinave-nd\u00ebrtimore-ne-krythe-4.jpg\"><img loading=\"lazy\" class=\"alignleft  wp-image-82643\" alt=\"deponia e mbeturinave nd\u00ebrtimore ne krythe-4\" src=\"http:\/\/www.visit-ulcinj.com\/blog\/wp-content\/uploads\/2014\/05\/deponia-e-mbeturinave-nd\u00ebrtimore-ne-krythe-4.jpg\" width=\"508\" height=\"360\" \/><\/a><\/p>\n<p>N\u00eb shum\u00eb rrug\u00eb dhe lokalitete sidomos n\u00eb zonat rurale t\u00eb Ulqinit ku nga qytetar\u00ebt \u00a0t\u00eb pand\u00ebrgjegjsh\u00ebm po shndrrohen n\u00eb deponi ilegale ku hidhen n\u00eb vazhdim\u00ebsi mbeturina dhe plehra .Fenomen q\u00eb po b\u00ebhet shum\u00eb masovik dhe me pasoja t\u00eb pariparushme p\u00ebr ambientin, sepse n\u00ebse nuk merren masa t\u00eb shpejta parandaluese nga kopetent\u00ebt mund t\u00eb rezultoj edhe me probleme p\u00ebr jet\u00ebn e banor\u00ebve sepse plehrat n\u00eb t\u00eb shumt\u00ebn e rasteve hidhen dhe p\u00ebrfundojn n\u00eb af\u00ebrsi t\u00eb burimeve t\u00eb ujit apo p\u00ebrrrockave .Nd\u00ebrkoh\u00eb, e nj\u00ebjta praktik ndiqet edhe me mbetjet nd\u00ebrtimore dhe inertet t\u00eb cilat hidhen ku t\u00eb munden dhe ku u p\u00ebrshtatet qytetar\u00ebve t\u00eb pand\u00ebrgjegjsh\u00ebm duke sjell nj\u00eb pamje t\u00eb sh\u00ebmtuar n\u00eb disa vende dhe lokalitete t\u00eb komun\u00ebs.K\u00ebt\u00eb situat\u00eb e konfirmojn dhe inspektor\u00ebt komunal t\u00eb cil\u00ebt sic duket jan\u00eb t\u00eb pa fuqish\u00ebm p\u00ebrball k\u00ebsaj dukurie e cila po merr\u00eb p\u00ebrmasa t\u00eb tjera ,nd\u00ebrsa nd\u00ebrhyrja \u00ebsht\u00eb b\u00ebr\u00eb e domosdoshme p\u00ebr ta neutralizuar k\u00ebt\u00eb dukuri thon\u00eb qytetar\u00ebt q\u00eb brengosen p\u00ebr ambientin q\u00eb i rrethon.<\/p>\n<p><a href=\"http:\/\/www.visit-ulcinj.com\/blog\/wp-content\/uploads\/2014\/05\/deponia-e-mbeturinave-nd\u00ebrtimore-ne-krythe-1.jpg\"><img loading=\"lazy\" class=\"alignleft  wp-image-82644\" alt=\"deponia e mbeturinave nd\u00ebrtimore ne krythe-1\" src=\"http:\/\/www.visit-ulcinj.com\/blog\/wp-content\/uploads\/2014\/05\/deponia-e-mbeturinave-nd\u00ebrtimore-ne-krythe-1.jpg\" width=\"508\" height=\"360\" \/><\/a><\/p>\n<p>Nd\u00ebrkoh\u00eb, situata dit\u00eb p\u00ebr dit\u00eb v\u00ebrshtir\u00ebsohet n\u00eb disa lokalitet t\u00eb cilat kan marr pamje tjet\u00ebr edhe pse ekziston deponia e komun\u00ebs ku mund t\u00eb hidhen k\u00ebto mbetje.Nd\u00ebrsa, p\u00ebr nj\u00eb pjes\u00eb t\u00eb anamal\u00ebseve kjo situate ndodh\u00eb p\u00ebr shkak se inspektor\u00ebt komunal dhe policia nuk e kryejn detyr\u00ebn si duhet n\u00eb k\u00ebt\u00eb drejtim\u201dn\u00ebse policia dhe inspektor\u00ebt komunal do ta kryenin detyr\u00ebn sic duhet ne nuk do t\u00eb kishim k\u00ebt\u00eb gjendje q\u00eb \u00ebsht\u00eb sot me deponit e egra, duhet t\u00eb vendoset rregull n\u00eb k\u00ebt\u00eb drejtim dhe ata q\u00eb kan\u00eb p\u00ebrgjegjsi p\u00ebrball\u00eb qytetarve dhe ligjit t\u00eb kryejn detyr\u00ebn\u201dthot\u00eb nj\u00eb qytetar q\u00eb na d\u00ebrgoi k\u00ebt reportazh\u00eb duke qen i revoltuar p\u00ebr t\u00eb cilin n\u00eb k\u00ebt\u00eb mes jan\u00eb institucionet q\u00eb kan\u00eb d\u00ebshtuar .<\/p>\n<p><a href=\"http:\/\/www.visit-ulcinj.com\/blog\/wp-content\/uploads\/2014\/05\/deponia-e-mbeturinave-nd\u00ebrtimore-ne-krythe-3.jpg\"><img loading=\"lazy\" class=\"alignleft  wp-image-82645\" alt=\"deponia e mbeturinave nd\u00ebrtimore ne krythe-3\" src=\"http:\/\/www.visit-ulcinj.com\/blog\/wp-content\/uploads\/2014\/05\/deponia-e-mbeturinave-nd\u00ebrtimore-ne-krythe-3.jpg\" width=\"508\" height=\"360\" \/><\/a><\/p>\n<p>Nd\u00ebrkoh\u00eb mbetjet nd\u00ebrtimore me t\u00eb madhe hidhen n\u00eb disa vende.m\u00eb shum\u00eb hidhen n\u00eb drejtim t\u00eb rrug\u00ebs p\u00ebr n\u00eb \u00a0Kryth\u00eb t\u00eb cilat n\u00eb disa pjes kan\u00eb marr\u00eb pamje t\u00eb nj\u00eb \u00a0deponie t\u00eb v\u00ebrtet.<\/p>\n<p><a href=\"http:\/\/www.visit-ulcinj.com\/blog\/wp-content\/uploads\/2014\/05\/deponia-e-mbeturinave-nd\u00ebrtimore-ne-krythe-2.jpg\"><img loading=\"lazy\" class=\"alignleft  wp-image-82646\" alt=\"deponia e mbeturinave nd\u00ebrtimore ne krythe-2\" src=\"http:\/\/www.visit-ulcinj.com\/blog\/wp-content\/uploads\/2014\/05\/deponia-e-mbeturinave-nd\u00ebrtimore-ne-krythe-2.jpg\" width=\"508\" height=\"360\" \/><\/a><\/p>\n","protected":false},"excerpt":{"rendered":"<p>K\u00ebto dit\u00eb Lajme nga Ulqini b\u00ebri nj\u00eb reportazhe mbi deponit\u00eb e eg\u00ebra \u00a0q\u00eb \u00ebsht\u00eb shum\u00eb alarmante deponia n\u00eb Kryth\u00eb n\u00eb An\u00eb t\u00eb Malit. Si duket qytetit t\u00eb Ulqinit nuk i shkon pa nj\u00eb deponi t\u00eb eg\u00ebr gjat\u00eb. Situata \u00ebsht\u00eb thuajse e nj\u00ebjt\u00eb si edhe para disa viteve kur ky qytet si dhe fshatrat p\u00ebr rreth [&hellip;]<\/p>\n","protected":false},"author":1,"featured_media":0,"comment_status":"closed","ping_status":"closed","sticky":false,"template":"","format":"standard","meta":{"spay_email":"","jetpack_publicize_message":"","jetpack_is_tweetstorm":false,"jetpack_publicize_feature_enabled":true},"categories":[11],"tags":[],"jetpack_publicize_connections":[],"yoast_head":"<!-- This site is optimized with the Yoast SEO plugin v19.1 - https:\/\/yoast.com\/wordpress\/plugins\/seo\/ -->\n<title>Rrezik nga b\u00ebrlloku dhe deponia e mbeturinave nd\u00ebrtimore n\u00eb An\u00eb t\u00eb Malit! - Lajme nga Ulqini<\/title>\n<meta name=\"description\" content=\"K\u00ebto dit\u00eb Lajme nga Ulqini b\u00ebri nj\u00eb reportazhe mbi deponit\u00eb e eg\u00ebra \u00a0q\u00eb \u00ebsht\u00eb shum\u00eb alarmante deponia n\u00eb Kryth\u00eb n\u00eb An\u00eb t\u00eb Malit. Si duket qytetit t\u00eb\" \/>\n<meta name=\"robots\" content=\"index, follow, max-snippet:-1, max-image-preview:large, max-video-preview:-1\" \/>\n<link rel=\"canonical\" href=\"https:\/\/www.visit-ulcinj.com\/blog\/2014\/05\/30\/rrezik-nga-berlloku-dhe-deponia-e-mbeturinave-ndertimore-ne-ane-te-malit\/\" \/>\n<meta property=\"og:locale\" content=\"en_US\" \/>\n<meta property=\"og:type\" content=\"article\" \/>\n<meta property=\"og:title\" content=\"Rrezik nga b\u00ebrlloku dhe deponia e mbeturinave nd\u00ebrtimore n\u00eb An\u00eb t\u00eb Malit! - Lajme nga Ulqini\" \/>\n<meta property=\"og:description\" content=\"K\u00ebto dit\u00eb Lajme nga Ulqini b\u00ebri nj\u00eb reportazhe mbi deponit\u00eb e eg\u00ebra \u00a0q\u00eb \u00ebsht\u00eb shum\u00eb alarmante deponia n\u00eb Kryth\u00eb n\u00eb An\u00eb t\u00eb Malit. Si duket qytetit t\u00eb\" \/>\n<meta property=\"og:url\" content=\"https:\/\/www.visit-ulcinj.com\/blog\/2014\/05\/30\/rrezik-nga-berlloku-dhe-deponia-e-mbeturinave-ndertimore-ne-ane-te-malit\/\" \/>\n<meta property=\"og:site_name\" content=\"Lajme nga Ulqini\" \/>\n<meta property=\"article:published_time\" content=\"2014-05-30T13:51:36+00:00\" \/>\n<meta name=\"twitter:label1\" content=\"Written by\" \/>\n\t<meta name=\"twitter:data1\" content=\"ulqini\" \/>\n\t<meta name=\"twitter:label2\" content=\"Est. reading time\" \/>\n\t<meta name=\"twitter:data2\" content=\"3 minutes\" \/>\n<script type=\"application\/ld+json\" class=\"yoast-schema-graph\">{\"@context\":\"https:\/\/schema.org\",\"@graph\":[{\"@type\":\"WebSite\",\"@id\":\"https:\/\/www.visit-ulcinj.com\/blog\/#website\",\"url\":\"https:\/\/www.visit-ulcinj.com\/blog\/\",\"name\":\"Lajme nga Ulqini\",\"description\":\"Lajme,Vijesti,Ulqini,Ulqin,Crna Gora,Mali i Zi\",\"potentialAction\":[{\"@type\":\"SearchAction\",\"target\":{\"@type\":\"EntryPoint\",\"urlTemplate\":\"https:\/\/www.visit-ulcinj.com\/blog\/?s={search_term_string}\"},\"query-input\":\"required name=search_term_string\"}],\"inLanguage\":\"en-US\"},{\"@type\":\"WebPage\",\"@id\":\"https:\/\/www.visit-ulcinj.com\/blog\/2014\/05\/30\/rrezik-nga-berlloku-dhe-deponia-e-mbeturinave-ndertimore-ne-ane-te-malit\/#webpage\",\"url\":\"https:\/\/www.visit-ulcinj.com\/blog\/2014\/05\/30\/rrezik-nga-berlloku-dhe-deponia-e-mbeturinave-ndertimore-ne-ane-te-malit\/\",\"name\":\"Rrezik nga b\u00ebrlloku dhe deponia e mbeturinave nd\u00ebrtimore n\u00eb An\u00eb t\u00eb Malit! - Lajme nga Ulqini\",\"isPartOf\":{\"@id\":\"https:\/\/www.visit-ulcinj.com\/blog\/#website\"},\"datePublished\":\"2014-05-30T13:51:36+00:00\",\"dateModified\":\"2014-05-30T13:51:36+00:00\",\"author\":{\"@id\":\"https:\/\/www.visit-ulcinj.com\/blog\/#\/schema\/person\/dcab619c614d3038751c63bc2aadc06d\"},\"description\":\"K\u00ebto dit\u00eb Lajme nga Ulqini b\u00ebri nj\u00eb reportazhe mbi deponit\u00eb e eg\u00ebra \u00a0q\u00eb \u00ebsht\u00eb shum\u00eb alarmante deponia n\u00eb Kryth\u00eb n\u00eb An\u00eb t\u00eb Malit. Si duket qytetit t\u00eb\",\"breadcrumb\":{\"@id\":\"https:\/\/www.visit-ulcinj.com\/blog\/2014\/05\/30\/rrezik-nga-berlloku-dhe-deponia-e-mbeturinave-ndertimore-ne-ane-te-malit\/#breadcrumb\"},\"inLanguage\":\"en-US\",\"potentialAction\":[{\"@type\":\"ReadAction\",\"target\":[\"https:\/\/www.visit-ulcinj.com\/blog\/2014\/05\/30\/rrezik-nga-berlloku-dhe-deponia-e-mbeturinave-ndertimore-ne-ane-te-malit\/\"]}]},{\"@type\":\"BreadcrumbList\",\"@id\":\"https:\/\/www.visit-ulcinj.com\/blog\/2014\/05\/30\/rrezik-nga-berlloku-dhe-deponia-e-mbeturinave-ndertimore-ne-ane-te-malit\/#breadcrumb\",\"itemListElement\":[{\"@type\":\"ListItem\",\"position\":1,\"name\":\"Rrezik nga b\u00ebrlloku dhe deponia e mbeturinave nd\u00ebrtimore n\u00eb An\u00eb t\u00eb Malit!\"}]},{\"@type\":\"Person\",\"@id\":\"https:\/\/www.visit-ulcinj.com\/blog\/#\/schema\/person\/dcab619c614d3038751c63bc2aadc06d\",\"name\":\"ulqini\",\"sameAs\":[\"http:\/\/www.visit-ulcinj.com\"],\"url\":\"https:\/\/www.visit-ulcinj.com\/blog\/author\/admin\/\"}]}<\/script>\n<!-- \/ Yoast SEO plugin. -->","yoast_head_json":{"title":"Rrezik nga b\u00ebrlloku dhe deponia e mbeturinave nd\u00ebrtimore n\u00eb An\u00eb t\u00eb Malit! - Lajme nga Ulqini","description":"K\u00ebto dit\u00eb Lajme nga Ulqini b\u00ebri nj\u00eb reportazhe mbi deponit\u00eb e eg\u00ebra \u00a0q\u00eb \u00ebsht\u00eb shum\u00eb alarmante deponia n\u00eb Kryth\u00eb n\u00eb An\u00eb t\u00eb Malit. Si duket qytetit t\u00eb","robots":{"index":"index","follow":"follow","max-snippet":"max-snippet:-1","max-image-preview":"max-image-preview:large","max-video-preview":"max-video-preview:-1"},"canonical":"https:\/\/www.visit-ulcinj.com\/blog\/2014\/05\/30\/rrezik-nga-berlloku-dhe-deponia-e-mbeturinave-ndertimore-ne-ane-te-malit\/","og_locale":"en_US","og_type":"article","og_title":"Rrezik nga b\u00ebrlloku dhe deponia e mbeturinave nd\u00ebrtimore n\u00eb An\u00eb t\u00eb Malit! - Lajme nga Ulqini","og_description":"K\u00ebto dit\u00eb Lajme nga Ulqini b\u00ebri nj\u00eb reportazhe mbi deponit\u00eb e eg\u00ebra \u00a0q\u00eb \u00ebsht\u00eb shum\u00eb alarmante deponia n\u00eb Kryth\u00eb n\u00eb An\u00eb t\u00eb Malit. Si duket qytetit t\u00eb","og_url":"https:\/\/www.visit-ulcinj.com\/blog\/2014\/05\/30\/rrezik-nga-berlloku-dhe-deponia-e-mbeturinave-ndertimore-ne-ane-te-malit\/","og_site_name":"Lajme nga Ulqini","article_published_time":"2014-05-30T13:51:36+00:00","twitter_misc":{"Written by":"ulqini","Est. reading time":"3 minutes"},"schema":{"@context":"https:\/\/schema.org","@graph":[{"@type":"WebSite","@id":"https:\/\/www.visit-ulcinj.com\/blog\/#website","url":"https:\/\/www.visit-ulcinj.com\/blog\/","name":"Lajme nga Ulqini","description":"Lajme,Vijesti,Ulqini,Ulqin,Crna Gora,Mali i Zi","potentialAction":[{"@type":"SearchAction","target":{"@type":"EntryPoint","urlTemplate":"https:\/\/www.visit-ulcinj.com\/blog\/?s={search_term_string}"},"query-input":"required name=search_term_string"}],"inLanguage":"en-US"},{"@type":"WebPage","@id":"https:\/\/www.visit-ulcinj.com\/blog\/2014\/05\/30\/rrezik-nga-berlloku-dhe-deponia-e-mbeturinave-ndertimore-ne-ane-te-malit\/#webpage","url":"https:\/\/www.visit-ulcinj.com\/blog\/2014\/05\/30\/rrezik-nga-berlloku-dhe-deponia-e-mbeturinave-ndertimore-ne-ane-te-malit\/","name":"Rrezik nga b\u00ebrlloku dhe deponia e mbeturinave nd\u00ebrtimore n\u00eb An\u00eb t\u00eb Malit! - Lajme nga Ulqini","isPartOf":{"@id":"https:\/\/www.visit-ulcinj.com\/blog\/#website"},"datePublished":"2014-05-30T13:51:36+00:00","dateModified":"2014-05-30T13:51:36+00:00","author":{"@id":"https:\/\/www.visit-ulcinj.com\/blog\/#\/schema\/person\/dcab619c614d3038751c63bc2aadc06d"},"description":"K\u00ebto dit\u00eb Lajme nga Ulqini b\u00ebri nj\u00eb reportazhe mbi deponit\u00eb e eg\u00ebra \u00a0q\u00eb \u00ebsht\u00eb shum\u00eb alarmante deponia n\u00eb Kryth\u00eb n\u00eb An\u00eb t\u00eb Malit. Si duket qytetit t\u00eb","breadcrumb":{"@id":"https:\/\/www.visit-ulcinj.com\/blog\/2014\/05\/30\/rrezik-nga-berlloku-dhe-deponia-e-mbeturinave-ndertimore-ne-ane-te-malit\/#breadcrumb"},"inLanguage":"en-US","potentialAction":[{"@type":"ReadAction","target":["https:\/\/www.visit-ulcinj.com\/blog\/2014\/05\/30\/rrezik-nga-berlloku-dhe-deponia-e-mbeturinave-ndertimore-ne-ane-te-malit\/"]}]},{"@type":"BreadcrumbList","@id":"https:\/\/www.visit-ulcinj.com\/blog\/2014\/05\/30\/rrezik-nga-berlloku-dhe-deponia-e-mbeturinave-ndertimore-ne-ane-te-malit\/#breadcrumb","itemListElement":[{"@type":"ListItem","position":1,"name":"Rrezik nga b\u00ebrlloku dhe deponia e mbeturinave nd\u00ebrtimore n\u00eb An\u00eb t\u00eb Malit!"}]},{"@type":"Person","@id":"https:\/\/www.visit-ulcinj.com\/blog\/#\/schema\/person\/dcab619c614d3038751c63bc2aadc06d","name":"ulqini","sameAs":["http:\/\/www.visit-ulcinj.com"],"url":"https:\/\/www.visit-ulcinj.com\/blog\/author\/admin\/"}]}},"jetpack_featured_media_url":"","jetpack_sharing_enabled":true,"jetpack_shortlink":"https:\/\/wp.me\/pe6lTn-luV","_links":{"self":[{"href":"https:\/\/www.visit-ulcinj.com\/blog\/wp-json\/wp\/v2\/posts\/82641"}],"collection":[{"href":"https:\/\/www.visit-ulcinj.com\/blog\/wp-json\/wp\/v2\/posts"}],"about":[{"href":"https:\/\/www.visit-ulcinj.com\/blog\/wp-json\/wp\/v2\/types\/post"}],"author":[{"embeddable":true,"href":"https:\/\/www.visit-ulcinj.com\/blog\/wp-json\/wp\/v2\/users\/1"}],"replies":[{"embeddable":true,"href":"https:\/\/www.visit-ulcinj.com\/blog\/wp-json\/wp\/v2\/comments?post=82641"}],"version-history":[{"count":1,"href":"https:\/\/www.visit-ulcinj.com\/blog\/wp-json\/wp\/v2\/posts\/82641\/revisions"}],"predecessor-version":[{"id":82647,"href":"https:\/\/www.visit-ulcinj.com\/blog\/wp-json\/wp\/v2\/posts\/82641\/revisions\/82647"}],"wp:attachment":[{"href":"https:\/\/www.visit-ulcinj.com\/blog\/wp-json\/wp\/v2\/media?parent=82641"}],"wp:term":[{"taxonomy":"category","embeddable":true,"href":"https:\/\/www.visit-ulcinj.com\/blog\/wp-json\/wp\/v2\/categories?post=82641"},{"taxonomy":"post_tag","embeddable":true,"href":"https:\/\/www.visit-ulcinj.com\/blog\/wp-json\/wp\/v2\/tags?post=82641"}],"curies":[{"name":"wp","href":"https:\/\/api.w.org\/{rel}","templated":true}]}}