{"id":82648,"date":"2014-05-30T15:01:43","date_gmt":"2014-05-30T14:01:43","guid":{"rendered":"http:\/\/www.visit-ulcinj.com\/blog\/?p=82648"},"modified":"2014-05-31T13:30:52","modified_gmt":"2014-05-31T12:30:52","slug":"u-marketu-solaris-ulcinj-pronadene-dvije-mrtve-osobe","status":"publish","type":"post","link":"https:\/\/www.visit-ulcinj.com\/blog\/2014\/05\/30\/u-marketu-solaris-ulcinj-pronadene-dvije-mrtve-osobe\/","title":{"rendered":"U marketu &#8220;Solaris&#8221; Ulcinj prona\u0111ene dvije mrtve osobe &#8211; Video"},"content":{"rendered":"<div id=\"article_text\">\n<p><a href=\"http:\/\/www.visit-ulcinj.com\/blog\/wp-content\/uploads\/2014\/05\/solaris-ulqin.jpg\"><img loading=\"lazy\" class=\"alignleft  wp-image-82629\" alt=\"solaris-ulqin\" src=\"http:\/\/www.visit-ulcinj.com\/blog\/wp-content\/uploads\/2014\/05\/solaris-ulqin.jpg\" width=\"508\" height=\"347\" \/><\/a>Be\u017eivotna tijela Ulcinjana Marka Duka\u0111ina i Aldijane Ceke prona\u0111ena su sino\u0107 oko 19.45 \u010dasova u u kancelariji marketa \u201cSolaris\u201d u Ulcinju.<\/p>\n<p>Ceka je, prema nezvani\u010dnim informacijama \u201cVijesti\u201d prona\u0111ena sa dvije prostrijelne rane u predijelu glave. Duka\u0111ini je, kazao je isti izvor, imao jednu ranu u predjelu usta.<\/p>\n<p>Pored njihovih tijela, u kancelariji koja je, prema nezvani\u010dnim informacijama iz policije bila zaklju\u010dana, inspektori su prona\u0161li pi\u0161tolj.<\/p>\n<p>Prema prvim informacijama iz izvora bliskog istrazi, inspektori sumnjaju da je u pitanju ubistvo i samoubistvo, ipak, sino\u0107 do zaklju\u010denja ovog broja \u201cVijesti\u201d nijesu isklju\u010dili ni mogu\u0107nost dvostrukog ubistva.<\/p>\n<p>Na licu mjesta sino\u0107 nije bilo mogu\u0107e dobiti vi\u0161e detalja, a da li je neko od njih dvoje povukao oroz ili je to uradila tre\u0107a osoba, utvrdi\u0107e se tokom istrage.<\/p>\n<p>Istra\u017eiteljima \u0107e u utvr\u0111ivanju \u010dinjenica pomo\u0107i i vje\u0161ta\u010denja tragova izuzetih sa lica mjesta.<\/p>\n<p>Zamjenica vi\u0161eg dr\u017eavnog tu\u017eioca Ljiljana Laki\u0107, koja je rukovodila uvi\u0111ajem, naredila je odbukciju tjela Duka\u0111ina i Ceke, kao i da se izuzmu snimci sa nadzornih kamera iz \u201cSolarisa\u201d, koji \u0107e biti pregledani, re\u010deno je \u201cVijestima\u201d iz policije.<\/p>\n<p>Odmah nakon \u0161to su iz \u201cSolarisa\u201d odjeknuli pucnji, iza tog marketa okupio se veliki broj gra\u0111ana.<\/p>\n<p>Vriska i kuknjava najbli\u017eih, rotaciona svjetla policije, hitne i vatrogasne slu\u017ebe, policijska traka i stotine mje\u0161tana na ulici, svjedo\u010dili su o tragediji kakva odavno nije zadesila najju\u017eniji crnogorski grad.<\/p>\n<p>Vozila hitne pomo\u0107i gotovo da nijesu stizala da do obli\u017enjeg Doma zdravlja odvezu \u0161okirane radnice i ro\u0111ake preminulih, policija je jedva uspijevala da sprije\u010di bli\u017enje da u\u0111u u objekat&#8230;<\/p>\n<p>\u010cuo se glasan pla\u010d oca ubijene Aldijane, majke dvoje djece i njenog supruga. Rukama se za glavu hvatao Markov brat Nikola Duka\u0111in, suvlasnik \u201cSolarisa\u201d&#8230; Tuga i nevjerica me\u0111u prisutnima&#8230;<\/p>\n<p>\u201cOvo je u\u017eas\u201d, kazao je kratko jedan od prisutnih mje\u0161tana.<\/p>\n<p>Njih dvoje, prema informacijama \u201cVijesti\u201d bili su zaposleni u marketu \u201cSolaris\u201d, koji se nalazi u blizini nekada\u0161njeg Drvoimpeksa.<\/p>\n<p><strong>Samir Adrovi\u0107<\/strong><br \/>\n<strong>Izvor: Vijesti Online<\/strong><\/p>\n<!--YouTube Error: bad URL entered-->\n","protected":false},"excerpt":{"rendered":"<p>Be\u017eivotna tijela Ulcinjana Marka Duka\u0111ina i Aldijane Ceke prona\u0111ena su sino\u0107 oko 19.45 \u010dasova u u kancelariji marketa \u201cSolaris\u201d u Ulcinju. Ceka je, prema nezvani\u010dnim informacijama \u201cVijesti\u201d prona\u0111ena sa dvije prostrijelne rane u predijelu glave. Duka\u0111ini je, kazao je isti izvor, imao jednu ranu u predjelu usta. Pored njihovih tijela, u kancelariji koja je, prema [&hellip;]<\/p>\n","protected":false},"author":1,"featured_media":0,"comment_status":"closed","ping_status":"closed","sticky":false,"template":"","format":"standard","meta":{"spay_email":"","jetpack_publicize_message":"","jetpack_is_tweetstorm":false,"jetpack_publicize_feature_enabled":true},"categories":[8337],"tags":[],"jetpack_publicize_connections":[],"yoast_head":"<!-- This site is optimized with the Yoast SEO plugin v19.1 - https:\/\/yoast.com\/wordpress\/plugins\/seo\/ -->\n<title>U marketu &quot;Solaris&quot; Ulcinj prona\u0111ene dvije mrtve osobe - Video - Lajme nga Ulqini<\/title>\n<meta name=\"description\" content=\"Be\u017eivotna tijela Ulcinjana Marka Duka\u0111ina i Aldijane Ceke prona\u0111ena su sino\u0107 oko 19.45 \u010dasova u u kancelariji marketa \u201cSolaris\u201d u Ulcinju. Ceka je, prema\" \/>\n<meta name=\"robots\" content=\"index, follow, max-snippet:-1, max-image-preview:large, max-video-preview:-1\" \/>\n<link rel=\"canonical\" href=\"https:\/\/www.visit-ulcinj.com\/blog\/2014\/05\/30\/u-marketu-solaris-ulcinj-pronadene-dvije-mrtve-osobe\/\" \/>\n<meta property=\"og:locale\" content=\"en_US\" \/>\n<meta property=\"og:type\" content=\"article\" \/>\n<meta property=\"og:title\" content=\"U marketu &quot;Solaris&quot; Ulcinj prona\u0111ene dvije mrtve osobe - Video - Lajme nga Ulqini\" \/>\n<meta property=\"og:description\" content=\"Be\u017eivotna tijela Ulcinjana Marka Duka\u0111ina i Aldijane Ceke prona\u0111ena su sino\u0107 oko 19.45 \u010dasova u u kancelariji marketa \u201cSolaris\u201d u Ulcinju. Ceka je, prema\" \/>\n<meta property=\"og:url\" content=\"https:\/\/www.visit-ulcinj.com\/blog\/2014\/05\/30\/u-marketu-solaris-ulcinj-pronadene-dvije-mrtve-osobe\/\" \/>\n<meta property=\"og:site_name\" content=\"Lajme nga Ulqini\" \/>\n<meta property=\"article:published_time\" content=\"2014-05-30T14:01:43+00:00\" \/>\n<meta property=\"article:modified_time\" content=\"2014-05-31T12:30:52+00:00\" \/>\n<meta property=\"og:image\" content=\"http:\/\/www.visit-ulcinj.com\/blog\/wp-content\/uploads\/2014\/05\/solaris-ulqin.jpg\" \/>\n<meta name=\"twitter:label1\" content=\"Written by\" \/>\n\t<meta name=\"twitter:data1\" content=\"ulqini\" \/>\n\t<meta name=\"twitter:label2\" content=\"Est. reading time\" \/>\n\t<meta name=\"twitter:data2\" content=\"2 minutes\" \/>\n<script type=\"application\/ld+json\" class=\"yoast-schema-graph\">{\"@context\":\"https:\/\/schema.org\",\"@graph\":[{\"@type\":\"WebSite\",\"@id\":\"https:\/\/www.visit-ulcinj.com\/blog\/#website\",\"url\":\"https:\/\/www.visit-ulcinj.com\/blog\/\",\"name\":\"Lajme nga Ulqini\",\"description\":\"Lajme,Vijesti,Ulqini,Ulqin,Crna Gora,Mali i Zi\",\"potentialAction\":[{\"@type\":\"SearchAction\",\"target\":{\"@type\":\"EntryPoint\",\"urlTemplate\":\"https:\/\/www.visit-ulcinj.com\/blog\/?s={search_term_string}\"},\"query-input\":\"required name=search_term_string\"}],\"inLanguage\":\"en-US\"},{\"@type\":\"ImageObject\",\"inLanguage\":\"en-US\",\"@id\":\"https:\/\/www.visit-ulcinj.com\/blog\/2014\/05\/30\/u-marketu-solaris-ulcinj-pronadene-dvije-mrtve-osobe\/#primaryimage\",\"url\":\"https:\/\/www.visit-ulcinj.com\/blog\/wp-content\/uploads\/2014\/05\/solaris-ulqin.jpg\",\"contentUrl\":\"https:\/\/www.visit-ulcinj.com\/blog\/wp-content\/uploads\/2014\/05\/solaris-ulqin.jpg\",\"width\":633,\"height\":347},{\"@type\":\"WebPage\",\"@id\":\"https:\/\/www.visit-ulcinj.com\/blog\/2014\/05\/30\/u-marketu-solaris-ulcinj-pronadene-dvije-mrtve-osobe\/#webpage\",\"url\":\"https:\/\/www.visit-ulcinj.com\/blog\/2014\/05\/30\/u-marketu-solaris-ulcinj-pronadene-dvije-mrtve-osobe\/\",\"name\":\"U marketu \\\"Solaris\\\" Ulcinj prona\u0111ene dvije mrtve osobe - Video - Lajme nga Ulqini\",\"isPartOf\":{\"@id\":\"https:\/\/www.visit-ulcinj.com\/blog\/#website\"},\"primaryImageOfPage\":{\"@id\":\"https:\/\/www.visit-ulcinj.com\/blog\/2014\/05\/30\/u-marketu-solaris-ulcinj-pronadene-dvije-mrtve-osobe\/#primaryimage\"},\"datePublished\":\"2014-05-30T14:01:43+00:00\",\"dateModified\":\"2014-05-31T12:30:52+00:00\",\"author\":{\"@id\":\"https:\/\/www.visit-ulcinj.com\/blog\/#\/schema\/person\/dcab619c614d3038751c63bc2aadc06d\"},\"description\":\"Be\u017eivotna tijela Ulcinjana Marka Duka\u0111ina i Aldijane Ceke prona\u0111ena su sino\u0107 oko 19.45 \u010dasova u u kancelariji marketa \u201cSolaris\u201d u Ulcinju. Ceka je, prema\",\"breadcrumb\":{\"@id\":\"https:\/\/www.visit-ulcinj.com\/blog\/2014\/05\/30\/u-marketu-solaris-ulcinj-pronadene-dvije-mrtve-osobe\/#breadcrumb\"},\"inLanguage\":\"en-US\",\"potentialAction\":[{\"@type\":\"ReadAction\",\"target\":[\"https:\/\/www.visit-ulcinj.com\/blog\/2014\/05\/30\/u-marketu-solaris-ulcinj-pronadene-dvije-mrtve-osobe\/\"]}]},{\"@type\":\"BreadcrumbList\",\"@id\":\"https:\/\/www.visit-ulcinj.com\/blog\/2014\/05\/30\/u-marketu-solaris-ulcinj-pronadene-dvije-mrtve-osobe\/#breadcrumb\",\"itemListElement\":[{\"@type\":\"ListItem\",\"position\":1,\"name\":\"U marketu &#8220;Solaris&#8221; Ulcinj prona\u0111ene dvije mrtve osobe &#8211; Video\"}]},{\"@type\":\"Person\",\"@id\":\"https:\/\/www.visit-ulcinj.com\/blog\/#\/schema\/person\/dcab619c614d3038751c63bc2aadc06d\",\"name\":\"ulqini\",\"sameAs\":[\"http:\/\/www.visit-ulcinj.com\"],\"url\":\"https:\/\/www.visit-ulcinj.com\/blog\/author\/admin\/\"}]}<\/script>\n<!-- \/ Yoast SEO plugin. -->","yoast_head_json":{"title":"U marketu \"Solaris\" Ulcinj prona\u0111ene dvije mrtve osobe - Video - Lajme nga Ulqini","description":"Be\u017eivotna tijela Ulcinjana Marka Duka\u0111ina i Aldijane Ceke prona\u0111ena su sino\u0107 oko 19.45 \u010dasova u u kancelariji marketa \u201cSolaris\u201d u Ulcinju. Ceka je, prema","robots":{"index":"index","follow":"follow","max-snippet":"max-snippet:-1","max-image-preview":"max-image-preview:large","max-video-preview":"max-video-preview:-1"},"canonical":"https:\/\/www.visit-ulcinj.com\/blog\/2014\/05\/30\/u-marketu-solaris-ulcinj-pronadene-dvije-mrtve-osobe\/","og_locale":"en_US","og_type":"article","og_title":"U marketu \"Solaris\" Ulcinj prona\u0111ene dvije mrtve osobe - Video - Lajme nga Ulqini","og_description":"Be\u017eivotna tijela Ulcinjana Marka Duka\u0111ina i Aldijane Ceke prona\u0111ena su sino\u0107 oko 19.45 \u010dasova u u kancelariji marketa \u201cSolaris\u201d u Ulcinju. Ceka je, prema","og_url":"https:\/\/www.visit-ulcinj.com\/blog\/2014\/05\/30\/u-marketu-solaris-ulcinj-pronadene-dvije-mrtve-osobe\/","og_site_name":"Lajme nga Ulqini","article_published_time":"2014-05-30T14:01:43+00:00","article_modified_time":"2014-05-31T12:30:52+00:00","og_image":[{"url":"http:\/\/www.visit-ulcinj.com\/blog\/wp-content\/uploads\/2014\/05\/solaris-ulqin.jpg"}],"twitter_misc":{"Written by":"ulqini","Est. reading time":"2 minutes"},"schema":{"@context":"https:\/\/schema.org","@graph":[{"@type":"WebSite","@id":"https:\/\/www.visit-ulcinj.com\/blog\/#website","url":"https:\/\/www.visit-ulcinj.com\/blog\/","name":"Lajme nga Ulqini","description":"Lajme,Vijesti,Ulqini,Ulqin,Crna Gora,Mali i Zi","potentialAction":[{"@type":"SearchAction","target":{"@type":"EntryPoint","urlTemplate":"https:\/\/www.visit-ulcinj.com\/blog\/?s={search_term_string}"},"query-input":"required name=search_term_string"}],"inLanguage":"en-US"},{"@type":"ImageObject","inLanguage":"en-US","@id":"https:\/\/www.visit-ulcinj.com\/blog\/2014\/05\/30\/u-marketu-solaris-ulcinj-pronadene-dvije-mrtve-osobe\/#primaryimage","url":"https:\/\/www.visit-ulcinj.com\/blog\/wp-content\/uploads\/2014\/05\/solaris-ulqin.jpg","contentUrl":"https:\/\/www.visit-ulcinj.com\/blog\/wp-content\/uploads\/2014\/05\/solaris-ulqin.jpg","width":633,"height":347},{"@type":"WebPage","@id":"https:\/\/www.visit-ulcinj.com\/blog\/2014\/05\/30\/u-marketu-solaris-ulcinj-pronadene-dvije-mrtve-osobe\/#webpage","url":"https:\/\/www.visit-ulcinj.com\/blog\/2014\/05\/30\/u-marketu-solaris-ulcinj-pronadene-dvije-mrtve-osobe\/","name":"U marketu \"Solaris\" Ulcinj prona\u0111ene dvije mrtve osobe - Video - Lajme nga Ulqini","isPartOf":{"@id":"https:\/\/www.visit-ulcinj.com\/blog\/#website"},"primaryImageOfPage":{"@id":"https:\/\/www.visit-ulcinj.com\/blog\/2014\/05\/30\/u-marketu-solaris-ulcinj-pronadene-dvije-mrtve-osobe\/#primaryimage"},"datePublished":"2014-05-30T14:01:43+00:00","dateModified":"2014-05-31T12:30:52+00:00","author":{"@id":"https:\/\/www.visit-ulcinj.com\/blog\/#\/schema\/person\/dcab619c614d3038751c63bc2aadc06d"},"description":"Be\u017eivotna tijela Ulcinjana Marka Duka\u0111ina i Aldijane Ceke prona\u0111ena su sino\u0107 oko 19.45 \u010dasova u u kancelariji marketa \u201cSolaris\u201d u Ulcinju. Ceka je, prema","breadcrumb":{"@id":"https:\/\/www.visit-ulcinj.com\/blog\/2014\/05\/30\/u-marketu-solaris-ulcinj-pronadene-dvije-mrtve-osobe\/#breadcrumb"},"inLanguage":"en-US","potentialAction":[{"@type":"ReadAction","target":["https:\/\/www.visit-ulcinj.com\/blog\/2014\/05\/30\/u-marketu-solaris-ulcinj-pronadene-dvije-mrtve-osobe\/"]}]},{"@type":"BreadcrumbList","@id":"https:\/\/www.visit-ulcinj.com\/blog\/2014\/05\/30\/u-marketu-solaris-ulcinj-pronadene-dvije-mrtve-osobe\/#breadcrumb","itemListElement":[{"@type":"ListItem","position":1,"name":"U marketu &#8220;Solaris&#8221; Ulcinj prona\u0111ene dvije mrtve osobe &#8211; Video"}]},{"@type":"Person","@id":"https:\/\/www.visit-ulcinj.com\/blog\/#\/schema\/person\/dcab619c614d3038751c63bc2aadc06d","name":"ulqini","sameAs":["http:\/\/www.visit-ulcinj.com"],"url":"https:\/\/www.visit-ulcinj.com\/blog\/author\/admin\/"}]}},"jetpack_featured_media_url":"","jetpack_sharing_enabled":true,"jetpack_shortlink":"https:\/\/wp.me\/pe6lTn-lv2","_links":{"self":[{"href":"https:\/\/www.visit-ulcinj.com\/blog\/wp-json\/wp\/v2\/posts\/82648"}],"collection":[{"href":"https:\/\/www.visit-ulcinj.com\/blog\/wp-json\/wp\/v2\/posts"}],"about":[{"href":"https:\/\/www.visit-ulcinj.com\/blog\/wp-json\/wp\/v2\/types\/post"}],"author":[{"embeddable":true,"href":"https:\/\/www.visit-ulcinj.com\/blog\/wp-json\/wp\/v2\/users\/1"}],"replies":[{"embeddable":true,"href":"https:\/\/www.visit-ulcinj.com\/blog\/wp-json\/wp\/v2\/comments?post=82648"}],"version-history":[{"count":2,"href":"https:\/\/www.visit-ulcinj.com\/blog\/wp-json\/wp\/v2\/posts\/82648\/revisions"}],"predecessor-version":[{"id":82671,"href":"https:\/\/www.visit-ulcinj.com\/blog\/wp-json\/wp\/v2\/posts\/82648\/revisions\/82671"}],"wp:attachment":[{"href":"https:\/\/www.visit-ulcinj.com\/blog\/wp-json\/wp\/v2\/media?parent=82648"}],"wp:term":[{"taxonomy":"category","embeddable":true,"href":"https:\/\/www.visit-ulcinj.com\/blog\/wp-json\/wp\/v2\/categories?post=82648"},{"taxonomy":"post_tag","embeddable":true,"href":"https:\/\/www.visit-ulcinj.com\/blog\/wp-json\/wp\/v2\/tags?post=82648"}],"curies":[{"name":"wp","href":"https:\/\/api.w.org\/{rel}","templated":true}]}}