{"id":8266,"date":"2009-01-09T17:13:08","date_gmt":"2009-01-09T16:13:08","guid":{"rendered":"http:\/\/www.visit-ulcinj.com\/blog\/?p=8266"},"modified":"2009-01-09T17:22:16","modified_gmt":"2009-01-09T16:22:16","slug":"u-ulcinj-juce-poceli-radovi-vrijedni-milion-eura","status":"publish","type":"post","link":"https:\/\/www.visit-ulcinj.com\/blog\/2009\/01\/09\/u-ulcinj-juce-poceli-radovi-vrijedni-milion-eura\/","title":{"rendered":"U  Ulcinj ju?e po?eli radovi vrijedni milion eura"},"content":{"rendered":"<p><strong><a title=\"ulcinj\" href=\"http:\/\/www.visit-ulcinj.com\/blog\/wp-content\/uploads\/2009\/01\/kaldrma-za-dusu-carsije-ulcinja.jpg\" target=\"_blank\"><img loading=\"lazy\" class=\"alignleft size-full wp-image-8267\" title=\"kaldrma-za-dusu-carsije-ulcinja\" src=\"http:\/\/www.visit-ulcinj.com\/blog\/wp-content\/uploads\/2009\/01\/kaldrma-za-dusu-carsije-ulcinja.jpg\" alt=\"kaldrma-za-dusu-carsije-ulcinja\" width=\"368\" height=\"277\" srcset=\"https:\/\/www.visit-ulcinj.com\/blog\/wp-content\/uploads\/2009\/01\/kaldrma-za-dusu-carsije-ulcinja.jpg 1024w, https:\/\/www.visit-ulcinj.com\/blog\/wp-content\/uploads\/2009\/01\/kaldrma-za-dusu-carsije-ulcinja-300x225.jpg 300w\" sizes=\"(max-width: 368px) 100vw, 368px\" \/><\/a>U najju\u017enijem crnogorskom gradu ju?e po?eli radovi vrijedni milion eura<br \/>\nKaldrma za du\u0161u ?ar\u0161ije<\/strong><br \/>\nUlcinj &#8211; Bosanska firma \u201eProminvest\u201c po?ela je ju?e postavljanje kaldrme u dijelu Stare ?ar\u0161ije, na ulici od kru\u017enog toka do biv\u0161eg SDK u Ulcinju.<br \/>\nGradona?elnik Gzim Hajdinaga kazao je za \u201eVijesti\u201c da je vrijednost investicije oko milion eura i naveo da ?e radovi biti okon?ani u roku od 80 dana.<br \/>\nOn je najavio da ?e saobra?ajnica u novom ruhu sve?ano biti otorena 4. aprila, na Dan op\u0161tine.<br \/>\n&#8211; Kaldrma ?e Staroj ?ar\u0161iji vratiti stari sjaj i imid\u017e. Uporedo sa tim radovima, bi?e izmijenjena i komunalna infrastruktura, koja je stara vi\u0161e od 60 godina. Tako?e, vjerujem da ?emo dobiti saglasnost saobra?ajnih eksperata za otvaranje i stavljanje u funkciju stare ?esme preko puta \u201eBonite\u201c &#8211; kazao je Hajdinaga.<br \/>\nOn se vlasnicima radnji i objekata du\u017e ulice na kojoj ?e biti postavljena kaldrma zahvalio na razumijevanju i strpljenju.<br \/>\nDruga faza projekta, tokom koje ?e kaldrma biti postavljena u Novoj mahali do d\u017eamije i ulicom koja povezuje taj dio grada sa Starom ?ar\u0161ijom, kako je kazao Hajdinaga, bi?e realizovana nakon ljeta.<br \/>\n<strong>S.A<br \/>\nIzvor \/ Vijesti<\/strong><\/p>\n<p><a title=\"http:\/\/www.ulqini.de\/shqip.htm\" href=\"http:\/\/www.ulqini.de\/shqip.htm\" target=\"_blank\"><strong>Eskluzive Foto www.Ulqini.de<\/strong><\/a><\/p>\n<p><strong>\n\t\t<style type=\"text\/css\">\n\t\t\t#gallery-1 {\n\t\t\t\tmargin: auto;\n\t\t\t}\n\t\t\t#gallery-1 .gallery-item {\n\t\t\t\tfloat: left;\n\t\t\t\tmargin-top: 10px;\n\t\t\t\ttext-align: center;\n\t\t\t\twidth: 33%;\n\t\t\t}\n\t\t\t#gallery-1 img {\n\t\t\t\tborder: 2px solid #cfcfcf;\n\t\t\t}\n\t\t\t#gallery-1 .gallery-caption {\n\t\t\t\tmargin-left: 0;\n\t\t\t}\n\t\t\t\/* see gallery_shortcode() in wp-includes\/media.php *\/\n\t\t<\/style>\n\t\t<div id='gallery-1' class='gallery galleryid-8266 gallery-columns-3 gallery-size-thumbnail'><dl class='gallery-item'>\n\t\t\t<dt class='gallery-icon landscape'>\n\t\t\t\t<a href='https:\/\/www.visit-ulcinj.com\/blog\/wp-content\/uploads\/2009\/01\/kaldrma-za-dusu-carsije-ulcinja.jpg'><img width=\"150\" height=\"150\" src=\"https:\/\/www.visit-ulcinj.com\/blog\/wp-content\/uploads\/2009\/01\/kaldrma-za-dusu-carsije-ulcinja-150x150.jpg\" class=\"attachment-thumbnail size-thumbnail\" alt=\"\" loading=\"lazy\" \/><\/a>\n\t\t\t<\/dt><\/dl><dl class='gallery-item'>\n\t\t\t<dt class='gallery-icon landscape'>\n\t\t\t\t<a href='https:\/\/www.visit-ulcinj.com\/blog\/wp-content\/uploads\/2009\/01\/kaldrma-za-dusu-carsije-ulcinja1.jpg'><img width=\"150\" height=\"150\" src=\"https:\/\/www.visit-ulcinj.com\/blog\/wp-content\/uploads\/2009\/01\/kaldrma-za-dusu-carsije-ulcinja1-150x150.jpg\" class=\"attachment-thumbnail size-thumbnail\" alt=\"\" loading=\"lazy\" \/><\/a>\n\t\t\t<\/dt><\/dl><dl class='gallery-item'>\n\t\t\t<dt class='gallery-icon landscape'>\n\t\t\t\t<a href='https:\/\/www.visit-ulcinj.com\/blog\/wp-content\/uploads\/2009\/01\/gradonacelnik-ulcinja-gzim-hajdinaga.jpg'><img width=\"150\" height=\"150\" src=\"https:\/\/www.visit-ulcinj.com\/blog\/wp-content\/uploads\/2009\/01\/gradonacelnik-ulcinja-gzim-hajdinaga-150x150.jpg\" class=\"attachment-thumbnail size-thumbnail\" alt=\"\" loading=\"lazy\" \/><\/a>\n\t\t\t<\/dt><\/dl><br style=\"clear: both\" \/>\n\t\t<\/div>\n<br \/>\n<\/strong><\/p>\n<p><strong><br \/>\n<\/strong><\/p>\n<p><strong><br \/>\n<\/strong><\/p>\n<p><strong><br \/>\n<\/strong><\/p>\n<p><strong><br \/>\n<\/strong><\/p>\n<p><strong><br \/>\n<\/strong><\/p>\n","protected":false},"excerpt":{"rendered":"<p>U najju\u017enijem crnogorskom gradu ju?e po?eli radovi vrijedni milion eura Kaldrma za du\u0161u ?ar\u0161ije Ulcinj &#8211; Bosanska firma \u201eProminvest\u201c po?ela je ju?e postavljanje kaldrme u dijelu Stare ?ar\u0161ije, na ulici od kru\u017enog toka do biv\u0161eg SDK u Ulcinju. Gradona?elnik Gzim Hajdinaga kazao je za \u201eVijesti\u201c da je vrijednost investicije oko milion eura i naveo da [&hellip;]<\/p>\n","protected":false},"author":1,"featured_media":0,"comment_status":"open","ping_status":"closed","sticky":false,"template":"","format":"standard","meta":{"spay_email":"","jetpack_publicize_message":"","jetpack_is_tweetstorm":false,"jetpack_publicize_feature_enabled":true},"categories":[11],"tags":[2107,5625,2417,5626],"jetpack_publicize_connections":[],"yoast_head":"<!-- This site is optimized with the Yoast SEO plugin v19.1 - https:\/\/yoast.com\/wordpress\/plugins\/seo\/ -->\n<title>U Ulcinj ju?e po?eli radovi vrijedni milion eura - Lajme nga Ulqini<\/title>\n<meta name=\"description\" content=\"U najju\u017enijem crnogorskom gradu ju?e po?eli radovi vrijedni milion eura Kaldrma za du\u0161u ?ar\u0161ije Ulcinj - Bosanska firma \u201eProminvest\u201c po?ela je ju?e\" \/>\n<meta name=\"robots\" content=\"index, follow, max-snippet:-1, max-image-preview:large, max-video-preview:-1\" \/>\n<link rel=\"canonical\" href=\"https:\/\/www.visit-ulcinj.com\/blog\/2009\/01\/09\/u-ulcinj-juce-poceli-radovi-vrijedni-milion-eura\/\" \/>\n<meta property=\"og:locale\" content=\"en_US\" \/>\n<meta property=\"og:type\" content=\"article\" \/>\n<meta property=\"og:title\" content=\"U Ulcinj ju?e po?eli radovi vrijedni milion eura - Lajme nga Ulqini\" \/>\n<meta property=\"og:description\" content=\"U najju\u017enijem crnogorskom gradu ju?e po?eli radovi vrijedni milion eura Kaldrma za du\u0161u ?ar\u0161ije Ulcinj - Bosanska firma \u201eProminvest\u201c po?ela je ju?e\" \/>\n<meta property=\"og:url\" content=\"https:\/\/www.visit-ulcinj.com\/blog\/2009\/01\/09\/u-ulcinj-juce-poceli-radovi-vrijedni-milion-eura\/\" \/>\n<meta property=\"og:site_name\" content=\"Lajme nga Ulqini\" \/>\n<meta property=\"article:published_time\" content=\"2009-01-09T16:13:08+00:00\" \/>\n<meta property=\"article:modified_time\" content=\"2009-01-09T16:22:16+00:00\" \/>\n<meta property=\"og:image\" content=\"https:\/\/www.visit-ulcinj.com\/blog\/wp-content\/uploads\/2009\/01\/kaldrma-za-dusu-carsije-ulcinja-150x150.jpg\" \/>\n<meta name=\"twitter:label1\" content=\"Written by\" \/>\n\t<meta name=\"twitter:data1\" content=\"ulqini\" \/>\n\t<meta name=\"twitter:label2\" content=\"Est. reading time\" \/>\n\t<meta name=\"twitter:data2\" content=\"1 minute\" \/>\n<script type=\"application\/ld+json\" class=\"yoast-schema-graph\">{\"@context\":\"https:\/\/schema.org\",\"@graph\":[{\"@type\":\"WebSite\",\"@id\":\"https:\/\/www.visit-ulcinj.com\/blog\/#website\",\"url\":\"https:\/\/www.visit-ulcinj.com\/blog\/\",\"name\":\"Lajme nga Ulqini\",\"description\":\"Lajme,Vijesti,Ulqini,Ulqin,Crna Gora,Mali i Zi\",\"potentialAction\":[{\"@type\":\"SearchAction\",\"target\":{\"@type\":\"EntryPoint\",\"urlTemplate\":\"https:\/\/www.visit-ulcinj.com\/blog\/?s={search_term_string}\"},\"query-input\":\"required name=search_term_string\"}],\"inLanguage\":\"en-US\"},{\"@type\":\"ImageObject\",\"inLanguage\":\"en-US\",\"@id\":\"https:\/\/www.visit-ulcinj.com\/blog\/2009\/01\/09\/u-ulcinj-juce-poceli-radovi-vrijedni-milion-eura\/#primaryimage\",\"url\":\"https:\/\/www.visit-ulcinj.com\/blog\/wp-content\/uploads\/2009\/01\/kaldrma-za-dusu-carsije-ulcinja.jpg\",\"contentUrl\":\"https:\/\/www.visit-ulcinj.com\/blog\/wp-content\/uploads\/2009\/01\/kaldrma-za-dusu-carsije-ulcinja.jpg\",\"width\":\"1024\",\"height\":\"768\"},{\"@type\":\"WebPage\",\"@id\":\"https:\/\/www.visit-ulcinj.com\/blog\/2009\/01\/09\/u-ulcinj-juce-poceli-radovi-vrijedni-milion-eura\/#webpage\",\"url\":\"https:\/\/www.visit-ulcinj.com\/blog\/2009\/01\/09\/u-ulcinj-juce-poceli-radovi-vrijedni-milion-eura\/\",\"name\":\"U Ulcinj ju?e po?eli radovi vrijedni milion eura - Lajme nga Ulqini\",\"isPartOf\":{\"@id\":\"https:\/\/www.visit-ulcinj.com\/blog\/#website\"},\"primaryImageOfPage\":{\"@id\":\"https:\/\/www.visit-ulcinj.com\/blog\/2009\/01\/09\/u-ulcinj-juce-poceli-radovi-vrijedni-milion-eura\/#primaryimage\"},\"datePublished\":\"2009-01-09T16:13:08+00:00\",\"dateModified\":\"2009-01-09T16:22:16+00:00\",\"author\":{\"@id\":\"https:\/\/www.visit-ulcinj.com\/blog\/#\/schema\/person\/dcab619c614d3038751c63bc2aadc06d\"},\"description\":\"U najju\u017enijem crnogorskom gradu ju?e po?eli radovi vrijedni milion eura Kaldrma za du\u0161u ?ar\u0161ije Ulcinj - Bosanska firma \u201eProminvest\u201c po?ela je ju?e\",\"breadcrumb\":{\"@id\":\"https:\/\/www.visit-ulcinj.com\/blog\/2009\/01\/09\/u-ulcinj-juce-poceli-radovi-vrijedni-milion-eura\/#breadcrumb\"},\"inLanguage\":\"en-US\",\"potentialAction\":[{\"@type\":\"ReadAction\",\"target\":[\"https:\/\/www.visit-ulcinj.com\/blog\/2009\/01\/09\/u-ulcinj-juce-poceli-radovi-vrijedni-milion-eura\/\"]}]},{\"@type\":\"BreadcrumbList\",\"@id\":\"https:\/\/www.visit-ulcinj.com\/blog\/2009\/01\/09\/u-ulcinj-juce-poceli-radovi-vrijedni-milion-eura\/#breadcrumb\",\"itemListElement\":[{\"@type\":\"ListItem\",\"position\":1,\"name\":\"U Ulcinj ju?e po?eli radovi vrijedni milion eura\"}]},{\"@type\":\"Person\",\"@id\":\"https:\/\/www.visit-ulcinj.com\/blog\/#\/schema\/person\/dcab619c614d3038751c63bc2aadc06d\",\"name\":\"ulqini\",\"sameAs\":[\"http:\/\/www.visit-ulcinj.com\"],\"url\":\"https:\/\/www.visit-ulcinj.com\/blog\/author\/admin\/\"}]}<\/script>\n<!-- \/ Yoast SEO plugin. -->","yoast_head_json":{"title":"U Ulcinj ju?e po?eli radovi vrijedni milion eura - Lajme nga Ulqini","description":"U najju\u017enijem crnogorskom gradu ju?e po?eli radovi vrijedni milion eura Kaldrma za du\u0161u ?ar\u0161ije Ulcinj - Bosanska firma \u201eProminvest\u201c po?ela je ju?e","robots":{"index":"index","follow":"follow","max-snippet":"max-snippet:-1","max-image-preview":"max-image-preview:large","max-video-preview":"max-video-preview:-1"},"canonical":"https:\/\/www.visit-ulcinj.com\/blog\/2009\/01\/09\/u-ulcinj-juce-poceli-radovi-vrijedni-milion-eura\/","og_locale":"en_US","og_type":"article","og_title":"U Ulcinj ju?e po?eli radovi vrijedni milion eura - Lajme nga Ulqini","og_description":"U najju\u017enijem crnogorskom gradu ju?e po?eli radovi vrijedni milion eura Kaldrma za du\u0161u ?ar\u0161ije Ulcinj - Bosanska firma \u201eProminvest\u201c po?ela je ju?e","og_url":"https:\/\/www.visit-ulcinj.com\/blog\/2009\/01\/09\/u-ulcinj-juce-poceli-radovi-vrijedni-milion-eura\/","og_site_name":"Lajme nga Ulqini","article_published_time":"2009-01-09T16:13:08+00:00","article_modified_time":"2009-01-09T16:22:16+00:00","og_image":[{"url":"https:\/\/www.visit-ulcinj.com\/blog\/wp-content\/uploads\/2009\/01\/kaldrma-za-dusu-carsije-ulcinja-150x150.jpg"}],"twitter_misc":{"Written by":"ulqini","Est. reading time":"1 minute"},"schema":{"@context":"https:\/\/schema.org","@graph":[{"@type":"WebSite","@id":"https:\/\/www.visit-ulcinj.com\/blog\/#website","url":"https:\/\/www.visit-ulcinj.com\/blog\/","name":"Lajme nga Ulqini","description":"Lajme,Vijesti,Ulqini,Ulqin,Crna Gora,Mali i Zi","potentialAction":[{"@type":"SearchAction","target":{"@type":"EntryPoint","urlTemplate":"https:\/\/www.visit-ulcinj.com\/blog\/?s={search_term_string}"},"query-input":"required name=search_term_string"}],"inLanguage":"en-US"},{"@type":"ImageObject","inLanguage":"en-US","@id":"https:\/\/www.visit-ulcinj.com\/blog\/2009\/01\/09\/u-ulcinj-juce-poceli-radovi-vrijedni-milion-eura\/#primaryimage","url":"https:\/\/www.visit-ulcinj.com\/blog\/wp-content\/uploads\/2009\/01\/kaldrma-za-dusu-carsije-ulcinja.jpg","contentUrl":"https:\/\/www.visit-ulcinj.com\/blog\/wp-content\/uploads\/2009\/01\/kaldrma-za-dusu-carsije-ulcinja.jpg","width":"1024","height":"768"},{"@type":"WebPage","@id":"https:\/\/www.visit-ulcinj.com\/blog\/2009\/01\/09\/u-ulcinj-juce-poceli-radovi-vrijedni-milion-eura\/#webpage","url":"https:\/\/www.visit-ulcinj.com\/blog\/2009\/01\/09\/u-ulcinj-juce-poceli-radovi-vrijedni-milion-eura\/","name":"U Ulcinj ju?e po?eli radovi vrijedni milion eura - Lajme nga Ulqini","isPartOf":{"@id":"https:\/\/www.visit-ulcinj.com\/blog\/#website"},"primaryImageOfPage":{"@id":"https:\/\/www.visit-ulcinj.com\/blog\/2009\/01\/09\/u-ulcinj-juce-poceli-radovi-vrijedni-milion-eura\/#primaryimage"},"datePublished":"2009-01-09T16:13:08+00:00","dateModified":"2009-01-09T16:22:16+00:00","author":{"@id":"https:\/\/www.visit-ulcinj.com\/blog\/#\/schema\/person\/dcab619c614d3038751c63bc2aadc06d"},"description":"U najju\u017enijem crnogorskom gradu ju?e po?eli radovi vrijedni milion eura Kaldrma za du\u0161u ?ar\u0161ije Ulcinj - Bosanska firma \u201eProminvest\u201c po?ela je ju?e","breadcrumb":{"@id":"https:\/\/www.visit-ulcinj.com\/blog\/2009\/01\/09\/u-ulcinj-juce-poceli-radovi-vrijedni-milion-eura\/#breadcrumb"},"inLanguage":"en-US","potentialAction":[{"@type":"ReadAction","target":["https:\/\/www.visit-ulcinj.com\/blog\/2009\/01\/09\/u-ulcinj-juce-poceli-radovi-vrijedni-milion-eura\/"]}]},{"@type":"BreadcrumbList","@id":"https:\/\/www.visit-ulcinj.com\/blog\/2009\/01\/09\/u-ulcinj-juce-poceli-radovi-vrijedni-milion-eura\/#breadcrumb","itemListElement":[{"@type":"ListItem","position":1,"name":"U Ulcinj ju?e po?eli radovi vrijedni milion eura"}]},{"@type":"Person","@id":"https:\/\/www.visit-ulcinj.com\/blog\/#\/schema\/person\/dcab619c614d3038751c63bc2aadc06d","name":"ulqini","sameAs":["http:\/\/www.visit-ulcinj.com"],"url":"https:\/\/www.visit-ulcinj.com\/blog\/author\/admin\/"}]}},"jetpack_featured_media_url":"","jetpack_sharing_enabled":true,"jetpack_shortlink":"https:\/\/wp.me\/pe6lTn-29k","_links":{"self":[{"href":"https:\/\/www.visit-ulcinj.com\/blog\/wp-json\/wp\/v2\/posts\/8266"}],"collection":[{"href":"https:\/\/www.visit-ulcinj.com\/blog\/wp-json\/wp\/v2\/posts"}],"about":[{"href":"https:\/\/www.visit-ulcinj.com\/blog\/wp-json\/wp\/v2\/types\/post"}],"author":[{"embeddable":true,"href":"https:\/\/www.visit-ulcinj.com\/blog\/wp-json\/wp\/v2\/users\/1"}],"replies":[{"embeddable":true,"href":"https:\/\/www.visit-ulcinj.com\/blog\/wp-json\/wp\/v2\/comments?post=8266"}],"version-history":[{"count":0,"href":"https:\/\/www.visit-ulcinj.com\/blog\/wp-json\/wp\/v2\/posts\/8266\/revisions"}],"wp:attachment":[{"href":"https:\/\/www.visit-ulcinj.com\/blog\/wp-json\/wp\/v2\/media?parent=8266"}],"wp:term":[{"taxonomy":"category","embeddable":true,"href":"https:\/\/www.visit-ulcinj.com\/blog\/wp-json\/wp\/v2\/categories?post=8266"},{"taxonomy":"post_tag","embeddable":true,"href":"https:\/\/www.visit-ulcinj.com\/blog\/wp-json\/wp\/v2\/tags?post=8266"}],"curies":[{"name":"wp","href":"https:\/\/api.w.org\/{rel}","templated":true}]}}