{"id":82661,"date":"2014-05-30T18:41:26","date_gmt":"2014-05-30T17:41:26","guid":{"rendered":"http:\/\/www.visit-ulcinj.com\/blog\/?p=82661"},"modified":"2014-05-31T13:33:26","modified_gmt":"2014-05-31T12:33:26","slug":"sot-netivar-solemnisht-u-hap-qendra-kulturore-islamike-dhe-xhamia-e-selimit","status":"publish","type":"post","link":"https:\/\/www.visit-ulcinj.com\/blog\/2014\/05\/30\/sot-netivar-solemnisht-u-hap-qendra-kulturore-islamike-dhe-xhamia-e-selimit\/","title":{"rendered":"Sot n\u00eb Tivar solemnisht u hap Qendra kulturore islamike dhe Xhamia e Selimit &#8211; Video"},"content":{"rendered":"<p><strong><a href=\"http:\/\/www.visit-ulcinj.com\/blog\/wp-content\/uploads\/2014\/05\/Qendra-kulturore-islamike-ne-Tivar.jpg\"><img loading=\"lazy\" class=\"alignleft  wp-image-82662\" alt=\"Qendra kulturore islamike ne Tivar\" src=\"http:\/\/www.visit-ulcinj.com\/blog\/wp-content\/uploads\/2014\/05\/Qendra-kulturore-islamike-ne-Tivar.jpg\" width=\"508\" height=\"360\" \/><\/a>Hapet qendra kulturore historike dhe xhamia<\/strong><\/p>\n<p>Sot n\u00ebTivar\u00a0 solemnisht u hap Qendra kulturore islamike dhe Xhamia e Selimit\u00a0 me \u00e7 rast u kumtua se ky \u00ebsht\u00eb momenti m\u00eb i r\u00ebnd\u00ebsish\u00ebm n\u00eb historin\u00eb e mysliman\u00ebve n\u00eb Mal t\u00eb Zi . Reisi i Bashk\u00ebsis\u00eb islame n\u00eb Mal t\u00eb Zi Rifat Fejziq ka theksuar se Tivari \u00ebsht\u00eb i njohur si qytet shum\u00eb etnik n\u00eb t\u00eb cilin jetojn\u00eb n\u00eb harmoni t\u00eb gjitha religjionet. Zevend\u00ebs kryeministri i Turqis\u00eb Emrullah Isler ka shprehur p\u00ebrsh\u00ebndetjet e zyrtar\u00ebve turq\u00eb duke i vler\u00ebsuar se hapja e k\u00ebtij objekti \u00ebsht\u00eb v\u00ebrtetim i marr\u00ebdh\u00ebnieve t\u00eb mira nd\u00ebrmjet dy popujve. Sipas fjal\u00ebve t\u00eb tij agjencia qeveritare zhvillimore e Turqis\u00eb Tika ka merita shum\u00eb t\u00eb m\u00ebdha p\u00ebr marr\u00ebdh\u00ebniet e mira nd\u00ebrmjet Malit t\u00eb Zi dhe Turqis\u00eb. P\u00ebr ndryshe Qendra kulturore islamike dhe xhamia n\u00eb Tivar \u00ebsht\u00eb objekti m\u00eb i madh islamik n\u00eb Mal t\u00eb Zi dhe nj\u00ebri nd\u00ebr m\u00eb t\u00eb m\u00ebdhenjt\u00eb n\u00eb Ballkan me nj\u00eb sip\u00ebrfaqe prej 4 mij\u00eb metra katror\u00eb . Nd\u00ebrtimi i k\u00ebtij objekti ka zgjatur 12 vjet n\u00eb disa faza.<\/p>\n<p><strong>TVCG<\/strong><\/p>\n<!--YouTube Error: bad URL entered-->\n","protected":false},"excerpt":{"rendered":"<p>Hapet qendra kulturore historike dhe xhamia Sot n\u00ebTivar\u00a0 solemnisht u hap Qendra kulturore islamike dhe Xhamia e Selimit\u00a0 me \u00e7 rast u kumtua se ky \u00ebsht\u00eb momenti m\u00eb i r\u00ebnd\u00ebsish\u00ebm n\u00eb historin\u00eb e mysliman\u00ebve n\u00eb Mal t\u00eb Zi . Reisi i Bashk\u00ebsis\u00eb islame n\u00eb Mal t\u00eb Zi Rifat Fejziq ka theksuar se Tivari \u00ebsht\u00eb i [&hellip;]<\/p>\n","protected":false},"author":1,"featured_media":0,"comment_status":"closed","ping_status":"closed","sticky":false,"template":"","format":"standard","meta":{"spay_email":"","jetpack_publicize_message":"","jetpack_is_tweetstorm":false,"jetpack_publicize_feature_enabled":true},"categories":[6950],"tags":[],"jetpack_publicize_connections":[],"yoast_head":"<!-- This site is optimized with the Yoast SEO plugin v19.1 - https:\/\/yoast.com\/wordpress\/plugins\/seo\/ -->\n<title>Sot n\u00eb Tivar solemnisht u hap Qendra kulturore islamike dhe Xhamia e Selimit - Video - Lajme nga Ulqini<\/title>\n<meta name=\"description\" content=\"Hapet qendra kulturore historike dhe xhamia Sot n\u00ebTivar\u00a0 solemnisht u hap Qendra kulturore islamike dhe Xhamia e Selimit\u00a0 me \u00e7 rast u kumtua se ky \u00ebsht\u00eb\" \/>\n<meta name=\"robots\" content=\"index, follow, max-snippet:-1, max-image-preview:large, max-video-preview:-1\" \/>\n<link rel=\"canonical\" href=\"https:\/\/www.visit-ulcinj.com\/blog\/2014\/05\/30\/sot-netivar-solemnisht-u-hap-qendra-kulturore-islamike-dhe-xhamia-e-selimit\/\" \/>\n<meta property=\"og:locale\" content=\"en_US\" \/>\n<meta property=\"og:type\" content=\"article\" \/>\n<meta property=\"og:title\" content=\"Sot n\u00eb Tivar solemnisht u hap Qendra kulturore islamike dhe Xhamia e Selimit - Video - Lajme nga Ulqini\" \/>\n<meta property=\"og:description\" content=\"Hapet qendra kulturore historike dhe xhamia Sot n\u00ebTivar\u00a0 solemnisht u hap Qendra kulturore islamike dhe Xhamia e Selimit\u00a0 me \u00e7 rast u kumtua se ky \u00ebsht\u00eb\" \/>\n<meta property=\"og:url\" content=\"https:\/\/www.visit-ulcinj.com\/blog\/2014\/05\/30\/sot-netivar-solemnisht-u-hap-qendra-kulturore-islamike-dhe-xhamia-e-selimit\/\" \/>\n<meta property=\"og:site_name\" content=\"Lajme nga Ulqini\" \/>\n<meta property=\"article:published_time\" content=\"2014-05-30T17:41:26+00:00\" \/>\n<meta property=\"article:modified_time\" content=\"2014-05-31T12:33:26+00:00\" \/>\n<meta property=\"og:image\" content=\"http:\/\/www.visit-ulcinj.com\/blog\/wp-content\/uploads\/2014\/05\/Qendra-kulturore-islamike-ne-Tivar.jpg\" \/>\n<meta name=\"twitter:label1\" content=\"Written by\" \/>\n\t<meta name=\"twitter:data1\" content=\"ulqini\" \/>\n\t<meta name=\"twitter:label2\" content=\"Est. reading time\" \/>\n\t<meta name=\"twitter:data2\" content=\"1 minute\" \/>\n<script type=\"application\/ld+json\" class=\"yoast-schema-graph\">{\"@context\":\"https:\/\/schema.org\",\"@graph\":[{\"@type\":\"WebSite\",\"@id\":\"https:\/\/www.visit-ulcinj.com\/blog\/#website\",\"url\":\"https:\/\/www.visit-ulcinj.com\/blog\/\",\"name\":\"Lajme nga Ulqini\",\"description\":\"Lajme,Vijesti,Ulqini,Ulqin,Crna Gora,Mali i Zi\",\"potentialAction\":[{\"@type\":\"SearchAction\",\"target\":{\"@type\":\"EntryPoint\",\"urlTemplate\":\"https:\/\/www.visit-ulcinj.com\/blog\/?s={search_term_string}\"},\"query-input\":\"required name=search_term_string\"}],\"inLanguage\":\"en-US\"},{\"@type\":\"ImageObject\",\"inLanguage\":\"en-US\",\"@id\":\"https:\/\/www.visit-ulcinj.com\/blog\/2014\/05\/30\/sot-netivar-solemnisht-u-hap-qendra-kulturore-islamike-dhe-xhamia-e-selimit\/#primaryimage\",\"url\":\"https:\/\/www.visit-ulcinj.com\/blog\/wp-content\/uploads\/2014\/05\/Qendra-kulturore-islamike-ne-Tivar.jpg\",\"contentUrl\":\"https:\/\/www.visit-ulcinj.com\/blog\/wp-content\/uploads\/2014\/05\/Qendra-kulturore-islamike-ne-Tivar.jpg\",\"width\":620,\"height\":399},{\"@type\":\"WebPage\",\"@id\":\"https:\/\/www.visit-ulcinj.com\/blog\/2014\/05\/30\/sot-netivar-solemnisht-u-hap-qendra-kulturore-islamike-dhe-xhamia-e-selimit\/#webpage\",\"url\":\"https:\/\/www.visit-ulcinj.com\/blog\/2014\/05\/30\/sot-netivar-solemnisht-u-hap-qendra-kulturore-islamike-dhe-xhamia-e-selimit\/\",\"name\":\"Sot n\u00eb Tivar solemnisht u hap Qendra kulturore islamike dhe Xhamia e Selimit - Video - Lajme nga Ulqini\",\"isPartOf\":{\"@id\":\"https:\/\/www.visit-ulcinj.com\/blog\/#website\"},\"primaryImageOfPage\":{\"@id\":\"https:\/\/www.visit-ulcinj.com\/blog\/2014\/05\/30\/sot-netivar-solemnisht-u-hap-qendra-kulturore-islamike-dhe-xhamia-e-selimit\/#primaryimage\"},\"datePublished\":\"2014-05-30T17:41:26+00:00\",\"dateModified\":\"2014-05-31T12:33:26+00:00\",\"author\":{\"@id\":\"https:\/\/www.visit-ulcinj.com\/blog\/#\/schema\/person\/dcab619c614d3038751c63bc2aadc06d\"},\"description\":\"Hapet qendra kulturore historike dhe xhamia Sot n\u00ebTivar\u00a0 solemnisht u hap Qendra kulturore islamike dhe Xhamia e Selimit\u00a0 me \u00e7 rast u kumtua se ky \u00ebsht\u00eb\",\"breadcrumb\":{\"@id\":\"https:\/\/www.visit-ulcinj.com\/blog\/2014\/05\/30\/sot-netivar-solemnisht-u-hap-qendra-kulturore-islamike-dhe-xhamia-e-selimit\/#breadcrumb\"},\"inLanguage\":\"en-US\",\"potentialAction\":[{\"@type\":\"ReadAction\",\"target\":[\"https:\/\/www.visit-ulcinj.com\/blog\/2014\/05\/30\/sot-netivar-solemnisht-u-hap-qendra-kulturore-islamike-dhe-xhamia-e-selimit\/\"]}]},{\"@type\":\"BreadcrumbList\",\"@id\":\"https:\/\/www.visit-ulcinj.com\/blog\/2014\/05\/30\/sot-netivar-solemnisht-u-hap-qendra-kulturore-islamike-dhe-xhamia-e-selimit\/#breadcrumb\",\"itemListElement\":[{\"@type\":\"ListItem\",\"position\":1,\"name\":\"Sot n\u00eb Tivar solemnisht u hap Qendra kulturore islamike dhe Xhamia e Selimit &#8211; Video\"}]},{\"@type\":\"Person\",\"@id\":\"https:\/\/www.visit-ulcinj.com\/blog\/#\/schema\/person\/dcab619c614d3038751c63bc2aadc06d\",\"name\":\"ulqini\",\"sameAs\":[\"http:\/\/www.visit-ulcinj.com\"],\"url\":\"https:\/\/www.visit-ulcinj.com\/blog\/author\/admin\/\"}]}<\/script>\n<!-- \/ Yoast SEO plugin. -->","yoast_head_json":{"title":"Sot n\u00eb Tivar solemnisht u hap Qendra kulturore islamike dhe Xhamia e Selimit - Video - Lajme nga Ulqini","description":"Hapet qendra kulturore historike dhe xhamia Sot n\u00ebTivar\u00a0 solemnisht u hap Qendra kulturore islamike dhe Xhamia e Selimit\u00a0 me \u00e7 rast u kumtua se ky \u00ebsht\u00eb","robots":{"index":"index","follow":"follow","max-snippet":"max-snippet:-1","max-image-preview":"max-image-preview:large","max-video-preview":"max-video-preview:-1"},"canonical":"https:\/\/www.visit-ulcinj.com\/blog\/2014\/05\/30\/sot-netivar-solemnisht-u-hap-qendra-kulturore-islamike-dhe-xhamia-e-selimit\/","og_locale":"en_US","og_type":"article","og_title":"Sot n\u00eb Tivar solemnisht u hap Qendra kulturore islamike dhe Xhamia e Selimit - Video - Lajme nga Ulqini","og_description":"Hapet qendra kulturore historike dhe xhamia Sot n\u00ebTivar\u00a0 solemnisht u hap Qendra kulturore islamike dhe Xhamia e Selimit\u00a0 me \u00e7 rast u kumtua se ky \u00ebsht\u00eb","og_url":"https:\/\/www.visit-ulcinj.com\/blog\/2014\/05\/30\/sot-netivar-solemnisht-u-hap-qendra-kulturore-islamike-dhe-xhamia-e-selimit\/","og_site_name":"Lajme nga Ulqini","article_published_time":"2014-05-30T17:41:26+00:00","article_modified_time":"2014-05-31T12:33:26+00:00","og_image":[{"url":"http:\/\/www.visit-ulcinj.com\/blog\/wp-content\/uploads\/2014\/05\/Qendra-kulturore-islamike-ne-Tivar.jpg"}],"twitter_misc":{"Written by":"ulqini","Est. reading time":"1 minute"},"schema":{"@context":"https:\/\/schema.org","@graph":[{"@type":"WebSite","@id":"https:\/\/www.visit-ulcinj.com\/blog\/#website","url":"https:\/\/www.visit-ulcinj.com\/blog\/","name":"Lajme nga Ulqini","description":"Lajme,Vijesti,Ulqini,Ulqin,Crna Gora,Mali i Zi","potentialAction":[{"@type":"SearchAction","target":{"@type":"EntryPoint","urlTemplate":"https:\/\/www.visit-ulcinj.com\/blog\/?s={search_term_string}"},"query-input":"required name=search_term_string"}],"inLanguage":"en-US"},{"@type":"ImageObject","inLanguage":"en-US","@id":"https:\/\/www.visit-ulcinj.com\/blog\/2014\/05\/30\/sot-netivar-solemnisht-u-hap-qendra-kulturore-islamike-dhe-xhamia-e-selimit\/#primaryimage","url":"https:\/\/www.visit-ulcinj.com\/blog\/wp-content\/uploads\/2014\/05\/Qendra-kulturore-islamike-ne-Tivar.jpg","contentUrl":"https:\/\/www.visit-ulcinj.com\/blog\/wp-content\/uploads\/2014\/05\/Qendra-kulturore-islamike-ne-Tivar.jpg","width":620,"height":399},{"@type":"WebPage","@id":"https:\/\/www.visit-ulcinj.com\/blog\/2014\/05\/30\/sot-netivar-solemnisht-u-hap-qendra-kulturore-islamike-dhe-xhamia-e-selimit\/#webpage","url":"https:\/\/www.visit-ulcinj.com\/blog\/2014\/05\/30\/sot-netivar-solemnisht-u-hap-qendra-kulturore-islamike-dhe-xhamia-e-selimit\/","name":"Sot n\u00eb Tivar solemnisht u hap Qendra kulturore islamike dhe Xhamia e Selimit - Video - Lajme nga Ulqini","isPartOf":{"@id":"https:\/\/www.visit-ulcinj.com\/blog\/#website"},"primaryImageOfPage":{"@id":"https:\/\/www.visit-ulcinj.com\/blog\/2014\/05\/30\/sot-netivar-solemnisht-u-hap-qendra-kulturore-islamike-dhe-xhamia-e-selimit\/#primaryimage"},"datePublished":"2014-05-30T17:41:26+00:00","dateModified":"2014-05-31T12:33:26+00:00","author":{"@id":"https:\/\/www.visit-ulcinj.com\/blog\/#\/schema\/person\/dcab619c614d3038751c63bc2aadc06d"},"description":"Hapet qendra kulturore historike dhe xhamia Sot n\u00ebTivar\u00a0 solemnisht u hap Qendra kulturore islamike dhe Xhamia e Selimit\u00a0 me \u00e7 rast u kumtua se ky \u00ebsht\u00eb","breadcrumb":{"@id":"https:\/\/www.visit-ulcinj.com\/blog\/2014\/05\/30\/sot-netivar-solemnisht-u-hap-qendra-kulturore-islamike-dhe-xhamia-e-selimit\/#breadcrumb"},"inLanguage":"en-US","potentialAction":[{"@type":"ReadAction","target":["https:\/\/www.visit-ulcinj.com\/blog\/2014\/05\/30\/sot-netivar-solemnisht-u-hap-qendra-kulturore-islamike-dhe-xhamia-e-selimit\/"]}]},{"@type":"BreadcrumbList","@id":"https:\/\/www.visit-ulcinj.com\/blog\/2014\/05\/30\/sot-netivar-solemnisht-u-hap-qendra-kulturore-islamike-dhe-xhamia-e-selimit\/#breadcrumb","itemListElement":[{"@type":"ListItem","position":1,"name":"Sot n\u00eb Tivar solemnisht u hap Qendra kulturore islamike dhe Xhamia e Selimit &#8211; Video"}]},{"@type":"Person","@id":"https:\/\/www.visit-ulcinj.com\/blog\/#\/schema\/person\/dcab619c614d3038751c63bc2aadc06d","name":"ulqini","sameAs":["http:\/\/www.visit-ulcinj.com"],"url":"https:\/\/www.visit-ulcinj.com\/blog\/author\/admin\/"}]}},"jetpack_featured_media_url":"","jetpack_sharing_enabled":true,"jetpack_shortlink":"https:\/\/wp.me\/pe6lTn-lvf","_links":{"self":[{"href":"https:\/\/www.visit-ulcinj.com\/blog\/wp-json\/wp\/v2\/posts\/82661"}],"collection":[{"href":"https:\/\/www.visit-ulcinj.com\/blog\/wp-json\/wp\/v2\/posts"}],"about":[{"href":"https:\/\/www.visit-ulcinj.com\/blog\/wp-json\/wp\/v2\/types\/post"}],"author":[{"embeddable":true,"href":"https:\/\/www.visit-ulcinj.com\/blog\/wp-json\/wp\/v2\/users\/1"}],"replies":[{"embeddable":true,"href":"https:\/\/www.visit-ulcinj.com\/blog\/wp-json\/wp\/v2\/comments?post=82661"}],"version-history":[{"count":3,"href":"https:\/\/www.visit-ulcinj.com\/blog\/wp-json\/wp\/v2\/posts\/82661\/revisions"}],"predecessor-version":[{"id":82672,"href":"https:\/\/www.visit-ulcinj.com\/blog\/wp-json\/wp\/v2\/posts\/82661\/revisions\/82672"}],"wp:attachment":[{"href":"https:\/\/www.visit-ulcinj.com\/blog\/wp-json\/wp\/v2\/media?parent=82661"}],"wp:term":[{"taxonomy":"category","embeddable":true,"href":"https:\/\/www.visit-ulcinj.com\/blog\/wp-json\/wp\/v2\/categories?post=82661"},{"taxonomy":"post_tag","embeddable":true,"href":"https:\/\/www.visit-ulcinj.com\/blog\/wp-json\/wp\/v2\/tags?post=82661"}],"curies":[{"name":"wp","href":"https:\/\/api.w.org\/{rel}","templated":true}]}}