{"id":82694,"date":"2014-06-01T08:01:43","date_gmt":"2014-06-01T07:01:43","guid":{"rendered":"http:\/\/www.visit-ulcinj.com\/blog\/?p=82694"},"modified":"2014-06-01T08:01:43","modified_gmt":"2014-06-01T07:01:43","slug":"bashkepunimi-policise-shqiptare-dhe-asaj-malazeze-ne-ulqin-dhe-budve","status":"publish","type":"post","link":"https:\/\/www.visit-ulcinj.com\/blog\/2014\/06\/01\/bashkepunimi-policise-shqiptare-dhe-asaj-malazeze-ne-ulqin-dhe-budve\/","title":{"rendered":"Bashk\u00ebpunimi i Policis\u00eb Shqiptare dhe asaj Malazeze n\u00eb Ulqin dhe Budve"},"content":{"rendered":"<p><a href=\"http:\/\/www.visit-ulcinj.com\/blog\/wp-content\/uploads\/2014\/06\/policia-shqiptare-malazeze.jpg\"><img loading=\"lazy\" class=\"alignleft  wp-image-82696\" alt=\"policia-shqiptare-malazeze\" src=\"http:\/\/www.visit-ulcinj.com\/blog\/wp-content\/uploads\/2014\/06\/policia-shqiptare-malazeze.jpg\" width=\"508\" height=\"360\" \/><\/a>Nd\u00ebrmjet Drejtorit t\u00eb P\u00ebrgjithsh\u00ebm t\u00eb Policis\u00eb s\u00eb Shtetit, Artan Didi dhe Drejtorit t\u00eb P\u00ebrgjithsh\u00ebm t\u00eb Policis\u00eb Maleze,\u00a0 Sllavko Stojanovi\u00e7, u zhvillua sot n\u00eb Podgoric\u00eb, Mal t\u00eb Zi, nj\u00eb takim i nivelit teknik, gjat\u00eb t\u00eb cilit dy drejtuesit e lart\u00eb kan\u00eb n\u00ebnshkruar protokollin e bashk\u00ebpunimit policor nd\u00ebrmjet Shqip\u00ebris\u00eb dhe Malit t\u00eb Zi n\u00eb kuad\u00ebr t\u00eb sezonit turistik veror 2014.<\/p>\n<p>N\u00eb kuad\u00ebr t\u00eb k\u00ebtij protokolli, policia Shqiptare dhe ajo Malazeze, do t\u00eb bashk\u00ebpunojn\u00eb dhe organizojn\u00eb sh\u00ebrbime t\u00eb p\u00ebrbashk\u00ebta t\u00eb punonj\u00ebsve t\u00eb policis\u00eb s\u00eb rendit dhe t\u00eb policis\u00eb kriminale n\u00eb territorin e Malit t\u00eb Zi, p\u00ebr t\u2019i ofruar nj\u00eb sh\u00ebrbim sa m\u00eb cil\u00ebsor, sa i p\u00ebrket rendit e siguris\u00eb, qytetar\u00ebve shqiptar\u00eb, q\u00eb do t\u00eb kalojn\u00eb pushimet n\u00eb Malin e Zi dhe anasjelltas.<\/p>\n<p>\u00cbsht\u00eb viti i tret\u00eb q\u00eb policit\u00eb e t\u00eb dy vendeve bashk\u00ebpunojn\u00eb me ekipe t\u00eb p\u00ebrbashk\u00ebta t\u00eb policis\u00eb n\u00eb interes t\u00eb garantimit t\u00eb nj\u00eb sh\u00ebrbimi policor sa m\u00eb efikas dhe me standarde p\u00ebr qytetar\u00ebt e t\u00eb dy vendeve n\u00eb kuad\u00ebr t\u00eb sezonit turistik veror.<\/p>\n<p>N\u00ebnshkrimi i k\u00ebsaj marr\u00ebveshje \u00ebsht\u00eb i nj\u00eb r\u00ebnd\u00ebsie t\u00eb ve\u00e7ant\u00eb n\u00eb drejtim t\u00eb konsolidimit t\u00eb iniciativave operacionale dypal\u00ebshe sa i p\u00ebrket siguris\u00eb publike, si dhe i sh\u00ebrben forcimit t\u00eb m\u00ebtejsh\u00ebm t\u00eb bashk\u00ebpunimit policor nd\u00ebrmjet t\u00eb dy vendeve.<\/p>\n<p>Nd\u00ebrkoh\u00eb gjat\u00eb takimit t\u00eb zhvilluar nd\u00ebrmjet drejtuesve t\u00eb lart\u00eb t\u00eb policive Shqiptare dhe Malazeze, dhe delegacioneve q\u00eb i shoq\u00ebronin, u evidentuan gjithashtu fushat n\u00eb interes t\u00eb bashk\u00ebpunimit t\u00eb policive t\u00eb t\u00eb dy vendeve, si dhe aktivitetet e p\u00ebrbashk\u00ebta q\u00eb do t\u00eb nd\u00ebrmerren p\u00ebr t\u00eb parandaluar e goditur fenomenet kriminale, n\u00eb m\u00ebnyr\u00eb t\u00eb ve\u00e7ant\u00eb sa i p\u00ebrket krimit t\u00eb organizuar, trafiqeve t\u00eb paligjshme, trafikut t\u00eb arm\u00ebve, kontrabandimit t\u00eb personave etj., duke p\u00ebrcaktuar dhe modalitet e bashk\u00ebpunimit n\u00eb k\u00ebt\u00eb kuad\u00ebr.<\/p>\n<p><a href=\"http:\/\/www.visit-ulcinj.com\/blog\/wp-content\/uploads\/2014\/06\/policija.jpg\"><img loading=\"lazy\" class=\"alignleft  wp-image-82697\" alt=\"policija\" src=\"http:\/\/www.visit-ulcinj.com\/blog\/wp-content\/uploads\/2014\/06\/policija.jpg\" width=\"508\" height=\"360\" \/><\/a><\/p>\n<p>N\u00eb qend\u00ebr t\u00eb takimit ishte dhe forcimi i m\u00ebtejsh\u00ebm i bashk\u00ebpunimit n\u00eb nivel ekspert\u00ebsh, si dhe shk\u00ebmbimi n\u00eb koh\u00eb reale i informacionit mes pal\u00ebve.<\/p>\n<p>Po ashtu nj\u00eb v\u00ebmendje e ve\u00e7ant\u00eb iu kushtua dhe masave t\u00eb p\u00ebrbashk\u00ebta p\u00ebr krijimin e leht\u00ebsirave n\u00eb pikat e kalimit kufitar, n\u00eb m\u00ebnyr\u00eb t\u00eb ve\u00e7ant\u00eb gjat\u00eb sezonit turistik veror, ku evidentohet nj\u00eb fluks n\u00eb rritje i qytetar\u00ebve q\u00eb l\u00ebvizin p\u00ebrmes k\u00ebtyre pikave.<\/p>\n<p>N\u00eb p\u00ebrfundim t\u00eb takimit Drejtor\u00ebt e P\u00ebrgjithsh\u00ebm t\u00eb Policis\u00eb s\u00eb Shqip\u00ebris\u00eb dhe Malit t\u00eb Zi ndan\u00eb t\u00eb nj\u00ebjtin mendim se forcimi i bashk\u00ebpunimit mes strukturave policore t\u00eb t\u00eb dy vendeve \u00ebsht\u00eb faktor i r\u00ebnd\u00ebsish\u00ebm p\u00ebr nj\u00eb luft\u00eb sa m\u00eb efikase ndaj fenomeneve kriminale dhe i sh\u00ebrben m\u00eb s\u00eb miri interesave t\u00eb qytetar\u00ebve.<br \/>\n<strong>(m.a\/BalkanWeb)<\/strong><\/p>\n<div><img loading=\"lazy\" alt=\"\" src=\"http:\/\/www.visit-ulcinj.com\/blog\/wp-content\/uploads\/2014\/06\/81c8_spacer.gif\" width=\"1\" height=\"1\" border=\"0\" \/><\/div>\n","protected":false},"excerpt":{"rendered":"<p>Nd\u00ebrmjet Drejtorit t\u00eb P\u00ebrgjithsh\u00ebm t\u00eb Policis\u00eb s\u00eb Shtetit, Artan Didi dhe Drejtorit t\u00eb P\u00ebrgjithsh\u00ebm t\u00eb Policis\u00eb Maleze,\u00a0 Sllavko Stojanovi\u00e7, u zhvillua sot n\u00eb Podgoric\u00eb, Mal t\u00eb Zi, nj\u00eb takim i nivelit teknik, gjat\u00eb t\u00eb cilit dy drejtuesit e lart\u00eb kan\u00eb n\u00ebnshkruar protokollin e bashk\u00ebpunimit policor nd\u00ebrmjet Shqip\u00ebris\u00eb dhe Malit t\u00eb Zi n\u00eb kuad\u00ebr t\u00eb sezonit [&hellip;]<\/p>\n","protected":false},"author":1,"featured_media":0,"comment_status":"closed","ping_status":"closed","sticky":false,"template":"","format":"standard","meta":{"spay_email":"","jetpack_publicize_message":"","jetpack_is_tweetstorm":false,"jetpack_publicize_feature_enabled":true},"categories":[14],"tags":[],"jetpack_publicize_connections":[],"yoast_head":"<!-- This site is optimized with the Yoast SEO plugin v19.1 - https:\/\/yoast.com\/wordpress\/plugins\/seo\/ -->\n<title>Bashk\u00ebpunimi i Policis\u00eb Shqiptare dhe asaj Malazeze n\u00eb Ulqin dhe Budve - Lajme nga Ulqini<\/title>\n<meta name=\"description\" content=\"Nd\u00ebrmjet Drejtorit t\u00eb P\u00ebrgjithsh\u00ebm t\u00eb Policis\u00eb s\u00eb Shtetit, Artan Didi dhe Drejtorit t\u00eb P\u00ebrgjithsh\u00ebm t\u00eb Policis\u00eb Maleze,\u00a0 Sllavko Stojanovi\u00e7, u zhvillua\" \/>\n<meta name=\"robots\" content=\"index, follow, max-snippet:-1, max-image-preview:large, max-video-preview:-1\" \/>\n<link rel=\"canonical\" href=\"https:\/\/www.visit-ulcinj.com\/blog\/2014\/06\/01\/bashkepunimi-policise-shqiptare-dhe-asaj-malazeze-ne-ulqin-dhe-budve\/\" \/>\n<meta property=\"og:locale\" content=\"en_US\" \/>\n<meta property=\"og:type\" content=\"article\" \/>\n<meta property=\"og:title\" content=\"Bashk\u00ebpunimi i Policis\u00eb Shqiptare dhe asaj Malazeze n\u00eb Ulqin dhe Budve - Lajme nga Ulqini\" \/>\n<meta property=\"og:description\" content=\"Nd\u00ebrmjet Drejtorit t\u00eb P\u00ebrgjithsh\u00ebm t\u00eb Policis\u00eb s\u00eb Shtetit, Artan Didi dhe Drejtorit t\u00eb P\u00ebrgjithsh\u00ebm t\u00eb Policis\u00eb Maleze,\u00a0 Sllavko Stojanovi\u00e7, u zhvillua\" \/>\n<meta property=\"og:url\" content=\"https:\/\/www.visit-ulcinj.com\/blog\/2014\/06\/01\/bashkepunimi-policise-shqiptare-dhe-asaj-malazeze-ne-ulqin-dhe-budve\/\" \/>\n<meta property=\"og:site_name\" content=\"Lajme nga Ulqini\" \/>\n<meta property=\"article:published_time\" content=\"2014-06-01T07:01:43+00:00\" \/>\n<meta property=\"og:image\" content=\"http:\/\/www.visit-ulcinj.com\/blog\/wp-content\/uploads\/2014\/06\/policia-shqiptare-malazeze.jpg\" \/>\n<meta name=\"twitter:label1\" content=\"Written by\" \/>\n\t<meta name=\"twitter:data1\" content=\"ulqini\" \/>\n\t<meta name=\"twitter:label2\" content=\"Est. reading time\" \/>\n\t<meta name=\"twitter:data2\" content=\"2 minutes\" \/>\n<script type=\"application\/ld+json\" class=\"yoast-schema-graph\">{\"@context\":\"https:\/\/schema.org\",\"@graph\":[{\"@type\":\"WebSite\",\"@id\":\"https:\/\/www.visit-ulcinj.com\/blog\/#website\",\"url\":\"https:\/\/www.visit-ulcinj.com\/blog\/\",\"name\":\"Lajme nga Ulqini\",\"description\":\"Lajme,Vijesti,Ulqini,Ulqin,Crna Gora,Mali i Zi\",\"potentialAction\":[{\"@type\":\"SearchAction\",\"target\":{\"@type\":\"EntryPoint\",\"urlTemplate\":\"https:\/\/www.visit-ulcinj.com\/blog\/?s={search_term_string}\"},\"query-input\":\"required name=search_term_string\"}],\"inLanguage\":\"en-US\"},{\"@type\":\"ImageObject\",\"inLanguage\":\"en-US\",\"@id\":\"https:\/\/www.visit-ulcinj.com\/blog\/2014\/06\/01\/bashkepunimi-policise-shqiptare-dhe-asaj-malazeze-ne-ulqin-dhe-budve\/#primaryimage\",\"url\":\"https:\/\/www.visit-ulcinj.com\/blog\/wp-content\/uploads\/2014\/06\/policia-shqiptare-malazeze.jpg\",\"contentUrl\":\"https:\/\/www.visit-ulcinj.com\/blog\/wp-content\/uploads\/2014\/06\/policia-shqiptare-malazeze.jpg\",\"width\":1000,\"height\":750},{\"@type\":\"WebPage\",\"@id\":\"https:\/\/www.visit-ulcinj.com\/blog\/2014\/06\/01\/bashkepunimi-policise-shqiptare-dhe-asaj-malazeze-ne-ulqin-dhe-budve\/#webpage\",\"url\":\"https:\/\/www.visit-ulcinj.com\/blog\/2014\/06\/01\/bashkepunimi-policise-shqiptare-dhe-asaj-malazeze-ne-ulqin-dhe-budve\/\",\"name\":\"Bashk\u00ebpunimi i Policis\u00eb Shqiptare dhe asaj Malazeze n\u00eb Ulqin dhe Budve - Lajme nga Ulqini\",\"isPartOf\":{\"@id\":\"https:\/\/www.visit-ulcinj.com\/blog\/#website\"},\"primaryImageOfPage\":{\"@id\":\"https:\/\/www.visit-ulcinj.com\/blog\/2014\/06\/01\/bashkepunimi-policise-shqiptare-dhe-asaj-malazeze-ne-ulqin-dhe-budve\/#primaryimage\"},\"datePublished\":\"2014-06-01T07:01:43+00:00\",\"dateModified\":\"2014-06-01T07:01:43+00:00\",\"author\":{\"@id\":\"https:\/\/www.visit-ulcinj.com\/blog\/#\/schema\/person\/dcab619c614d3038751c63bc2aadc06d\"},\"description\":\"Nd\u00ebrmjet Drejtorit t\u00eb P\u00ebrgjithsh\u00ebm t\u00eb Policis\u00eb s\u00eb Shtetit, Artan Didi dhe Drejtorit t\u00eb P\u00ebrgjithsh\u00ebm t\u00eb Policis\u00eb Maleze,\u00a0 Sllavko Stojanovi\u00e7, u zhvillua\",\"breadcrumb\":{\"@id\":\"https:\/\/www.visit-ulcinj.com\/blog\/2014\/06\/01\/bashkepunimi-policise-shqiptare-dhe-asaj-malazeze-ne-ulqin-dhe-budve\/#breadcrumb\"},\"inLanguage\":\"en-US\",\"potentialAction\":[{\"@type\":\"ReadAction\",\"target\":[\"https:\/\/www.visit-ulcinj.com\/blog\/2014\/06\/01\/bashkepunimi-policise-shqiptare-dhe-asaj-malazeze-ne-ulqin-dhe-budve\/\"]}]},{\"@type\":\"BreadcrumbList\",\"@id\":\"https:\/\/www.visit-ulcinj.com\/blog\/2014\/06\/01\/bashkepunimi-policise-shqiptare-dhe-asaj-malazeze-ne-ulqin-dhe-budve\/#breadcrumb\",\"itemListElement\":[{\"@type\":\"ListItem\",\"position\":1,\"name\":\"Bashk\u00ebpunimi i Policis\u00eb Shqiptare dhe asaj Malazeze n\u00eb Ulqin dhe Budve\"}]},{\"@type\":\"Person\",\"@id\":\"https:\/\/www.visit-ulcinj.com\/blog\/#\/schema\/person\/dcab619c614d3038751c63bc2aadc06d\",\"name\":\"ulqini\",\"sameAs\":[\"http:\/\/www.visit-ulcinj.com\"],\"url\":\"https:\/\/www.visit-ulcinj.com\/blog\/author\/admin\/\"}]}<\/script>\n<!-- \/ Yoast SEO plugin. -->","yoast_head_json":{"title":"Bashk\u00ebpunimi i Policis\u00eb Shqiptare dhe asaj Malazeze n\u00eb Ulqin dhe Budve - Lajme nga Ulqini","description":"Nd\u00ebrmjet Drejtorit t\u00eb P\u00ebrgjithsh\u00ebm t\u00eb Policis\u00eb s\u00eb Shtetit, Artan Didi dhe Drejtorit t\u00eb P\u00ebrgjithsh\u00ebm t\u00eb Policis\u00eb Maleze,\u00a0 Sllavko Stojanovi\u00e7, u zhvillua","robots":{"index":"index","follow":"follow","max-snippet":"max-snippet:-1","max-image-preview":"max-image-preview:large","max-video-preview":"max-video-preview:-1"},"canonical":"https:\/\/www.visit-ulcinj.com\/blog\/2014\/06\/01\/bashkepunimi-policise-shqiptare-dhe-asaj-malazeze-ne-ulqin-dhe-budve\/","og_locale":"en_US","og_type":"article","og_title":"Bashk\u00ebpunimi i Policis\u00eb Shqiptare dhe asaj Malazeze n\u00eb Ulqin dhe Budve - Lajme nga Ulqini","og_description":"Nd\u00ebrmjet Drejtorit t\u00eb P\u00ebrgjithsh\u00ebm t\u00eb Policis\u00eb s\u00eb Shtetit, Artan Didi dhe Drejtorit t\u00eb P\u00ebrgjithsh\u00ebm t\u00eb Policis\u00eb Maleze,\u00a0 Sllavko Stojanovi\u00e7, u zhvillua","og_url":"https:\/\/www.visit-ulcinj.com\/blog\/2014\/06\/01\/bashkepunimi-policise-shqiptare-dhe-asaj-malazeze-ne-ulqin-dhe-budve\/","og_site_name":"Lajme nga Ulqini","article_published_time":"2014-06-01T07:01:43+00:00","og_image":[{"url":"http:\/\/www.visit-ulcinj.com\/blog\/wp-content\/uploads\/2014\/06\/policia-shqiptare-malazeze.jpg"}],"twitter_misc":{"Written by":"ulqini","Est. reading time":"2 minutes"},"schema":{"@context":"https:\/\/schema.org","@graph":[{"@type":"WebSite","@id":"https:\/\/www.visit-ulcinj.com\/blog\/#website","url":"https:\/\/www.visit-ulcinj.com\/blog\/","name":"Lajme nga Ulqini","description":"Lajme,Vijesti,Ulqini,Ulqin,Crna Gora,Mali i Zi","potentialAction":[{"@type":"SearchAction","target":{"@type":"EntryPoint","urlTemplate":"https:\/\/www.visit-ulcinj.com\/blog\/?s={search_term_string}"},"query-input":"required name=search_term_string"}],"inLanguage":"en-US"},{"@type":"ImageObject","inLanguage":"en-US","@id":"https:\/\/www.visit-ulcinj.com\/blog\/2014\/06\/01\/bashkepunimi-policise-shqiptare-dhe-asaj-malazeze-ne-ulqin-dhe-budve\/#primaryimage","url":"https:\/\/www.visit-ulcinj.com\/blog\/wp-content\/uploads\/2014\/06\/policia-shqiptare-malazeze.jpg","contentUrl":"https:\/\/www.visit-ulcinj.com\/blog\/wp-content\/uploads\/2014\/06\/policia-shqiptare-malazeze.jpg","width":1000,"height":750},{"@type":"WebPage","@id":"https:\/\/www.visit-ulcinj.com\/blog\/2014\/06\/01\/bashkepunimi-policise-shqiptare-dhe-asaj-malazeze-ne-ulqin-dhe-budve\/#webpage","url":"https:\/\/www.visit-ulcinj.com\/blog\/2014\/06\/01\/bashkepunimi-policise-shqiptare-dhe-asaj-malazeze-ne-ulqin-dhe-budve\/","name":"Bashk\u00ebpunimi i Policis\u00eb Shqiptare dhe asaj Malazeze n\u00eb Ulqin dhe Budve - Lajme nga Ulqini","isPartOf":{"@id":"https:\/\/www.visit-ulcinj.com\/blog\/#website"},"primaryImageOfPage":{"@id":"https:\/\/www.visit-ulcinj.com\/blog\/2014\/06\/01\/bashkepunimi-policise-shqiptare-dhe-asaj-malazeze-ne-ulqin-dhe-budve\/#primaryimage"},"datePublished":"2014-06-01T07:01:43+00:00","dateModified":"2014-06-01T07:01:43+00:00","author":{"@id":"https:\/\/www.visit-ulcinj.com\/blog\/#\/schema\/person\/dcab619c614d3038751c63bc2aadc06d"},"description":"Nd\u00ebrmjet Drejtorit t\u00eb P\u00ebrgjithsh\u00ebm t\u00eb Policis\u00eb s\u00eb Shtetit, Artan Didi dhe Drejtorit t\u00eb P\u00ebrgjithsh\u00ebm t\u00eb Policis\u00eb Maleze,\u00a0 Sllavko Stojanovi\u00e7, u zhvillua","breadcrumb":{"@id":"https:\/\/www.visit-ulcinj.com\/blog\/2014\/06\/01\/bashkepunimi-policise-shqiptare-dhe-asaj-malazeze-ne-ulqin-dhe-budve\/#breadcrumb"},"inLanguage":"en-US","potentialAction":[{"@type":"ReadAction","target":["https:\/\/www.visit-ulcinj.com\/blog\/2014\/06\/01\/bashkepunimi-policise-shqiptare-dhe-asaj-malazeze-ne-ulqin-dhe-budve\/"]}]},{"@type":"BreadcrumbList","@id":"https:\/\/www.visit-ulcinj.com\/blog\/2014\/06\/01\/bashkepunimi-policise-shqiptare-dhe-asaj-malazeze-ne-ulqin-dhe-budve\/#breadcrumb","itemListElement":[{"@type":"ListItem","position":1,"name":"Bashk\u00ebpunimi i Policis\u00eb Shqiptare dhe asaj Malazeze n\u00eb Ulqin dhe Budve"}]},{"@type":"Person","@id":"https:\/\/www.visit-ulcinj.com\/blog\/#\/schema\/person\/dcab619c614d3038751c63bc2aadc06d","name":"ulqini","sameAs":["http:\/\/www.visit-ulcinj.com"],"url":"https:\/\/www.visit-ulcinj.com\/blog\/author\/admin\/"}]}},"jetpack_featured_media_url":"","jetpack_sharing_enabled":true,"jetpack_shortlink":"https:\/\/wp.me\/pe6lTn-lvM","_links":{"self":[{"href":"https:\/\/www.visit-ulcinj.com\/blog\/wp-json\/wp\/v2\/posts\/82694"}],"collection":[{"href":"https:\/\/www.visit-ulcinj.com\/blog\/wp-json\/wp\/v2\/posts"}],"about":[{"href":"https:\/\/www.visit-ulcinj.com\/blog\/wp-json\/wp\/v2\/types\/post"}],"author":[{"embeddable":true,"href":"https:\/\/www.visit-ulcinj.com\/blog\/wp-json\/wp\/v2\/users\/1"}],"replies":[{"embeddable":true,"href":"https:\/\/www.visit-ulcinj.com\/blog\/wp-json\/wp\/v2\/comments?post=82694"}],"version-history":[{"count":1,"href":"https:\/\/www.visit-ulcinj.com\/blog\/wp-json\/wp\/v2\/posts\/82694\/revisions"}],"predecessor-version":[{"id":82698,"href":"https:\/\/www.visit-ulcinj.com\/blog\/wp-json\/wp\/v2\/posts\/82694\/revisions\/82698"}],"wp:attachment":[{"href":"https:\/\/www.visit-ulcinj.com\/blog\/wp-json\/wp\/v2\/media?parent=82694"}],"wp:term":[{"taxonomy":"category","embeddable":true,"href":"https:\/\/www.visit-ulcinj.com\/blog\/wp-json\/wp\/v2\/categories?post=82694"},{"taxonomy":"post_tag","embeddable":true,"href":"https:\/\/www.visit-ulcinj.com\/blog\/wp-json\/wp\/v2\/tags?post=82694"}],"curies":[{"name":"wp","href":"https:\/\/api.w.org\/{rel}","templated":true}]}}