{"id":82721,"date":"2014-06-03T17:49:33","date_gmt":"2014-06-03T16:49:33","guid":{"rendered":"http:\/\/www.visit-ulcinj.com\/blog\/?p=82721"},"modified":"2014-06-03T17:49:33","modified_gmt":"2014-06-03T16:49:33","slug":"servantes-dhe-dulcinea-ringjallin-nje-histori-dashurie-ne-kalane-e-ulqinit","status":"publish","type":"post","link":"https:\/\/www.visit-ulcinj.com\/blog\/2014\/06\/03\/servantes-dhe-dulcinea-ringjallin-nje-histori-dashurie-ne-kalane-e-ulqinit\/","title":{"rendered":"\u201cServantes dhe Dulcinea\u201d ringjallin nj\u00eb histori dashurie n\u00eb Kalan\u00eb e Ulqinit"},"content":{"rendered":"<p><strong><a href=\"http:\/\/www.visit-ulcinj.com\/blog\/wp-content\/uploads\/2014\/06\/Servantes-dhe-Dulcinea-Ulqin.jpg\"><img loading=\"lazy\" class=\"alignleft  wp-image-82723\" alt=\"Servantes dhe Dulcinea-Ulqin\" src=\"http:\/\/www.visit-ulcinj.com\/blog\/wp-content\/uploads\/2014\/06\/Servantes-dhe-Dulcinea-Ulqin.jpg\" width=\"508\" height=\"360\" \/><\/a>Thuhet se shkrimtari m\u00eb i njohur spanjoll, Miguel de Servantes, kishte kaluar pes\u00eb vjet t\u00eb jet\u00ebs s\u00eb tij n\u00eb kalan\u00eb e qytetit bregdetar, Ulqinit. <\/strong><\/p>\n<div>\n<p>Aty u zu rob nga pirat\u00ebt ulqinak\u00eb q\u00eb ishin goxha n\u00eb z\u00eb n\u00eb shekullin XVI. E nxor\u00ebn n\u00eb pazarin rob\u00ebrve por shitja e tij s\u2019ishte pun\u00eb q\u00eb b\u00ebhej.<\/p>\n<p>U desh ta blinte lirin\u00eb. P\u00ebr t\u00eb paguan hara\u00e7 por \u201cblerja\u201d vonoi. Edhe biografia zyrtare e njeh rob\u00ebrin\u00eb e tij, por legjenda p\u00ebr t\u00eb ende gj\u00ebllin n\u00eb versione t\u00eb ndryshme. Thon\u00eb se ai u dashurua n\u00eb nj\u00eb kalalesh\u00eb. Liria p\u00ebr t\u00eb s\u2019kishte kuptim pa e marr\u00eb me vete ulqinaken. Asaj i jep em\u00ebr edhe n\u00eb kryevepr\u00ebn e tij \u201cDon Kishoti\u201d dhe lidhja faktike b\u00ebhet pik\u00ebrisht tek Dulcinea. Pjesa tjet\u00ebr \u00ebsht\u00eb histori dhe ka lidhje t\u00eb shumta q\u00eb \u00e7ojn\u00eb tek ajo se kjo s\u2019\u00ebsht\u00eb ve\u00e7 goj\u00ebdh\u00ebn\u00eb.<\/p>\n<p>Legjend\u00eb a histori p\u00ebrnj\u00ebmend ajo ringjallet nja 500 vjet pas, n\u00eb Kalan\u00eb e Ulqinit por t\u00eb ngritur n\u00eb sken\u00eb teatrore.<\/p>\n<p>(M\u00eb gjer\u00ebsisht lexoni sot n\u00eb shkrimin e Shaban Maxharrajt n\u00eb shtojc\u00ebn e Kultur\u00ebs t\u00eb Koh\u00ebs e ditore e cila sjell edhe shkrime t\u00eb tjera interesante: Lufta e Kosov\u00ebs n\u00eb pikturat e artistit t\u00eb fronteve, Paleta e gjallimit t\u00eb mundimsh\u00ebm (shkrim me rastin 80 vjetorit t\u00eb lindjes t\u00eb Muslim Mulliqi), Dit\u00ebt&#8230; sh\u00ebtit historin\u00eb 40 vje\u00e7are t\u00eb muzik\u00ebs shqiptare, etj)<\/p>\n<p><strong>\u00a0KOHA.net<\/strong><\/p>\n<\/div>\n","protected":false},"excerpt":{"rendered":"<p>Thuhet se shkrimtari m\u00eb i njohur spanjoll, Miguel de Servantes, kishte kaluar pes\u00eb vjet t\u00eb jet\u00ebs s\u00eb tij n\u00eb kalan\u00eb e qytetit bregdetar, Ulqinit. Aty u zu rob nga pirat\u00ebt ulqinak\u00eb q\u00eb ishin goxha n\u00eb z\u00eb n\u00eb shekullin XVI. E nxor\u00ebn n\u00eb pazarin rob\u00ebrve por shitja e tij s\u2019ishte pun\u00eb q\u00eb b\u00ebhej. U desh ta [&hellip;]<\/p>\n","protected":false},"author":1,"featured_media":0,"comment_status":"closed","ping_status":"closed","sticky":false,"template":"","format":"standard","meta":{"spay_email":"","jetpack_publicize_message":"","jetpack_is_tweetstorm":false,"jetpack_publicize_feature_enabled":true},"categories":[6950],"tags":[],"jetpack_publicize_connections":[],"yoast_head":"<!-- This site is optimized with the Yoast SEO plugin v19.1 - https:\/\/yoast.com\/wordpress\/plugins\/seo\/ -->\n<title>\u201cServantes dhe Dulcinea\u201d ringjallin nj\u00eb histori dashurie n\u00eb Kalan\u00eb e Ulqinit - Lajme nga Ulqini<\/title>\n<meta name=\"description\" content=\"Thuhet se shkrimtari m\u00eb i njohur spanjoll, Miguel de Servantes, kishte kaluar pes\u00eb vjet t\u00eb jet\u00ebs s\u00eb tij n\u00eb kalan\u00eb e qytetit bregdetar, Ulqinit. Aty u zu\" \/>\n<meta name=\"robots\" content=\"index, follow, max-snippet:-1, max-image-preview:large, max-video-preview:-1\" \/>\n<link rel=\"canonical\" href=\"https:\/\/www.visit-ulcinj.com\/blog\/2014\/06\/03\/servantes-dhe-dulcinea-ringjallin-nje-histori-dashurie-ne-kalane-e-ulqinit\/\" \/>\n<meta property=\"og:locale\" content=\"en_US\" \/>\n<meta property=\"og:type\" content=\"article\" \/>\n<meta property=\"og:title\" content=\"\u201cServantes dhe Dulcinea\u201d ringjallin nj\u00eb histori dashurie n\u00eb Kalan\u00eb e Ulqinit - Lajme nga Ulqini\" \/>\n<meta property=\"og:description\" content=\"Thuhet se shkrimtari m\u00eb i njohur spanjoll, Miguel de Servantes, kishte kaluar pes\u00eb vjet t\u00eb jet\u00ebs s\u00eb tij n\u00eb kalan\u00eb e qytetit bregdetar, Ulqinit. Aty u zu\" \/>\n<meta property=\"og:url\" content=\"https:\/\/www.visit-ulcinj.com\/blog\/2014\/06\/03\/servantes-dhe-dulcinea-ringjallin-nje-histori-dashurie-ne-kalane-e-ulqinit\/\" \/>\n<meta property=\"og:site_name\" content=\"Lajme nga Ulqini\" \/>\n<meta property=\"article:published_time\" content=\"2014-06-03T16:49:33+00:00\" \/>\n<meta property=\"og:image\" content=\"http:\/\/www.visit-ulcinj.com\/blog\/wp-content\/uploads\/2014\/06\/Servantes-dhe-Dulcinea-Ulqin.jpg\" \/>\n<meta name=\"twitter:label1\" content=\"Written by\" \/>\n\t<meta name=\"twitter:data1\" content=\"ulqini\" \/>\n\t<meta name=\"twitter:label2\" content=\"Est. reading time\" \/>\n\t<meta name=\"twitter:data2\" content=\"1 minute\" \/>\n<script type=\"application\/ld+json\" class=\"yoast-schema-graph\">{\"@context\":\"https:\/\/schema.org\",\"@graph\":[{\"@type\":\"WebSite\",\"@id\":\"https:\/\/www.visit-ulcinj.com\/blog\/#website\",\"url\":\"https:\/\/www.visit-ulcinj.com\/blog\/\",\"name\":\"Lajme nga Ulqini\",\"description\":\"Lajme,Vijesti,Ulqini,Ulqin,Crna Gora,Mali i Zi\",\"potentialAction\":[{\"@type\":\"SearchAction\",\"target\":{\"@type\":\"EntryPoint\",\"urlTemplate\":\"https:\/\/www.visit-ulcinj.com\/blog\/?s={search_term_string}\"},\"query-input\":\"required name=search_term_string\"}],\"inLanguage\":\"en-US\"},{\"@type\":\"ImageObject\",\"inLanguage\":\"en-US\",\"@id\":\"https:\/\/www.visit-ulcinj.com\/blog\/2014\/06\/03\/servantes-dhe-dulcinea-ringjallin-nje-histori-dashurie-ne-kalane-e-ulqinit\/#primaryimage\",\"url\":\"https:\/\/www.visit-ulcinj.com\/blog\/wp-content\/uploads\/2014\/06\/Servantes-dhe-Dulcinea-Ulqin.jpg\",\"contentUrl\":\"https:\/\/www.visit-ulcinj.com\/blog\/wp-content\/uploads\/2014\/06\/Servantes-dhe-Dulcinea-Ulqin.jpg\",\"width\":999,\"height\":666},{\"@type\":\"WebPage\",\"@id\":\"https:\/\/www.visit-ulcinj.com\/blog\/2014\/06\/03\/servantes-dhe-dulcinea-ringjallin-nje-histori-dashurie-ne-kalane-e-ulqinit\/#webpage\",\"url\":\"https:\/\/www.visit-ulcinj.com\/blog\/2014\/06\/03\/servantes-dhe-dulcinea-ringjallin-nje-histori-dashurie-ne-kalane-e-ulqinit\/\",\"name\":\"\u201cServantes dhe Dulcinea\u201d ringjallin nj\u00eb histori dashurie n\u00eb Kalan\u00eb e Ulqinit - Lajme nga Ulqini\",\"isPartOf\":{\"@id\":\"https:\/\/www.visit-ulcinj.com\/blog\/#website\"},\"primaryImageOfPage\":{\"@id\":\"https:\/\/www.visit-ulcinj.com\/blog\/2014\/06\/03\/servantes-dhe-dulcinea-ringjallin-nje-histori-dashurie-ne-kalane-e-ulqinit\/#primaryimage\"},\"datePublished\":\"2014-06-03T16:49:33+00:00\",\"dateModified\":\"2014-06-03T16:49:33+00:00\",\"author\":{\"@id\":\"https:\/\/www.visit-ulcinj.com\/blog\/#\/schema\/person\/dcab619c614d3038751c63bc2aadc06d\"},\"description\":\"Thuhet se shkrimtari m\u00eb i njohur spanjoll, Miguel de Servantes, kishte kaluar pes\u00eb vjet t\u00eb jet\u00ebs s\u00eb tij n\u00eb kalan\u00eb e qytetit bregdetar, Ulqinit. Aty u zu\",\"breadcrumb\":{\"@id\":\"https:\/\/www.visit-ulcinj.com\/blog\/2014\/06\/03\/servantes-dhe-dulcinea-ringjallin-nje-histori-dashurie-ne-kalane-e-ulqinit\/#breadcrumb\"},\"inLanguage\":\"en-US\",\"potentialAction\":[{\"@type\":\"ReadAction\",\"target\":[\"https:\/\/www.visit-ulcinj.com\/blog\/2014\/06\/03\/servantes-dhe-dulcinea-ringjallin-nje-histori-dashurie-ne-kalane-e-ulqinit\/\"]}]},{\"@type\":\"BreadcrumbList\",\"@id\":\"https:\/\/www.visit-ulcinj.com\/blog\/2014\/06\/03\/servantes-dhe-dulcinea-ringjallin-nje-histori-dashurie-ne-kalane-e-ulqinit\/#breadcrumb\",\"itemListElement\":[{\"@type\":\"ListItem\",\"position\":1,\"name\":\"\u201cServantes dhe Dulcinea\u201d ringjallin nj\u00eb histori dashurie n\u00eb Kalan\u00eb e Ulqinit\"}]},{\"@type\":\"Person\",\"@id\":\"https:\/\/www.visit-ulcinj.com\/blog\/#\/schema\/person\/dcab619c614d3038751c63bc2aadc06d\",\"name\":\"ulqini\",\"sameAs\":[\"http:\/\/www.visit-ulcinj.com\"],\"url\":\"https:\/\/www.visit-ulcinj.com\/blog\/author\/admin\/\"}]}<\/script>\n<!-- \/ Yoast SEO plugin. -->","yoast_head_json":{"title":"\u201cServantes dhe Dulcinea\u201d ringjallin nj\u00eb histori dashurie n\u00eb Kalan\u00eb e Ulqinit - Lajme nga Ulqini","description":"Thuhet se shkrimtari m\u00eb i njohur spanjoll, Miguel de Servantes, kishte kaluar pes\u00eb vjet t\u00eb jet\u00ebs s\u00eb tij n\u00eb kalan\u00eb e qytetit bregdetar, Ulqinit. Aty u zu","robots":{"index":"index","follow":"follow","max-snippet":"max-snippet:-1","max-image-preview":"max-image-preview:large","max-video-preview":"max-video-preview:-1"},"canonical":"https:\/\/www.visit-ulcinj.com\/blog\/2014\/06\/03\/servantes-dhe-dulcinea-ringjallin-nje-histori-dashurie-ne-kalane-e-ulqinit\/","og_locale":"en_US","og_type":"article","og_title":"\u201cServantes dhe Dulcinea\u201d ringjallin nj\u00eb histori dashurie n\u00eb Kalan\u00eb e Ulqinit - Lajme nga Ulqini","og_description":"Thuhet se shkrimtari m\u00eb i njohur spanjoll, Miguel de Servantes, kishte kaluar pes\u00eb vjet t\u00eb jet\u00ebs s\u00eb tij n\u00eb kalan\u00eb e qytetit bregdetar, Ulqinit. Aty u zu","og_url":"https:\/\/www.visit-ulcinj.com\/blog\/2014\/06\/03\/servantes-dhe-dulcinea-ringjallin-nje-histori-dashurie-ne-kalane-e-ulqinit\/","og_site_name":"Lajme nga Ulqini","article_published_time":"2014-06-03T16:49:33+00:00","og_image":[{"url":"http:\/\/www.visit-ulcinj.com\/blog\/wp-content\/uploads\/2014\/06\/Servantes-dhe-Dulcinea-Ulqin.jpg"}],"twitter_misc":{"Written by":"ulqini","Est. reading time":"1 minute"},"schema":{"@context":"https:\/\/schema.org","@graph":[{"@type":"WebSite","@id":"https:\/\/www.visit-ulcinj.com\/blog\/#website","url":"https:\/\/www.visit-ulcinj.com\/blog\/","name":"Lajme nga Ulqini","description":"Lajme,Vijesti,Ulqini,Ulqin,Crna Gora,Mali i Zi","potentialAction":[{"@type":"SearchAction","target":{"@type":"EntryPoint","urlTemplate":"https:\/\/www.visit-ulcinj.com\/blog\/?s={search_term_string}"},"query-input":"required name=search_term_string"}],"inLanguage":"en-US"},{"@type":"ImageObject","inLanguage":"en-US","@id":"https:\/\/www.visit-ulcinj.com\/blog\/2014\/06\/03\/servantes-dhe-dulcinea-ringjallin-nje-histori-dashurie-ne-kalane-e-ulqinit\/#primaryimage","url":"https:\/\/www.visit-ulcinj.com\/blog\/wp-content\/uploads\/2014\/06\/Servantes-dhe-Dulcinea-Ulqin.jpg","contentUrl":"https:\/\/www.visit-ulcinj.com\/blog\/wp-content\/uploads\/2014\/06\/Servantes-dhe-Dulcinea-Ulqin.jpg","width":999,"height":666},{"@type":"WebPage","@id":"https:\/\/www.visit-ulcinj.com\/blog\/2014\/06\/03\/servantes-dhe-dulcinea-ringjallin-nje-histori-dashurie-ne-kalane-e-ulqinit\/#webpage","url":"https:\/\/www.visit-ulcinj.com\/blog\/2014\/06\/03\/servantes-dhe-dulcinea-ringjallin-nje-histori-dashurie-ne-kalane-e-ulqinit\/","name":"\u201cServantes dhe Dulcinea\u201d ringjallin nj\u00eb histori dashurie n\u00eb Kalan\u00eb e Ulqinit - Lajme nga Ulqini","isPartOf":{"@id":"https:\/\/www.visit-ulcinj.com\/blog\/#website"},"primaryImageOfPage":{"@id":"https:\/\/www.visit-ulcinj.com\/blog\/2014\/06\/03\/servantes-dhe-dulcinea-ringjallin-nje-histori-dashurie-ne-kalane-e-ulqinit\/#primaryimage"},"datePublished":"2014-06-03T16:49:33+00:00","dateModified":"2014-06-03T16:49:33+00:00","author":{"@id":"https:\/\/www.visit-ulcinj.com\/blog\/#\/schema\/person\/dcab619c614d3038751c63bc2aadc06d"},"description":"Thuhet se shkrimtari m\u00eb i njohur spanjoll, Miguel de Servantes, kishte kaluar pes\u00eb vjet t\u00eb jet\u00ebs s\u00eb tij n\u00eb kalan\u00eb e qytetit bregdetar, Ulqinit. Aty u zu","breadcrumb":{"@id":"https:\/\/www.visit-ulcinj.com\/blog\/2014\/06\/03\/servantes-dhe-dulcinea-ringjallin-nje-histori-dashurie-ne-kalane-e-ulqinit\/#breadcrumb"},"inLanguage":"en-US","potentialAction":[{"@type":"ReadAction","target":["https:\/\/www.visit-ulcinj.com\/blog\/2014\/06\/03\/servantes-dhe-dulcinea-ringjallin-nje-histori-dashurie-ne-kalane-e-ulqinit\/"]}]},{"@type":"BreadcrumbList","@id":"https:\/\/www.visit-ulcinj.com\/blog\/2014\/06\/03\/servantes-dhe-dulcinea-ringjallin-nje-histori-dashurie-ne-kalane-e-ulqinit\/#breadcrumb","itemListElement":[{"@type":"ListItem","position":1,"name":"\u201cServantes dhe Dulcinea\u201d ringjallin nj\u00eb histori dashurie n\u00eb Kalan\u00eb e Ulqinit"}]},{"@type":"Person","@id":"https:\/\/www.visit-ulcinj.com\/blog\/#\/schema\/person\/dcab619c614d3038751c63bc2aadc06d","name":"ulqini","sameAs":["http:\/\/www.visit-ulcinj.com"],"url":"https:\/\/www.visit-ulcinj.com\/blog\/author\/admin\/"}]}},"jetpack_featured_media_url":"","jetpack_sharing_enabled":true,"jetpack_shortlink":"https:\/\/wp.me\/pe6lTn-lwd","_links":{"self":[{"href":"https:\/\/www.visit-ulcinj.com\/blog\/wp-json\/wp\/v2\/posts\/82721"}],"collection":[{"href":"https:\/\/www.visit-ulcinj.com\/blog\/wp-json\/wp\/v2\/posts"}],"about":[{"href":"https:\/\/www.visit-ulcinj.com\/blog\/wp-json\/wp\/v2\/types\/post"}],"author":[{"embeddable":true,"href":"https:\/\/www.visit-ulcinj.com\/blog\/wp-json\/wp\/v2\/users\/1"}],"replies":[{"embeddable":true,"href":"https:\/\/www.visit-ulcinj.com\/blog\/wp-json\/wp\/v2\/comments?post=82721"}],"version-history":[{"count":1,"href":"https:\/\/www.visit-ulcinj.com\/blog\/wp-json\/wp\/v2\/posts\/82721\/revisions"}],"predecessor-version":[{"id":82724,"href":"https:\/\/www.visit-ulcinj.com\/blog\/wp-json\/wp\/v2\/posts\/82721\/revisions\/82724"}],"wp:attachment":[{"href":"https:\/\/www.visit-ulcinj.com\/blog\/wp-json\/wp\/v2\/media?parent=82721"}],"wp:term":[{"taxonomy":"category","embeddable":true,"href":"https:\/\/www.visit-ulcinj.com\/blog\/wp-json\/wp\/v2\/categories?post=82721"},{"taxonomy":"post_tag","embeddable":true,"href":"https:\/\/www.visit-ulcinj.com\/blog\/wp-json\/wp\/v2\/tags?post=82721"}],"curies":[{"name":"wp","href":"https:\/\/api.w.org\/{rel}","templated":true}]}}