{"id":82729,"date":"2014-06-04T11:10:46","date_gmt":"2014-06-04T10:10:46","guid":{"rendered":"http:\/\/www.visit-ulcinj.com\/blog\/?p=82729"},"modified":"2014-06-17T05:49:34","modified_gmt":"2014-06-17T04:49:34","slug":"dita-boterore-e-mjedisit-uba-dhe-hapi-gjelbert-apel-per-ruajtje-dhe-mbrojtje","status":"publish","type":"post","link":"https:\/\/www.visit-ulcinj.com\/blog\/2014\/06\/04\/dita-boterore-e-mjedisit-uba-dhe-hapi-gjelbert-apel-per-ruajtje-dhe-mbrojtje\/","title":{"rendered":"Dita Bot\u00ebrore e Mjedisit: \u201cUBA\u201d dhe \u201cHAPI i GJELB\u00cbRT\u201d apel p\u00ebr ruajtje dhe mbrojtje"},"content":{"rendered":"<p style=\"text-align: left;\" align=\"center\"><a href=\"http:\/\/www.visit-ulcinj.com\/blog\/wp-content\/uploads\/2014\/06\/UBA-HAPI-GJELBERT-ULQIN.jpg\"><img loading=\"lazy\" class=\"alignleft  wp-image-82730\" alt=\"UBA-HAPI-GJELBERT-ULQIN\" src=\"http:\/\/www.visit-ulcinj.com\/blog\/wp-content\/uploads\/2014\/06\/UBA-HAPI-GJELBERT-ULQIN.jpg\" width=\"508\" height=\"187\" \/><\/a><\/p>\n<p style=\"text-align: right;\" align=\"center\">04.06.2014<\/p>\n<p align=\"center\"><b>KUMTES\u00cb P\u00cbR OPINION<\/b><\/p>\n<p><b>\u00a0<\/b><\/p>\n<p>Me rastin e 5 qershorit, dit\u00ebs nd\u00ebrkomb\u00ebtare t\u00eb ruajtjes s\u00eb mjedisit, \u201cUBA\u201d dhe \u201cHAPI i GJELB\u00cbRT\u201d iu drejtohen publikut &#8211; opinionit, qytetar\u00ebve t\u00eb Ulqinit dhe Malit t\u00eb Zi me deklaraten e m\u00ebposhtme:<\/p>\n<p>T\u00eb brengosur p\u00ebr gjendjen e mjedisit rreth tok\u00ebs, Kombet e Bashkuara n\u00eb konferenc\u00ebn e mbajtur me 5 qershor t\u00eb vitit 1972 n\u00eb Stokholm \u2013 Suedi, kan\u00eb shpallur dit\u00ebn e 5 qershorit si Dit\u00eb Nd\u00ebrkomb\u00ebtare t\u00eb mbrojtjes s\u00eb mjedisit dhe themeluan \u201cUNEP\u201d &#8211; Programin e OKB-s\u00eb p\u00ebr mjedisin.<\/p>\n<p>&nbsp;<\/p>\n<p>Komuna e jon\u00eb me resurse &#8211; burime natyrore \u00ebsht\u00eb m\u00eb e pasura n\u00eb Mal t\u00eb Zi dhe regjion, si baz\u00eb p\u00ebr zhvillimin e shpejt\u00eb n\u00eb parimet e q\u00ebndrueshm\u00ebris\u00eb, p\u00ebr fat t\u00eb keq p\u00ebrjeton nj\u00eb kolaps &#8211; kriz\u00eb ekonomike, sociale dhe ekologjike. P\u00ebrmes k\u00ebsaj shkrese ftojm\u00eb\u00a0 t\u00eb gjitha Institucionet e Komun\u00ebs s\u00eb Ulqinit, pushtetin ekzekutiv dhe parlamentar, sektorin e biznesit, sektorin civil, institucionet arsimore, intelektual\u00ebt e pamvarur, qytetar\u00ebt, mediat, q\u00eb s\u00eb bashku t\u00eb ruajm\u00eb dhe t\u00eb mbrojm\u00eb potencialet tona te resurseve t\u00eb vlefshme si: Liqeni i Shasit, Buna, Kryporja, Plazhi i Madh, ishulli Ada, Port Milena,\u00a0 pylli i pishave, ullishta e Valdanosit, tok\u00ebn bujq\u00ebsore dhe t\u00eb tjera, nga shkat\u00ebrrimi dhe degradimi i m\u00ebtejsh\u00ebm, dhe p\u00ebrmes institucioneve t\u00eb sistemit, me dije dhe argumente t\u00eb kthejm\u00eb kompetencat mbi k\u00ebto perla p\u00ebr valorizimin, hapjen e vendeve t\u00eb reja t\u00eb pun\u00ebs dhe p\u00ebrmir\u00ebsimin e standardit jet\u00ebsor\u00eb t\u00eb t\u00eb gjith qytetar\u00ebve t\u00eb Ulqinit.<\/p>\n<p>Duke e ruajtur natyr\u00ebn dhe mjedisin ruajm\u00eb vehten dhe gjeneratat e ardhshme.<\/p>\n<p>Q\u00ebllimi yn\u00eb \u00ebsht\u00eb zhvillimi i Komun\u00ebs s\u00eb Ulqinit dhe t\u00eb jet\u00eb komun\u00eb ekologjike.<\/p>\n<p>&nbsp;<\/p>\n<p>Xhelal Hoxha \u2013 drejtori ekzekutiv \u201cHapi i Gjelb\u00ebrt\u201d<\/p>\n<p>Elvir Ze\u00e7eviq \u2013\u00a0 Drejtori ekzekutiv \u201cUlqin Biznes Asociacioni\u201d &#8211; UBA<\/p>\n<!--YouTube Error: bad URL entered-->\n","protected":false},"excerpt":{"rendered":"<p>04.06.2014 KUMTES\u00cb P\u00cbR OPINION \u00a0 Me rastin e 5 qershorit, dit\u00ebs nd\u00ebrkomb\u00ebtare t\u00eb ruajtjes s\u00eb mjedisit, \u201cUBA\u201d dhe \u201cHAPI i GJELB\u00cbRT\u201d iu drejtohen publikut &#8211; opinionit, qytetar\u00ebve t\u00eb Ulqinit dhe Malit t\u00eb Zi me deklaraten e m\u00ebposhtme: T\u00eb brengosur p\u00ebr gjendjen e mjedisit rreth tok\u00ebs, Kombet e Bashkuara n\u00eb konferenc\u00ebn e mbajtur me 5 qershor [&hellip;]<\/p>\n","protected":false},"author":1,"featured_media":0,"comment_status":"closed","ping_status":"closed","sticky":false,"template":"","format":"standard","meta":{"spay_email":"","jetpack_publicize_message":"","jetpack_is_tweetstorm":false,"jetpack_publicize_feature_enabled":true},"categories":[1,11],"tags":[],"jetpack_publicize_connections":[],"yoast_head":"<!-- This site is optimized with the Yoast SEO plugin v19.1 - https:\/\/yoast.com\/wordpress\/plugins\/seo\/ -->\n<title>Dita Bot\u00ebrore e Mjedisit: \u201cUBA\u201d dhe \u201cHAPI i GJELB\u00cbRT\u201d apel p\u00ebr ruajtje dhe mbrojtje - Lajme nga Ulqini<\/title>\n<meta name=\"description\" content=\"04.06.2014 KUMTES\u00cb P\u00cbR OPINION \u00a0 Me rastin e 5 qershorit, dit\u00ebs nd\u00ebrkomb\u00ebtare t\u00eb ruajtjes s\u00eb mjedisit, \u201cUBA\u201d dhe \u201cHAPI i GJELB\u00cbRT\u201d iu drejtohen publikut -\" \/>\n<meta name=\"robots\" content=\"index, follow, max-snippet:-1, max-image-preview:large, max-video-preview:-1\" \/>\n<link rel=\"canonical\" href=\"https:\/\/www.visit-ulcinj.com\/blog\/2014\/06\/04\/dita-boterore-e-mjedisit-uba-dhe-hapi-gjelbert-apel-per-ruajtje-dhe-mbrojtje\/\" \/>\n<meta property=\"og:locale\" content=\"en_US\" \/>\n<meta property=\"og:type\" content=\"article\" \/>\n<meta property=\"og:title\" content=\"Dita Bot\u00ebrore e Mjedisit: \u201cUBA\u201d dhe \u201cHAPI i GJELB\u00cbRT\u201d apel p\u00ebr ruajtje dhe mbrojtje - Lajme nga Ulqini\" \/>\n<meta property=\"og:description\" content=\"04.06.2014 KUMTES\u00cb P\u00cbR OPINION \u00a0 Me rastin e 5 qershorit, dit\u00ebs nd\u00ebrkomb\u00ebtare t\u00eb ruajtjes s\u00eb mjedisit, \u201cUBA\u201d dhe \u201cHAPI i GJELB\u00cbRT\u201d iu drejtohen publikut -\" \/>\n<meta property=\"og:url\" content=\"https:\/\/www.visit-ulcinj.com\/blog\/2014\/06\/04\/dita-boterore-e-mjedisit-uba-dhe-hapi-gjelbert-apel-per-ruajtje-dhe-mbrojtje\/\" \/>\n<meta property=\"og:site_name\" content=\"Lajme nga Ulqini\" \/>\n<meta property=\"article:published_time\" content=\"2014-06-04T10:10:46+00:00\" \/>\n<meta property=\"article:modified_time\" content=\"2014-06-17T04:49:34+00:00\" \/>\n<meta property=\"og:image\" content=\"http:\/\/www.visit-ulcinj.com\/blog\/wp-content\/uploads\/2014\/06\/UBA-HAPI-GJELBERT-ULQIN.jpg\" \/>\n<meta name=\"twitter:label1\" content=\"Written by\" \/>\n\t<meta name=\"twitter:data1\" content=\"ulqini\" \/>\n\t<meta name=\"twitter:label2\" content=\"Est. reading time\" \/>\n\t<meta name=\"twitter:data2\" content=\"2 minutes\" \/>\n<script type=\"application\/ld+json\" class=\"yoast-schema-graph\">{\"@context\":\"https:\/\/schema.org\",\"@graph\":[{\"@type\":\"WebSite\",\"@id\":\"https:\/\/www.visit-ulcinj.com\/blog\/#website\",\"url\":\"https:\/\/www.visit-ulcinj.com\/blog\/\",\"name\":\"Lajme nga Ulqini\",\"description\":\"Lajme,Vijesti,Ulqini,Ulqin,Crna Gora,Mali i Zi\",\"potentialAction\":[{\"@type\":\"SearchAction\",\"target\":{\"@type\":\"EntryPoint\",\"urlTemplate\":\"https:\/\/www.visit-ulcinj.com\/blog\/?s={search_term_string}\"},\"query-input\":\"required name=search_term_string\"}],\"inLanguage\":\"en-US\"},{\"@type\":\"ImageObject\",\"inLanguage\":\"en-US\",\"@id\":\"https:\/\/www.visit-ulcinj.com\/blog\/2014\/06\/04\/dita-boterore-e-mjedisit-uba-dhe-hapi-gjelbert-apel-per-ruajtje-dhe-mbrojtje\/#primaryimage\",\"url\":\"https:\/\/www.visit-ulcinj.com\/blog\/wp-content\/uploads\/2014\/06\/UBA-HAPI-GJELBERT-ULQIN.jpg\",\"contentUrl\":\"https:\/\/www.visit-ulcinj.com\/blog\/wp-content\/uploads\/2014\/06\/UBA-HAPI-GJELBERT-ULQIN.jpg\",\"width\":491,\"height\":187},{\"@type\":\"WebPage\",\"@id\":\"https:\/\/www.visit-ulcinj.com\/blog\/2014\/06\/04\/dita-boterore-e-mjedisit-uba-dhe-hapi-gjelbert-apel-per-ruajtje-dhe-mbrojtje\/#webpage\",\"url\":\"https:\/\/www.visit-ulcinj.com\/blog\/2014\/06\/04\/dita-boterore-e-mjedisit-uba-dhe-hapi-gjelbert-apel-per-ruajtje-dhe-mbrojtje\/\",\"name\":\"Dita Bot\u00ebrore e Mjedisit: \u201cUBA\u201d dhe \u201cHAPI i GJELB\u00cbRT\u201d apel p\u00ebr ruajtje dhe mbrojtje - Lajme nga Ulqini\",\"isPartOf\":{\"@id\":\"https:\/\/www.visit-ulcinj.com\/blog\/#website\"},\"primaryImageOfPage\":{\"@id\":\"https:\/\/www.visit-ulcinj.com\/blog\/2014\/06\/04\/dita-boterore-e-mjedisit-uba-dhe-hapi-gjelbert-apel-per-ruajtje-dhe-mbrojtje\/#primaryimage\"},\"datePublished\":\"2014-06-04T10:10:46+00:00\",\"dateModified\":\"2014-06-17T04:49:34+00:00\",\"author\":{\"@id\":\"https:\/\/www.visit-ulcinj.com\/blog\/#\/schema\/person\/dcab619c614d3038751c63bc2aadc06d\"},\"description\":\"04.06.2014 KUMTES\u00cb P\u00cbR OPINION \u00a0 Me rastin e 5 qershorit, dit\u00ebs nd\u00ebrkomb\u00ebtare t\u00eb ruajtjes s\u00eb mjedisit, \u201cUBA\u201d dhe \u201cHAPI i GJELB\u00cbRT\u201d iu drejtohen publikut -\",\"breadcrumb\":{\"@id\":\"https:\/\/www.visit-ulcinj.com\/blog\/2014\/06\/04\/dita-boterore-e-mjedisit-uba-dhe-hapi-gjelbert-apel-per-ruajtje-dhe-mbrojtje\/#breadcrumb\"},\"inLanguage\":\"en-US\",\"potentialAction\":[{\"@type\":\"ReadAction\",\"target\":[\"https:\/\/www.visit-ulcinj.com\/blog\/2014\/06\/04\/dita-boterore-e-mjedisit-uba-dhe-hapi-gjelbert-apel-per-ruajtje-dhe-mbrojtje\/\"]}]},{\"@type\":\"BreadcrumbList\",\"@id\":\"https:\/\/www.visit-ulcinj.com\/blog\/2014\/06\/04\/dita-boterore-e-mjedisit-uba-dhe-hapi-gjelbert-apel-per-ruajtje-dhe-mbrojtje\/#breadcrumb\",\"itemListElement\":[{\"@type\":\"ListItem\",\"position\":1,\"name\":\"Dita Bot\u00ebrore e Mjedisit: \u201cUBA\u201d dhe \u201cHAPI i GJELB\u00cbRT\u201d apel p\u00ebr ruajtje dhe mbrojtje\"}]},{\"@type\":\"Person\",\"@id\":\"https:\/\/www.visit-ulcinj.com\/blog\/#\/schema\/person\/dcab619c614d3038751c63bc2aadc06d\",\"name\":\"ulqini\",\"sameAs\":[\"http:\/\/www.visit-ulcinj.com\"],\"url\":\"https:\/\/www.visit-ulcinj.com\/blog\/author\/admin\/\"}]}<\/script>\n<!-- \/ Yoast SEO plugin. -->","yoast_head_json":{"title":"Dita Bot\u00ebrore e Mjedisit: \u201cUBA\u201d dhe \u201cHAPI i GJELB\u00cbRT\u201d apel p\u00ebr ruajtje dhe mbrojtje - Lajme nga Ulqini","description":"04.06.2014 KUMTES\u00cb P\u00cbR OPINION \u00a0 Me rastin e 5 qershorit, dit\u00ebs nd\u00ebrkomb\u00ebtare t\u00eb ruajtjes s\u00eb mjedisit, \u201cUBA\u201d dhe \u201cHAPI i GJELB\u00cbRT\u201d iu drejtohen publikut -","robots":{"index":"index","follow":"follow","max-snippet":"max-snippet:-1","max-image-preview":"max-image-preview:large","max-video-preview":"max-video-preview:-1"},"canonical":"https:\/\/www.visit-ulcinj.com\/blog\/2014\/06\/04\/dita-boterore-e-mjedisit-uba-dhe-hapi-gjelbert-apel-per-ruajtje-dhe-mbrojtje\/","og_locale":"en_US","og_type":"article","og_title":"Dita Bot\u00ebrore e Mjedisit: \u201cUBA\u201d dhe \u201cHAPI i GJELB\u00cbRT\u201d apel p\u00ebr ruajtje dhe mbrojtje - Lajme nga Ulqini","og_description":"04.06.2014 KUMTES\u00cb P\u00cbR OPINION \u00a0 Me rastin e 5 qershorit, dit\u00ebs nd\u00ebrkomb\u00ebtare t\u00eb ruajtjes s\u00eb mjedisit, \u201cUBA\u201d dhe \u201cHAPI i GJELB\u00cbRT\u201d iu drejtohen publikut -","og_url":"https:\/\/www.visit-ulcinj.com\/blog\/2014\/06\/04\/dita-boterore-e-mjedisit-uba-dhe-hapi-gjelbert-apel-per-ruajtje-dhe-mbrojtje\/","og_site_name":"Lajme nga Ulqini","article_published_time":"2014-06-04T10:10:46+00:00","article_modified_time":"2014-06-17T04:49:34+00:00","og_image":[{"url":"http:\/\/www.visit-ulcinj.com\/blog\/wp-content\/uploads\/2014\/06\/UBA-HAPI-GJELBERT-ULQIN.jpg"}],"twitter_misc":{"Written by":"ulqini","Est. reading time":"2 minutes"},"schema":{"@context":"https:\/\/schema.org","@graph":[{"@type":"WebSite","@id":"https:\/\/www.visit-ulcinj.com\/blog\/#website","url":"https:\/\/www.visit-ulcinj.com\/blog\/","name":"Lajme nga Ulqini","description":"Lajme,Vijesti,Ulqini,Ulqin,Crna Gora,Mali i Zi","potentialAction":[{"@type":"SearchAction","target":{"@type":"EntryPoint","urlTemplate":"https:\/\/www.visit-ulcinj.com\/blog\/?s={search_term_string}"},"query-input":"required name=search_term_string"}],"inLanguage":"en-US"},{"@type":"ImageObject","inLanguage":"en-US","@id":"https:\/\/www.visit-ulcinj.com\/blog\/2014\/06\/04\/dita-boterore-e-mjedisit-uba-dhe-hapi-gjelbert-apel-per-ruajtje-dhe-mbrojtje\/#primaryimage","url":"https:\/\/www.visit-ulcinj.com\/blog\/wp-content\/uploads\/2014\/06\/UBA-HAPI-GJELBERT-ULQIN.jpg","contentUrl":"https:\/\/www.visit-ulcinj.com\/blog\/wp-content\/uploads\/2014\/06\/UBA-HAPI-GJELBERT-ULQIN.jpg","width":491,"height":187},{"@type":"WebPage","@id":"https:\/\/www.visit-ulcinj.com\/blog\/2014\/06\/04\/dita-boterore-e-mjedisit-uba-dhe-hapi-gjelbert-apel-per-ruajtje-dhe-mbrojtje\/#webpage","url":"https:\/\/www.visit-ulcinj.com\/blog\/2014\/06\/04\/dita-boterore-e-mjedisit-uba-dhe-hapi-gjelbert-apel-per-ruajtje-dhe-mbrojtje\/","name":"Dita Bot\u00ebrore e Mjedisit: \u201cUBA\u201d dhe \u201cHAPI i GJELB\u00cbRT\u201d apel p\u00ebr ruajtje dhe mbrojtje - Lajme nga Ulqini","isPartOf":{"@id":"https:\/\/www.visit-ulcinj.com\/blog\/#website"},"primaryImageOfPage":{"@id":"https:\/\/www.visit-ulcinj.com\/blog\/2014\/06\/04\/dita-boterore-e-mjedisit-uba-dhe-hapi-gjelbert-apel-per-ruajtje-dhe-mbrojtje\/#primaryimage"},"datePublished":"2014-06-04T10:10:46+00:00","dateModified":"2014-06-17T04:49:34+00:00","author":{"@id":"https:\/\/www.visit-ulcinj.com\/blog\/#\/schema\/person\/dcab619c614d3038751c63bc2aadc06d"},"description":"04.06.2014 KUMTES\u00cb P\u00cbR OPINION \u00a0 Me rastin e 5 qershorit, dit\u00ebs nd\u00ebrkomb\u00ebtare t\u00eb ruajtjes s\u00eb mjedisit, \u201cUBA\u201d dhe \u201cHAPI i GJELB\u00cbRT\u201d iu drejtohen publikut -","breadcrumb":{"@id":"https:\/\/www.visit-ulcinj.com\/blog\/2014\/06\/04\/dita-boterore-e-mjedisit-uba-dhe-hapi-gjelbert-apel-per-ruajtje-dhe-mbrojtje\/#breadcrumb"},"inLanguage":"en-US","potentialAction":[{"@type":"ReadAction","target":["https:\/\/www.visit-ulcinj.com\/blog\/2014\/06\/04\/dita-boterore-e-mjedisit-uba-dhe-hapi-gjelbert-apel-per-ruajtje-dhe-mbrojtje\/"]}]},{"@type":"BreadcrumbList","@id":"https:\/\/www.visit-ulcinj.com\/blog\/2014\/06\/04\/dita-boterore-e-mjedisit-uba-dhe-hapi-gjelbert-apel-per-ruajtje-dhe-mbrojtje\/#breadcrumb","itemListElement":[{"@type":"ListItem","position":1,"name":"Dita Bot\u00ebrore e Mjedisit: \u201cUBA\u201d dhe \u201cHAPI i GJELB\u00cbRT\u201d apel p\u00ebr ruajtje dhe mbrojtje"}]},{"@type":"Person","@id":"https:\/\/www.visit-ulcinj.com\/blog\/#\/schema\/person\/dcab619c614d3038751c63bc2aadc06d","name":"ulqini","sameAs":["http:\/\/www.visit-ulcinj.com"],"url":"https:\/\/www.visit-ulcinj.com\/blog\/author\/admin\/"}]}},"jetpack_featured_media_url":"","jetpack_sharing_enabled":true,"jetpack_shortlink":"https:\/\/wp.me\/pe6lTn-lwl","_links":{"self":[{"href":"https:\/\/www.visit-ulcinj.com\/blog\/wp-json\/wp\/v2\/posts\/82729"}],"collection":[{"href":"https:\/\/www.visit-ulcinj.com\/blog\/wp-json\/wp\/v2\/posts"}],"about":[{"href":"https:\/\/www.visit-ulcinj.com\/blog\/wp-json\/wp\/v2\/types\/post"}],"author":[{"embeddable":true,"href":"https:\/\/www.visit-ulcinj.com\/blog\/wp-json\/wp\/v2\/users\/1"}],"replies":[{"embeddable":true,"href":"https:\/\/www.visit-ulcinj.com\/blog\/wp-json\/wp\/v2\/comments?post=82729"}],"version-history":[{"count":3,"href":"https:\/\/www.visit-ulcinj.com\/blog\/wp-json\/wp\/v2\/posts\/82729\/revisions"}],"predecessor-version":[{"id":83171,"href":"https:\/\/www.visit-ulcinj.com\/blog\/wp-json\/wp\/v2\/posts\/82729\/revisions\/83171"}],"wp:attachment":[{"href":"https:\/\/www.visit-ulcinj.com\/blog\/wp-json\/wp\/v2\/media?parent=82729"}],"wp:term":[{"taxonomy":"category","embeddable":true,"href":"https:\/\/www.visit-ulcinj.com\/blog\/wp-json\/wp\/v2\/categories?post=82729"},{"taxonomy":"post_tag","embeddable":true,"href":"https:\/\/www.visit-ulcinj.com\/blog\/wp-json\/wp\/v2\/tags?post=82729"}],"curies":[{"name":"wp","href":"https:\/\/api.w.org\/{rel}","templated":true}]}}