{"id":82735,"date":"2014-06-04T11:53:35","date_gmt":"2014-06-04T10:53:35","guid":{"rendered":"http:\/\/www.visit-ulcinj.com\/blog\/?p=82735"},"modified":"2014-06-04T17:46:53","modified_gmt":"2014-06-04T16:46:53","slug":"nika-ulqinaket-ne-lufte-per-hapesire-ii","status":"publish","type":"post","link":"https:\/\/www.visit-ulcinj.com\/blog\/2014\/06\/04\/nika-ulqinaket-ne-lufte-per-hapesire-ii\/","title":{"rendered":"Nika: Ulqinak\u00ebt  n\u00eb luft\u00eb p\u00ebr hap\u00ebsir\u00eb &#8211; (II)"},"content":{"rendered":"<p><b><i>Shkruan Muhamet Nika:<\/i><\/b><\/p>\n<p>&nbsp;<\/p>\n<p>Q\u00eb pas pushtimit t\u00eb Ulqinit nga serbo \u2013malazez\u00ebt, lufta e tyre me politik\u00ebn e pushtimit e t\u00eb rrudhjes s\u00eb mjedisit etnik nuk ka t\u00eb sosur dhe\u00a0 \u00ebsht\u00eb\u00a0 duke vazhduar edhe\u00a0 sot.<\/p>\n<p><a href=\"http:\/\/www.visit-ulcinj.com\/blog\/wp-content\/uploads\/2014\/06\/HOTEL-KOPP-HOTEL-GALEB-ULQIN-1.jpg\"><img loading=\"lazy\" class=\"alignleft  wp-image-82737\" alt=\"HOTEL-KOPP-HOTEL GALEB-ULQIN-1\" src=\"http:\/\/www.visit-ulcinj.com\/blog\/wp-content\/uploads\/2014\/06\/HOTEL-KOPP-HOTEL-GALEB-ULQIN-1.jpg\" width=\"508\" height=\"360\" \/><\/a><\/p>\n<p>Politikat e shtetit nd\u00ebrronin shpesh dhe sa her\u00eb q\u00eb nd\u00ebrronin p\u00ebr t\u00eb mir\u00eb nga ai, brezi i tjet\u00ebr, s\u00ebrish hakmerrej duke e prishur e shkat\u00ebrruar me themel pun\u00ebn e t\u00eb tjer\u00ebve ose nuk e lejonin q\u00eb nj\u00eb pun\u00eb fare se\u00a0 t\u00eb nisej. Rreth \u00e7\u00ebshtjes s\u00eb ngushtimit t\u00eb hap\u00ebsir\u00ebs , serbo-malazez\u00ebt punonin me projekte t\u00eb \u00a0akademik\u00ebve\u00a0\u00a0 zaptues, kurse shqiptar\u00ebt ishin t\u00eb pa organizuar dhe punonin se cili kok\u00eb n\u00eb vete , shpesh her\u00eb mbi baz\u00ebn e interesave tep\u00ebr t\u00eb ngushta personale. K\u00ebshtu q\u00eb ata shpesh her\u00eb rr\u00ebxonin nj\u00ebri tjetrin edhe pa i shtyr\u00eb kush . Por edhe kur ishin \u201c esull\u201ddhe nxirrnin ndonj\u00eb veprim p\u00ebr s\u00eb mbarit , si ai, p\u00ebr nd\u00ebrtimin e KOSOV\u00cbS I (K-I),<\/p>\n<p>aktivizonin strukturat e qendr\u00ebs duke u prishur pun\u00ebn atyre.<\/p>\n<p><a href=\"http:\/\/www.visit-ulcinj.com\/blog\/wp-content\/uploads\/2014\/06\/Restoranti-Kalimera-Ulqin.jpg\"><img loading=\"lazy\" class=\"alignleft  wp-image-82738\" alt=\"Restoranti-Kalimera-Ulqin\" src=\"http:\/\/www.visit-ulcinj.com\/blog\/wp-content\/uploads\/2014\/06\/Restoranti-Kalimera-Ulqin.jpg\" width=\"508\" height=\"360\" \/><\/a><\/p>\n<p><b><i>Rr\u00ebnimi i kapaciteteve turistike p\u00ebrmes teoris\u00eb s\u00eb planifikimit<\/i><\/b><\/p>\n<p>N\u00eb mes rreshtave\u00a0 rreth\u00a0 \u00e7\u00ebshtjes s\u00eb (K-I), \u00a0mund t\u00eb kuptohet q\u00eb dh\u00ebnia e lejes p\u00ebr nd\u00ebrtimin e saj si pushimore turistike, nga individ\u00ebt\u00a0 shqiptar\u00eb\u00a0 , strukturave udh\u00ebheq\u00ebse e shovene t\u00eb at\u00ebhershme t\u00eb \u00a0komun\u00ebs, u prishte planet , sepse ardhja e kosovar\u00ebv, si pas tyre do t\u00eb \u00a0\u00a0nd\u00ebrronte duksh\u00ebm \u00a0struktur\u00ebn e popullsis\u00eb n\u00eb d\u00ebm t\u00eb elementit sllav&#8230;??!!!<\/p>\n<p>N\u00eb deklaratat me shkrim t\u00eb kryesis\u00eb s\u00eb komun\u00ebs p\u00ebr kuvend e l\u00ebshuar\u00a0 nga qaret shoviniste, \u00a0serbo- malazeze,\u00a0 t\u00eb cilat diktonin pun\u00ebn e komitetit qendror t\u00eb partis\u00eb , dh\u00ebnia e pushimores, \u00a0cil\u00ebsohej, si\u201d&#8230;Mosrespektim ose \u00e7rregullim i duksh\u00ebm i Planit Hap\u00ebsinor\u201dADRIATIKU I JUGUT\u201d, dhe n\u00eb dokument, sipas tyre\u00a0 gjykohej se \u00a0\u201c&#8230;.Mos p\u00ebrgjegj\u00ebsia dhe keqp\u00ebrdorimet e disa organeve t\u00eb komun\u00ebs son\u00eb, t\u00eb vet\u00ebqeverisjes lokale e t\u00eb individ\u00ebve, t\u00eb cil\u00ebt\u00a0 , p\u00ebrtej kompetencave t\u00eb veta, duke injoruar rolin e funksionit t\u00eb vet, po dhe kompetencat n\u00eb l\u00ebmine e mbrojtjes s\u00eb ligjshm\u00ebris\u00eb: <b><i><span style=\"text-decoration: underline;\">u p\u00ebrcaktuan p\u00ebr nj\u00eb politik\u00eb absurde nxor\u00ebn konkluza alarmante. N\u00ebnshkruan dokumente<\/span> <span style=\"text-decoration: underline;\">d\u00ebshtuese kapitulluese dhe l\u00ebshuan leje e vendime politikisht dhe\u00a0 moralisht t\u00eb dyshimta\u201d&#8230;?!<\/span><\/i><\/b><\/p>\n<p>Andaj mbi baz\u00ebn e\u00a0 k\u00ebtyre ankesave t\u00eb\u00a0 strukturave , \u00a0Kuvendi i Komun\u00ebs s\u00eb Ulqinit, m\u00eb 31 mars t\u00eb vitit 1982, nxori konkluz\u00eb&#8230;&#8230;,\u201d p\u00ebr nxjerrjen jasht\u00eb fuqie t\u00eb \u00e7do akti q\u00eb ka lidhje me pushimoren, n\u00eb \u201cK-1\u201d&#8230;., si dhe t\u00eb nisen bisedat p\u00ebr ndarjen e lokacionit t\u00eb ri, <span style=\"text-decoration: underline;\">por deri t\u00eb<\/span> <span style=\"text-decoration: underline;\">marr\u00ebveshja me pal\u00ebn Kosovare nuk \u00ebsht\u00eb arritur. <\/span><\/p>\n<p><a href=\"http:\/\/www.visit-ulcinj.com\/blog\/wp-content\/uploads\/2014\/06\/Hotel-Jadran-Ulqin.jpg\"><img loading=\"lazy\" class=\"alignleft  wp-image-82739\" alt=\"Hotel-Jadran-Ulqin\" src=\"http:\/\/www.visit-ulcinj.com\/blog\/wp-content\/uploads\/2014\/06\/Hotel-Jadran-Ulqin.jpg\" width=\"508\" height=\"360\" \/><\/a><\/p>\n<p>L\u00ebnda sot ka p\u00ebrfunduar n\u00eb gjyq, dhe\u00a0 sipas t gjyqit, komuna ka nj\u00eb borxh ndaj Kosov\u00ebs , pre disa miliona eurosh.<\/p>\n<p>N\u00eb fund, duhet cekur edhe kjo, se p\u00ebr \u00e7udi\u00a0 serbo-malazez\u00ebt, n\u00eb m\u00ebnyr\u00eb permanente i pengonte edhe ajo q\u00eb vet\u00eb nd\u00ebrtonin. K\u00ebshtu edhe rr\u00ebnimi i disa kapaciteteve turistike , q\u00eb po\u00a0 b\u00ebhet tani, nuk \u00ebsht\u00eb i rastit. Nj\u00ebkoh\u00ebsisht hap\u00ebsira shqiptare, me \u00a0kapacitetet turistike, q\u00eb ngjante t\u00eb nd\u00ebrtohej \u00a0koh\u00eb pas kohe , vazhdimisht prishej.<\/p>\n<p><a href=\"http:\/\/www.visit-ulcinj.com\/blog\/wp-content\/uploads\/2014\/06\/HOTEL-KOPP-HOTEL-GALEB-ULQIN.jpg\"><img loading=\"lazy\" class=\"alignleft  wp-image-82736\" alt=\"HOTEL-KOPP-HOTEL GALEB-ULQIN\" src=\"http:\/\/www.visit-ulcinj.com\/blog\/wp-content\/uploads\/2014\/06\/HOTEL-KOPP-HOTEL-GALEB-ULQIN.jpg\" width=\"508\" height=\"600\" \/><\/a><strong><em> Pamje nga hoteli i dikurshem n\u00eb Ran\u00eb, sikur ta kishim t\u00eb pakt\u00ebn k\u00ebt\u00eb pasi e rr\u00ebnuan Galebin&#8230;?!!<\/em><\/strong><\/p>\n<p><b><i>HOTELI\u00a0 KO-OP I DIKURSH\u00cbM <\/i><\/b><\/p>\n<p>Po shk\u00ebpusim k\u00ebtu, p\u00ebr ilustrim, nga nj\u00eb prospekt i kah motshem \u00a0turistik, \u00a0edhe\u00a0 pamjen e hotelit\u00a0 Ko-op- viti 1937, q\u00eb gjendej \u00a0\u00a0n\u00eb Ran\u00eb(Plazhi i vog\u00ebl). P\u00ebr k\u00ebt\u00eb\u00a0 hotel sot\u00a0 pak kush din, por as p\u00ebr jet\u00ebn dhe m\u00ebnyr\u00ebn e jetes\u00ebs\u00a0s\u00eb ulqinak\u00ebve.<\/p>\n<p>Nd\u00ebrsa \u00a0n\u00eb prospekt t\u00eb hotelit lexojm\u00eb edhe k\u00ebt\u00eb:\u201d&#8230; Duqanet \u00a0e vogla karakteristike turke dhe veshjet myslimane, n\u00ebn t\u00eb\u00a0 cilat mbulohen grat\u00eb me\u00a0 ferexhe, i jep k\u00ebsaj qyteze, \u00a0nj\u00eb\u00a0 ve\u00e7anti\u00a0 t\u00eb theksuar orientale, rreth t\u00eb cil\u00ebs edhe pas ikjes nj\u00eb koh\u00eb t\u00eb gjat\u00eb e kujtojm\u00eb. Thirrja e mujezinit, nga lart\u00ebsia e minares, gjat\u00eb darkave verore, gjithkujt i mbet n\u00eb kujtes\u00eb si \u00a0e paharruar edhe at\u00eb her\u00eb kur jemi larg tij, ngjan q\u00eb \u00a0ndjesia e kujtes\u00ebs\u00a0 n\u00eb k\u00ebt\u00eb thirrje t\u00eb na p\u00ebrfshij duke u zgjatur , n\u00eb m\u00ebnyr\u00eb t\u00eb pakuptueshme e t\u00eb \u00e7uditshme, dhe t\u00eb kujton Lindjen e larg\u00ebt. N\u00eb k\u00ebt\u00eb atmosfer\u00eb, t\u00eb kuriozitetit dhe bukuris\u00eb, mu n\u00eb vet\u00eb plazhin e vog\u00ebl, dhe me dhomat e kthyera nga deti, me terasa e ballkone t\u00eb pa num\u00ebrta, sikur t\u00eb ishte nj\u00eb oborr mbret\u00ebrish, \u00ebsht\u00eb hoteli \u201cKo-Op\u201d, i nd\u00ebrtuar me fjal\u00ebn e fundit t\u00eb arkitektur\u00ebs&#8230;..\u201d<\/p>\n","protected":false},"excerpt":{"rendered":"<p>Shkruan Muhamet Nika: &nbsp; Q\u00eb pas pushtimit t\u00eb Ulqinit nga serbo \u2013malazez\u00ebt, lufta e tyre me politik\u00ebn e pushtimit e t\u00eb rrudhjes s\u00eb mjedisit etnik nuk ka t\u00eb sosur dhe\u00a0 \u00ebsht\u00eb\u00a0 duke vazhduar edhe\u00a0 sot. Politikat e shtetit nd\u00ebrronin shpesh dhe sa her\u00eb q\u00eb nd\u00ebrronin p\u00ebr t\u00eb mir\u00eb nga ai, brezi i tjet\u00ebr, s\u00ebrish hakmerrej [&hellip;]<\/p>\n","protected":false},"author":1,"featured_media":0,"comment_status":"closed","ping_status":"closed","sticky":false,"template":"","format":"standard","meta":{"spay_email":"","jetpack_publicize_message":"","jetpack_is_tweetstorm":false,"jetpack_publicize_feature_enabled":true},"categories":[1,14249],"tags":[],"jetpack_publicize_connections":[],"yoast_head":"<!-- This site is optimized with the Yoast SEO plugin v19.1 - https:\/\/yoast.com\/wordpress\/plugins\/seo\/ -->\n<title>Nika: Ulqinak\u00ebt n\u00eb luft\u00eb p\u00ebr hap\u00ebsir\u00eb - (II) - Lajme nga Ulqini<\/title>\n<meta name=\"description\" content=\"Shkruan Muhamet Nika: &nbsp; Q\u00eb pas pushtimit t\u00eb Ulqinit nga serbo \u2013malazez\u00ebt, lufta e tyre me politik\u00ebn e pushtimit e t\u00eb rrudhjes s\u00eb mjedisit etnik nuk\" \/>\n<meta name=\"robots\" content=\"index, follow, max-snippet:-1, max-image-preview:large, max-video-preview:-1\" \/>\n<link rel=\"canonical\" href=\"https:\/\/www.visit-ulcinj.com\/blog\/2014\/06\/04\/nika-ulqinaket-ne-lufte-per-hapesire-ii\/\" \/>\n<meta property=\"og:locale\" content=\"en_US\" \/>\n<meta property=\"og:type\" content=\"article\" \/>\n<meta property=\"og:title\" content=\"Nika: Ulqinak\u00ebt n\u00eb luft\u00eb p\u00ebr hap\u00ebsir\u00eb - (II) - Lajme nga Ulqini\" \/>\n<meta property=\"og:description\" content=\"Shkruan Muhamet Nika: &nbsp; Q\u00eb pas pushtimit t\u00eb Ulqinit nga serbo \u2013malazez\u00ebt, lufta e tyre me politik\u00ebn e pushtimit e t\u00eb rrudhjes s\u00eb mjedisit etnik nuk\" \/>\n<meta property=\"og:url\" content=\"https:\/\/www.visit-ulcinj.com\/blog\/2014\/06\/04\/nika-ulqinaket-ne-lufte-per-hapesire-ii\/\" \/>\n<meta property=\"og:site_name\" content=\"Lajme nga Ulqini\" \/>\n<meta property=\"article:published_time\" content=\"2014-06-04T10:53:35+00:00\" \/>\n<meta property=\"article:modified_time\" content=\"2014-06-04T16:46:53+00:00\" \/>\n<meta property=\"og:image\" content=\"http:\/\/www.visit-ulcinj.com\/blog\/wp-content\/uploads\/2014\/06\/HOTEL-KOPP-HOTEL-GALEB-ULQIN-1.jpg\" \/>\n<meta name=\"twitter:label1\" content=\"Written by\" \/>\n\t<meta name=\"twitter:data1\" content=\"ulqini\" \/>\n\t<meta name=\"twitter:label2\" content=\"Est. reading time\" \/>\n\t<meta name=\"twitter:data2\" content=\"4 minutes\" \/>\n<script type=\"application\/ld+json\" class=\"yoast-schema-graph\">{\"@context\":\"https:\/\/schema.org\",\"@graph\":[{\"@type\":\"WebSite\",\"@id\":\"https:\/\/www.visit-ulcinj.com\/blog\/#website\",\"url\":\"https:\/\/www.visit-ulcinj.com\/blog\/\",\"name\":\"Lajme nga Ulqini\",\"description\":\"Lajme,Vijesti,Ulqini,Ulqin,Crna Gora,Mali i Zi\",\"potentialAction\":[{\"@type\":\"SearchAction\",\"target\":{\"@type\":\"EntryPoint\",\"urlTemplate\":\"https:\/\/www.visit-ulcinj.com\/blog\/?s={search_term_string}\"},\"query-input\":\"required name=search_term_string\"}],\"inLanguage\":\"en-US\"},{\"@type\":\"ImageObject\",\"inLanguage\":\"en-US\",\"@id\":\"https:\/\/www.visit-ulcinj.com\/blog\/2014\/06\/04\/nika-ulqinaket-ne-lufte-per-hapesire-ii\/#primaryimage\",\"url\":\"http:\/\/www.visit-ulcinj.com\/blog\/wp-content\/uploads\/2014\/06\/HOTEL-KOPP-HOTEL-GALEB-ULQIN-1.jpg\",\"contentUrl\":\"http:\/\/www.visit-ulcinj.com\/blog\/wp-content\/uploads\/2014\/06\/HOTEL-KOPP-HOTEL-GALEB-ULQIN-1.jpg\"},{\"@type\":\"WebPage\",\"@id\":\"https:\/\/www.visit-ulcinj.com\/blog\/2014\/06\/04\/nika-ulqinaket-ne-lufte-per-hapesire-ii\/#webpage\",\"url\":\"https:\/\/www.visit-ulcinj.com\/blog\/2014\/06\/04\/nika-ulqinaket-ne-lufte-per-hapesire-ii\/\",\"name\":\"Nika: Ulqinak\u00ebt n\u00eb luft\u00eb p\u00ebr hap\u00ebsir\u00eb - (II) - Lajme nga Ulqini\",\"isPartOf\":{\"@id\":\"https:\/\/www.visit-ulcinj.com\/blog\/#website\"},\"primaryImageOfPage\":{\"@id\":\"https:\/\/www.visit-ulcinj.com\/blog\/2014\/06\/04\/nika-ulqinaket-ne-lufte-per-hapesire-ii\/#primaryimage\"},\"datePublished\":\"2014-06-04T10:53:35+00:00\",\"dateModified\":\"2014-06-04T16:46:53+00:00\",\"author\":{\"@id\":\"https:\/\/www.visit-ulcinj.com\/blog\/#\/schema\/person\/dcab619c614d3038751c63bc2aadc06d\"},\"description\":\"Shkruan Muhamet Nika: &nbsp; Q\u00eb pas pushtimit t\u00eb Ulqinit nga serbo \u2013malazez\u00ebt, lufta e tyre me politik\u00ebn e pushtimit e t\u00eb rrudhjes s\u00eb mjedisit etnik nuk\",\"breadcrumb\":{\"@id\":\"https:\/\/www.visit-ulcinj.com\/blog\/2014\/06\/04\/nika-ulqinaket-ne-lufte-per-hapesire-ii\/#breadcrumb\"},\"inLanguage\":\"en-US\",\"potentialAction\":[{\"@type\":\"ReadAction\",\"target\":[\"https:\/\/www.visit-ulcinj.com\/blog\/2014\/06\/04\/nika-ulqinaket-ne-lufte-per-hapesire-ii\/\"]}]},{\"@type\":\"BreadcrumbList\",\"@id\":\"https:\/\/www.visit-ulcinj.com\/blog\/2014\/06\/04\/nika-ulqinaket-ne-lufte-per-hapesire-ii\/#breadcrumb\",\"itemListElement\":[{\"@type\":\"ListItem\",\"position\":1,\"name\":\"Nika: Ulqinak\u00ebt n\u00eb luft\u00eb p\u00ebr hap\u00ebsir\u00eb &#8211; (II)\"}]},{\"@type\":\"Person\",\"@id\":\"https:\/\/www.visit-ulcinj.com\/blog\/#\/schema\/person\/dcab619c614d3038751c63bc2aadc06d\",\"name\":\"ulqini\",\"sameAs\":[\"http:\/\/www.visit-ulcinj.com\"],\"url\":\"https:\/\/www.visit-ulcinj.com\/blog\/author\/admin\/\"}]}<\/script>\n<!-- \/ Yoast SEO plugin. -->","yoast_head_json":{"title":"Nika: Ulqinak\u00ebt n\u00eb luft\u00eb p\u00ebr hap\u00ebsir\u00eb - (II) - Lajme nga Ulqini","description":"Shkruan Muhamet Nika: &nbsp; Q\u00eb pas pushtimit t\u00eb Ulqinit nga serbo \u2013malazez\u00ebt, lufta e tyre me politik\u00ebn e pushtimit e t\u00eb rrudhjes s\u00eb mjedisit etnik nuk","robots":{"index":"index","follow":"follow","max-snippet":"max-snippet:-1","max-image-preview":"max-image-preview:large","max-video-preview":"max-video-preview:-1"},"canonical":"https:\/\/www.visit-ulcinj.com\/blog\/2014\/06\/04\/nika-ulqinaket-ne-lufte-per-hapesire-ii\/","og_locale":"en_US","og_type":"article","og_title":"Nika: Ulqinak\u00ebt n\u00eb luft\u00eb p\u00ebr hap\u00ebsir\u00eb - (II) - Lajme nga Ulqini","og_description":"Shkruan Muhamet Nika: &nbsp; Q\u00eb pas pushtimit t\u00eb Ulqinit nga serbo \u2013malazez\u00ebt, lufta e tyre me politik\u00ebn e pushtimit e t\u00eb rrudhjes s\u00eb mjedisit etnik nuk","og_url":"https:\/\/www.visit-ulcinj.com\/blog\/2014\/06\/04\/nika-ulqinaket-ne-lufte-per-hapesire-ii\/","og_site_name":"Lajme nga Ulqini","article_published_time":"2014-06-04T10:53:35+00:00","article_modified_time":"2014-06-04T16:46:53+00:00","og_image":[{"url":"http:\/\/www.visit-ulcinj.com\/blog\/wp-content\/uploads\/2014\/06\/HOTEL-KOPP-HOTEL-GALEB-ULQIN-1.jpg"}],"twitter_misc":{"Written by":"ulqini","Est. reading time":"4 minutes"},"schema":{"@context":"https:\/\/schema.org","@graph":[{"@type":"WebSite","@id":"https:\/\/www.visit-ulcinj.com\/blog\/#website","url":"https:\/\/www.visit-ulcinj.com\/blog\/","name":"Lajme nga Ulqini","description":"Lajme,Vijesti,Ulqini,Ulqin,Crna Gora,Mali i Zi","potentialAction":[{"@type":"SearchAction","target":{"@type":"EntryPoint","urlTemplate":"https:\/\/www.visit-ulcinj.com\/blog\/?s={search_term_string}"},"query-input":"required name=search_term_string"}],"inLanguage":"en-US"},{"@type":"ImageObject","inLanguage":"en-US","@id":"https:\/\/www.visit-ulcinj.com\/blog\/2014\/06\/04\/nika-ulqinaket-ne-lufte-per-hapesire-ii\/#primaryimage","url":"http:\/\/www.visit-ulcinj.com\/blog\/wp-content\/uploads\/2014\/06\/HOTEL-KOPP-HOTEL-GALEB-ULQIN-1.jpg","contentUrl":"http:\/\/www.visit-ulcinj.com\/blog\/wp-content\/uploads\/2014\/06\/HOTEL-KOPP-HOTEL-GALEB-ULQIN-1.jpg"},{"@type":"WebPage","@id":"https:\/\/www.visit-ulcinj.com\/blog\/2014\/06\/04\/nika-ulqinaket-ne-lufte-per-hapesire-ii\/#webpage","url":"https:\/\/www.visit-ulcinj.com\/blog\/2014\/06\/04\/nika-ulqinaket-ne-lufte-per-hapesire-ii\/","name":"Nika: Ulqinak\u00ebt n\u00eb luft\u00eb p\u00ebr hap\u00ebsir\u00eb - (II) - Lajme nga Ulqini","isPartOf":{"@id":"https:\/\/www.visit-ulcinj.com\/blog\/#website"},"primaryImageOfPage":{"@id":"https:\/\/www.visit-ulcinj.com\/blog\/2014\/06\/04\/nika-ulqinaket-ne-lufte-per-hapesire-ii\/#primaryimage"},"datePublished":"2014-06-04T10:53:35+00:00","dateModified":"2014-06-04T16:46:53+00:00","author":{"@id":"https:\/\/www.visit-ulcinj.com\/blog\/#\/schema\/person\/dcab619c614d3038751c63bc2aadc06d"},"description":"Shkruan Muhamet Nika: &nbsp; Q\u00eb pas pushtimit t\u00eb Ulqinit nga serbo \u2013malazez\u00ebt, lufta e tyre me politik\u00ebn e pushtimit e t\u00eb rrudhjes s\u00eb mjedisit etnik nuk","breadcrumb":{"@id":"https:\/\/www.visit-ulcinj.com\/blog\/2014\/06\/04\/nika-ulqinaket-ne-lufte-per-hapesire-ii\/#breadcrumb"},"inLanguage":"en-US","potentialAction":[{"@type":"ReadAction","target":["https:\/\/www.visit-ulcinj.com\/blog\/2014\/06\/04\/nika-ulqinaket-ne-lufte-per-hapesire-ii\/"]}]},{"@type":"BreadcrumbList","@id":"https:\/\/www.visit-ulcinj.com\/blog\/2014\/06\/04\/nika-ulqinaket-ne-lufte-per-hapesire-ii\/#breadcrumb","itemListElement":[{"@type":"ListItem","position":1,"name":"Nika: Ulqinak\u00ebt n\u00eb luft\u00eb p\u00ebr hap\u00ebsir\u00eb &#8211; (II)"}]},{"@type":"Person","@id":"https:\/\/www.visit-ulcinj.com\/blog\/#\/schema\/person\/dcab619c614d3038751c63bc2aadc06d","name":"ulqini","sameAs":["http:\/\/www.visit-ulcinj.com"],"url":"https:\/\/www.visit-ulcinj.com\/blog\/author\/admin\/"}]}},"jetpack_featured_media_url":"","jetpack_sharing_enabled":true,"jetpack_shortlink":"https:\/\/wp.me\/pe6lTn-lwr","_links":{"self":[{"href":"https:\/\/www.visit-ulcinj.com\/blog\/wp-json\/wp\/v2\/posts\/82735"}],"collection":[{"href":"https:\/\/www.visit-ulcinj.com\/blog\/wp-json\/wp\/v2\/posts"}],"about":[{"href":"https:\/\/www.visit-ulcinj.com\/blog\/wp-json\/wp\/v2\/types\/post"}],"author":[{"embeddable":true,"href":"https:\/\/www.visit-ulcinj.com\/blog\/wp-json\/wp\/v2\/users\/1"}],"replies":[{"embeddable":true,"href":"https:\/\/www.visit-ulcinj.com\/blog\/wp-json\/wp\/v2\/comments?post=82735"}],"version-history":[{"count":2,"href":"https:\/\/www.visit-ulcinj.com\/blog\/wp-json\/wp\/v2\/posts\/82735\/revisions"}],"predecessor-version":[{"id":82741,"href":"https:\/\/www.visit-ulcinj.com\/blog\/wp-json\/wp\/v2\/posts\/82735\/revisions\/82741"}],"wp:attachment":[{"href":"https:\/\/www.visit-ulcinj.com\/blog\/wp-json\/wp\/v2\/media?parent=82735"}],"wp:term":[{"taxonomy":"category","embeddable":true,"href":"https:\/\/www.visit-ulcinj.com\/blog\/wp-json\/wp\/v2\/categories?post=82735"},{"taxonomy":"post_tag","embeddable":true,"href":"https:\/\/www.visit-ulcinj.com\/blog\/wp-json\/wp\/v2\/tags?post=82735"}],"curies":[{"name":"wp","href":"https:\/\/api.w.org\/{rel}","templated":true}]}}