{"id":82753,"date":"2014-06-04T17:29:17","date_gmt":"2014-06-04T16:29:17","guid":{"rendered":"http:\/\/www.visit-ulcinj.com\/blog\/?p=82753"},"modified":"2014-06-04T17:29:17","modified_gmt":"2014-06-04T16:29:17","slug":"czarnogora-porto-montenegro-rozwija-sektor-turystyki-luksusowej","status":"publish","type":"post","link":"https:\/\/www.visit-ulcinj.com\/blog\/2014\/06\/04\/czarnogora-porto-montenegro-rozwija-sektor-turystyki-luksusowej\/","title":{"rendered":"Czarnog\u00f3ra: Porto Montenegro rozwija sektor turystyki luksusowej"},"content":{"rendered":"<p><a href=\"http:\/\/www.visit-ulcinj.com\/blog\/wp-content\/uploads\/2014\/06\/Tivat-Porto-Montenegro-4.jpg\"><img loading=\"lazy\" class=\"alignleft  wp-image-82743\" alt=\"Tivat - Porto Montenegro 4\" src=\"http:\/\/www.visit-ulcinj.com\/blog\/wp-content\/uploads\/2014\/06\/Tivat-Porto-Montenegro-4.jpg\" width=\"508\" height=\"360\" \/><\/a>Agencja Discover Montenegro specjalizuj\u0105ca si\u0119 w\u00a0 oferowaniu us\u0142ug helikopterowych, zostanie otwarta 3 maja w kompleksie mieszkaniowym Tara, mieszcz\u0105cym si\u0119 w Porto Montenegro i sk\u0142adaj\u0105cym si\u0119 z osiedla rezydencji.<\/p>\n<p>Loty helikopterowe z Porto Montenegro b\u0119dzie realizowa\u0142a brytyjska firma The Anonymous we wsp\u00f3\u0142pracy z rodzim\u0105 sp\u00f3\u0142k\u0105 Airways Montenegro, a klienci zyskaj\u0105 dost\u0119p do szerokiego wachlarza us\u0142ug helikopterowych\u00a0 &#8211; oferuj\u0105ce panoramiczne widoki przeloty w poszukiwaniu luksusowych przyg\u00f3d przy odkrywaniu Czarnog\u00f3ry jako atrakcyjnego celu wakacyjnych wyjazd\u00f3w, przez przewozy helikopterowe, loty czarterowe, do transfer\u00f3w organizowanych wedle specyficznych potrzeb i oczekiwa\u0144 klient\u00f3w. Agencja mieszcz\u0105ca si\u0119 w jachtowym centrum Porto Montenegro w swojej ofercie szczeg\u00f3ln\u0105 uwag\u0119 po\u015bwi\u0119ci misji odkrywania pi\u0119kna Czarnog\u00f3ry pod has\u0142em \u201eOdkryjcie Czarnog\u00f3r\u0119 z powietrza, morza i l\u0105du \u2013 magia panoramicznych widok\u00f3w z zaplecza Boki Kotorskiej i odkrywanie pasm g\u00f3rskich na p\u00f3\u0142nocy Czarnog\u00f3ry\u201d \u2013 podaje Porto Montenegro.<\/p>\n<p>W o\u015bwiadczeniu zapowiadaj\u0105cym otwarcie napisano tak\u017ce, \u017ce firma The Anonymous, kt\u00f3rej za\u0142o\u017cycielk\u0105 jest Veronika Voronina prowadzi interesy w Londynie, Dubaju i Czarnog\u00f3rze, a specjalizuje si\u0119 w oferowaniu r\u00f3\u017cnych us\u0142ug, od organizacji wycieczek, przez przewozy helikopterami i hydroplanami, do us\u0142ug konsjer\u017cskich i serwisu jachtowego.<\/p>\n<p>\u0179r\u00f3d\u0142o: <a href=\"http:\/\/www.portalanalitika.me\/ekonomija\/turizam\/144621-upoznajte-crnu-goru-iz-porto-montenegra\" target=\"_blank\">portalanalitika.me<\/a><\/p>\n<p><strong>\u0179r\u00f3d\u0142o: <a href=\"http:\/\/balkanistyka.org\/czarnogora-drogie-wizy-zmniejszaja-znaczenie-linii-lotniczych-ryanair\/\" target=\"_blank\">balkanistyka.org<\/a><\/strong><\/p>\n<!--YouTube Error: bad URL entered-->\n","protected":false},"excerpt":{"rendered":"<p>Agencja Discover Montenegro specjalizuj\u0105ca si\u0119 w\u00a0 oferowaniu us\u0142ug helikopterowych, zostanie otwarta 3 maja w kompleksie mieszkaniowym Tara, mieszcz\u0105cym si\u0119 w Porto Montenegro i sk\u0142adaj\u0105cym si\u0119 z osiedla rezydencji. Loty helikopterowe z Porto Montenegro b\u0119dzie realizowa\u0142a brytyjska firma The Anonymous we wsp\u00f3\u0142pracy z rodzim\u0105 sp\u00f3\u0142k\u0105 Airways Montenegro, a klienci zyskaj\u0105 dost\u0119p do szerokiego wachlarza us\u0142ug helikopterowych\u00a0 [&hellip;]<\/p>\n","protected":false},"author":1,"featured_media":0,"comment_status":"closed","ping_status":"closed","sticky":false,"template":"","format":"standard","meta":{"spay_email":"","jetpack_publicize_message":"","jetpack_is_tweetstorm":false,"jetpack_publicize_feature_enabled":true},"categories":[8],"tags":[],"jetpack_publicize_connections":[],"yoast_head":"<!-- This site is optimized with the Yoast SEO plugin v19.1 - https:\/\/yoast.com\/wordpress\/plugins\/seo\/ -->\n<title>Czarnog\u00f3ra: Porto Montenegro rozwija sektor turystyki luksusowej - Lajme nga Ulqini<\/title>\n<meta name=\"description\" content=\"Agencja Discover Montenegro specjalizuj\u0105ca si\u0119 w\u00a0 oferowaniu us\u0142ug helikopterowych, zostanie otwarta 3 maja w kompleksie mieszkaniowym Tara, mieszcz\u0105cym\" \/>\n<meta name=\"robots\" content=\"index, follow, max-snippet:-1, max-image-preview:large, max-video-preview:-1\" \/>\n<link rel=\"canonical\" href=\"https:\/\/www.visit-ulcinj.com\/blog\/2014\/06\/04\/czarnogora-porto-montenegro-rozwija-sektor-turystyki-luksusowej\/\" \/>\n<meta property=\"og:locale\" content=\"en_US\" \/>\n<meta property=\"og:type\" content=\"article\" \/>\n<meta property=\"og:title\" content=\"Czarnog\u00f3ra: Porto Montenegro rozwija sektor turystyki luksusowej - Lajme nga Ulqini\" \/>\n<meta property=\"og:description\" content=\"Agencja Discover Montenegro specjalizuj\u0105ca si\u0119 w\u00a0 oferowaniu us\u0142ug helikopterowych, zostanie otwarta 3 maja w kompleksie mieszkaniowym Tara, mieszcz\u0105cym\" \/>\n<meta property=\"og:url\" content=\"https:\/\/www.visit-ulcinj.com\/blog\/2014\/06\/04\/czarnogora-porto-montenegro-rozwija-sektor-turystyki-luksusowej\/\" \/>\n<meta property=\"og:site_name\" content=\"Lajme nga Ulqini\" \/>\n<meta property=\"article:published_time\" content=\"2014-06-04T16:29:17+00:00\" \/>\n<meta property=\"og:image\" content=\"http:\/\/www.visit-ulcinj.com\/blog\/wp-content\/uploads\/2014\/06\/Tivat-Porto-Montenegro-4.jpg\" \/>\n<meta name=\"twitter:label1\" content=\"Written by\" \/>\n\t<meta name=\"twitter:data1\" content=\"ulqini\" \/>\n\t<meta name=\"twitter:label2\" content=\"Est. reading time\" \/>\n\t<meta name=\"twitter:data2\" content=\"1 minute\" \/>\n<script type=\"application\/ld+json\" class=\"yoast-schema-graph\">{\"@context\":\"https:\/\/schema.org\",\"@graph\":[{\"@type\":\"WebSite\",\"@id\":\"https:\/\/www.visit-ulcinj.com\/blog\/#website\",\"url\":\"https:\/\/www.visit-ulcinj.com\/blog\/\",\"name\":\"Lajme nga Ulqini\",\"description\":\"Lajme,Vijesti,Ulqini,Ulqin,Crna Gora,Mali i Zi\",\"potentialAction\":[{\"@type\":\"SearchAction\",\"target\":{\"@type\":\"EntryPoint\",\"urlTemplate\":\"https:\/\/www.visit-ulcinj.com\/blog\/?s={search_term_string}\"},\"query-input\":\"required name=search_term_string\"}],\"inLanguage\":\"en-US\"},{\"@type\":\"ImageObject\",\"inLanguage\":\"en-US\",\"@id\":\"https:\/\/www.visit-ulcinj.com\/blog\/2014\/06\/04\/czarnogora-porto-montenegro-rozwija-sektor-turystyki-luksusowej\/#primaryimage\",\"url\":\"https:\/\/www.visit-ulcinj.com\/blog\/wp-content\/uploads\/2014\/06\/Tivat-Porto-Montenegro-4.jpg\",\"contentUrl\":\"https:\/\/www.visit-ulcinj.com\/blog\/wp-content\/uploads\/2014\/06\/Tivat-Porto-Montenegro-4.jpg\",\"width\":1600,\"height\":1100},{\"@type\":\"WebPage\",\"@id\":\"https:\/\/www.visit-ulcinj.com\/blog\/2014\/06\/04\/czarnogora-porto-montenegro-rozwija-sektor-turystyki-luksusowej\/#webpage\",\"url\":\"https:\/\/www.visit-ulcinj.com\/blog\/2014\/06\/04\/czarnogora-porto-montenegro-rozwija-sektor-turystyki-luksusowej\/\",\"name\":\"Czarnog\u00f3ra: Porto Montenegro rozwija sektor turystyki luksusowej - Lajme nga Ulqini\",\"isPartOf\":{\"@id\":\"https:\/\/www.visit-ulcinj.com\/blog\/#website\"},\"primaryImageOfPage\":{\"@id\":\"https:\/\/www.visit-ulcinj.com\/blog\/2014\/06\/04\/czarnogora-porto-montenegro-rozwija-sektor-turystyki-luksusowej\/#primaryimage\"},\"datePublished\":\"2014-06-04T16:29:17+00:00\",\"dateModified\":\"2014-06-04T16:29:17+00:00\",\"author\":{\"@id\":\"https:\/\/www.visit-ulcinj.com\/blog\/#\/schema\/person\/dcab619c614d3038751c63bc2aadc06d\"},\"description\":\"Agencja Discover Montenegro specjalizuj\u0105ca si\u0119 w\u00a0 oferowaniu us\u0142ug helikopterowych, zostanie otwarta 3 maja w kompleksie mieszkaniowym Tara, mieszcz\u0105cym\",\"breadcrumb\":{\"@id\":\"https:\/\/www.visit-ulcinj.com\/blog\/2014\/06\/04\/czarnogora-porto-montenegro-rozwija-sektor-turystyki-luksusowej\/#breadcrumb\"},\"inLanguage\":\"en-US\",\"potentialAction\":[{\"@type\":\"ReadAction\",\"target\":[\"https:\/\/www.visit-ulcinj.com\/blog\/2014\/06\/04\/czarnogora-porto-montenegro-rozwija-sektor-turystyki-luksusowej\/\"]}]},{\"@type\":\"BreadcrumbList\",\"@id\":\"https:\/\/www.visit-ulcinj.com\/blog\/2014\/06\/04\/czarnogora-porto-montenegro-rozwija-sektor-turystyki-luksusowej\/#breadcrumb\",\"itemListElement\":[{\"@type\":\"ListItem\",\"position\":1,\"name\":\"Czarnog\u00f3ra: Porto Montenegro rozwija sektor turystyki luksusowej\"}]},{\"@type\":\"Person\",\"@id\":\"https:\/\/www.visit-ulcinj.com\/blog\/#\/schema\/person\/dcab619c614d3038751c63bc2aadc06d\",\"name\":\"ulqini\",\"sameAs\":[\"http:\/\/www.visit-ulcinj.com\"],\"url\":\"https:\/\/www.visit-ulcinj.com\/blog\/author\/admin\/\"}]}<\/script>\n<!-- \/ Yoast SEO plugin. -->","yoast_head_json":{"title":"Czarnog\u00f3ra: Porto Montenegro rozwija sektor turystyki luksusowej - Lajme nga Ulqini","description":"Agencja Discover Montenegro specjalizuj\u0105ca si\u0119 w\u00a0 oferowaniu us\u0142ug helikopterowych, zostanie otwarta 3 maja w kompleksie mieszkaniowym Tara, mieszcz\u0105cym","robots":{"index":"index","follow":"follow","max-snippet":"max-snippet:-1","max-image-preview":"max-image-preview:large","max-video-preview":"max-video-preview:-1"},"canonical":"https:\/\/www.visit-ulcinj.com\/blog\/2014\/06\/04\/czarnogora-porto-montenegro-rozwija-sektor-turystyki-luksusowej\/","og_locale":"en_US","og_type":"article","og_title":"Czarnog\u00f3ra: Porto Montenegro rozwija sektor turystyki luksusowej - Lajme nga Ulqini","og_description":"Agencja Discover Montenegro specjalizuj\u0105ca si\u0119 w\u00a0 oferowaniu us\u0142ug helikopterowych, zostanie otwarta 3 maja w kompleksie mieszkaniowym Tara, mieszcz\u0105cym","og_url":"https:\/\/www.visit-ulcinj.com\/blog\/2014\/06\/04\/czarnogora-porto-montenegro-rozwija-sektor-turystyki-luksusowej\/","og_site_name":"Lajme nga Ulqini","article_published_time":"2014-06-04T16:29:17+00:00","og_image":[{"url":"http:\/\/www.visit-ulcinj.com\/blog\/wp-content\/uploads\/2014\/06\/Tivat-Porto-Montenegro-4.jpg"}],"twitter_misc":{"Written by":"ulqini","Est. reading time":"1 minute"},"schema":{"@context":"https:\/\/schema.org","@graph":[{"@type":"WebSite","@id":"https:\/\/www.visit-ulcinj.com\/blog\/#website","url":"https:\/\/www.visit-ulcinj.com\/blog\/","name":"Lajme nga Ulqini","description":"Lajme,Vijesti,Ulqini,Ulqin,Crna Gora,Mali i Zi","potentialAction":[{"@type":"SearchAction","target":{"@type":"EntryPoint","urlTemplate":"https:\/\/www.visit-ulcinj.com\/blog\/?s={search_term_string}"},"query-input":"required name=search_term_string"}],"inLanguage":"en-US"},{"@type":"ImageObject","inLanguage":"en-US","@id":"https:\/\/www.visit-ulcinj.com\/blog\/2014\/06\/04\/czarnogora-porto-montenegro-rozwija-sektor-turystyki-luksusowej\/#primaryimage","url":"https:\/\/www.visit-ulcinj.com\/blog\/wp-content\/uploads\/2014\/06\/Tivat-Porto-Montenegro-4.jpg","contentUrl":"https:\/\/www.visit-ulcinj.com\/blog\/wp-content\/uploads\/2014\/06\/Tivat-Porto-Montenegro-4.jpg","width":1600,"height":1100},{"@type":"WebPage","@id":"https:\/\/www.visit-ulcinj.com\/blog\/2014\/06\/04\/czarnogora-porto-montenegro-rozwija-sektor-turystyki-luksusowej\/#webpage","url":"https:\/\/www.visit-ulcinj.com\/blog\/2014\/06\/04\/czarnogora-porto-montenegro-rozwija-sektor-turystyki-luksusowej\/","name":"Czarnog\u00f3ra: Porto Montenegro rozwija sektor turystyki luksusowej - Lajme nga Ulqini","isPartOf":{"@id":"https:\/\/www.visit-ulcinj.com\/blog\/#website"},"primaryImageOfPage":{"@id":"https:\/\/www.visit-ulcinj.com\/blog\/2014\/06\/04\/czarnogora-porto-montenegro-rozwija-sektor-turystyki-luksusowej\/#primaryimage"},"datePublished":"2014-06-04T16:29:17+00:00","dateModified":"2014-06-04T16:29:17+00:00","author":{"@id":"https:\/\/www.visit-ulcinj.com\/blog\/#\/schema\/person\/dcab619c614d3038751c63bc2aadc06d"},"description":"Agencja Discover Montenegro specjalizuj\u0105ca si\u0119 w\u00a0 oferowaniu us\u0142ug helikopterowych, zostanie otwarta 3 maja w kompleksie mieszkaniowym Tara, mieszcz\u0105cym","breadcrumb":{"@id":"https:\/\/www.visit-ulcinj.com\/blog\/2014\/06\/04\/czarnogora-porto-montenegro-rozwija-sektor-turystyki-luksusowej\/#breadcrumb"},"inLanguage":"en-US","potentialAction":[{"@type":"ReadAction","target":["https:\/\/www.visit-ulcinj.com\/blog\/2014\/06\/04\/czarnogora-porto-montenegro-rozwija-sektor-turystyki-luksusowej\/"]}]},{"@type":"BreadcrumbList","@id":"https:\/\/www.visit-ulcinj.com\/blog\/2014\/06\/04\/czarnogora-porto-montenegro-rozwija-sektor-turystyki-luksusowej\/#breadcrumb","itemListElement":[{"@type":"ListItem","position":1,"name":"Czarnog\u00f3ra: Porto Montenegro rozwija sektor turystyki luksusowej"}]},{"@type":"Person","@id":"https:\/\/www.visit-ulcinj.com\/blog\/#\/schema\/person\/dcab619c614d3038751c63bc2aadc06d","name":"ulqini","sameAs":["http:\/\/www.visit-ulcinj.com"],"url":"https:\/\/www.visit-ulcinj.com\/blog\/author\/admin\/"}]}},"jetpack_featured_media_url":"","jetpack_sharing_enabled":true,"jetpack_shortlink":"https:\/\/wp.me\/pe6lTn-lwJ","_links":{"self":[{"href":"https:\/\/www.visit-ulcinj.com\/blog\/wp-json\/wp\/v2\/posts\/82753"}],"collection":[{"href":"https:\/\/www.visit-ulcinj.com\/blog\/wp-json\/wp\/v2\/posts"}],"about":[{"href":"https:\/\/www.visit-ulcinj.com\/blog\/wp-json\/wp\/v2\/types\/post"}],"author":[{"embeddable":true,"href":"https:\/\/www.visit-ulcinj.com\/blog\/wp-json\/wp\/v2\/users\/1"}],"replies":[{"embeddable":true,"href":"https:\/\/www.visit-ulcinj.com\/blog\/wp-json\/wp\/v2\/comments?post=82753"}],"version-history":[{"count":1,"href":"https:\/\/www.visit-ulcinj.com\/blog\/wp-json\/wp\/v2\/posts\/82753\/revisions"}],"predecessor-version":[{"id":82754,"href":"https:\/\/www.visit-ulcinj.com\/blog\/wp-json\/wp\/v2\/posts\/82753\/revisions\/82754"}],"wp:attachment":[{"href":"https:\/\/www.visit-ulcinj.com\/blog\/wp-json\/wp\/v2\/media?parent=82753"}],"wp:term":[{"taxonomy":"category","embeddable":true,"href":"https:\/\/www.visit-ulcinj.com\/blog\/wp-json\/wp\/v2\/categories?post=82753"},{"taxonomy":"post_tag","embeddable":true,"href":"https:\/\/www.visit-ulcinj.com\/blog\/wp-json\/wp\/v2\/tags?post=82753"}],"curies":[{"name":"wp","href":"https:\/\/api.w.org\/{rel}","templated":true}]}}