{"id":82770,"date":"2014-06-04T18:35:43","date_gmt":"2014-06-04T17:35:43","guid":{"rendered":"http:\/\/www.visit-ulcinj.com\/blog\/?p=82770"},"modified":"2014-06-04T18:35:43","modified_gmt":"2014-06-04T17:35:43","slug":"pritja-e-grupit-te-pare-te-turisteve-ne-kriporen-e-ulqinit-foto","status":"publish","type":"post","link":"https:\/\/www.visit-ulcinj.com\/blog\/2014\/06\/04\/pritja-e-grupit-te-pare-te-turisteve-ne-kriporen-e-ulqinit-foto\/","title":{"rendered":"Pritja e grupit t\u00eb par\u00eb t\u00eb turist\u00ebve n\u00eb Kriporen e Ulqinit + Foto"},"content":{"rendered":"<p><a href=\"http:\/\/www.visit-ulcinj.com\/blog\/wp-content\/uploads\/2014\/06\/TuristI-na-Ulcinjkoj-Solani-2.jpg\"><img loading=\"lazy\" class=\"alignleft  wp-image-82761\" alt=\"TuristI na Ulcinjkoj Solani-2\" src=\"http:\/\/www.visit-ulcinj.com\/blog\/wp-content\/uploads\/2014\/06\/TuristI-na-Ulcinjkoj-Solani-2.jpg\" width=\"508\" height=\"360\" \/><\/a>Kriporja e Ulqinit ka formuar grupin e udh\u00ebrr\u00ebfyesve e cila ka p\u00ebr detyr\u00eb q\u00eb vizitor\u00ebt ti informoj\u00eb p\u00ebr shum\u00ebllojshm\u00ebrin\u00eb e diversitetit n\u00eb k\u00ebt\u00eb zon\u00eb, me theks n\u00eb ornitofaun, transmeton agjencia MINA.<\/p>\n<p>Nga Kriporja \u00ebsht\u00eb njoftuar q\u00eb mbas trajnimit, t\u00eb cilin pjes\u00ebmarr\u00ebsit e kan\u00eb kaluar n\u00eb Itali, Slloveni dhe pjes\u00ebrisht n\u00eb Kriporen e Ulqinit, \u00e7do gj\u00eb ishte gati p\u00ebr pritjen e grupit t\u00eb par\u00eb t\u00eb turist\u00ebve.<\/p>\n<p>\u201cPes\u00eb udh\u00ebrr\u00ebfyes jan\u00eb p\u00ebrgatitur me q\u00ebllim t\u00eb popullarizimit t\u00eb v\u00ebzhgimit t\u00eb shpend\u00ebve n\u00eb zon\u00ebn e Kripores, e cila z\u00eb nj\u00eb vend t\u00eb posa\u00e7\u00ebm n\u00eb hart\u00ebn e v\u00ebzhguesve t\u00eb shpend\u00ebve n\u00eb k\u00ebt\u00eb pjes\u00eb t\u00eb Europ\u00ebs\u201d, thuhet n\u00eb kumtes\u00eb.<\/p>\n<p>Udh\u00ebrr\u00ebfyesi mund t\u00eb angazhohet n\u00ebp\u00ebrmjet ueb faqes www.ulcinjska-solana.me, apo n\u00ebp\u00ebrmjet mejlit: solana.vodici@gmail.com .<\/p>\n<p>Hyrja n\u00eb rezervat kushton tre euro.<\/p>\n<p><strong>Burimi: Ul.info<\/strong><\/p>\n\n\t\t<style type=\"text\/css\">\n\t\t\t#gallery-1 {\n\t\t\t\tmargin: auto;\n\t\t\t}\n\t\t\t#gallery-1 .gallery-item {\n\t\t\t\tfloat: left;\n\t\t\t\tmargin-top: 10px;\n\t\t\t\ttext-align: center;\n\t\t\t\twidth: 33%;\n\t\t\t}\n\t\t\t#gallery-1 img {\n\t\t\t\tborder: 2px solid #cfcfcf;\n\t\t\t}\n\t\t\t#gallery-1 .gallery-caption {\n\t\t\t\tmargin-left: 0;\n\t\t\t}\n\t\t\t\/* see gallery_shortcode() in wp-includes\/media.php *\/\n\t\t<\/style>\n\t\t<div id='gallery-1' class='gallery galleryid-82770 gallery-columns-3 gallery-size-thumbnail'><dl class='gallery-item'>\n\t\t\t<dt class='gallery-icon landscape'>\n\t\t\t\t<a href='https:\/\/www.visit-ulcinj.com\/blog\/2014\/06\/04\/uspjesno-docekana-prva-grupa-turista-na-ulcinjkoj-solani-foto\/turisti-na-ulcinjkoj-solani-5\/'><img width=\"150\" height=\"150\" src=\"https:\/\/www.visit-ulcinj.com\/blog\/wp-content\/uploads\/2014\/06\/TuristI-na-Ulcinjkoj-Solani-5-150x150.jpg\" class=\"attachment-thumbnail size-thumbnail\" alt=\"\" loading=\"lazy\" \/><\/a>\n\t\t\t<\/dt><\/dl><dl class='gallery-item'>\n\t\t\t<dt class='gallery-icon landscape'>\n\t\t\t\t<a href='https:\/\/www.visit-ulcinj.com\/blog\/2014\/06\/04\/uspjesno-docekana-prva-grupa-turista-na-ulcinjkoj-solani-foto\/turisti-na-ulcinjkoj-solani-6\/'><img width=\"150\" height=\"150\" src=\"https:\/\/www.visit-ulcinj.com\/blog\/wp-content\/uploads\/2014\/06\/TuristI-na-Ulcinjkoj-Solani-6-150x150.jpg\" class=\"attachment-thumbnail size-thumbnail\" alt=\"\" loading=\"lazy\" \/><\/a>\n\t\t\t<\/dt><\/dl><dl class='gallery-item'>\n\t\t\t<dt class='gallery-icon landscape'>\n\t\t\t\t<a href='https:\/\/www.visit-ulcinj.com\/blog\/2014\/06\/04\/uspjesno-docekana-prva-grupa-turista-na-ulcinjkoj-solani-foto\/turisti-na-ulcinjkoj-solani-3\/'><img width=\"150\" height=\"150\" src=\"https:\/\/www.visit-ulcinj.com\/blog\/wp-content\/uploads\/2014\/06\/TuristI-na-Ulcinjkoj-Solani-3-150x150.jpg\" class=\"attachment-thumbnail size-thumbnail\" alt=\"\" loading=\"lazy\" \/><\/a>\n\t\t\t<\/dt><\/dl><br style=\"clear: both\" \/><dl class='gallery-item'>\n\t\t\t<dt class='gallery-icon landscape'>\n\t\t\t\t<a href='https:\/\/www.visit-ulcinj.com\/blog\/2014\/06\/04\/uspjesno-docekana-prva-grupa-turista-na-ulcinjkoj-solani-foto\/turisti-na-ulcinjkoj-solani-4\/'><img width=\"150\" height=\"150\" src=\"https:\/\/www.visit-ulcinj.com\/blog\/wp-content\/uploads\/2014\/06\/TuristI-na-Ulcinjkoj-Solani-4-150x150.jpg\" class=\"attachment-thumbnail size-thumbnail\" alt=\"\" loading=\"lazy\" \/><\/a>\n\t\t\t<\/dt><\/dl><dl class='gallery-item'>\n\t\t\t<dt class='gallery-icon landscape'>\n\t\t\t\t<a href='https:\/\/www.visit-ulcinj.com\/blog\/2014\/06\/04\/uspjesno-docekana-prva-grupa-turista-na-ulcinjkoj-solani-foto\/turisti-na-ulcinjkoj-solani-1\/'><img width=\"150\" height=\"150\" src=\"https:\/\/www.visit-ulcinj.com\/blog\/wp-content\/uploads\/2014\/06\/TuristI-na-Ulcinjkoj-Solani-1-150x150.jpg\" class=\"attachment-thumbnail size-thumbnail\" alt=\"\" loading=\"lazy\" \/><\/a>\n\t\t\t<\/dt><\/dl><dl class='gallery-item'>\n\t\t\t<dt class='gallery-icon landscape'>\n\t\t\t\t<a href='https:\/\/www.visit-ulcinj.com\/blog\/2014\/06\/04\/uspjesno-docekana-prva-grupa-turista-na-ulcinjkoj-solani-foto\/turisti-na-ulcinjkoj-solani\/'><img width=\"150\" height=\"150\" src=\"https:\/\/www.visit-ulcinj.com\/blog\/wp-content\/uploads\/2014\/06\/TuristI-na-Ulcinjkoj-Solani--150x150.jpg\" class=\"attachment-thumbnail size-thumbnail\" alt=\"\" loading=\"lazy\" \/><\/a>\n\t\t\t<\/dt><\/dl><br style=\"clear: both\" \/>\n\t\t<\/div>\n\n","protected":false},"excerpt":{"rendered":"<p>Kriporja e Ulqinit ka formuar grupin e udh\u00ebrr\u00ebfyesve e cila ka p\u00ebr detyr\u00eb q\u00eb vizitor\u00ebt ti informoj\u00eb p\u00ebr shum\u00ebllojshm\u00ebrin\u00eb e diversitetit n\u00eb k\u00ebt\u00eb zon\u00eb, me theks n\u00eb ornitofaun, transmeton agjencia MINA. Nga Kriporja \u00ebsht\u00eb njoftuar q\u00eb mbas trajnimit, t\u00eb cilin pjes\u00ebmarr\u00ebsit e kan\u00eb kaluar n\u00eb Itali, Slloveni dhe pjes\u00ebrisht n\u00eb Kriporen e Ulqinit, \u00e7do gj\u00eb [&hellip;]<\/p>\n","protected":false},"author":1,"featured_media":0,"comment_status":"closed","ping_status":"closed","sticky":false,"template":"","format":"standard","meta":{"spay_email":"","jetpack_publicize_message":"","jetpack_is_tweetstorm":false,"jetpack_publicize_feature_enabled":true},"categories":[13],"tags":[],"jetpack_publicize_connections":[],"yoast_head":"<!-- This site is optimized with the Yoast SEO plugin v19.1 - https:\/\/yoast.com\/wordpress\/plugins\/seo\/ -->\n<title>Pritja e grupit t\u00eb par\u00eb t\u00eb turist\u00ebve n\u00eb Kriporen e Ulqinit + Foto - Lajme nga Ulqini<\/title>\n<meta name=\"description\" content=\"Kriporja e Ulqinit ka formuar grupin e udh\u00ebrr\u00ebfyesve e cila ka p\u00ebr detyr\u00eb q\u00eb vizitor\u00ebt ti informoj\u00eb p\u00ebr shum\u00ebllojshm\u00ebrin\u00eb e diversitetit n\u00eb k\u00ebt\u00eb zon\u00eb, me\" \/>\n<meta name=\"robots\" content=\"index, follow, max-snippet:-1, max-image-preview:large, max-video-preview:-1\" \/>\n<link rel=\"canonical\" href=\"https:\/\/www.visit-ulcinj.com\/blog\/2014\/06\/04\/pritja-e-grupit-te-pare-te-turisteve-ne-kriporen-e-ulqinit-foto\/\" \/>\n<meta property=\"og:locale\" content=\"en_US\" \/>\n<meta property=\"og:type\" content=\"article\" \/>\n<meta property=\"og:title\" content=\"Pritja e grupit t\u00eb par\u00eb t\u00eb turist\u00ebve n\u00eb Kriporen e Ulqinit + Foto - Lajme nga Ulqini\" \/>\n<meta property=\"og:description\" content=\"Kriporja e Ulqinit ka formuar grupin e udh\u00ebrr\u00ebfyesve e cila ka p\u00ebr detyr\u00eb q\u00eb vizitor\u00ebt ti informoj\u00eb p\u00ebr shum\u00ebllojshm\u00ebrin\u00eb e diversitetit n\u00eb k\u00ebt\u00eb zon\u00eb, me\" \/>\n<meta property=\"og:url\" content=\"https:\/\/www.visit-ulcinj.com\/blog\/2014\/06\/04\/pritja-e-grupit-te-pare-te-turisteve-ne-kriporen-e-ulqinit-foto\/\" \/>\n<meta property=\"og:site_name\" content=\"Lajme nga Ulqini\" \/>\n<meta property=\"article:published_time\" content=\"2014-06-04T17:35:43+00:00\" \/>\n<meta property=\"og:image\" content=\"https:\/\/www.visit-ulcinj.com\/blog\/wp-content\/uploads\/2014\/06\/TuristI-na-Ulcinjkoj-Solani-5-150x150.jpg\" \/>\n<meta name=\"twitter:label1\" content=\"Written by\" \/>\n\t<meta name=\"twitter:data1\" content=\"ulqini\" \/>\n\t<meta name=\"twitter:label2\" content=\"Est. reading time\" \/>\n\t<meta name=\"twitter:data2\" content=\"1 minute\" \/>\n<script type=\"application\/ld+json\" class=\"yoast-schema-graph\">{\"@context\":\"https:\/\/schema.org\",\"@graph\":[{\"@type\":\"WebSite\",\"@id\":\"https:\/\/www.visit-ulcinj.com\/blog\/#website\",\"url\":\"https:\/\/www.visit-ulcinj.com\/blog\/\",\"name\":\"Lajme nga Ulqini\",\"description\":\"Lajme,Vijesti,Ulqini,Ulqin,Crna Gora,Mali i Zi\",\"potentialAction\":[{\"@type\":\"SearchAction\",\"target\":{\"@type\":\"EntryPoint\",\"urlTemplate\":\"https:\/\/www.visit-ulcinj.com\/blog\/?s={search_term_string}\"},\"query-input\":\"required name=search_term_string\"}],\"inLanguage\":\"en-US\"},{\"@type\":\"ImageObject\",\"inLanguage\":\"en-US\",\"@id\":\"https:\/\/www.visit-ulcinj.com\/blog\/2014\/06\/04\/pritja-e-grupit-te-pare-te-turisteve-ne-kriporen-e-ulqinit-foto\/#primaryimage\",\"url\":\"https:\/\/www.visit-ulcinj.com\/blog\/wp-content\/uploads\/2014\/06\/TuristI-na-Ulcinjkoj-Solani-2.jpg\",\"contentUrl\":\"https:\/\/www.visit-ulcinj.com\/blog\/wp-content\/uploads\/2014\/06\/TuristI-na-Ulcinjkoj-Solani-2.jpg\",\"width\":960,\"height\":720},{\"@type\":\"WebPage\",\"@id\":\"https:\/\/www.visit-ulcinj.com\/blog\/2014\/06\/04\/pritja-e-grupit-te-pare-te-turisteve-ne-kriporen-e-ulqinit-foto\/#webpage\",\"url\":\"https:\/\/www.visit-ulcinj.com\/blog\/2014\/06\/04\/pritja-e-grupit-te-pare-te-turisteve-ne-kriporen-e-ulqinit-foto\/\",\"name\":\"Pritja e grupit t\u00eb par\u00eb t\u00eb turist\u00ebve n\u00eb Kriporen e Ulqinit + Foto - Lajme nga Ulqini\",\"isPartOf\":{\"@id\":\"https:\/\/www.visit-ulcinj.com\/blog\/#website\"},\"primaryImageOfPage\":{\"@id\":\"https:\/\/www.visit-ulcinj.com\/blog\/2014\/06\/04\/pritja-e-grupit-te-pare-te-turisteve-ne-kriporen-e-ulqinit-foto\/#primaryimage\"},\"datePublished\":\"2014-06-04T17:35:43+00:00\",\"dateModified\":\"2014-06-04T17:35:43+00:00\",\"author\":{\"@id\":\"https:\/\/www.visit-ulcinj.com\/blog\/#\/schema\/person\/dcab619c614d3038751c63bc2aadc06d\"},\"description\":\"Kriporja e Ulqinit ka formuar grupin e udh\u00ebrr\u00ebfyesve e cila ka p\u00ebr detyr\u00eb q\u00eb vizitor\u00ebt ti informoj\u00eb p\u00ebr shum\u00ebllojshm\u00ebrin\u00eb e diversitetit n\u00eb k\u00ebt\u00eb zon\u00eb, me\",\"breadcrumb\":{\"@id\":\"https:\/\/www.visit-ulcinj.com\/blog\/2014\/06\/04\/pritja-e-grupit-te-pare-te-turisteve-ne-kriporen-e-ulqinit-foto\/#breadcrumb\"},\"inLanguage\":\"en-US\",\"potentialAction\":[{\"@type\":\"ReadAction\",\"target\":[\"https:\/\/www.visit-ulcinj.com\/blog\/2014\/06\/04\/pritja-e-grupit-te-pare-te-turisteve-ne-kriporen-e-ulqinit-foto\/\"]}]},{\"@type\":\"BreadcrumbList\",\"@id\":\"https:\/\/www.visit-ulcinj.com\/blog\/2014\/06\/04\/pritja-e-grupit-te-pare-te-turisteve-ne-kriporen-e-ulqinit-foto\/#breadcrumb\",\"itemListElement\":[{\"@type\":\"ListItem\",\"position\":1,\"name\":\"Pritja e grupit t\u00eb par\u00eb t\u00eb turist\u00ebve n\u00eb Kriporen e Ulqinit + Foto\"}]},{\"@type\":\"Person\",\"@id\":\"https:\/\/www.visit-ulcinj.com\/blog\/#\/schema\/person\/dcab619c614d3038751c63bc2aadc06d\",\"name\":\"ulqini\",\"sameAs\":[\"http:\/\/www.visit-ulcinj.com\"],\"url\":\"https:\/\/www.visit-ulcinj.com\/blog\/author\/admin\/\"}]}<\/script>\n<!-- \/ Yoast SEO plugin. -->","yoast_head_json":{"title":"Pritja e grupit t\u00eb par\u00eb t\u00eb turist\u00ebve n\u00eb Kriporen e Ulqinit + Foto - Lajme nga Ulqini","description":"Kriporja e Ulqinit ka formuar grupin e udh\u00ebrr\u00ebfyesve e cila ka p\u00ebr detyr\u00eb q\u00eb vizitor\u00ebt ti informoj\u00eb p\u00ebr shum\u00ebllojshm\u00ebrin\u00eb e diversitetit n\u00eb k\u00ebt\u00eb zon\u00eb, me","robots":{"index":"index","follow":"follow","max-snippet":"max-snippet:-1","max-image-preview":"max-image-preview:large","max-video-preview":"max-video-preview:-1"},"canonical":"https:\/\/www.visit-ulcinj.com\/blog\/2014\/06\/04\/pritja-e-grupit-te-pare-te-turisteve-ne-kriporen-e-ulqinit-foto\/","og_locale":"en_US","og_type":"article","og_title":"Pritja e grupit t\u00eb par\u00eb t\u00eb turist\u00ebve n\u00eb Kriporen e Ulqinit + Foto - Lajme nga Ulqini","og_description":"Kriporja e Ulqinit ka formuar grupin e udh\u00ebrr\u00ebfyesve e cila ka p\u00ebr detyr\u00eb q\u00eb vizitor\u00ebt ti informoj\u00eb p\u00ebr shum\u00ebllojshm\u00ebrin\u00eb e diversitetit n\u00eb k\u00ebt\u00eb zon\u00eb, me","og_url":"https:\/\/www.visit-ulcinj.com\/blog\/2014\/06\/04\/pritja-e-grupit-te-pare-te-turisteve-ne-kriporen-e-ulqinit-foto\/","og_site_name":"Lajme nga Ulqini","article_published_time":"2014-06-04T17:35:43+00:00","og_image":[{"url":"https:\/\/www.visit-ulcinj.com\/blog\/wp-content\/uploads\/2014\/06\/TuristI-na-Ulcinjkoj-Solani-5-150x150.jpg"}],"twitter_misc":{"Written by":"ulqini","Est. reading time":"1 minute"},"schema":{"@context":"https:\/\/schema.org","@graph":[{"@type":"WebSite","@id":"https:\/\/www.visit-ulcinj.com\/blog\/#website","url":"https:\/\/www.visit-ulcinj.com\/blog\/","name":"Lajme nga Ulqini","description":"Lajme,Vijesti,Ulqini,Ulqin,Crna Gora,Mali i Zi","potentialAction":[{"@type":"SearchAction","target":{"@type":"EntryPoint","urlTemplate":"https:\/\/www.visit-ulcinj.com\/blog\/?s={search_term_string}"},"query-input":"required name=search_term_string"}],"inLanguage":"en-US"},{"@type":"ImageObject","inLanguage":"en-US","@id":"https:\/\/www.visit-ulcinj.com\/blog\/2014\/06\/04\/pritja-e-grupit-te-pare-te-turisteve-ne-kriporen-e-ulqinit-foto\/#primaryimage","url":"https:\/\/www.visit-ulcinj.com\/blog\/wp-content\/uploads\/2014\/06\/TuristI-na-Ulcinjkoj-Solani-2.jpg","contentUrl":"https:\/\/www.visit-ulcinj.com\/blog\/wp-content\/uploads\/2014\/06\/TuristI-na-Ulcinjkoj-Solani-2.jpg","width":960,"height":720},{"@type":"WebPage","@id":"https:\/\/www.visit-ulcinj.com\/blog\/2014\/06\/04\/pritja-e-grupit-te-pare-te-turisteve-ne-kriporen-e-ulqinit-foto\/#webpage","url":"https:\/\/www.visit-ulcinj.com\/blog\/2014\/06\/04\/pritja-e-grupit-te-pare-te-turisteve-ne-kriporen-e-ulqinit-foto\/","name":"Pritja e grupit t\u00eb par\u00eb t\u00eb turist\u00ebve n\u00eb Kriporen e Ulqinit + Foto - Lajme nga Ulqini","isPartOf":{"@id":"https:\/\/www.visit-ulcinj.com\/blog\/#website"},"primaryImageOfPage":{"@id":"https:\/\/www.visit-ulcinj.com\/blog\/2014\/06\/04\/pritja-e-grupit-te-pare-te-turisteve-ne-kriporen-e-ulqinit-foto\/#primaryimage"},"datePublished":"2014-06-04T17:35:43+00:00","dateModified":"2014-06-04T17:35:43+00:00","author":{"@id":"https:\/\/www.visit-ulcinj.com\/blog\/#\/schema\/person\/dcab619c614d3038751c63bc2aadc06d"},"description":"Kriporja e Ulqinit ka formuar grupin e udh\u00ebrr\u00ebfyesve e cila ka p\u00ebr detyr\u00eb q\u00eb vizitor\u00ebt ti informoj\u00eb p\u00ebr shum\u00ebllojshm\u00ebrin\u00eb e diversitetit n\u00eb k\u00ebt\u00eb zon\u00eb, me","breadcrumb":{"@id":"https:\/\/www.visit-ulcinj.com\/blog\/2014\/06\/04\/pritja-e-grupit-te-pare-te-turisteve-ne-kriporen-e-ulqinit-foto\/#breadcrumb"},"inLanguage":"en-US","potentialAction":[{"@type":"ReadAction","target":["https:\/\/www.visit-ulcinj.com\/blog\/2014\/06\/04\/pritja-e-grupit-te-pare-te-turisteve-ne-kriporen-e-ulqinit-foto\/"]}]},{"@type":"BreadcrumbList","@id":"https:\/\/www.visit-ulcinj.com\/blog\/2014\/06\/04\/pritja-e-grupit-te-pare-te-turisteve-ne-kriporen-e-ulqinit-foto\/#breadcrumb","itemListElement":[{"@type":"ListItem","position":1,"name":"Pritja e grupit t\u00eb par\u00eb t\u00eb turist\u00ebve n\u00eb Kriporen e Ulqinit + Foto"}]},{"@type":"Person","@id":"https:\/\/www.visit-ulcinj.com\/blog\/#\/schema\/person\/dcab619c614d3038751c63bc2aadc06d","name":"ulqini","sameAs":["http:\/\/www.visit-ulcinj.com"],"url":"https:\/\/www.visit-ulcinj.com\/blog\/author\/admin\/"}]}},"jetpack_featured_media_url":"","jetpack_sharing_enabled":true,"jetpack_shortlink":"https:\/\/wp.me\/pe6lTn-lx0","_links":{"self":[{"href":"https:\/\/www.visit-ulcinj.com\/blog\/wp-json\/wp\/v2\/posts\/82770"}],"collection":[{"href":"https:\/\/www.visit-ulcinj.com\/blog\/wp-json\/wp\/v2\/posts"}],"about":[{"href":"https:\/\/www.visit-ulcinj.com\/blog\/wp-json\/wp\/v2\/types\/post"}],"author":[{"embeddable":true,"href":"https:\/\/www.visit-ulcinj.com\/blog\/wp-json\/wp\/v2\/users\/1"}],"replies":[{"embeddable":true,"href":"https:\/\/www.visit-ulcinj.com\/blog\/wp-json\/wp\/v2\/comments?post=82770"}],"version-history":[{"count":1,"href":"https:\/\/www.visit-ulcinj.com\/blog\/wp-json\/wp\/v2\/posts\/82770\/revisions"}],"predecessor-version":[{"id":82771,"href":"https:\/\/www.visit-ulcinj.com\/blog\/wp-json\/wp\/v2\/posts\/82770\/revisions\/82771"}],"wp:attachment":[{"href":"https:\/\/www.visit-ulcinj.com\/blog\/wp-json\/wp\/v2\/media?parent=82770"}],"wp:term":[{"taxonomy":"category","embeddable":true,"href":"https:\/\/www.visit-ulcinj.com\/blog\/wp-json\/wp\/v2\/categories?post=82770"},{"taxonomy":"post_tag","embeddable":true,"href":"https:\/\/www.visit-ulcinj.com\/blog\/wp-json\/wp\/v2\/tags?post=82770"}],"curies":[{"name":"wp","href":"https:\/\/api.w.org\/{rel}","templated":true}]}}