{"id":82772,"date":"2014-06-05T12:22:20","date_gmt":"2014-06-05T11:22:20","guid":{"rendered":"http:\/\/www.visit-ulcinj.com\/blog\/?p=82772"},"modified":"2014-06-05T12:22:20","modified_gmt":"2014-06-05T11:22:20","slug":"ritme-verore-nga-gena-video","status":"publish","type":"post","link":"https:\/\/www.visit-ulcinj.com\/blog\/2014\/06\/05\/ritme-verore-nga-gena-video\/","title":{"rendered":"Ritme verore nga Gena &#8211; Video"},"content":{"rendered":"<p><strong><a href=\"http:\/\/www.visit-ulcinj.com\/blog\/wp-content\/uploads\/2014\/06\/Ritme-verore-Gena.jpg\"><img loading=\"lazy\" class=\"alignleft  wp-image-82773\" alt=\"Ritme verore -Gena\" src=\"http:\/\/www.visit-ulcinj.com\/blog\/wp-content\/uploads\/2014\/06\/Ritme-verore-Gena.jpg\" width=\"508\" height=\"360\" \/><\/a>Gena duket se ka goditur n\u00eb cak me projektin m\u00eb t\u00eb ri muzikor.<\/strong><br \/>\nK\u00ebnga quhet \u201cNuk kam faj\u201d dhe \u00ebsht\u00eb kompletuar me videoklip.<\/p>\n<p>Femra, pije, vall\u00ebzim, plazh, det \u2013 jan\u00eb pjes\u00eb p\u00ebrb\u00ebr\u00ebse t\u00eb klipit q\u00eb pritet t\u00eb p\u00eblqehet nga fansat e k\u00ebng\u00ebtarit nga Shqip\u00ebria. \/Telegrafi\/<\/p>\n<!--YouTube Error: bad URL entered-->\n","protected":false},"excerpt":{"rendered":"<p>Gena duket se ka goditur n\u00eb cak me projektin m\u00eb t\u00eb ri muzikor. K\u00ebnga quhet \u201cNuk kam faj\u201d dhe \u00ebsht\u00eb kompletuar me videoklip. Femra, pije, vall\u00ebzim, plazh, det \u2013 jan\u00eb pjes\u00eb p\u00ebrb\u00ebr\u00ebse t\u00eb klipit q\u00eb pritet t\u00eb p\u00eblqehet nga fansat e k\u00ebng\u00ebtarit nga Shqip\u00ebria. \/Telegrafi\/<\/p>\n","protected":false},"author":1,"featured_media":0,"comment_status":"closed","ping_status":"closed","sticky":false,"template":"","format":"standard","meta":{"spay_email":"","jetpack_publicize_message":"","jetpack_is_tweetstorm":false,"jetpack_publicize_feature_enabled":true},"categories":[1],"tags":[],"jetpack_publicize_connections":[],"yoast_head":"<!-- This site is optimized with the Yoast SEO plugin v19.1 - https:\/\/yoast.com\/wordpress\/plugins\/seo\/ -->\n<title>Ritme verore nga Gena - Video - Lajme nga Ulqini<\/title>\n<meta name=\"description\" content=\"Gena duket se ka goditur n\u00eb cak me projektin m\u00eb t\u00eb ri muzikor. K\u00ebnga quhet \u201cNuk kam faj\u201d dhe \u00ebsht\u00eb kompletuar me videoklip. Femra, pije, vall\u00ebzim, plazh,\" \/>\n<meta name=\"robots\" content=\"index, follow, max-snippet:-1, max-image-preview:large, max-video-preview:-1\" \/>\n<link rel=\"canonical\" href=\"https:\/\/www.visit-ulcinj.com\/blog\/2014\/06\/05\/ritme-verore-nga-gena-video\/\" \/>\n<meta property=\"og:locale\" content=\"en_US\" \/>\n<meta property=\"og:type\" content=\"article\" \/>\n<meta property=\"og:title\" content=\"Ritme verore nga Gena - Video - Lajme nga Ulqini\" \/>\n<meta property=\"og:description\" content=\"Gena duket se ka goditur n\u00eb cak me projektin m\u00eb t\u00eb ri muzikor. K\u00ebnga quhet \u201cNuk kam faj\u201d dhe \u00ebsht\u00eb kompletuar me videoklip. Femra, pije, vall\u00ebzim, plazh,\" \/>\n<meta property=\"og:url\" content=\"https:\/\/www.visit-ulcinj.com\/blog\/2014\/06\/05\/ritme-verore-nga-gena-video\/\" \/>\n<meta property=\"og:site_name\" content=\"Lajme nga Ulqini\" \/>\n<meta property=\"article:published_time\" content=\"2014-06-05T11:22:20+00:00\" \/>\n<meta property=\"og:image\" content=\"http:\/\/www.visit-ulcinj.com\/blog\/wp-content\/uploads\/2014\/06\/Ritme-verore-Gena.jpg\" \/>\n<meta name=\"twitter:label1\" content=\"Written by\" \/>\n\t<meta name=\"twitter:data1\" content=\"ulqini\" \/>\n<script type=\"application\/ld+json\" class=\"yoast-schema-graph\">{\"@context\":\"https:\/\/schema.org\",\"@graph\":[{\"@type\":\"WebSite\",\"@id\":\"https:\/\/www.visit-ulcinj.com\/blog\/#website\",\"url\":\"https:\/\/www.visit-ulcinj.com\/blog\/\",\"name\":\"Lajme nga Ulqini\",\"description\":\"Lajme,Vijesti,Ulqini,Ulqin,Crna Gora,Mali i Zi\",\"potentialAction\":[{\"@type\":\"SearchAction\",\"target\":{\"@type\":\"EntryPoint\",\"urlTemplate\":\"https:\/\/www.visit-ulcinj.com\/blog\/?s={search_term_string}\"},\"query-input\":\"required name=search_term_string\"}],\"inLanguage\":\"en-US\"},{\"@type\":\"ImageObject\",\"inLanguage\":\"en-US\",\"@id\":\"https:\/\/www.visit-ulcinj.com\/blog\/2014\/06\/05\/ritme-verore-nga-gena-video\/#primaryimage\",\"url\":\"http:\/\/www.visit-ulcinj.com\/blog\/wp-content\/uploads\/2014\/06\/Ritme-verore-Gena.jpg\",\"contentUrl\":\"http:\/\/www.visit-ulcinj.com\/blog\/wp-content\/uploads\/2014\/06\/Ritme-verore-Gena.jpg\"},{\"@type\":\"WebPage\",\"@id\":\"https:\/\/www.visit-ulcinj.com\/blog\/2014\/06\/05\/ritme-verore-nga-gena-video\/#webpage\",\"url\":\"https:\/\/www.visit-ulcinj.com\/blog\/2014\/06\/05\/ritme-verore-nga-gena-video\/\",\"name\":\"Ritme verore nga Gena - Video - Lajme nga Ulqini\",\"isPartOf\":{\"@id\":\"https:\/\/www.visit-ulcinj.com\/blog\/#website\"},\"primaryImageOfPage\":{\"@id\":\"https:\/\/www.visit-ulcinj.com\/blog\/2014\/06\/05\/ritme-verore-nga-gena-video\/#primaryimage\"},\"datePublished\":\"2014-06-05T11:22:20+00:00\",\"dateModified\":\"2014-06-05T11:22:20+00:00\",\"author\":{\"@id\":\"https:\/\/www.visit-ulcinj.com\/blog\/#\/schema\/person\/dcab619c614d3038751c63bc2aadc06d\"},\"description\":\"Gena duket se ka goditur n\u00eb cak me projektin m\u00eb t\u00eb ri muzikor. K\u00ebnga quhet \u201cNuk kam faj\u201d dhe \u00ebsht\u00eb kompletuar me videoklip. Femra, pije, vall\u00ebzim, plazh,\",\"breadcrumb\":{\"@id\":\"https:\/\/www.visit-ulcinj.com\/blog\/2014\/06\/05\/ritme-verore-nga-gena-video\/#breadcrumb\"},\"inLanguage\":\"en-US\",\"potentialAction\":[{\"@type\":\"ReadAction\",\"target\":[\"https:\/\/www.visit-ulcinj.com\/blog\/2014\/06\/05\/ritme-verore-nga-gena-video\/\"]}]},{\"@type\":\"BreadcrumbList\",\"@id\":\"https:\/\/www.visit-ulcinj.com\/blog\/2014\/06\/05\/ritme-verore-nga-gena-video\/#breadcrumb\",\"itemListElement\":[{\"@type\":\"ListItem\",\"position\":1,\"name\":\"Ritme verore nga Gena &#8211; Video\"}]},{\"@type\":\"Person\",\"@id\":\"https:\/\/www.visit-ulcinj.com\/blog\/#\/schema\/person\/dcab619c614d3038751c63bc2aadc06d\",\"name\":\"ulqini\",\"sameAs\":[\"http:\/\/www.visit-ulcinj.com\"],\"url\":\"https:\/\/www.visit-ulcinj.com\/blog\/author\/admin\/\"}]}<\/script>\n<!-- \/ Yoast SEO plugin. -->","yoast_head_json":{"title":"Ritme verore nga Gena - Video - Lajme nga Ulqini","description":"Gena duket se ka goditur n\u00eb cak me projektin m\u00eb t\u00eb ri muzikor. K\u00ebnga quhet \u201cNuk kam faj\u201d dhe \u00ebsht\u00eb kompletuar me videoklip. Femra, pije, vall\u00ebzim, plazh,","robots":{"index":"index","follow":"follow","max-snippet":"max-snippet:-1","max-image-preview":"max-image-preview:large","max-video-preview":"max-video-preview:-1"},"canonical":"https:\/\/www.visit-ulcinj.com\/blog\/2014\/06\/05\/ritme-verore-nga-gena-video\/","og_locale":"en_US","og_type":"article","og_title":"Ritme verore nga Gena - Video - Lajme nga Ulqini","og_description":"Gena duket se ka goditur n\u00eb cak me projektin m\u00eb t\u00eb ri muzikor. K\u00ebnga quhet \u201cNuk kam faj\u201d dhe \u00ebsht\u00eb kompletuar me videoklip. Femra, pije, vall\u00ebzim, plazh,","og_url":"https:\/\/www.visit-ulcinj.com\/blog\/2014\/06\/05\/ritme-verore-nga-gena-video\/","og_site_name":"Lajme nga Ulqini","article_published_time":"2014-06-05T11:22:20+00:00","og_image":[{"url":"http:\/\/www.visit-ulcinj.com\/blog\/wp-content\/uploads\/2014\/06\/Ritme-verore-Gena.jpg"}],"twitter_misc":{"Written by":"ulqini"},"schema":{"@context":"https:\/\/schema.org","@graph":[{"@type":"WebSite","@id":"https:\/\/www.visit-ulcinj.com\/blog\/#website","url":"https:\/\/www.visit-ulcinj.com\/blog\/","name":"Lajme nga Ulqini","description":"Lajme,Vijesti,Ulqini,Ulqin,Crna Gora,Mali i Zi","potentialAction":[{"@type":"SearchAction","target":{"@type":"EntryPoint","urlTemplate":"https:\/\/www.visit-ulcinj.com\/blog\/?s={search_term_string}"},"query-input":"required name=search_term_string"}],"inLanguage":"en-US"},{"@type":"ImageObject","inLanguage":"en-US","@id":"https:\/\/www.visit-ulcinj.com\/blog\/2014\/06\/05\/ritme-verore-nga-gena-video\/#primaryimage","url":"http:\/\/www.visit-ulcinj.com\/blog\/wp-content\/uploads\/2014\/06\/Ritme-verore-Gena.jpg","contentUrl":"http:\/\/www.visit-ulcinj.com\/blog\/wp-content\/uploads\/2014\/06\/Ritme-verore-Gena.jpg"},{"@type":"WebPage","@id":"https:\/\/www.visit-ulcinj.com\/blog\/2014\/06\/05\/ritme-verore-nga-gena-video\/#webpage","url":"https:\/\/www.visit-ulcinj.com\/blog\/2014\/06\/05\/ritme-verore-nga-gena-video\/","name":"Ritme verore nga Gena - Video - Lajme nga Ulqini","isPartOf":{"@id":"https:\/\/www.visit-ulcinj.com\/blog\/#website"},"primaryImageOfPage":{"@id":"https:\/\/www.visit-ulcinj.com\/blog\/2014\/06\/05\/ritme-verore-nga-gena-video\/#primaryimage"},"datePublished":"2014-06-05T11:22:20+00:00","dateModified":"2014-06-05T11:22:20+00:00","author":{"@id":"https:\/\/www.visit-ulcinj.com\/blog\/#\/schema\/person\/dcab619c614d3038751c63bc2aadc06d"},"description":"Gena duket se ka goditur n\u00eb cak me projektin m\u00eb t\u00eb ri muzikor. K\u00ebnga quhet \u201cNuk kam faj\u201d dhe \u00ebsht\u00eb kompletuar me videoklip. Femra, pije, vall\u00ebzim, plazh,","breadcrumb":{"@id":"https:\/\/www.visit-ulcinj.com\/blog\/2014\/06\/05\/ritme-verore-nga-gena-video\/#breadcrumb"},"inLanguage":"en-US","potentialAction":[{"@type":"ReadAction","target":["https:\/\/www.visit-ulcinj.com\/blog\/2014\/06\/05\/ritme-verore-nga-gena-video\/"]}]},{"@type":"BreadcrumbList","@id":"https:\/\/www.visit-ulcinj.com\/blog\/2014\/06\/05\/ritme-verore-nga-gena-video\/#breadcrumb","itemListElement":[{"@type":"ListItem","position":1,"name":"Ritme verore nga Gena &#8211; Video"}]},{"@type":"Person","@id":"https:\/\/www.visit-ulcinj.com\/blog\/#\/schema\/person\/dcab619c614d3038751c63bc2aadc06d","name":"ulqini","sameAs":["http:\/\/www.visit-ulcinj.com"],"url":"https:\/\/www.visit-ulcinj.com\/blog\/author\/admin\/"}]}},"jetpack_featured_media_url":"","jetpack_sharing_enabled":true,"jetpack_shortlink":"https:\/\/wp.me\/pe6lTn-lx2","_links":{"self":[{"href":"https:\/\/www.visit-ulcinj.com\/blog\/wp-json\/wp\/v2\/posts\/82772"}],"collection":[{"href":"https:\/\/www.visit-ulcinj.com\/blog\/wp-json\/wp\/v2\/posts"}],"about":[{"href":"https:\/\/www.visit-ulcinj.com\/blog\/wp-json\/wp\/v2\/types\/post"}],"author":[{"embeddable":true,"href":"https:\/\/www.visit-ulcinj.com\/blog\/wp-json\/wp\/v2\/users\/1"}],"replies":[{"embeddable":true,"href":"https:\/\/www.visit-ulcinj.com\/blog\/wp-json\/wp\/v2\/comments?post=82772"}],"version-history":[{"count":1,"href":"https:\/\/www.visit-ulcinj.com\/blog\/wp-json\/wp\/v2\/posts\/82772\/revisions"}],"predecessor-version":[{"id":82774,"href":"https:\/\/www.visit-ulcinj.com\/blog\/wp-json\/wp\/v2\/posts\/82772\/revisions\/82774"}],"wp:attachment":[{"href":"https:\/\/www.visit-ulcinj.com\/blog\/wp-json\/wp\/v2\/media?parent=82772"}],"wp:term":[{"taxonomy":"category","embeddable":true,"href":"https:\/\/www.visit-ulcinj.com\/blog\/wp-json\/wp\/v2\/categories?post=82772"},{"taxonomy":"post_tag","embeddable":true,"href":"https:\/\/www.visit-ulcinj.com\/blog\/wp-json\/wp\/v2\/tags?post=82772"}],"curies":[{"name":"wp","href":"https:\/\/api.w.org\/{rel}","templated":true}]}}