{"id":82787,"date":"2014-06-06T13:28:54","date_gmt":"2014-06-06T12:28:54","guid":{"rendered":"http:\/\/www.visit-ulcinj.com\/blog\/?p=82787"},"modified":"2014-06-06T17:58:05","modified_gmt":"2014-06-06T16:58:05","slug":"ojq-mogull-pastron-bregun-e-detit-foto","status":"publish","type":"post","link":"https:\/\/www.visit-ulcinj.com\/blog\/2014\/06\/06\/ojq-mogull-pastron-bregun-e-detit-foto\/","title":{"rendered":"OJQ &#8220;Mogull&#8221;  pastron bregun e detit + Foto"},"content":{"rendered":"<p><a href=\"http:\/\/www.visit-ulcinj.com\/blog\/wp-content\/uploads\/2014\/06\/deponi-b\u00ebrlloku-ne-det-Ulqin.jpg\"><img loading=\"lazy\" class=\"alignleft  wp-image-82788\" alt=\"deponi b\u00ebrlloku ne det-Ulqin\" src=\"http:\/\/www.visit-ulcinj.com\/blog\/wp-content\/uploads\/2014\/06\/deponi-b\u00ebrlloku-ne-det-Ulqin.jpg\" width=\"508\" height=\"360\" \/><\/a>Papast\u00ebrtia n\u00eb qytetin e Ulqinit si dhe n\u00eb bregun e detit t\u00eb Ulqinit ka arritur kulminacionin, ulqinak\u00ebt nuk u kursyen nga papast\u00ebrtia as nga kamerat dhe fotografit\u00eb q\u00eb sjellin emisionet e nryshme t\u00eb televizionit dhe n\u00eb opinjonin e turist\u00ebve q\u00eb na shikojn\u00eb n\u00eb ter\u00eb bot\u00ebn. N\u00eb qytetin e Ulqinit deri tani kan kund\u00ebrmuar mbeturinat e shp\u00ebrndara gjithkund n\u00ebp\u00ebr trotuare, rrugica dhe parqe, por tash arriti kulminacioni edhe n\u00eb det\u00eb.<\/p>\n<p>N\u00eb shum\u00eb lokalitete sidomos n\u00eb zonat turistike t\u00eb Ulqinit, n\u00eb k\u00ebto fotografi t\u00eb paraqitura n\u00eb faqen e <strong><a href=\"https:\/\/www.facebook.com\/mogul.ulqin?fref=photo\" target=\"_blank\">Facebookut t\u00eb<\/a><a href=\"https:\/\/www.facebook.com\/mogul.ulqin?fref=photo\" target=\"_blank\"> &#8221; OJQ Mogul&#8221;<\/a><\/strong> \u00a0qytetar\u00ebt \u00a0t\u00eb pand\u00ebrgjegjsh\u00ebm po e shndrrojn\u00eb bregun e detit n\u00eb deponi ilegale ku hidhen n\u00eb vazhdim\u00ebsi mbeturina dhe plehra .<\/p>\n<p>Shtret\u00ebri i bregut t\u00eb detit q\u00eb ka Ulqini, jan\u00eb shnd\u00ebrruar tashm\u00eb n\u00eb deponi mbeturinash, ndon\u00ebse nd\u00ebrmarrja publike \u201cVeprimtarit\u00eb komunale\u201d Ulqin \u00a0\u00ebsht\u00eb p\u00ebrkujdesur maksimalisht p\u00ebr vendosjen e numrit t\u00eb mjaftuesh\u00ebm t\u00eb kontenjer\u00ebve dhe pastrimin e tyre.<\/p>\n<p>P\u00ebr shkak edhe t\u00eb pakujdesis\u00eb s\u00eb vet banor\u00ebve, bregu i detit \u00ebsht\u00eb b\u00ebr\u00eb cak i hedhjes s\u00eb mbeturinave jo vet\u00ebm n\u00eb brigjet e tij por edhe n\u00eb vet shtratin e detit.<\/p>\n<p>Zyrtar\u00ebt komunal t\u00eb Ulqinit thon\u00eb se shkaktari kryesor i k\u00ebsaj gjendjeje \u00ebsht\u00eb vet\u00ebdija e ul\u00ebt e banor\u00ebve t\u00eb Ulqinit.<\/p>\n<p>Ky Fenomen q\u00eb po b\u00ebhet shum\u00eb masovik dhe me pasoja t\u00eb pariparushme p\u00ebr ambientin, sepse n\u00ebse nuk merren masa t\u00eb shpejta parandaluese nga kopetent\u00ebt mund t\u00eb rezultoj edhe me probleme p\u00ebr jet\u00ebn e banor\u00ebve sepse plehrat n\u00eb t\u00eb shumt\u00ebn e rasteve hidhen dhe p\u00ebrfundojn mu n\u00eb shtratin e detit.<\/p>\n<p>Nd\u00ebrkoh\u00eb, e nj\u00ebjta praktik ndiqet edhe me mbetjet nd\u00ebrtimore dhe inertet t\u00eb cilat hidhen ku t\u00eb munden dhe ku u p\u00ebrshtatet qytetar\u00ebve t\u00eb pand\u00ebrgjegjsh\u00ebm duke sjell nj\u00eb pamje t\u00eb sh\u00ebmtuar n\u00eb disa vende dhe lokalitete t\u00eb komun\u00ebs.K\u00ebt\u00eb situat\u00eb e konfirmojn dhe inspektor\u00ebt komunal t\u00eb cil\u00ebt sic duket jan\u00eb t\u00eb pa fuqish\u00ebm p\u00ebrball k\u00ebsaj dukurie e cila po merr\u00eb p\u00ebrmasa t\u00eb tjera ,nd\u00ebrsa nd\u00ebrhyrja \u00ebsht\u00eb b\u00ebr\u00eb e domosdoshme p\u00ebr ta neutralizuar k\u00ebt\u00eb dukuri thon\u00eb qytetar\u00ebt q\u00eb brengosen p\u00ebr ambientin q\u00eb na rrethon. \/Lajme nga Ulqini<\/p>\n<p><strong>Foto: <a href=\"https:\/\/www.facebook.com\/mogul.ulqin?fref=photo\" target=\"_blank\">MogUl Ulqin<\/a> <a href=\"https:\/\/www.facebook.com\/mogul.ulqin?fref=photo\" target=\"_blank\">Facebook<\/a><\/strong><\/p>\n\n\t\t<style type=\"text\/css\">\n\t\t\t#gallery-1 {\n\t\t\t\tmargin: auto;\n\t\t\t}\n\t\t\t#gallery-1 .gallery-item {\n\t\t\t\tfloat: left;\n\t\t\t\tmargin-top: 10px;\n\t\t\t\ttext-align: center;\n\t\t\t\twidth: 33%;\n\t\t\t}\n\t\t\t#gallery-1 img {\n\t\t\t\tborder: 2px solid #cfcfcf;\n\t\t\t}\n\t\t\t#gallery-1 .gallery-caption {\n\t\t\t\tmargin-left: 0;\n\t\t\t}\n\t\t\t\/* see gallery_shortcode() in wp-includes\/media.php *\/\n\t\t<\/style>\n\t\t<div id='gallery-1' class='gallery galleryid-82787 gallery-columns-3 gallery-size-thumbnail'><dl class='gallery-item'>\n\t\t\t<dt class='gallery-icon landscape'>\n\t\t\t\t<a href='https:\/\/www.visit-ulcinj.com\/blog\/2014\/06\/06\/ojq-mogull-pastron-bregun-e-detit-foto\/deponi-berlloku-ne-det-ulqin-2\/'><img width=\"150\" height=\"150\" src=\"https:\/\/www.visit-ulcinj.com\/blog\/wp-content\/uploads\/2014\/06\/deponi-b\u00ebrlloku-ne-det-Ulqin-2-150x150.jpg\" class=\"attachment-thumbnail size-thumbnail\" alt=\"\" loading=\"lazy\" \/><\/a>\n\t\t\t<\/dt><\/dl><dl class='gallery-item'>\n\t\t\t<dt class='gallery-icon landscape'>\n\t\t\t\t<a href='https:\/\/www.visit-ulcinj.com\/blog\/2014\/06\/06\/ojq-mogull-pastron-bregun-e-detit-foto\/deponi-berlloku-ne-det-ulqin-3\/'><img width=\"150\" height=\"150\" src=\"https:\/\/www.visit-ulcinj.com\/blog\/wp-content\/uploads\/2014\/06\/deponi-b\u00ebrlloku-ne-det-Ulqin-3-150x150.jpg\" class=\"attachment-thumbnail size-thumbnail\" alt=\"\" loading=\"lazy\" \/><\/a>\n\t\t\t<\/dt><\/dl><dl class='gallery-item'>\n\t\t\t<dt class='gallery-icon landscape'>\n\t\t\t\t<a href='https:\/\/www.visit-ulcinj.com\/blog\/2014\/06\/06\/ojq-mogull-pastron-bregun-e-detit-foto\/deponi-berlloku-ne-det-ulqin-4\/'><img width=\"150\" height=\"150\" src=\"https:\/\/www.visit-ulcinj.com\/blog\/wp-content\/uploads\/2014\/06\/deponi-b\u00ebrlloku-ne-det-Ulqin-4-150x150.jpg\" class=\"attachment-thumbnail size-thumbnail\" alt=\"\" loading=\"lazy\" \/><\/a>\n\t\t\t<\/dt><\/dl><br style=\"clear: both\" \/><dl class='gallery-item'>\n\t\t\t<dt class='gallery-icon landscape'>\n\t\t\t\t<a href='https:\/\/www.visit-ulcinj.com\/blog\/2014\/06\/06\/ojq-mogull-pastron-bregun-e-detit-foto\/deponi-berlloku-ne-det-ulqin-5\/'><img width=\"150\" height=\"150\" src=\"https:\/\/www.visit-ulcinj.com\/blog\/wp-content\/uploads\/2014\/06\/deponi-b\u00ebrlloku-ne-det-Ulqin-5-150x150.jpg\" class=\"attachment-thumbnail size-thumbnail\" alt=\"\" loading=\"lazy\" \/><\/a>\n\t\t\t<\/dt><\/dl><dl class='gallery-item'>\n\t\t\t<dt class='gallery-icon landscape'>\n\t\t\t\t<a href='https:\/\/www.visit-ulcinj.com\/blog\/2014\/06\/06\/ojq-mogull-pastron-bregun-e-detit-foto\/deponi-berlloku-ne-det-ulqin-6\/'><img width=\"150\" height=\"150\" src=\"https:\/\/www.visit-ulcinj.com\/blog\/wp-content\/uploads\/2014\/06\/deponi-b\u00ebrlloku-ne-det-Ulqin-6-150x150.jpg\" class=\"attachment-thumbnail size-thumbnail\" alt=\"\" loading=\"lazy\" \/><\/a>\n\t\t\t<\/dt><\/dl><dl class='gallery-item'>\n\t\t\t<dt class='gallery-icon landscape'>\n\t\t\t\t<a href='https:\/\/www.visit-ulcinj.com\/blog\/2014\/06\/06\/ojq-mogull-pastron-bregun-e-detit-foto\/deponi-berlloku-ne-det-ulqin-7\/'><img width=\"150\" height=\"150\" src=\"https:\/\/www.visit-ulcinj.com\/blog\/wp-content\/uploads\/2014\/06\/deponi-b\u00ebrlloku-ne-det-Ulqin-7-150x150.jpg\" class=\"attachment-thumbnail size-thumbnail\" alt=\"\" loading=\"lazy\" \/><\/a>\n\t\t\t<\/dt><\/dl><br style=\"clear: both\" \/><dl class='gallery-item'>\n\t\t\t<dt class='gallery-icon landscape'>\n\t\t\t\t<a href='https:\/\/www.visit-ulcinj.com\/blog\/2014\/06\/06\/ojq-mogull-pastron-bregun-e-detit-foto\/deponi-berlloku-ne-det-ulqin-8\/'><img width=\"150\" height=\"150\" src=\"https:\/\/www.visit-ulcinj.com\/blog\/wp-content\/uploads\/2014\/06\/deponi-b\u00ebrlloku-ne-det-Ulqin-8-150x150.jpg\" class=\"attachment-thumbnail size-thumbnail\" alt=\"\" loading=\"lazy\" \/><\/a>\n\t\t\t<\/dt><\/dl><dl class='gallery-item'>\n\t\t\t<dt class='gallery-icon landscape'>\n\t\t\t\t<a href='https:\/\/www.visit-ulcinj.com\/blog\/2014\/06\/06\/ojq-mogull-pastron-bregun-e-detit-foto\/deponi-berlloku-ne-det-ulqin-9\/'><img width=\"150\" height=\"150\" src=\"https:\/\/www.visit-ulcinj.com\/blog\/wp-content\/uploads\/2014\/06\/deponi-b\u00ebrlloku-ne-det-Ulqin-9-150x150.jpg\" class=\"attachment-thumbnail size-thumbnail\" alt=\"\" loading=\"lazy\" \/><\/a>\n\t\t\t<\/dt><\/dl><dl class='gallery-item'>\n\t\t\t<dt class='gallery-icon landscape'>\n\t\t\t\t<a href='https:\/\/www.visit-ulcinj.com\/blog\/2014\/06\/06\/ojq-mogull-pastron-bregun-e-detit-foto\/deponi-berlloku-ne-det-ulqin-10\/'><img width=\"150\" height=\"150\" src=\"https:\/\/www.visit-ulcinj.com\/blog\/wp-content\/uploads\/2014\/06\/deponi-b\u00ebrlloku-ne-det-Ulqin-10-150x150.jpg\" class=\"attachment-thumbnail size-thumbnail\" alt=\"\" loading=\"lazy\" \/><\/a>\n\t\t\t<\/dt><\/dl><br style=\"clear: both\" \/><dl class='gallery-item'>\n\t\t\t<dt class='gallery-icon landscape'>\n\t\t\t\t<a href='https:\/\/www.visit-ulcinj.com\/blog\/2014\/06\/06\/ojq-mogull-pastron-bregun-e-detit-foto\/deponi-berlloku-ne-det-ulqin-11\/'><img width=\"150\" height=\"150\" src=\"https:\/\/www.visit-ulcinj.com\/blog\/wp-content\/uploads\/2014\/06\/deponi-b\u00ebrlloku-ne-det-Ulqin-11-150x150.jpg\" class=\"attachment-thumbnail size-thumbnail\" alt=\"\" loading=\"lazy\" \/><\/a>\n\t\t\t<\/dt><\/dl><dl class='gallery-item'>\n\t\t\t<dt class='gallery-icon landscape'>\n\t\t\t\t<a href='https:\/\/www.visit-ulcinj.com\/blog\/2014\/06\/06\/ojq-mogull-pastron-bregun-e-detit-foto\/deponi-berlloku-ne-det-ulqin-12\/'><img width=\"150\" height=\"150\" src=\"https:\/\/www.visit-ulcinj.com\/blog\/wp-content\/uploads\/2014\/06\/deponi-b\u00ebrlloku-ne-det-Ulqin-12-150x150.jpg\" class=\"attachment-thumbnail size-thumbnail\" alt=\"\" loading=\"lazy\" \/><\/a>\n\t\t\t<\/dt><\/dl><dl class='gallery-item'>\n\t\t\t<dt class='gallery-icon landscape'>\n\t\t\t\t<a href='https:\/\/www.visit-ulcinj.com\/blog\/2014\/06\/06\/ojq-mogull-pastron-bregun-e-detit-foto\/deponi-berlloku-ne-det-ulqin-13\/'><img width=\"150\" height=\"150\" src=\"https:\/\/www.visit-ulcinj.com\/blog\/wp-content\/uploads\/2014\/06\/deponi-b\u00ebrlloku-ne-det-Ulqin-13-150x150.jpg\" class=\"attachment-thumbnail size-thumbnail\" alt=\"\" loading=\"lazy\" \/><\/a>\n\t\t\t<\/dt><\/dl><br style=\"clear: both\" \/><dl class='gallery-item'>\n\t\t\t<dt class='gallery-icon landscape'>\n\t\t\t\t<a href='https:\/\/www.visit-ulcinj.com\/blog\/2014\/06\/06\/ojq-mogull-pastron-bregun-e-detit-foto\/deponi-berlloku-ne-det-ulqin-14\/'><img width=\"150\" height=\"150\" src=\"https:\/\/www.visit-ulcinj.com\/blog\/wp-content\/uploads\/2014\/06\/deponi-b\u00ebrlloku-ne-det-Ulqin-14-150x150.jpg\" class=\"attachment-thumbnail size-thumbnail\" alt=\"\" loading=\"lazy\" \/><\/a>\n\t\t\t<\/dt><\/dl><dl class='gallery-item'>\n\t\t\t<dt class='gallery-icon landscape'>\n\t\t\t\t<a href='https:\/\/www.visit-ulcinj.com\/blog\/2014\/06\/06\/ojq-mogull-pastron-bregun-e-detit-foto\/deponi-berlloku-ne-det-ulqin-1\/'><img width=\"150\" height=\"150\" src=\"https:\/\/www.visit-ulcinj.com\/blog\/wp-content\/uploads\/2014\/06\/deponi-b\u00ebrlloku-ne-det-Ulqin-1-150x150.jpg\" class=\"attachment-thumbnail size-thumbnail\" alt=\"\" loading=\"lazy\" \/><\/a>\n\t\t\t<\/dt><\/dl><dl class='gallery-item'>\n\t\t\t<dt class='gallery-icon landscape'>\n\t\t\t\t<a href='https:\/\/www.visit-ulcinj.com\/blog\/2014\/06\/06\/ojq-mogull-pastron-bregun-e-detit-foto\/deponi-berlloku-ne-det-ulqin\/'><img width=\"150\" height=\"150\" src=\"https:\/\/www.visit-ulcinj.com\/blog\/wp-content\/uploads\/2014\/06\/deponi-b\u00ebrlloku-ne-det-Ulqin-150x150.jpg\" class=\"attachment-thumbnail size-thumbnail\" alt=\"\" loading=\"lazy\" \/><\/a>\n\t\t\t<\/dt><\/dl><br style=\"clear: both\" \/>\n\t\t<\/div>\n\n","protected":false},"excerpt":{"rendered":"<p>Papast\u00ebrtia n\u00eb qytetin e Ulqinit si dhe n\u00eb bregun e detit t\u00eb Ulqinit ka arritur kulminacionin, ulqinak\u00ebt nuk u kursyen nga papast\u00ebrtia as nga kamerat dhe fotografit\u00eb q\u00eb sjellin emisionet e nryshme t\u00eb televizionit dhe n\u00eb opinjonin e turist\u00ebve q\u00eb na shikojn\u00eb n\u00eb ter\u00eb bot\u00ebn. N\u00eb qytetin e Ulqinit deri tani kan kund\u00ebrmuar mbeturinat e [&hellip;]<\/p>\n","protected":false},"author":1,"featured_media":0,"comment_status":"closed","ping_status":"closed","sticky":false,"template":"","format":"standard","meta":{"spay_email":"","jetpack_publicize_message":"","jetpack_is_tweetstorm":false,"jetpack_publicize_feature_enabled":true},"categories":[11],"tags":[],"jetpack_publicize_connections":[],"yoast_head":"<!-- This site is optimized with the Yoast SEO plugin v19.1 - https:\/\/yoast.com\/wordpress\/plugins\/seo\/ -->\n<title>OJQ &quot;Mogull&quot; pastron bregun e detit + Foto - Lajme nga Ulqini<\/title>\n<meta name=\"description\" content=\"Papast\u00ebrtia n\u00eb qytetin e Ulqinit si dhe n\u00eb bregun e detit t\u00eb Ulqinit ka arritur kulminacionin, ulqinak\u00ebt nuk u kursyen nga papast\u00ebrtia as nga kamerat dhe\" \/>\n<meta name=\"robots\" content=\"index, follow, max-snippet:-1, max-image-preview:large, max-video-preview:-1\" \/>\n<link rel=\"canonical\" href=\"https:\/\/www.visit-ulcinj.com\/blog\/2014\/06\/06\/ojq-mogull-pastron-bregun-e-detit-foto\/\" \/>\n<meta property=\"og:locale\" content=\"en_US\" \/>\n<meta property=\"og:type\" content=\"article\" \/>\n<meta property=\"og:title\" content=\"OJQ &quot;Mogull&quot; pastron bregun e detit + Foto - Lajme nga Ulqini\" \/>\n<meta property=\"og:description\" content=\"Papast\u00ebrtia n\u00eb qytetin e Ulqinit si dhe n\u00eb bregun e detit t\u00eb Ulqinit ka arritur kulminacionin, ulqinak\u00ebt nuk u kursyen nga papast\u00ebrtia as nga kamerat dhe\" \/>\n<meta property=\"og:url\" content=\"https:\/\/www.visit-ulcinj.com\/blog\/2014\/06\/06\/ojq-mogull-pastron-bregun-e-detit-foto\/\" \/>\n<meta property=\"og:site_name\" content=\"Lajme nga Ulqini\" \/>\n<meta property=\"article:published_time\" content=\"2014-06-06T12:28:54+00:00\" \/>\n<meta property=\"article:modified_time\" content=\"2014-06-06T16:58:05+00:00\" \/>\n<meta property=\"og:image\" content=\"https:\/\/www.visit-ulcinj.com\/blog\/wp-content\/uploads\/2014\/06\/deponi-b\u00ebrlloku-ne-det-Ulqin-2-150x150.jpg\" \/>\n<meta name=\"twitter:label1\" content=\"Written by\" \/>\n\t<meta name=\"twitter:data1\" content=\"ulqini\" \/>\n\t<meta name=\"twitter:label2\" content=\"Est. reading time\" \/>\n\t<meta name=\"twitter:data2\" content=\"2 minutes\" \/>\n<script type=\"application\/ld+json\" class=\"yoast-schema-graph\">{\"@context\":\"https:\/\/schema.org\",\"@graph\":[{\"@type\":\"WebSite\",\"@id\":\"https:\/\/www.visit-ulcinj.com\/blog\/#website\",\"url\":\"https:\/\/www.visit-ulcinj.com\/blog\/\",\"name\":\"Lajme nga Ulqini\",\"description\":\"Lajme,Vijesti,Ulqini,Ulqin,Crna Gora,Mali i Zi\",\"potentialAction\":[{\"@type\":\"SearchAction\",\"target\":{\"@type\":\"EntryPoint\",\"urlTemplate\":\"https:\/\/www.visit-ulcinj.com\/blog\/?s={search_term_string}\"},\"query-input\":\"required name=search_term_string\"}],\"inLanguage\":\"en-US\"},{\"@type\":\"WebPage\",\"@id\":\"https:\/\/www.visit-ulcinj.com\/blog\/2014\/06\/06\/ojq-mogull-pastron-bregun-e-detit-foto\/#webpage\",\"url\":\"https:\/\/www.visit-ulcinj.com\/blog\/2014\/06\/06\/ojq-mogull-pastron-bregun-e-detit-foto\/\",\"name\":\"OJQ \\\"Mogull\\\" pastron bregun e detit + Foto - Lajme nga Ulqini\",\"isPartOf\":{\"@id\":\"https:\/\/www.visit-ulcinj.com\/blog\/#website\"},\"datePublished\":\"2014-06-06T12:28:54+00:00\",\"dateModified\":\"2014-06-06T16:58:05+00:00\",\"author\":{\"@id\":\"https:\/\/www.visit-ulcinj.com\/blog\/#\/schema\/person\/dcab619c614d3038751c63bc2aadc06d\"},\"description\":\"Papast\u00ebrtia n\u00eb qytetin e Ulqinit si dhe n\u00eb bregun e detit t\u00eb Ulqinit ka arritur kulminacionin, ulqinak\u00ebt nuk u kursyen nga papast\u00ebrtia as nga kamerat dhe\",\"breadcrumb\":{\"@id\":\"https:\/\/www.visit-ulcinj.com\/blog\/2014\/06\/06\/ojq-mogull-pastron-bregun-e-detit-foto\/#breadcrumb\"},\"inLanguage\":\"en-US\",\"potentialAction\":[{\"@type\":\"ReadAction\",\"target\":[\"https:\/\/www.visit-ulcinj.com\/blog\/2014\/06\/06\/ojq-mogull-pastron-bregun-e-detit-foto\/\"]}]},{\"@type\":\"BreadcrumbList\",\"@id\":\"https:\/\/www.visit-ulcinj.com\/blog\/2014\/06\/06\/ojq-mogull-pastron-bregun-e-detit-foto\/#breadcrumb\",\"itemListElement\":[{\"@type\":\"ListItem\",\"position\":1,\"name\":\"OJQ &#8220;Mogull&#8221; pastron bregun e detit + Foto\"}]},{\"@type\":\"Person\",\"@id\":\"https:\/\/www.visit-ulcinj.com\/blog\/#\/schema\/person\/dcab619c614d3038751c63bc2aadc06d\",\"name\":\"ulqini\",\"sameAs\":[\"http:\/\/www.visit-ulcinj.com\"],\"url\":\"https:\/\/www.visit-ulcinj.com\/blog\/author\/admin\/\"}]}<\/script>\n<!-- \/ Yoast SEO plugin. -->","yoast_head_json":{"title":"OJQ \"Mogull\" pastron bregun e detit + Foto - Lajme nga Ulqini","description":"Papast\u00ebrtia n\u00eb qytetin e Ulqinit si dhe n\u00eb bregun e detit t\u00eb Ulqinit ka arritur kulminacionin, ulqinak\u00ebt nuk u kursyen nga papast\u00ebrtia as nga kamerat dhe","robots":{"index":"index","follow":"follow","max-snippet":"max-snippet:-1","max-image-preview":"max-image-preview:large","max-video-preview":"max-video-preview:-1"},"canonical":"https:\/\/www.visit-ulcinj.com\/blog\/2014\/06\/06\/ojq-mogull-pastron-bregun-e-detit-foto\/","og_locale":"en_US","og_type":"article","og_title":"OJQ \"Mogull\" pastron bregun e detit + Foto - Lajme nga Ulqini","og_description":"Papast\u00ebrtia n\u00eb qytetin e Ulqinit si dhe n\u00eb bregun e detit t\u00eb Ulqinit ka arritur kulminacionin, ulqinak\u00ebt nuk u kursyen nga papast\u00ebrtia as nga kamerat dhe","og_url":"https:\/\/www.visit-ulcinj.com\/blog\/2014\/06\/06\/ojq-mogull-pastron-bregun-e-detit-foto\/","og_site_name":"Lajme nga Ulqini","article_published_time":"2014-06-06T12:28:54+00:00","article_modified_time":"2014-06-06T16:58:05+00:00","og_image":[{"url":"https:\/\/www.visit-ulcinj.com\/blog\/wp-content\/uploads\/2014\/06\/deponi-b\u00ebrlloku-ne-det-Ulqin-2-150x150.jpg"}],"twitter_misc":{"Written by":"ulqini","Est. reading time":"2 minutes"},"schema":{"@context":"https:\/\/schema.org","@graph":[{"@type":"WebSite","@id":"https:\/\/www.visit-ulcinj.com\/blog\/#website","url":"https:\/\/www.visit-ulcinj.com\/blog\/","name":"Lajme nga Ulqini","description":"Lajme,Vijesti,Ulqini,Ulqin,Crna Gora,Mali i Zi","potentialAction":[{"@type":"SearchAction","target":{"@type":"EntryPoint","urlTemplate":"https:\/\/www.visit-ulcinj.com\/blog\/?s={search_term_string}"},"query-input":"required name=search_term_string"}],"inLanguage":"en-US"},{"@type":"WebPage","@id":"https:\/\/www.visit-ulcinj.com\/blog\/2014\/06\/06\/ojq-mogull-pastron-bregun-e-detit-foto\/#webpage","url":"https:\/\/www.visit-ulcinj.com\/blog\/2014\/06\/06\/ojq-mogull-pastron-bregun-e-detit-foto\/","name":"OJQ \"Mogull\" pastron bregun e detit + Foto - Lajme nga Ulqini","isPartOf":{"@id":"https:\/\/www.visit-ulcinj.com\/blog\/#website"},"datePublished":"2014-06-06T12:28:54+00:00","dateModified":"2014-06-06T16:58:05+00:00","author":{"@id":"https:\/\/www.visit-ulcinj.com\/blog\/#\/schema\/person\/dcab619c614d3038751c63bc2aadc06d"},"description":"Papast\u00ebrtia n\u00eb qytetin e Ulqinit si dhe n\u00eb bregun e detit t\u00eb Ulqinit ka arritur kulminacionin, ulqinak\u00ebt nuk u kursyen nga papast\u00ebrtia as nga kamerat dhe","breadcrumb":{"@id":"https:\/\/www.visit-ulcinj.com\/blog\/2014\/06\/06\/ojq-mogull-pastron-bregun-e-detit-foto\/#breadcrumb"},"inLanguage":"en-US","potentialAction":[{"@type":"ReadAction","target":["https:\/\/www.visit-ulcinj.com\/blog\/2014\/06\/06\/ojq-mogull-pastron-bregun-e-detit-foto\/"]}]},{"@type":"BreadcrumbList","@id":"https:\/\/www.visit-ulcinj.com\/blog\/2014\/06\/06\/ojq-mogull-pastron-bregun-e-detit-foto\/#breadcrumb","itemListElement":[{"@type":"ListItem","position":1,"name":"OJQ &#8220;Mogull&#8221; pastron bregun e detit + Foto"}]},{"@type":"Person","@id":"https:\/\/www.visit-ulcinj.com\/blog\/#\/schema\/person\/dcab619c614d3038751c63bc2aadc06d","name":"ulqini","sameAs":["http:\/\/www.visit-ulcinj.com"],"url":"https:\/\/www.visit-ulcinj.com\/blog\/author\/admin\/"}]}},"jetpack_featured_media_url":"","jetpack_sharing_enabled":true,"jetpack_shortlink":"https:\/\/wp.me\/pe6lTn-lxh","_links":{"self":[{"href":"https:\/\/www.visit-ulcinj.com\/blog\/wp-json\/wp\/v2\/posts\/82787"}],"collection":[{"href":"https:\/\/www.visit-ulcinj.com\/blog\/wp-json\/wp\/v2\/posts"}],"about":[{"href":"https:\/\/www.visit-ulcinj.com\/blog\/wp-json\/wp\/v2\/types\/post"}],"author":[{"embeddable":true,"href":"https:\/\/www.visit-ulcinj.com\/blog\/wp-json\/wp\/v2\/users\/1"}],"replies":[{"embeddable":true,"href":"https:\/\/www.visit-ulcinj.com\/blog\/wp-json\/wp\/v2\/comments?post=82787"}],"version-history":[{"count":8,"href":"https:\/\/www.visit-ulcinj.com\/blog\/wp-json\/wp\/v2\/posts\/82787\/revisions"}],"predecessor-version":[{"id":82810,"href":"https:\/\/www.visit-ulcinj.com\/blog\/wp-json\/wp\/v2\/posts\/82787\/revisions\/82810"}],"wp:attachment":[{"href":"https:\/\/www.visit-ulcinj.com\/blog\/wp-json\/wp\/v2\/media?parent=82787"}],"wp:term":[{"taxonomy":"category","embeddable":true,"href":"https:\/\/www.visit-ulcinj.com\/blog\/wp-json\/wp\/v2\/categories?post=82787"},{"taxonomy":"post_tag","embeddable":true,"href":"https:\/\/www.visit-ulcinj.com\/blog\/wp-json\/wp\/v2\/tags?post=82787"}],"curies":[{"name":"wp","href":"https:\/\/api.w.org\/{rel}","templated":true}]}}