{"id":82812,"date":"2014-06-06T17:57:05","date_gmt":"2014-06-06T16:57:05","guid":{"rendered":"http:\/\/www.visit-ulcinj.com\/blog\/?p=82812"},"modified":"2014-06-06T20:58:05","modified_gmt":"2014-06-06T19:58:05","slug":"marreveshje-bashkepunimi-komunes-se-ulqinit-dhe-ojq-horizonti-ri","status":"publish","type":"post","link":"https:\/\/www.visit-ulcinj.com\/blog\/2014\/06\/06\/marreveshje-bashkepunimi-komunes-se-ulqinit-dhe-ojq-horizonti-ri\/","title":{"rendered":"Marr\u00ebveshje bashk\u00ebpunimi i Komun\u00ebs s\u00eb Ulqinit dhe OJQ \u201cHorizonti i ri\u201d"},"content":{"rendered":"<p><a href=\"http:\/\/www.visit-ulcinj.com\/blog\/wp-content\/uploads\/2014\/06\/bashk\u00ebpunimi-i-Komun\u00ebs-s\u00eb-Ulqinit-dhe-OJQ-Horizonti-i-ri.jpg\"><img loading=\"lazy\" class=\"alignleft  wp-image-82814\" alt=\"bashk\u00ebpunimi i Komun\u00ebs s\u00eb Ulqinit dhe OJQ Horizonti i ri\" src=\"http:\/\/www.visit-ulcinj.com\/blog\/wp-content\/uploads\/2014\/06\/bashk\u00ebpunimi-i-Komun\u00ebs-s\u00eb-Ulqinit-dhe-OJQ-Horizonti-i-ri.jpg\" width=\"508\" height=\"360\" \/><\/a>Sot n\u00eb Kabinetin e Kryetarit t\u00eb Komun\u00ebs s\u00eb Ulqinit, u n\u00ebnshkrua MARR\u00cbVESHJE BASHK\u00cbPUNIMI n\u00eb mes t\u00eb Komun\u00ebs s\u00eb Ulqinit dhe organizat\u00ebs s\u00eb shoq\u00ebris\u00eb civile \u201cHorizonti i Ri\u201d, i cili parasheh hartimin e Planit Lokal t\u00eb Veprimit p\u00ebr t\u00eb rinj.<br \/>\nN\u00eb takimin n\u00eb t\u00eb cilin, p\u00ebrpos Kryetarit t\u00eb Komun\u00ebs z. Fatmir Gjeka, mor\u00ebn pjes\u00eb edhe n\u00ebnkryetar\u00ebt e komun\u00ebs \u2013 z. Ardijan Mavriqi dhe z. Safet Beci, shefi i sekretariatit p\u00ebr veprimtari shoq\u00ebrore z. Ahmet Aloshi si dhe p\u00ebrfaq\u00ebsuesit e Horizontit t\u00eb Ri (Nazif Veliqi, Sabina Osmanoviq, Renata Blenishta dhe Arben Husiq), u shk\u00ebmbyen informacione p\u00ebr nevoj\u00ebn, r\u00ebnd\u00ebsin\u00eb si dhe m\u00ebnyr\u00ebn e hartimit dhe t\u00eb aprovimit t\u00eb Planit t\u00eb Veprimit p\u00ebr t\u00eb rinj.<br \/>\nMarr\u00ebveshja e n\u00ebnshkruar definon bart\u00ebsit e aktiviteteve gjat\u00eb procesit t\u00eb hartimit t\u00eb Planit t\u00eb Veprimit, detyrat e tyre si dhe afatet e realizimit.<\/p>\n<p data-ft=\"{&quot;tn&quot;:&quot;C&quot;}\"><strong><a id=\"js_90\" href=\"https:\/\/www.facebook.com\/horizonti.ngo?hc_location=timeline\" data-hovercard=\"\/ajax\/hovercard\/user.php?id=100001634242248&amp;extragetparams=%7B%22hc_location%22%3A%22timeline%22%7D\">Horizonti Ngo Facebook<\/a><\/strong><\/p>\n","protected":false},"excerpt":{"rendered":"<p>Sot n\u00eb Kabinetin e Kryetarit t\u00eb Komun\u00ebs s\u00eb Ulqinit, u n\u00ebnshkrua MARR\u00cbVESHJE BASHK\u00cbPUNIMI n\u00eb mes t\u00eb Komun\u00ebs s\u00eb Ulqinit dhe organizat\u00ebs s\u00eb shoq\u00ebris\u00eb civile \u201cHorizonti i Ri\u201d, i cili parasheh hartimin e Planit Lokal t\u00eb Veprimit p\u00ebr t\u00eb rinj. N\u00eb takimin n\u00eb t\u00eb cilin, p\u00ebrpos Kryetarit t\u00eb Komun\u00ebs z. Fatmir Gjeka, mor\u00ebn pjes\u00eb edhe n\u00ebnkryetar\u00ebt [&hellip;]<\/p>\n","protected":false},"author":1,"featured_media":0,"comment_status":"closed","ping_status":"closed","sticky":false,"template":"","format":"standard","meta":{"spay_email":"","jetpack_publicize_message":"","jetpack_is_tweetstorm":false,"jetpack_publicize_feature_enabled":true},"categories":[1,11],"tags":[],"jetpack_publicize_connections":[],"yoast_head":"<!-- This site is optimized with the Yoast SEO plugin v19.1 - https:\/\/yoast.com\/wordpress\/plugins\/seo\/ -->\n<title>Marr\u00ebveshje bashk\u00ebpunimi i Komun\u00ebs s\u00eb Ulqinit dhe OJQ \u201cHorizonti i ri\u201d - Lajme nga Ulqini<\/title>\n<meta name=\"description\" content=\"Sot n\u00eb Kabinetin e Kryetarit t\u00eb Komun\u00ebs s\u00eb Ulqinit, u n\u00ebnshkrua MARR\u00cbVESHJE BASHK\u00cbPUNIMI n\u00eb mes t\u00eb Komun\u00ebs s\u00eb Ulqinit dhe organizat\u00ebs s\u00eb shoq\u00ebris\u00eb civile\" \/>\n<meta name=\"robots\" content=\"index, follow, max-snippet:-1, max-image-preview:large, max-video-preview:-1\" \/>\n<link rel=\"canonical\" href=\"https:\/\/www.visit-ulcinj.com\/blog\/2014\/06\/06\/marreveshje-bashkepunimi-komunes-se-ulqinit-dhe-ojq-horizonti-ri\/\" \/>\n<meta property=\"og:locale\" content=\"en_US\" \/>\n<meta property=\"og:type\" content=\"article\" \/>\n<meta property=\"og:title\" content=\"Marr\u00ebveshje bashk\u00ebpunimi i Komun\u00ebs s\u00eb Ulqinit dhe OJQ \u201cHorizonti i ri\u201d - Lajme nga Ulqini\" \/>\n<meta property=\"og:description\" content=\"Sot n\u00eb Kabinetin e Kryetarit t\u00eb Komun\u00ebs s\u00eb Ulqinit, u n\u00ebnshkrua MARR\u00cbVESHJE BASHK\u00cbPUNIMI n\u00eb mes t\u00eb Komun\u00ebs s\u00eb Ulqinit dhe organizat\u00ebs s\u00eb shoq\u00ebris\u00eb civile\" \/>\n<meta property=\"og:url\" content=\"https:\/\/www.visit-ulcinj.com\/blog\/2014\/06\/06\/marreveshje-bashkepunimi-komunes-se-ulqinit-dhe-ojq-horizonti-ri\/\" \/>\n<meta property=\"og:site_name\" content=\"Lajme nga Ulqini\" \/>\n<meta property=\"article:published_time\" content=\"2014-06-06T16:57:05+00:00\" \/>\n<meta property=\"article:modified_time\" content=\"2014-06-06T19:58:05+00:00\" \/>\n<meta name=\"twitter:label1\" content=\"Written by\" \/>\n\t<meta name=\"twitter:data1\" content=\"ulqini\" \/>\n\t<meta name=\"twitter:label2\" content=\"Est. reading time\" \/>\n\t<meta name=\"twitter:data2\" content=\"1 minute\" \/>\n<script type=\"application\/ld+json\" class=\"yoast-schema-graph\">{\"@context\":\"https:\/\/schema.org\",\"@graph\":[{\"@type\":\"WebSite\",\"@id\":\"https:\/\/www.visit-ulcinj.com\/blog\/#website\",\"url\":\"https:\/\/www.visit-ulcinj.com\/blog\/\",\"name\":\"Lajme nga Ulqini\",\"description\":\"Lajme,Vijesti,Ulqini,Ulqin,Crna Gora,Mali i Zi\",\"potentialAction\":[{\"@type\":\"SearchAction\",\"target\":{\"@type\":\"EntryPoint\",\"urlTemplate\":\"https:\/\/www.visit-ulcinj.com\/blog\/?s={search_term_string}\"},\"query-input\":\"required name=search_term_string\"}],\"inLanguage\":\"en-US\"},{\"@type\":\"WebPage\",\"@id\":\"https:\/\/www.visit-ulcinj.com\/blog\/2014\/06\/06\/marreveshje-bashkepunimi-komunes-se-ulqinit-dhe-ojq-horizonti-ri\/#webpage\",\"url\":\"https:\/\/www.visit-ulcinj.com\/blog\/2014\/06\/06\/marreveshje-bashkepunimi-komunes-se-ulqinit-dhe-ojq-horizonti-ri\/\",\"name\":\"Marr\u00ebveshje bashk\u00ebpunimi i Komun\u00ebs s\u00eb Ulqinit dhe OJQ \u201cHorizonti i ri\u201d - Lajme nga Ulqini\",\"isPartOf\":{\"@id\":\"https:\/\/www.visit-ulcinj.com\/blog\/#website\"},\"datePublished\":\"2014-06-06T16:57:05+00:00\",\"dateModified\":\"2014-06-06T19:58:05+00:00\",\"author\":{\"@id\":\"https:\/\/www.visit-ulcinj.com\/blog\/#\/schema\/person\/dcab619c614d3038751c63bc2aadc06d\"},\"description\":\"Sot n\u00eb Kabinetin e Kryetarit t\u00eb Komun\u00ebs s\u00eb Ulqinit, u n\u00ebnshkrua MARR\u00cbVESHJE BASHK\u00cbPUNIMI n\u00eb mes t\u00eb Komun\u00ebs s\u00eb Ulqinit dhe organizat\u00ebs s\u00eb shoq\u00ebris\u00eb civile\",\"breadcrumb\":{\"@id\":\"https:\/\/www.visit-ulcinj.com\/blog\/2014\/06\/06\/marreveshje-bashkepunimi-komunes-se-ulqinit-dhe-ojq-horizonti-ri\/#breadcrumb\"},\"inLanguage\":\"en-US\",\"potentialAction\":[{\"@type\":\"ReadAction\",\"target\":[\"https:\/\/www.visit-ulcinj.com\/blog\/2014\/06\/06\/marreveshje-bashkepunimi-komunes-se-ulqinit-dhe-ojq-horizonti-ri\/\"]}]},{\"@type\":\"BreadcrumbList\",\"@id\":\"https:\/\/www.visit-ulcinj.com\/blog\/2014\/06\/06\/marreveshje-bashkepunimi-komunes-se-ulqinit-dhe-ojq-horizonti-ri\/#breadcrumb\",\"itemListElement\":[{\"@type\":\"ListItem\",\"position\":1,\"name\":\"Marr\u00ebveshje bashk\u00ebpunimi i Komun\u00ebs s\u00eb Ulqinit dhe OJQ \u201cHorizonti i ri\u201d\"}]},{\"@type\":\"Person\",\"@id\":\"https:\/\/www.visit-ulcinj.com\/blog\/#\/schema\/person\/dcab619c614d3038751c63bc2aadc06d\",\"name\":\"ulqini\",\"sameAs\":[\"http:\/\/www.visit-ulcinj.com\"],\"url\":\"https:\/\/www.visit-ulcinj.com\/blog\/author\/admin\/\"}]}<\/script>\n<!-- \/ Yoast SEO plugin. -->","yoast_head_json":{"title":"Marr\u00ebveshje bashk\u00ebpunimi i Komun\u00ebs s\u00eb Ulqinit dhe OJQ \u201cHorizonti i ri\u201d - Lajme nga Ulqini","description":"Sot n\u00eb Kabinetin e Kryetarit t\u00eb Komun\u00ebs s\u00eb Ulqinit, u n\u00ebnshkrua MARR\u00cbVESHJE BASHK\u00cbPUNIMI n\u00eb mes t\u00eb Komun\u00ebs s\u00eb Ulqinit dhe organizat\u00ebs s\u00eb shoq\u00ebris\u00eb civile","robots":{"index":"index","follow":"follow","max-snippet":"max-snippet:-1","max-image-preview":"max-image-preview:large","max-video-preview":"max-video-preview:-1"},"canonical":"https:\/\/www.visit-ulcinj.com\/blog\/2014\/06\/06\/marreveshje-bashkepunimi-komunes-se-ulqinit-dhe-ojq-horizonti-ri\/","og_locale":"en_US","og_type":"article","og_title":"Marr\u00ebveshje bashk\u00ebpunimi i Komun\u00ebs s\u00eb Ulqinit dhe OJQ \u201cHorizonti i ri\u201d - Lajme nga Ulqini","og_description":"Sot n\u00eb Kabinetin e Kryetarit t\u00eb Komun\u00ebs s\u00eb Ulqinit, u n\u00ebnshkrua MARR\u00cbVESHJE BASHK\u00cbPUNIMI n\u00eb mes t\u00eb Komun\u00ebs s\u00eb Ulqinit dhe organizat\u00ebs s\u00eb shoq\u00ebris\u00eb civile","og_url":"https:\/\/www.visit-ulcinj.com\/blog\/2014\/06\/06\/marreveshje-bashkepunimi-komunes-se-ulqinit-dhe-ojq-horizonti-ri\/","og_site_name":"Lajme nga Ulqini","article_published_time":"2014-06-06T16:57:05+00:00","article_modified_time":"2014-06-06T19:58:05+00:00","twitter_misc":{"Written by":"ulqini","Est. reading time":"1 minute"},"schema":{"@context":"https:\/\/schema.org","@graph":[{"@type":"WebSite","@id":"https:\/\/www.visit-ulcinj.com\/blog\/#website","url":"https:\/\/www.visit-ulcinj.com\/blog\/","name":"Lajme nga Ulqini","description":"Lajme,Vijesti,Ulqini,Ulqin,Crna Gora,Mali i Zi","potentialAction":[{"@type":"SearchAction","target":{"@type":"EntryPoint","urlTemplate":"https:\/\/www.visit-ulcinj.com\/blog\/?s={search_term_string}"},"query-input":"required name=search_term_string"}],"inLanguage":"en-US"},{"@type":"WebPage","@id":"https:\/\/www.visit-ulcinj.com\/blog\/2014\/06\/06\/marreveshje-bashkepunimi-komunes-se-ulqinit-dhe-ojq-horizonti-ri\/#webpage","url":"https:\/\/www.visit-ulcinj.com\/blog\/2014\/06\/06\/marreveshje-bashkepunimi-komunes-se-ulqinit-dhe-ojq-horizonti-ri\/","name":"Marr\u00ebveshje bashk\u00ebpunimi i Komun\u00ebs s\u00eb Ulqinit dhe OJQ \u201cHorizonti i ri\u201d - Lajme nga Ulqini","isPartOf":{"@id":"https:\/\/www.visit-ulcinj.com\/blog\/#website"},"datePublished":"2014-06-06T16:57:05+00:00","dateModified":"2014-06-06T19:58:05+00:00","author":{"@id":"https:\/\/www.visit-ulcinj.com\/blog\/#\/schema\/person\/dcab619c614d3038751c63bc2aadc06d"},"description":"Sot n\u00eb Kabinetin e Kryetarit t\u00eb Komun\u00ebs s\u00eb Ulqinit, u n\u00ebnshkrua MARR\u00cbVESHJE BASHK\u00cbPUNIMI n\u00eb mes t\u00eb Komun\u00ebs s\u00eb Ulqinit dhe organizat\u00ebs s\u00eb shoq\u00ebris\u00eb civile","breadcrumb":{"@id":"https:\/\/www.visit-ulcinj.com\/blog\/2014\/06\/06\/marreveshje-bashkepunimi-komunes-se-ulqinit-dhe-ojq-horizonti-ri\/#breadcrumb"},"inLanguage":"en-US","potentialAction":[{"@type":"ReadAction","target":["https:\/\/www.visit-ulcinj.com\/blog\/2014\/06\/06\/marreveshje-bashkepunimi-komunes-se-ulqinit-dhe-ojq-horizonti-ri\/"]}]},{"@type":"BreadcrumbList","@id":"https:\/\/www.visit-ulcinj.com\/blog\/2014\/06\/06\/marreveshje-bashkepunimi-komunes-se-ulqinit-dhe-ojq-horizonti-ri\/#breadcrumb","itemListElement":[{"@type":"ListItem","position":1,"name":"Marr\u00ebveshje bashk\u00ebpunimi i Komun\u00ebs s\u00eb Ulqinit dhe OJQ \u201cHorizonti i ri\u201d"}]},{"@type":"Person","@id":"https:\/\/www.visit-ulcinj.com\/blog\/#\/schema\/person\/dcab619c614d3038751c63bc2aadc06d","name":"ulqini","sameAs":["http:\/\/www.visit-ulcinj.com"],"url":"https:\/\/www.visit-ulcinj.com\/blog\/author\/admin\/"}]}},"jetpack_featured_media_url":"","jetpack_sharing_enabled":true,"jetpack_shortlink":"https:\/\/wp.me\/pe6lTn-lxG","_links":{"self":[{"href":"https:\/\/www.visit-ulcinj.com\/blog\/wp-json\/wp\/v2\/posts\/82812"}],"collection":[{"href":"https:\/\/www.visit-ulcinj.com\/blog\/wp-json\/wp\/v2\/posts"}],"about":[{"href":"https:\/\/www.visit-ulcinj.com\/blog\/wp-json\/wp\/v2\/types\/post"}],"author":[{"embeddable":true,"href":"https:\/\/www.visit-ulcinj.com\/blog\/wp-json\/wp\/v2\/users\/1"}],"replies":[{"embeddable":true,"href":"https:\/\/www.visit-ulcinj.com\/blog\/wp-json\/wp\/v2\/comments?post=82812"}],"version-history":[{"count":2,"href":"https:\/\/www.visit-ulcinj.com\/blog\/wp-json\/wp\/v2\/posts\/82812\/revisions"}],"predecessor-version":[{"id":82816,"href":"https:\/\/www.visit-ulcinj.com\/blog\/wp-json\/wp\/v2\/posts\/82812\/revisions\/82816"}],"wp:attachment":[{"href":"https:\/\/www.visit-ulcinj.com\/blog\/wp-json\/wp\/v2\/media?parent=82812"}],"wp:term":[{"taxonomy":"category","embeddable":true,"href":"https:\/\/www.visit-ulcinj.com\/blog\/wp-json\/wp\/v2\/categories?post=82812"},{"taxonomy":"post_tag","embeddable":true,"href":"https:\/\/www.visit-ulcinj.com\/blog\/wp-json\/wp\/v2\/tags?post=82812"}],"curies":[{"name":"wp","href":"https:\/\/api.w.org\/{rel}","templated":true}]}}