{"id":82823,"date":"2014-06-06T20:55:28","date_gmt":"2014-06-06T19:55:28","guid":{"rendered":"http:\/\/www.visit-ulcinj.com\/blog\/?p=82823"},"modified":"2014-06-17T10:16:19","modified_gmt":"2014-06-17T09:16:19","slug":"maturantet-e-gjimnazit-vllazerim-bashkim-ulqin-2014-foto-video","status":"publish","type":"post","link":"https:\/\/www.visit-ulcinj.com\/blog\/2014\/06\/06\/maturantet-e-gjimnazit-vllazerim-bashkim-ulqin-2014-foto-video\/","title":{"rendered":"Maturant\u00ebt e Ulqinit 2014 + Foto + Video &#8211; \u00e7do dit\u00eb foto t\u00eb reja"},"content":{"rendered":"<p><a href=\"http:\/\/www.visit-ulcinj.com\/blog\/wp-content\/uploads\/2014\/06\/Maturantet-te-gjimnazit-Vllazerim-Bashkim-Ulqin-.jpg\"><img loading=\"lazy\" class=\"alignleft  wp-image-82824\" alt=\"Maturantet-te-gjimnazit-Vllazerim-Bashkim-Ulqin-\" src=\"http:\/\/www.visit-ulcinj.com\/blog\/wp-content\/uploads\/2014\/06\/Maturantet-te-gjimnazit-Vllazerim-Bashkim-Ulqin-.jpg\" width=\"508\" height=\"360\" \/><\/a>Qindra maturante te gjimnazit &#8220;Vllazerim Bashkim&#8221; te komunes se Ulqinit shenuan naten e matures, njofton Tv Teuta nga Ulqini.<br \/>\nMaturant\u00ebt e gjimnazit &#8220;Vllazerim Bashkim&#8221; n\u00eb Ulqin kan\u00eb p\u00ebrmbyllur zyrtarisht kat\u00ebr\u00a0vite t\u00eb ciklit t\u00eb mes\u00ebm me organizimin\u00a0ceremonial t\u00eb mbr\u00ebmjes s\u00eb matur\u00ebs,\u00a0defileut dhe dark\u00ebs s\u00eb p\u00ebrbashk\u00ebt.<br \/>\nCeshte e verteta, ata nat\u00ebn e fundit me shoket e vet dhe me profesoret e tyre\u00a0 qendruan ne lokalet \u00a0hoteliere te komunes se Ulqini.Vertet ishte kenaqesi te shikosh rruget perplote te mbushur me maturante dhe familjare qe i ngjante nje evenimente me rendesi arsimor dhe shih per kete,ishte krijuar nje atmosfere vertet e mrekullueshme.\u00a0Ne syte e shume prinderve shiheshin edhe shume lote gezimi dhe ne anen tjeter hareja dhe gezimi nuk kishte fund per \u00a0te rinjte te cilet posa kane mbaruar shkollimin e mesem me deshire per te filluar betejen e re per arsimim.<\/p>\n<p>P\u00ebr t\u2019i ndjekur \u00e7iftet parakaluese\u00a0t\u00eb shoq\u00ebruar nga kujdestar\u00eb t\u00eb\u00a0klas\u00ebve dhe nga drejtori, n\u00eb sheshin kryesor\u00eb t\u00eb qytez\u00ebs, kishte num\u00ebr t\u00eb\u00a0madh publiku i cili me entuziaz\u00ebm ka\u00a0ndjekur marshimin e t\u00eb gjitha \u00e7ifteve\u00a0n\u00eb k\u00ebt\u00eb dit\u00eb t\u00eb sh\u00ebnuar t\u00eb tyre.<\/p>\n<p>Pas\u00a0p\u00ebrfundimit t\u00eb defileut, t\u00eb gjith\u00eb jan\u00eb\u00a0mbledhur n\u00eb ambientet e rastorantit\u00a0\u201cPrimavera\u201d, ku kan\u00eb festuar s\u00eb bashku fundin\u00a0e shkoll\u00ebs s\u00eb mesme dhe kan\u00eb kujtuar\u00a0momentet m\u00eb t\u00eb bukura t\u00eb kaluara\u00a0me nj\u00ebri-tjetrin.<\/p>\n<p><strong>Ju lutemi t\u00eb na d\u00ebrgoni Fotot e Matur\u00ebs 2014 ne Facebook message <a href=\"https:\/\/www.facebook.com\/lajmenga.ulqini\" target=\"_blank\"> :https:\/\/www.facebook.com\/lajmenga.ulqini <\/a><\/strong><\/p>\n<p><strong>Dhe si ka shum\u00eb klikime 1001 Like do bam njefar konkursi dhe do shperblem me nji dhurat ato si gjenden ne fotografi<\/strong><\/p>\n<!--YouTube Error: bad URL entered-->\n\n\t\t<style type=\"text\/css\">\n\t\t\t#gallery-1 {\n\t\t\t\tmargin: auto;\n\t\t\t}\n\t\t\t#gallery-1 .gallery-item {\n\t\t\t\tfloat: left;\n\t\t\t\tmargin-top: 10px;\n\t\t\t\ttext-align: center;\n\t\t\t\twidth: 33%;\n\t\t\t}\n\t\t\t#gallery-1 img {\n\t\t\t\tborder: 2px solid #cfcfcf;\n\t\t\t}\n\t\t\t#gallery-1 .gallery-caption {\n\t\t\t\tmargin-left: 0;\n\t\t\t}\n\t\t\t\/* see gallery_shortcode() in wp-includes\/media.php *\/\n\t\t<\/style>\n\t\t<div id='gallery-1' class='gallery galleryid-82823 gallery-columns-3 gallery-size-thumbnail'><dl class='gallery-item'>\n\t\t\t<dt class='gallery-icon landscape'>\n\t\t\t\t<a href='https:\/\/www.visit-ulcinj.com\/blog\/2014\/06\/06\/maturantet-e-gjimnazit-vllazerim-bashkim-ulqin-2014-foto-video\/maturantet-te-gjimnazit-vllazerim-bashkim-ulqin\/'><img width=\"150\" height=\"150\" src=\"https:\/\/www.visit-ulcinj.com\/blog\/wp-content\/uploads\/2014\/06\/Maturantet-te-gjimnazit-Vllazerim-Bashkim-Ulqin--150x150.jpg\" class=\"attachment-thumbnail size-thumbnail\" alt=\"\" loading=\"lazy\" \/><\/a>\n\t\t\t<\/dt><\/dl><dl class='gallery-item'>\n\t\t\t<dt class='gallery-icon landscape'>\n\t\t\t\t<a href='https:\/\/www.visit-ulcinj.com\/blog\/2014\/06\/06\/maturantet-e-gjimnazit-vllazerim-bashkim-ulqin-2014-foto-video\/maturantet-te-gjimnazit-vllazerim-bashkim-ulqin-1\/'><img width=\"150\" height=\"150\" src=\"https:\/\/www.visit-ulcinj.com\/blog\/wp-content\/uploads\/2014\/06\/Maturantet-te-gjimnazit-Vllazerim-Bashkim-Ulqin-1-150x150.jpg\" class=\"attachment-thumbnail size-thumbnail\" alt=\"\" loading=\"lazy\" \/><\/a>\n\t\t\t<\/dt><\/dl><dl class='gallery-item'>\n\t\t\t<dt class='gallery-icon landscape'>\n\t\t\t\t<a href='https:\/\/www.visit-ulcinj.com\/blog\/2014\/06\/06\/maturantet-e-gjimnazit-vllazerim-bashkim-ulqin-2014-foto-video\/maturantet-te-gjimnazit-vllazerim-bashkim-ulqin-3\/'><img width=\"150\" height=\"150\" src=\"https:\/\/www.visit-ulcinj.com\/blog\/wp-content\/uploads\/2014\/06\/Maturantet-te-gjimnazit-Vllazerim-Bashkim-Ulqin-3-150x150.jpg\" class=\"attachment-thumbnail size-thumbnail\" alt=\"\" loading=\"lazy\" \/><\/a>\n\t\t\t<\/dt><\/dl><br style=\"clear: both\" \/><dl class='gallery-item'>\n\t\t\t<dt class='gallery-icon landscape'>\n\t\t\t\t<a href='https:\/\/www.visit-ulcinj.com\/blog\/2014\/06\/06\/maturantet-e-gjimnazit-vllazerim-bashkim-ulqin-2014-foto-video\/maturantet-te-gjimnazit-vllazerim-bashkim-ulqin-2\/'><img width=\"150\" height=\"150\" src=\"https:\/\/www.visit-ulcinj.com\/blog\/wp-content\/uploads\/2014\/06\/Maturantet-te-gjimnazit-Vllazerim-Bashkim-Ulqin-2-150x150.jpg\" class=\"attachment-thumbnail size-thumbnail\" alt=\"\" loading=\"lazy\" \/><\/a>\n\t\t\t<\/dt><\/dl><dl class='gallery-item'>\n\t\t\t<dt class='gallery-icon landscape'>\n\t\t\t\t<a href='https:\/\/www.visit-ulcinj.com\/blog\/2014\/06\/06\/maturantet-e-gjimnazit-vllazerim-bashkim-ulqin-2014-foto-video\/maturantet-te-gjimnazit-vllazerim-bashkim-ulqin-4\/'><img width=\"150\" height=\"150\" src=\"https:\/\/www.visit-ulcinj.com\/blog\/wp-content\/uploads\/2014\/06\/Maturantet-te-gjimnazit-Vllazerim-Bashkim-Ulqin-4-150x150.jpg\" class=\"attachment-thumbnail size-thumbnail\" alt=\"\" loading=\"lazy\" \/><\/a>\n\t\t\t<\/dt><\/dl><dl class='gallery-item'>\n\t\t\t<dt class='gallery-icon landscape'>\n\t\t\t\t<a href='https:\/\/www.visit-ulcinj.com\/blog\/2014\/06\/06\/maturantet-e-gjimnazit-vllazerim-bashkim-ulqin-2014-foto-video\/maturantet-te-gjimnazit-vllazerim-bashkim-ulqin-5\/'><img width=\"150\" height=\"150\" src=\"https:\/\/www.visit-ulcinj.com\/blog\/wp-content\/uploads\/2014\/06\/Maturantet-te-gjimnazit-Vllazerim-Bashkim-Ulqin-5-150x150.jpg\" class=\"attachment-thumbnail size-thumbnail\" alt=\"\" loading=\"lazy\" \/><\/a>\n\t\t\t<\/dt><\/dl><br style=\"clear: both\" \/><dl class='gallery-item'>\n\t\t\t<dt class='gallery-icon landscape'>\n\t\t\t\t<a href='https:\/\/www.visit-ulcinj.com\/blog\/2014\/06\/06\/maturantet-e-gjimnazit-vllazerim-bashkim-ulqin-2014-foto-video\/maturantet-te-gjimnazit-vllazerim-bashkim-ulqin-6\/'><img width=\"150\" height=\"150\" src=\"https:\/\/www.visit-ulcinj.com\/blog\/wp-content\/uploads\/2014\/06\/Maturantet-te-gjimnazit-Vllazerim-Bashkim-Ulqin-6-150x150.jpg\" class=\"attachment-thumbnail size-thumbnail\" alt=\"\" loading=\"lazy\" \/><\/a>\n\t\t\t<\/dt><\/dl><dl class='gallery-item'>\n\t\t\t<dt class='gallery-icon landscape'>\n\t\t\t\t<a href='https:\/\/www.visit-ulcinj.com\/blog\/2014\/06\/06\/maturantet-e-gjimnazit-vllazerim-bashkim-ulqin-2014-foto-video\/maturantet-te-gjimnazit-vllazerim-bashkim-ulqin-7\/'><img width=\"150\" height=\"150\" src=\"https:\/\/www.visit-ulcinj.com\/blog\/wp-content\/uploads\/2014\/06\/Maturantet-te-gjimnazit-Vllazerim-Bashkim-Ulqin-7-150x150.jpg\" class=\"attachment-thumbnail size-thumbnail\" alt=\"\" loading=\"lazy\" \/><\/a>\n\t\t\t<\/dt><\/dl><dl class='gallery-item'>\n\t\t\t<dt class='gallery-icon portrait'>\n\t\t\t\t<a href='https:\/\/www.visit-ulcinj.com\/blog\/2014\/06\/06\/maturantet-e-gjimnazit-vllazerim-bashkim-ulqin-2014-foto-video\/maturantet-te-gjimnazit-vllazerim-bashkim-ulqin-8\/'><img width=\"150\" height=\"150\" src=\"https:\/\/www.visit-ulcinj.com\/blog\/wp-content\/uploads\/2014\/06\/Maturantet-te-gjimnazit-Vllazerim-Bashkim-Ulqin-8-150x150.jpg\" class=\"attachment-thumbnail size-thumbnail\" alt=\"\" loading=\"lazy\" \/><\/a>\n\t\t\t<\/dt><\/dl><br style=\"clear: both\" \/><dl class='gallery-item'>\n\t\t\t<dt class='gallery-icon portrait'>\n\t\t\t\t<a href='https:\/\/www.visit-ulcinj.com\/blog\/2014\/06\/06\/maturantet-e-gjimnazit-vllazerim-bashkim-ulqin-2014-foto-video\/maturantet-te-gjimnazit-vllazerim-bashkim-ulqin-9\/'><img width=\"150\" height=\"150\" src=\"https:\/\/www.visit-ulcinj.com\/blog\/wp-content\/uploads\/2014\/06\/Maturantet-te-gjimnazit-Vllazerim-Bashkim-Ulqin-9-150x150.jpg\" class=\"attachment-thumbnail size-thumbnail\" alt=\"\" loading=\"lazy\" \/><\/a>\n\t\t\t<\/dt><\/dl><dl class='gallery-item'>\n\t\t\t<dt class='gallery-icon landscape'>\n\t\t\t\t<a href='https:\/\/www.visit-ulcinj.com\/blog\/2014\/06\/06\/maturantet-e-gjimnazit-vllazerim-bashkim-ulqin-2014-foto-video\/maturantet-te-gjimnazit-vllazerim-bashkim-ulqin-10\/'><img width=\"150\" height=\"150\" src=\"https:\/\/www.visit-ulcinj.com\/blog\/wp-content\/uploads\/2014\/06\/Maturantet-te-gjimnazit-Vllazerim-Bashkim-Ulqin-10-150x150.jpg\" class=\"attachment-thumbnail size-thumbnail\" alt=\"\" loading=\"lazy\" \/><\/a>\n\t\t\t<\/dt><\/dl><dl class='gallery-item'>\n\t\t\t<dt class='gallery-icon landscape'>\n\t\t\t\t<a href='https:\/\/www.visit-ulcinj.com\/blog\/2014\/06\/06\/maturantet-e-gjimnazit-vllazerim-bashkim-ulqin-2014-foto-video\/maturantet-te-gjimnazit-vllazerim-bashkim-ulqin-11\/'><img width=\"150\" height=\"150\" src=\"https:\/\/www.visit-ulcinj.com\/blog\/wp-content\/uploads\/2014\/06\/Maturantet-te-gjimnazit-Vllazerim-Bashkim-Ulqin-11-150x150.jpg\" class=\"attachment-thumbnail size-thumbnail\" alt=\"\" loading=\"lazy\" \/><\/a>\n\t\t\t<\/dt><\/dl><br style=\"clear: both\" \/><dl class='gallery-item'>\n\t\t\t<dt class='gallery-icon portrait'>\n\t\t\t\t<a href='https:\/\/www.visit-ulcinj.com\/blog\/2014\/06\/06\/maturantet-e-gjimnazit-vllazerim-bashkim-ulqin-2014-foto-video\/maturantet-te-gjimnazit-vllazerim-bashkim-ulqin-12\/'><img width=\"150\" height=\"150\" src=\"https:\/\/www.visit-ulcinj.com\/blog\/wp-content\/uploads\/2014\/06\/Maturantet-te-gjimnazit-Vllazerim-Bashkim-Ulqin-12-150x150.jpg\" class=\"attachment-thumbnail size-thumbnail\" alt=\"\" loading=\"lazy\" \/><\/a>\n\t\t\t<\/dt><\/dl><dl class='gallery-item'>\n\t\t\t<dt class='gallery-icon portrait'>\n\t\t\t\t<a href='https:\/\/www.visit-ulcinj.com\/blog\/2014\/06\/06\/maturantet-e-gjimnazit-vllazerim-bashkim-ulqin-2014-foto-video\/maturantet-te-gjimnazit-vllazerim-bashkim-ulqin-14\/'><img width=\"150\" height=\"150\" src=\"https:\/\/www.visit-ulcinj.com\/blog\/wp-content\/uploads\/2014\/06\/Maturantet-te-gjimnazit-Vllazerim-Bashkim-Ulqin-14-150x150.jpg\" class=\"attachment-thumbnail size-thumbnail\" alt=\"\" loading=\"lazy\" \/><\/a>\n\t\t\t<\/dt><\/dl><dl class='gallery-item'>\n\t\t\t<dt class='gallery-icon portrait'>\n\t\t\t\t<a href='https:\/\/www.visit-ulcinj.com\/blog\/2014\/06\/06\/maturantet-e-gjimnazit-vllazerim-bashkim-ulqin-2014-foto-video\/maturantet-te-gjimnazit-vllazerim-bashkim-ulqin-13\/'><img width=\"150\" height=\"150\" src=\"https:\/\/www.visit-ulcinj.com\/blog\/wp-content\/uploads\/2014\/06\/Maturantet-te-gjimnazit-Vllazerim-Bashkim-Ulqin-13-150x150.jpg\" class=\"attachment-thumbnail size-thumbnail\" alt=\"\" loading=\"lazy\" \/><\/a>\n\t\t\t<\/dt><\/dl><br style=\"clear: both\" \/><dl class='gallery-item'>\n\t\t\t<dt class='gallery-icon portrait'>\n\t\t\t\t<a href='https:\/\/www.visit-ulcinj.com\/blog\/2014\/06\/06\/maturantet-e-gjimnazit-vllazerim-bashkim-ulqin-2014-foto-video\/maturantet-te-gjimnazit-vllazerim-bashkim-ulqin-16\/'><img width=\"150\" height=\"150\" src=\"https:\/\/www.visit-ulcinj.com\/blog\/wp-content\/uploads\/2014\/06\/Maturantet-te-gjimnazit-Vllazerim-Bashkim-Ulqin-16-150x150.jpg\" class=\"attachment-thumbnail size-thumbnail\" alt=\"\" loading=\"lazy\" \/><\/a>\n\t\t\t<\/dt><\/dl><dl class='gallery-item'>\n\t\t\t<dt class='gallery-icon portrait'>\n\t\t\t\t<a href='https:\/\/www.visit-ulcinj.com\/blog\/2014\/06\/06\/maturantet-e-gjimnazit-vllazerim-bashkim-ulqin-2014-foto-video\/maturantet-te-gjimnazit-vllazerim-bashkim-ulqin-15\/'><img width=\"150\" height=\"150\" src=\"https:\/\/www.visit-ulcinj.com\/blog\/wp-content\/uploads\/2014\/06\/Maturantet-te-gjimnazit-Vllazerim-Bashkim-Ulqin-15-150x150.jpg\" class=\"attachment-thumbnail size-thumbnail\" alt=\"\" loading=\"lazy\" \/><\/a>\n\t\t\t<\/dt><\/dl><dl class='gallery-item'>\n\t\t\t<dt class='gallery-icon portrait'>\n\t\t\t\t<a href='https:\/\/www.visit-ulcinj.com\/blog\/2014\/06\/06\/maturantet-e-gjimnazit-vllazerim-bashkim-ulqin-2014-foto-video\/maturantet-te-gjimnazit-vllazerim-bashkim-ulqin-17\/'><img width=\"150\" height=\"150\" src=\"https:\/\/www.visit-ulcinj.com\/blog\/wp-content\/uploads\/2014\/06\/Maturantet-te-gjimnazit-Vllazerim-Bashkim-Ulqin-17-150x150.jpg\" class=\"attachment-thumbnail size-thumbnail\" alt=\"\" loading=\"lazy\" \/><\/a>\n\t\t\t<\/dt><\/dl><br style=\"clear: both\" \/><dl class='gallery-item'>\n\t\t\t<dt class='gallery-icon portrait'>\n\t\t\t\t<a href='https:\/\/www.visit-ulcinj.com\/blog\/2014\/06\/06\/maturantet-e-gjimnazit-vllazerim-bashkim-ulqin-2014-foto-video\/maturantet-te-gjimnazit-vllazerim-bashkim-ulqin-18\/'><img width=\"150\" height=\"150\" src=\"https:\/\/www.visit-ulcinj.com\/blog\/wp-content\/uploads\/2014\/06\/Maturantet-te-gjimnazit-Vllazerim-Bashkim-Ulqin-18-150x150.jpg\" class=\"attachment-thumbnail size-thumbnail\" alt=\"\" loading=\"lazy\" \/><\/a>\n\t\t\t<\/dt><\/dl><dl class='gallery-item'>\n\t\t\t<dt class='gallery-icon portrait'>\n\t\t\t\t<a href='https:\/\/www.visit-ulcinj.com\/blog\/2014\/06\/06\/maturantet-e-gjimnazit-vllazerim-bashkim-ulqin-2014-foto-video\/maturantet-te-gjimnazit-vllazerim-bashkim-ulqin-20\/'><img width=\"150\" height=\"150\" src=\"https:\/\/www.visit-ulcinj.com\/blog\/wp-content\/uploads\/2014\/06\/Maturantet-te-gjimnazit-Vllazerim-Bashkim-Ulqin-20-150x150.jpg\" class=\"attachment-thumbnail size-thumbnail\" alt=\"\" loading=\"lazy\" \/><\/a>\n\t\t\t<\/dt><\/dl><dl class='gallery-item'>\n\t\t\t<dt class='gallery-icon landscape'>\n\t\t\t\t<a href='https:\/\/www.visit-ulcinj.com\/blog\/2014\/06\/06\/maturantet-e-gjimnazit-vllazerim-bashkim-ulqin-2014-foto-video\/maturantet-te-gjimnazit-vllazerim-bashkim-ulqin-19\/'><img width=\"150\" height=\"150\" src=\"https:\/\/www.visit-ulcinj.com\/blog\/wp-content\/uploads\/2014\/06\/Maturantet-te-gjimnazit-Vllazerim-Bashkim-Ulqin-19-150x150.jpg\" class=\"attachment-thumbnail size-thumbnail\" alt=\"\" loading=\"lazy\" \/><\/a>\n\t\t\t<\/dt><\/dl><br style=\"clear: both\" \/><dl class='gallery-item'>\n\t\t\t<dt class='gallery-icon landscape'>\n\t\t\t\t<a href='https:\/\/www.visit-ulcinj.com\/blog\/2014\/06\/06\/maturantet-e-gjimnazit-vllazerim-bashkim-ulqin-2014-foto-video\/maturantet-te-gjimnazit-vllazerim-bashkim-ulqin-21\/'><img width=\"150\" height=\"150\" src=\"https:\/\/www.visit-ulcinj.com\/blog\/wp-content\/uploads\/2014\/06\/Maturantet-te-gjimnazit-Vllazerim-Bashkim-Ulqin-21-150x150.jpg\" class=\"attachment-thumbnail size-thumbnail\" alt=\"\" loading=\"lazy\" \/><\/a>\n\t\t\t<\/dt><\/dl><dl class='gallery-item'>\n\t\t\t<dt class='gallery-icon portrait'>\n\t\t\t\t<a href='https:\/\/www.visit-ulcinj.com\/blog\/2014\/06\/06\/maturantet-e-gjimnazit-vllazerim-bashkim-ulqin-2014-foto-video\/maturantet-ulqin-2014\/'><img width=\"150\" height=\"150\" src=\"https:\/\/www.visit-ulcinj.com\/blog\/wp-content\/uploads\/2014\/06\/Maturantet-Ulqin-2014--150x150.jpg\" class=\"attachment-thumbnail size-thumbnail\" alt=\"\" loading=\"lazy\" \/><\/a>\n\t\t\t<\/dt><\/dl><dl class='gallery-item'>\n\t\t\t<dt class='gallery-icon portrait'>\n\t\t\t\t<a href='https:\/\/www.visit-ulcinj.com\/blog\/2014\/06\/06\/maturantet-e-gjimnazit-vllazerim-bashkim-ulqin-2014-foto-video\/maturantet-ulqin-2014-1\/'><img width=\"150\" height=\"150\" src=\"https:\/\/www.visit-ulcinj.com\/blog\/wp-content\/uploads\/2014\/06\/Maturantet-Ulqin-2014-1-150x150.jpg\" class=\"attachment-thumbnail size-thumbnail\" alt=\"\" loading=\"lazy\" \/><\/a>\n\t\t\t<\/dt><\/dl><br style=\"clear: both\" \/><dl class='gallery-item'>\n\t\t\t<dt class='gallery-icon landscape'>\n\t\t\t\t<a href='https:\/\/www.visit-ulcinj.com\/blog\/2014\/06\/06\/maturantet-e-gjimnazit-vllazerim-bashkim-ulqin-2014-foto-video\/maturantet-ulqin-2014-16\/'><img width=\"150\" height=\"150\" src=\"https:\/\/www.visit-ulcinj.com\/blog\/wp-content\/uploads\/2014\/06\/Maturantet-Ulqin-2014-16-150x150.jpg\" class=\"attachment-thumbnail size-thumbnail\" alt=\"\" loading=\"lazy\" srcset=\"https:\/\/www.visit-ulcinj.com\/blog\/wp-content\/uploads\/2014\/06\/Maturantet-Ulqin-2014-16-150x150.jpg 150w, https:\/\/www.visit-ulcinj.com\/blog\/wp-content\/uploads\/2014\/06\/Maturantet-Ulqin-2014-16-300x300.jpg 300w, https:\/\/www.visit-ulcinj.com\/blog\/wp-content\/uploads\/2014\/06\/Maturantet-Ulqin-2014-16.jpg 640w\" sizes=\"(max-width: 150px) 100vw, 150px\" \/><\/a>\n\t\t\t<\/dt><\/dl><dl class='gallery-item'>\n\t\t\t<dt class='gallery-icon landscape'>\n\t\t\t\t<a href='https:\/\/www.visit-ulcinj.com\/blog\/2014\/06\/06\/maturantet-e-gjimnazit-vllazerim-bashkim-ulqin-2014-foto-video\/maturantet-ulqin-2014-15\/'><img width=\"150\" height=\"150\" src=\"https:\/\/www.visit-ulcinj.com\/blog\/wp-content\/uploads\/2014\/06\/Maturantet-Ulqin-2014-15-150x150.jpg\" class=\"attachment-thumbnail size-thumbnail\" alt=\"\" loading=\"lazy\" \/><\/a>\n\t\t\t<\/dt><\/dl><dl class='gallery-item'>\n\t\t\t<dt class='gallery-icon landscape'>\n\t\t\t\t<a href='https:\/\/www.visit-ulcinj.com\/blog\/2014\/06\/06\/maturantet-e-gjimnazit-vllazerim-bashkim-ulqin-2014-foto-video\/maturantet-ulqin-2014-14\/'><img width=\"150\" height=\"150\" src=\"https:\/\/www.visit-ulcinj.com\/blog\/wp-content\/uploads\/2014\/06\/Maturantet-Ulqin-2014-14-150x150.jpg\" class=\"attachment-thumbnail size-thumbnail\" alt=\"\" loading=\"lazy\" \/><\/a>\n\t\t\t<\/dt><\/dl><br style=\"clear: both\" \/><dl class='gallery-item'>\n\t\t\t<dt class='gallery-icon portrait'>\n\t\t\t\t<a href='https:\/\/www.visit-ulcinj.com\/blog\/2014\/06\/06\/maturantet-e-gjimnazit-vllazerim-bashkim-ulqin-2014-foto-video\/maturantet-ulqin-2014-13\/'><img width=\"150\" height=\"150\" src=\"https:\/\/www.visit-ulcinj.com\/blog\/wp-content\/uploads\/2014\/06\/Maturantet-Ulqin-2014-13-150x150.jpg\" class=\"attachment-thumbnail size-thumbnail\" alt=\"\" loading=\"lazy\" \/><\/a>\n\t\t\t<\/dt><\/dl><dl class='gallery-item'>\n\t\t\t<dt class='gallery-icon landscape'>\n\t\t\t\t<a href='https:\/\/www.visit-ulcinj.com\/blog\/2014\/06\/06\/maturantet-e-gjimnazit-vllazerim-bashkim-ulqin-2014-foto-video\/maturantet-ulqin-2014-12\/'><img width=\"150\" height=\"150\" src=\"https:\/\/www.visit-ulcinj.com\/blog\/wp-content\/uploads\/2014\/06\/Maturantet-Ulqin-2014-12-150x150.jpg\" class=\"attachment-thumbnail size-thumbnail\" alt=\"\" loading=\"lazy\" \/><\/a>\n\t\t\t<\/dt><\/dl><dl class='gallery-item'>\n\t\t\t<dt class='gallery-icon landscape'>\n\t\t\t\t<a href='https:\/\/www.visit-ulcinj.com\/blog\/2014\/06\/06\/maturantet-e-gjimnazit-vllazerim-bashkim-ulqin-2014-foto-video\/maturantet-ulqin-2014-11\/'><img width=\"150\" height=\"150\" src=\"https:\/\/www.visit-ulcinj.com\/blog\/wp-content\/uploads\/2014\/06\/Maturantet-Ulqin-2014-11-150x150.jpg\" class=\"attachment-thumbnail size-thumbnail\" alt=\"\" loading=\"lazy\" \/><\/a>\n\t\t\t<\/dt><\/dl><br style=\"clear: both\" \/><dl class='gallery-item'>\n\t\t\t<dt class='gallery-icon portrait'>\n\t\t\t\t<a href='https:\/\/www.visit-ulcinj.com\/blog\/2014\/06\/06\/maturantet-e-gjimnazit-vllazerim-bashkim-ulqin-2014-foto-video\/maturantet-ulqin-2014-10\/'><img width=\"150\" height=\"150\" src=\"https:\/\/www.visit-ulcinj.com\/blog\/wp-content\/uploads\/2014\/06\/Maturantet-Ulqin-2014-10-150x150.jpg\" class=\"attachment-thumbnail size-thumbnail\" alt=\"\" loading=\"lazy\" \/><\/a>\n\t\t\t<\/dt><\/dl><dl class='gallery-item'>\n\t\t\t<dt class='gallery-icon landscape'>\n\t\t\t\t<a href='https:\/\/www.visit-ulcinj.com\/blog\/2014\/06\/06\/maturantet-e-gjimnazit-vllazerim-bashkim-ulqin-2014-foto-video\/maturantet-ulqin-2014-9\/'><img width=\"150\" height=\"150\" src=\"https:\/\/www.visit-ulcinj.com\/blog\/wp-content\/uploads\/2014\/06\/Maturantet-Ulqin-2014-9-150x150.jpg\" class=\"attachment-thumbnail size-thumbnail\" alt=\"\" loading=\"lazy\" \/><\/a>\n\t\t\t<\/dt><\/dl><dl class='gallery-item'>\n\t\t\t<dt class='gallery-icon portrait'>\n\t\t\t\t<a href='https:\/\/www.visit-ulcinj.com\/blog\/2014\/06\/06\/maturantet-e-gjimnazit-vllazerim-bashkim-ulqin-2014-foto-video\/maturantet-ulqin-2014-8\/'><img width=\"150\" height=\"150\" src=\"https:\/\/www.visit-ulcinj.com\/blog\/wp-content\/uploads\/2014\/06\/Maturantet-Ulqin-2014-8-150x150.jpg\" class=\"attachment-thumbnail size-thumbnail\" alt=\"\" loading=\"lazy\" \/><\/a>\n\t\t\t<\/dt><\/dl><br style=\"clear: both\" \/><dl class='gallery-item'>\n\t\t\t<dt class='gallery-icon landscape'>\n\t\t\t\t<a href='https:\/\/www.visit-ulcinj.com\/blog\/2014\/06\/06\/maturantet-e-gjimnazit-vllazerim-bashkim-ulqin-2014-foto-video\/maturantet-ulqin-2014-7\/'><img width=\"150\" height=\"150\" src=\"https:\/\/www.visit-ulcinj.com\/blog\/wp-content\/uploads\/2014\/06\/Maturantet-Ulqin-2014-7-150x150.jpg\" class=\"attachment-thumbnail size-thumbnail\" alt=\"\" loading=\"lazy\" \/><\/a>\n\t\t\t<\/dt><\/dl><dl class='gallery-item'>\n\t\t\t<dt class='gallery-icon landscape'>\n\t\t\t\t<a href='https:\/\/www.visit-ulcinj.com\/blog\/2014\/06\/06\/maturantet-e-gjimnazit-vllazerim-bashkim-ulqin-2014-foto-video\/maturantet-ulqin-2014-6\/'><img width=\"150\" height=\"150\" src=\"https:\/\/www.visit-ulcinj.com\/blog\/wp-content\/uploads\/2014\/06\/Maturantet-Ulqin-2014-6-150x150.jpg\" class=\"attachment-thumbnail size-thumbnail\" alt=\"\" loading=\"lazy\" \/><\/a>\n\t\t\t<\/dt><\/dl><dl class='gallery-item'>\n\t\t\t<dt class='gallery-icon landscape'>\n\t\t\t\t<a href='https:\/\/www.visit-ulcinj.com\/blog\/2014\/06\/06\/maturantet-e-gjimnazit-vllazerim-bashkim-ulqin-2014-foto-video\/maturantet-ulqin-2014-5\/'><img width=\"150\" height=\"150\" src=\"https:\/\/www.visit-ulcinj.com\/blog\/wp-content\/uploads\/2014\/06\/Maturantet-Ulqin-2014-5-150x150.jpg\" class=\"attachment-thumbnail size-thumbnail\" alt=\"\" loading=\"lazy\" \/><\/a>\n\t\t\t<\/dt><\/dl><br style=\"clear: both\" \/><dl class='gallery-item'>\n\t\t\t<dt class='gallery-icon landscape'>\n\t\t\t\t<a href='https:\/\/www.visit-ulcinj.com\/blog\/2014\/06\/06\/maturantet-e-gjimnazit-vllazerim-bashkim-ulqin-2014-foto-video\/maturantet-ulqin-2014-4\/'><img width=\"150\" height=\"150\" src=\"https:\/\/www.visit-ulcinj.com\/blog\/wp-content\/uploads\/2014\/06\/Maturantet-Ulqin-2014-4-150x150.jpg\" class=\"attachment-thumbnail size-thumbnail\" alt=\"\" loading=\"lazy\" \/><\/a>\n\t\t\t<\/dt><\/dl><dl class='gallery-item'>\n\t\t\t<dt class='gallery-icon portrait'>\n\t\t\t\t<a href='https:\/\/www.visit-ulcinj.com\/blog\/2014\/06\/06\/maturantet-e-gjimnazit-vllazerim-bashkim-ulqin-2014-foto-video\/maturantet-ulqin-2014-3\/'><img width=\"150\" height=\"150\" src=\"https:\/\/www.visit-ulcinj.com\/blog\/wp-content\/uploads\/2014\/06\/Maturantet-Ulqin-2014-3-150x150.jpg\" class=\"attachment-thumbnail size-thumbnail\" alt=\"\" loading=\"lazy\" \/><\/a>\n\t\t\t<\/dt><\/dl><dl class='gallery-item'>\n\t\t\t<dt class='gallery-icon landscape'>\n\t\t\t\t<a href='https:\/\/www.visit-ulcinj.com\/blog\/2014\/06\/06\/maturantet-e-gjimnazit-vllazerim-bashkim-ulqin-2014-foto-video\/maturantet-ulqin-2014-2\/'><img width=\"150\" height=\"150\" src=\"https:\/\/www.visit-ulcinj.com\/blog\/wp-content\/uploads\/2014\/06\/Maturantet-Ulqin-2014-2-150x150.jpg\" class=\"attachment-thumbnail size-thumbnail\" alt=\"\" loading=\"lazy\" \/><\/a>\n\t\t\t<\/dt><\/dl><br style=\"clear: both\" \/><dl class='gallery-item'>\n\t\t\t<dt class='gallery-icon landscape'>\n\t\t\t\t<a href='https:\/\/www.visit-ulcinj.com\/blog\/2014\/06\/06\/maturantet-e-gjimnazit-vllazerim-bashkim-ulqin-2014-foto-video\/maturantet-ulqin-2014-17\/'><img width=\"150\" height=\"150\" src=\"https:\/\/www.visit-ulcinj.com\/blog\/wp-content\/uploads\/2014\/06\/Maturantet-Ulqin-2014-17-150x150.jpg\" class=\"attachment-thumbnail size-thumbnail\" alt=\"\" loading=\"lazy\" srcset=\"https:\/\/www.visit-ulcinj.com\/blog\/wp-content\/uploads\/2014\/06\/Maturantet-Ulqin-2014-17-150x150.jpg 150w, https:\/\/www.visit-ulcinj.com\/blog\/wp-content\/uploads\/2014\/06\/Maturantet-Ulqin-2014-17-300x300.jpg 300w, https:\/\/www.visit-ulcinj.com\/blog\/wp-content\/uploads\/2014\/06\/Maturantet-Ulqin-2014-17.jpg 960w\" sizes=\"(max-width: 150px) 100vw, 150px\" \/><\/a>\n\t\t\t<\/dt><\/dl><dl class='gallery-item'>\n\t\t\t<dt class='gallery-icon landscape'>\n\t\t\t\t<a href='https:\/\/www.visit-ulcinj.com\/blog\/2014\/06\/06\/maturantet-e-gjimnazit-vllazerim-bashkim-ulqin-2014-foto-video\/maturantet-ulqin-2014-18\/'><img width=\"150\" height=\"150\" src=\"https:\/\/www.visit-ulcinj.com\/blog\/wp-content\/uploads\/2014\/06\/Maturantet-Ulqin-2014-18-150x150.jpg\" class=\"attachment-thumbnail size-thumbnail\" alt=\"\" loading=\"lazy\" \/><\/a>\n\t\t\t<\/dt><\/dl><dl class='gallery-item'>\n\t\t\t<dt class='gallery-icon landscape'>\n\t\t\t\t<a href='https:\/\/www.visit-ulcinj.com\/blog\/2014\/06\/06\/maturantet-e-gjimnazit-vllazerim-bashkim-ulqin-2014-foto-video\/maturantet-ulqin-2014-19\/'><img width=\"150\" height=\"150\" src=\"https:\/\/www.visit-ulcinj.com\/blog\/wp-content\/uploads\/2014\/06\/Maturantet-Ulqin-2014-19-150x150.jpg\" class=\"attachment-thumbnail size-thumbnail\" alt=\"\" loading=\"lazy\" \/><\/a>\n\t\t\t<\/dt><\/dl><br style=\"clear: both\" \/><dl class='gallery-item'>\n\t\t\t<dt class='gallery-icon landscape'>\n\t\t\t\t<a href='https:\/\/www.visit-ulcinj.com\/blog\/2014\/06\/06\/maturantet-e-gjimnazit-vllazerim-bashkim-ulqin-2014-foto-video\/maturantet-ulqin-2014-21\/'><img width=\"150\" height=\"150\" src=\"https:\/\/www.visit-ulcinj.com\/blog\/wp-content\/uploads\/2014\/06\/Maturantet-Ulqin-2014-21-150x150.jpg\" class=\"attachment-thumbnail size-thumbnail\" alt=\"\" loading=\"lazy\" \/><\/a>\n\t\t\t<\/dt><\/dl><dl class='gallery-item'>\n\t\t\t<dt class='gallery-icon portrait'>\n\t\t\t\t<a href='https:\/\/www.visit-ulcinj.com\/blog\/2014\/06\/06\/maturantet-e-gjimnazit-vllazerim-bashkim-ulqin-2014-foto-video\/maturantet-ulqin-2014-23\/'><img width=\"150\" height=\"150\" src=\"https:\/\/www.visit-ulcinj.com\/blog\/wp-content\/uploads\/2014\/06\/Maturantet-Ulqin-2014-23-150x150.jpg\" class=\"attachment-thumbnail size-thumbnail\" alt=\"\" loading=\"lazy\" \/><\/a>\n\t\t\t<\/dt><\/dl><dl class='gallery-item'>\n\t\t\t<dt class='gallery-icon portrait'>\n\t\t\t\t<a href='https:\/\/www.visit-ulcinj.com\/blog\/2014\/06\/06\/maturantet-e-gjimnazit-vllazerim-bashkim-ulqin-2014-foto-video\/maturantet-ulqin-2014-24\/'><img width=\"150\" height=\"150\" src=\"https:\/\/www.visit-ulcinj.com\/blog\/wp-content\/uploads\/2014\/06\/Maturantet-Ulqin-2014-24-150x150.jpg\" class=\"attachment-thumbnail size-thumbnail\" alt=\"\" loading=\"lazy\" \/><\/a>\n\t\t\t<\/dt><\/dl><br style=\"clear: both\" \/><dl class='gallery-item'>\n\t\t\t<dt class='gallery-icon portrait'>\n\t\t\t\t<a href='https:\/\/www.visit-ulcinj.com\/blog\/2014\/06\/06\/maturantet-e-gjimnazit-vllazerim-bashkim-ulqin-2014-foto-video\/maturantet-e-ulqinit-2014-1\/'><img width=\"150\" height=\"150\" src=\"https:\/\/www.visit-ulcinj.com\/blog\/wp-content\/uploads\/2014\/06\/Maturantet-e-Ulqinit-2014-1-150x150.jpg\" class=\"attachment-thumbnail size-thumbnail\" alt=\"\" loading=\"lazy\" \/><\/a>\n\t\t\t<\/dt><\/dl><dl class='gallery-item'>\n\t\t\t<dt class='gallery-icon landscape'>\n\t\t\t\t<a href='https:\/\/www.visit-ulcinj.com\/blog\/2014\/06\/06\/maturantet-e-gjimnazit-vllazerim-bashkim-ulqin-2014-foto-video\/maturantet-e-ulqinit-2014\/'><img width=\"150\" height=\"150\" src=\"https:\/\/www.visit-ulcinj.com\/blog\/wp-content\/uploads\/2014\/06\/Maturantet-e-Ulqinit-2014-150x150.jpg\" class=\"attachment-thumbnail size-thumbnail\" alt=\"\" loading=\"lazy\" \/><\/a>\n\t\t\t<\/dt><\/dl><dl class='gallery-item'>\n\t\t\t<dt class='gallery-icon portrait'>\n\t\t\t\t<a href='https:\/\/www.visit-ulcinj.com\/blog\/2014\/06\/06\/maturantet-e-gjimnazit-vllazerim-bashkim-ulqin-2014-foto-video\/maturantet-e-ulqinit-2014-2\/'><img width=\"150\" height=\"150\" src=\"https:\/\/www.visit-ulcinj.com\/blog\/wp-content\/uploads\/2014\/06\/Maturantet-e-Ulqinit-2014-2-150x150.jpg\" class=\"attachment-thumbnail size-thumbnail\" alt=\"\" loading=\"lazy\" \/><\/a>\n\t\t\t<\/dt><\/dl><br style=\"clear: both\" \/><dl class='gallery-item'>\n\t\t\t<dt class='gallery-icon portrait'>\n\t\t\t\t<a href='https:\/\/www.visit-ulcinj.com\/blog\/2014\/06\/06\/maturantet-e-gjimnazit-vllazerim-bashkim-ulqin-2014-foto-video\/maturantet-e-ulqinit-2014-3\/'><img width=\"150\" height=\"150\" src=\"https:\/\/www.visit-ulcinj.com\/blog\/wp-content\/uploads\/2014\/06\/Maturantet-e-Ulqinit-2014-3-150x150.jpg\" class=\"attachment-thumbnail size-thumbnail\" alt=\"\" loading=\"lazy\" \/><\/a>\n\t\t\t<\/dt><\/dl><dl class='gallery-item'>\n\t\t\t<dt class='gallery-icon portrait'>\n\t\t\t\t<a href='https:\/\/www.visit-ulcinj.com\/blog\/2014\/06\/06\/maturantet-e-gjimnazit-vllazerim-bashkim-ulqin-2014-foto-video\/maturantet-e-ulqinit-2014-4\/'><img width=\"150\" height=\"150\" src=\"https:\/\/www.visit-ulcinj.com\/blog\/wp-content\/uploads\/2014\/06\/Maturantet-e-Ulqinit-2014-4-150x150.jpg\" class=\"attachment-thumbnail size-thumbnail\" alt=\"\" loading=\"lazy\" \/><\/a>\n\t\t\t<\/dt><\/dl><dl class='gallery-item'>\n\t\t\t<dt class='gallery-icon portrait'>\n\t\t\t\t<a href='https:\/\/www.visit-ulcinj.com\/blog\/2014\/06\/06\/maturantet-e-gjimnazit-vllazerim-bashkim-ulqin-2014-foto-video\/maturantet-e-ulqinit-2014-5\/'><img width=\"150\" height=\"150\" src=\"https:\/\/www.visit-ulcinj.com\/blog\/wp-content\/uploads\/2014\/06\/Maturantet-e-Ulqinit-2014-5-150x150.jpg\" class=\"attachment-thumbnail size-thumbnail\" alt=\"\" loading=\"lazy\" \/><\/a>\n\t\t\t<\/dt><\/dl><br style=\"clear: both\" \/><dl class='gallery-item'>\n\t\t\t<dt class='gallery-icon portrait'>\n\t\t\t\t<a href='https:\/\/www.visit-ulcinj.com\/blog\/2014\/06\/06\/maturantet-e-gjimnazit-vllazerim-bashkim-ulqin-2014-foto-video\/maturantet-ulqin-2014-22\/'><img width=\"150\" height=\"150\" src=\"https:\/\/www.visit-ulcinj.com\/blog\/wp-content\/uploads\/2014\/06\/Maturantet-Ulqin-2014-22-150x150.jpg\" class=\"attachment-thumbnail size-thumbnail\" alt=\"\" loading=\"lazy\" \/><\/a>\n\t\t\t<\/dt><\/dl><dl class='gallery-item'>\n\t\t\t<dt class='gallery-icon landscape'>\n\t\t\t\t<a href='https:\/\/www.visit-ulcinj.com\/blog\/2014\/06\/06\/maturantet-e-gjimnazit-vllazerim-bashkim-ulqin-2014-foto-video\/maturantet-e-ulqinit-2014-6\/'><img width=\"150\" height=\"150\" src=\"https:\/\/www.visit-ulcinj.com\/blog\/wp-content\/uploads\/2014\/06\/Maturantet-e-Ulqinit-2014-6-150x150.jpg\" class=\"attachment-thumbnail size-thumbnail\" alt=\"\" loading=\"lazy\" \/><\/a>\n\t\t\t<\/dt><\/dl><dl class='gallery-item'>\n\t\t\t<dt class='gallery-icon landscape'>\n\t\t\t\t<a href='https:\/\/www.visit-ulcinj.com\/blog\/2014\/06\/06\/maturantet-e-gjimnazit-vllazerim-bashkim-ulqin-2014-foto-video\/maturantet-e-ulqinit-2014-7\/'><img width=\"150\" height=\"150\" src=\"https:\/\/www.visit-ulcinj.com\/blog\/wp-content\/uploads\/2014\/06\/Maturantet-e-Ulqinit-2014-7-150x150.jpg\" class=\"attachment-thumbnail size-thumbnail\" alt=\"\" loading=\"lazy\" \/><\/a>\n\t\t\t<\/dt><\/dl><br style=\"clear: both\" \/><dl class='gallery-item'>\n\t\t\t<dt class='gallery-icon landscape'>\n\t\t\t\t<a href='https:\/\/www.visit-ulcinj.com\/blog\/2014\/06\/06\/maturantet-e-gjimnazit-vllazerim-bashkim-ulqin-2014-foto-video\/maturantet-e-ulqinit-2014-8\/'><img width=\"150\" height=\"150\" src=\"https:\/\/www.visit-ulcinj.com\/blog\/wp-content\/uploads\/2014\/06\/Maturantet-e-Ulqinit-2014-8-150x150.jpg\" class=\"attachment-thumbnail size-thumbnail\" alt=\"\" loading=\"lazy\" \/><\/a>\n\t\t\t<\/dt><\/dl><dl class='gallery-item'>\n\t\t\t<dt class='gallery-icon landscape'>\n\t\t\t\t<a href='https:\/\/www.visit-ulcinj.com\/blog\/2014\/06\/06\/maturantet-e-gjimnazit-vllazerim-bashkim-ulqin-2014-foto-video\/maturantet-e-ulqinit-2014-9\/'><img width=\"150\" height=\"150\" src=\"https:\/\/www.visit-ulcinj.com\/blog\/wp-content\/uploads\/2014\/06\/Maturantet-e-Ulqinit-2014-9-150x150.jpg\" class=\"attachment-thumbnail size-thumbnail\" alt=\"\" loading=\"lazy\" \/><\/a>\n\t\t\t<\/dt><\/dl><dl class='gallery-item'>\n\t\t\t<dt class='gallery-icon portrait'>\n\t\t\t\t<a href='https:\/\/www.visit-ulcinj.com\/blog\/2014\/06\/06\/maturantet-e-gjimnazit-vllazerim-bashkim-ulqin-2014-foto-video\/maturantet-e-ulqinit-2014-10\/'><img width=\"150\" height=\"150\" src=\"https:\/\/www.visit-ulcinj.com\/blog\/wp-content\/uploads\/2014\/06\/Maturantet-e-Ulqinit-2014-10-150x150.jpg\" class=\"attachment-thumbnail size-thumbnail\" alt=\"\" loading=\"lazy\" \/><\/a>\n\t\t\t<\/dt><\/dl><br style=\"clear: both\" \/><dl class='gallery-item'>\n\t\t\t<dt class='gallery-icon landscape'>\n\t\t\t\t<a href='https:\/\/www.visit-ulcinj.com\/blog\/2014\/06\/06\/maturantet-e-gjimnazit-vllazerim-bashkim-ulqin-2014-foto-video\/maturantet-e-ulqinit-2014-11\/'><img width=\"150\" height=\"150\" src=\"https:\/\/www.visit-ulcinj.com\/blog\/wp-content\/uploads\/2014\/06\/Maturantet-e-Ulqinit-2014-11-150x150.jpg\" class=\"attachment-thumbnail size-thumbnail\" alt=\"\" loading=\"lazy\" \/><\/a>\n\t\t\t<\/dt><\/dl><dl class='gallery-item'>\n\t\t\t<dt class='gallery-icon portrait'>\n\t\t\t\t<a href='https:\/\/www.visit-ulcinj.com\/blog\/2014\/06\/06\/maturantet-e-gjimnazit-vllazerim-bashkim-ulqin-2014-foto-video\/maturantet-e-ulqinit-2014-12\/'><img width=\"150\" height=\"150\" src=\"https:\/\/www.visit-ulcinj.com\/blog\/wp-content\/uploads\/2014\/06\/Maturantet-e-Ulqinit-2014-12-150x150.jpg\" class=\"attachment-thumbnail size-thumbnail\" alt=\"\" loading=\"lazy\" \/><\/a>\n\t\t\t<\/dt><\/dl><dl class='gallery-item'>\n\t\t\t<dt class='gallery-icon portrait'>\n\t\t\t\t<a href='https:\/\/www.visit-ulcinj.com\/blog\/2014\/06\/06\/maturantet-e-gjimnazit-vllazerim-bashkim-ulqin-2014-foto-video\/maturantet-e-ulqinit-2014-13\/'><img width=\"150\" height=\"150\" src=\"https:\/\/www.visit-ulcinj.com\/blog\/wp-content\/uploads\/2014\/06\/Maturantet-e-Ulqinit-2014-13-150x150.jpg\" class=\"attachment-thumbnail size-thumbnail\" alt=\"\" loading=\"lazy\" \/><\/a>\n\t\t\t<\/dt><\/dl><br style=\"clear: both\" \/><dl class='gallery-item'>\n\t\t\t<dt class='gallery-icon portrait'>\n\t\t\t\t<a href='https:\/\/www.visit-ulcinj.com\/blog\/2014\/06\/06\/maturantet-e-gjimnazit-vllazerim-bashkim-ulqin-2014-foto-video\/maturantet-e-ulqinit-2014-14\/'><img width=\"150\" height=\"150\" src=\"https:\/\/www.visit-ulcinj.com\/blog\/wp-content\/uploads\/2014\/06\/Maturantet-e-Ulqinit-2014-14-150x150.jpg\" class=\"attachment-thumbnail size-thumbnail\" alt=\"\" loading=\"lazy\" \/><\/a>\n\t\t\t<\/dt><\/dl><dl class='gallery-item'>\n\t\t\t<dt class='gallery-icon landscape'>\n\t\t\t\t<a href='https:\/\/www.visit-ulcinj.com\/blog\/2014\/06\/06\/maturantet-e-gjimnazit-vllazerim-bashkim-ulqin-2014-foto-video\/maturantet-e-ulqinit-2014-15\/'><img width=\"150\" height=\"150\" src=\"https:\/\/www.visit-ulcinj.com\/blog\/wp-content\/uploads\/2014\/06\/Maturantet-e-Ulqinit-2014-15-150x150.jpg\" class=\"attachment-thumbnail size-thumbnail\" alt=\"\" loading=\"lazy\" \/><\/a>\n\t\t\t<\/dt><\/dl><dl class='gallery-item'>\n\t\t\t<dt class='gallery-icon landscape'>\n\t\t\t\t<a href='https:\/\/www.visit-ulcinj.com\/blog\/2014\/06\/06\/maturantet-e-gjimnazit-vllazerim-bashkim-ulqin-2014-foto-video\/maturantet-e-ulqinit-2014-16\/'><img width=\"150\" height=\"150\" src=\"https:\/\/www.visit-ulcinj.com\/blog\/wp-content\/uploads\/2014\/06\/Maturantet-e-Ulqinit-2014-16-150x150.jpg\" class=\"attachment-thumbnail size-thumbnail\" alt=\"\" loading=\"lazy\" \/><\/a>\n\t\t\t<\/dt><\/dl><br style=\"clear: both\" \/><dl class='gallery-item'>\n\t\t\t<dt class='gallery-icon portrait'>\n\t\t\t\t<a href='https:\/\/www.visit-ulcinj.com\/blog\/2014\/06\/06\/maturantet-e-gjimnazit-vllazerim-bashkim-ulqin-2014-foto-video\/maturantat-e-ulqinit-2014\/'><img width=\"150\" height=\"150\" src=\"https:\/\/www.visit-ulcinj.com\/blog\/wp-content\/uploads\/2014\/06\/Maturantat-e-Ulqinit-2014-150x150.jpg\" class=\"attachment-thumbnail size-thumbnail\" alt=\"\" loading=\"lazy\" \/><\/a>\n\t\t\t<\/dt><\/dl><dl class='gallery-item'>\n\t\t\t<dt class='gallery-icon portrait'>\n\t\t\t\t<a href='https:\/\/www.visit-ulcinj.com\/blog\/2014\/06\/06\/maturantet-e-gjimnazit-vllazerim-bashkim-ulqin-2014-foto-video\/maturantat-e-ulqinit-2014-1\/'><img width=\"150\" height=\"150\" src=\"https:\/\/www.visit-ulcinj.com\/blog\/wp-content\/uploads\/2014\/06\/Maturantat-e-Ulqinit-2014-1-150x150.jpg\" class=\"attachment-thumbnail size-thumbnail\" alt=\"\" loading=\"lazy\" \/><\/a>\n\t\t\t<\/dt><\/dl><dl class='gallery-item'>\n\t\t\t<dt class='gallery-icon landscape'>\n\t\t\t\t<a href='https:\/\/www.visit-ulcinj.com\/blog\/2014\/06\/06\/maturantet-e-gjimnazit-vllazerim-bashkim-ulqin-2014-foto-video\/maturantat-e-ulqinit-2014-2\/'><img width=\"150\" height=\"150\" src=\"https:\/\/www.visit-ulcinj.com\/blog\/wp-content\/uploads\/2014\/06\/Maturantat-e-Ulqinit-2014-2-150x150.jpg\" class=\"attachment-thumbnail size-thumbnail\" alt=\"\" loading=\"lazy\" srcset=\"https:\/\/www.visit-ulcinj.com\/blog\/wp-content\/uploads\/2014\/06\/Maturantat-e-Ulqinit-2014-2-150x150.jpg 150w, https:\/\/www.visit-ulcinj.com\/blog\/wp-content\/uploads\/2014\/06\/Maturantat-e-Ulqinit-2014-2-300x300.jpg 300w, https:\/\/www.visit-ulcinj.com\/blog\/wp-content\/uploads\/2014\/06\/Maturantat-e-Ulqinit-2014-2.jpg 720w\" sizes=\"(max-width: 150px) 100vw, 150px\" \/><\/a>\n\t\t\t<\/dt><\/dl><br style=\"clear: both\" \/><dl class='gallery-item'>\n\t\t\t<dt class='gallery-icon portrait'>\n\t\t\t\t<a href='https:\/\/www.visit-ulcinj.com\/blog\/2014\/06\/06\/maturantet-e-gjimnazit-vllazerim-bashkim-ulqin-2014-foto-video\/maturantat-e-ulqinit-2014-4\/'><img width=\"150\" height=\"150\" src=\"https:\/\/www.visit-ulcinj.com\/blog\/wp-content\/uploads\/2014\/06\/Maturantat-e-Ulqinit-2014-4-150x150.jpg\" class=\"attachment-thumbnail size-thumbnail\" alt=\"\" loading=\"lazy\" \/><\/a>\n\t\t\t<\/dt><\/dl><dl class='gallery-item'>\n\t\t\t<dt class='gallery-icon portrait'>\n\t\t\t\t<a href='https:\/\/www.visit-ulcinj.com\/blog\/2014\/06\/06\/maturantet-e-gjimnazit-vllazerim-bashkim-ulqin-2014-foto-video\/maturantat-e-ulqinit-2014-5\/'><img width=\"150\" height=\"150\" src=\"https:\/\/www.visit-ulcinj.com\/blog\/wp-content\/uploads\/2014\/06\/Maturantat-e-Ulqinit-2014-5-150x150.jpg\" class=\"attachment-thumbnail size-thumbnail\" alt=\"\" loading=\"lazy\" \/><\/a>\n\t\t\t<\/dt><\/dl><dl class='gallery-item'>\n\t\t\t<dt class='gallery-icon portrait'>\n\t\t\t\t<a href='https:\/\/www.visit-ulcinj.com\/blog\/2014\/06\/06\/maturantet-e-gjimnazit-vllazerim-bashkim-ulqin-2014-foto-video\/maturantat-e-ulqinit-2014-6\/'><img width=\"150\" height=\"150\" src=\"https:\/\/www.visit-ulcinj.com\/blog\/wp-content\/uploads\/2014\/06\/Maturantat-e-Ulqinit-2014-6-150x150.jpg\" class=\"attachment-thumbnail size-thumbnail\" alt=\"\" loading=\"lazy\" \/><\/a>\n\t\t\t<\/dt><\/dl><br style=\"clear: both\" \/><dl class='gallery-item'>\n\t\t\t<dt class='gallery-icon portrait'>\n\t\t\t\t<a href='https:\/\/www.visit-ulcinj.com\/blog\/2014\/06\/06\/maturantet-e-gjimnazit-vllazerim-bashkim-ulqin-2014-foto-video\/maturantat-e-ulqinit-2014-7\/'><img width=\"150\" height=\"150\" src=\"https:\/\/www.visit-ulcinj.com\/blog\/wp-content\/uploads\/2014\/06\/Maturantat-e-Ulqinit-2014-7-150x150.jpg\" class=\"attachment-thumbnail size-thumbnail\" alt=\"\" loading=\"lazy\" \/><\/a>\n\t\t\t<\/dt><\/dl><dl class='gallery-item'>\n\t\t\t<dt class='gallery-icon portrait'>\n\t\t\t\t<a href='https:\/\/www.visit-ulcinj.com\/blog\/2014\/06\/06\/maturantet-e-gjimnazit-vllazerim-bashkim-ulqin-2014-foto-video\/maturantat-e-ulqinit-2014-8\/'><img width=\"150\" height=\"150\" src=\"https:\/\/www.visit-ulcinj.com\/blog\/wp-content\/uploads\/2014\/06\/Maturantat-e-Ulqinit-2014-8-150x150.jpg\" class=\"attachment-thumbnail size-thumbnail\" alt=\"\" loading=\"lazy\" \/><\/a>\n\t\t\t<\/dt><\/dl><dl class='gallery-item'>\n\t\t\t<dt class='gallery-icon portrait'>\n\t\t\t\t<a href='https:\/\/www.visit-ulcinj.com\/blog\/2014\/06\/06\/maturantet-e-gjimnazit-vllazerim-bashkim-ulqin-2014-foto-video\/maturantat-e-ulqinit-2014-9\/'><img width=\"150\" height=\"150\" src=\"https:\/\/www.visit-ulcinj.com\/blog\/wp-content\/uploads\/2014\/06\/Maturantat-e-Ulqinit-2014-9-150x150.jpg\" class=\"attachment-thumbnail size-thumbnail\" alt=\"\" loading=\"lazy\" \/><\/a>\n\t\t\t<\/dt><\/dl><br style=\"clear: both\" \/><dl class='gallery-item'>\n\t\t\t<dt class='gallery-icon landscape'>\n\t\t\t\t<a href='https:\/\/www.visit-ulcinj.com\/blog\/2014\/06\/06\/maturantet-e-gjimnazit-vllazerim-bashkim-ulqin-2014-foto-video\/matura-ulqin-2014-1\/'><img width=\"150\" height=\"150\" src=\"https:\/\/www.visit-ulcinj.com\/blog\/wp-content\/uploads\/2014\/06\/Matura-Ulqin-2014-1-150x150.jpg\" class=\"attachment-thumbnail size-thumbnail\" alt=\"\" loading=\"lazy\" \/><\/a>\n\t\t\t<\/dt><\/dl>\n\t\t\t<br style='clear: both' \/>\n\t\t<\/div>\n\n","protected":false},"excerpt":{"rendered":"<p>Qindra maturante te gjimnazit &#8220;Vllazerim Bashkim&#8221; te komunes se Ulqinit shenuan naten e matures, njofton Tv Teuta nga Ulqini. Maturant\u00ebt e gjimnazit &#8220;Vllazerim Bashkim&#8221; n\u00eb Ulqin kan\u00eb p\u00ebrmbyllur zyrtarisht kat\u00ebr\u00a0vite t\u00eb ciklit t\u00eb mes\u00ebm me organizimin\u00a0ceremonial t\u00eb mbr\u00ebmjes s\u00eb matur\u00ebs,\u00a0defileut dhe dark\u00ebs s\u00eb p\u00ebrbashk\u00ebt. Ceshte e verteta, ata nat\u00ebn e fundit me shoket e vet [&hellip;]<\/p>\n","protected":false},"author":1,"featured_media":0,"comment_status":"closed","ping_status":"closed","sticky":false,"template":"","format":"standard","meta":{"spay_email":"","jetpack_publicize_message":"","jetpack_is_tweetstorm":false,"jetpack_publicize_feature_enabled":true},"categories":[1,14],"tags":[],"jetpack_publicize_connections":[],"yoast_head":"<!-- This site is optimized with the Yoast SEO plugin v19.1 - https:\/\/yoast.com\/wordpress\/plugins\/seo\/ -->\n<title>Maturant\u00ebt e Ulqinit 2014 + Foto + Video - \u00e7do dit\u00eb foto t\u00eb reja - Lajme nga Ulqini<\/title>\n<meta name=\"description\" content=\"Qindra maturante te gjimnazit &quot;Vllazerim Bashkim&quot; te komunes se Ulqinit shenuan naten e matures, njofton Tv Teuta nga Ulqini. Maturant\u00ebt e gjimnazit\" \/>\n<meta name=\"robots\" content=\"index, follow, max-snippet:-1, max-image-preview:large, max-video-preview:-1\" \/>\n<link rel=\"canonical\" href=\"https:\/\/www.visit-ulcinj.com\/blog\/2014\/06\/06\/maturantet-e-gjimnazit-vllazerim-bashkim-ulqin-2014-foto-video\/\" \/>\n<meta property=\"og:locale\" content=\"en_US\" \/>\n<meta property=\"og:type\" content=\"article\" \/>\n<meta property=\"og:title\" content=\"Maturant\u00ebt e Ulqinit 2014 + Foto + Video - \u00e7do dit\u00eb foto t\u00eb reja - Lajme nga Ulqini\" \/>\n<meta property=\"og:description\" content=\"Qindra maturante te gjimnazit &quot;Vllazerim Bashkim&quot; te komunes se Ulqinit shenuan naten e matures, njofton Tv Teuta nga Ulqini. Maturant\u00ebt e gjimnazit\" \/>\n<meta property=\"og:url\" content=\"https:\/\/www.visit-ulcinj.com\/blog\/2014\/06\/06\/maturantet-e-gjimnazit-vllazerim-bashkim-ulqin-2014-foto-video\/\" \/>\n<meta property=\"og:site_name\" content=\"Lajme nga Ulqini\" \/>\n<meta property=\"article:published_time\" content=\"2014-06-06T19:55:28+00:00\" \/>\n<meta property=\"article:modified_time\" content=\"2014-06-17T09:16:19+00:00\" \/>\n<meta property=\"og:image\" content=\"https:\/\/www.visit-ulcinj.com\/blog\/wp-content\/uploads\/2014\/06\/Maturantet-te-gjimnazit-Vllazerim-Bashkim-Ulqin--150x150.jpg\" \/>\n<meta name=\"twitter:label1\" content=\"Written by\" \/>\n\t<meta name=\"twitter:data1\" content=\"ulqini\" \/>\n\t<meta name=\"twitter:label2\" content=\"Est. reading time\" \/>\n\t<meta name=\"twitter:data2\" content=\"1 minute\" \/>\n<script type=\"application\/ld+json\" class=\"yoast-schema-graph\">{\"@context\":\"https:\/\/schema.org\",\"@graph\":[{\"@type\":\"WebSite\",\"@id\":\"https:\/\/www.visit-ulcinj.com\/blog\/#website\",\"url\":\"https:\/\/www.visit-ulcinj.com\/blog\/\",\"name\":\"Lajme nga Ulqini\",\"description\":\"Lajme,Vijesti,Ulqini,Ulqin,Crna Gora,Mali i Zi\",\"potentialAction\":[{\"@type\":\"SearchAction\",\"target\":{\"@type\":\"EntryPoint\",\"urlTemplate\":\"https:\/\/www.visit-ulcinj.com\/blog\/?s={search_term_string}\"},\"query-input\":\"required name=search_term_string\"}],\"inLanguage\":\"en-US\"},{\"@type\":\"ImageObject\",\"inLanguage\":\"en-US\",\"@id\":\"https:\/\/www.visit-ulcinj.com\/blog\/2014\/06\/06\/maturantet-e-gjimnazit-vllazerim-bashkim-ulqin-2014-foto-video\/#primaryimage\",\"url\":\"https:\/\/www.visit-ulcinj.com\/blog\/wp-content\/uploads\/2014\/06\/Maturantet-te-gjimnazit-Vllazerim-Bashkim-Ulqin-.jpg\",\"contentUrl\":\"https:\/\/www.visit-ulcinj.com\/blog\/wp-content\/uploads\/2014\/06\/Maturantet-te-gjimnazit-Vllazerim-Bashkim-Ulqin-.jpg\",\"width\":960,\"height\":581},{\"@type\":\"WebPage\",\"@id\":\"https:\/\/www.visit-ulcinj.com\/blog\/2014\/06\/06\/maturantet-e-gjimnazit-vllazerim-bashkim-ulqin-2014-foto-video\/#webpage\",\"url\":\"https:\/\/www.visit-ulcinj.com\/blog\/2014\/06\/06\/maturantet-e-gjimnazit-vllazerim-bashkim-ulqin-2014-foto-video\/\",\"name\":\"Maturant\u00ebt e Ulqinit 2014 + Foto + Video - \u00e7do dit\u00eb foto t\u00eb reja - Lajme nga Ulqini\",\"isPartOf\":{\"@id\":\"https:\/\/www.visit-ulcinj.com\/blog\/#website\"},\"primaryImageOfPage\":{\"@id\":\"https:\/\/www.visit-ulcinj.com\/blog\/2014\/06\/06\/maturantet-e-gjimnazit-vllazerim-bashkim-ulqin-2014-foto-video\/#primaryimage\"},\"datePublished\":\"2014-06-06T19:55:28+00:00\",\"dateModified\":\"2014-06-17T09:16:19+00:00\",\"author\":{\"@id\":\"https:\/\/www.visit-ulcinj.com\/blog\/#\/schema\/person\/dcab619c614d3038751c63bc2aadc06d\"},\"description\":\"Qindra maturante te gjimnazit \\\"Vllazerim Bashkim\\\" te komunes se Ulqinit shenuan naten e matures, njofton Tv Teuta nga Ulqini. Maturant\u00ebt e gjimnazit\",\"breadcrumb\":{\"@id\":\"https:\/\/www.visit-ulcinj.com\/blog\/2014\/06\/06\/maturantet-e-gjimnazit-vllazerim-bashkim-ulqin-2014-foto-video\/#breadcrumb\"},\"inLanguage\":\"en-US\",\"potentialAction\":[{\"@type\":\"ReadAction\",\"target\":[\"https:\/\/www.visit-ulcinj.com\/blog\/2014\/06\/06\/maturantet-e-gjimnazit-vllazerim-bashkim-ulqin-2014-foto-video\/\"]}]},{\"@type\":\"BreadcrumbList\",\"@id\":\"https:\/\/www.visit-ulcinj.com\/blog\/2014\/06\/06\/maturantet-e-gjimnazit-vllazerim-bashkim-ulqin-2014-foto-video\/#breadcrumb\",\"itemListElement\":[{\"@type\":\"ListItem\",\"position\":1,\"name\":\"Maturant\u00ebt e Ulqinit 2014 + Foto + Video &#8211; \u00e7do dit\u00eb foto t\u00eb reja\"}]},{\"@type\":\"Person\",\"@id\":\"https:\/\/www.visit-ulcinj.com\/blog\/#\/schema\/person\/dcab619c614d3038751c63bc2aadc06d\",\"name\":\"ulqini\",\"sameAs\":[\"http:\/\/www.visit-ulcinj.com\"],\"url\":\"https:\/\/www.visit-ulcinj.com\/blog\/author\/admin\/\"}]}<\/script>\n<!-- \/ Yoast SEO plugin. -->","yoast_head_json":{"title":"Maturant\u00ebt e Ulqinit 2014 + Foto + Video - \u00e7do dit\u00eb foto t\u00eb reja - Lajme nga Ulqini","description":"Qindra maturante te gjimnazit \"Vllazerim Bashkim\" te komunes se Ulqinit shenuan naten e matures, njofton Tv Teuta nga Ulqini. Maturant\u00ebt e gjimnazit","robots":{"index":"index","follow":"follow","max-snippet":"max-snippet:-1","max-image-preview":"max-image-preview:large","max-video-preview":"max-video-preview:-1"},"canonical":"https:\/\/www.visit-ulcinj.com\/blog\/2014\/06\/06\/maturantet-e-gjimnazit-vllazerim-bashkim-ulqin-2014-foto-video\/","og_locale":"en_US","og_type":"article","og_title":"Maturant\u00ebt e Ulqinit 2014 + Foto + Video - \u00e7do dit\u00eb foto t\u00eb reja - Lajme nga Ulqini","og_description":"Qindra maturante te gjimnazit \"Vllazerim Bashkim\" te komunes se Ulqinit shenuan naten e matures, njofton Tv Teuta nga Ulqini. Maturant\u00ebt e gjimnazit","og_url":"https:\/\/www.visit-ulcinj.com\/blog\/2014\/06\/06\/maturantet-e-gjimnazit-vllazerim-bashkim-ulqin-2014-foto-video\/","og_site_name":"Lajme nga Ulqini","article_published_time":"2014-06-06T19:55:28+00:00","article_modified_time":"2014-06-17T09:16:19+00:00","og_image":[{"url":"https:\/\/www.visit-ulcinj.com\/blog\/wp-content\/uploads\/2014\/06\/Maturantet-te-gjimnazit-Vllazerim-Bashkim-Ulqin--150x150.jpg"}],"twitter_misc":{"Written by":"ulqini","Est. reading time":"1 minute"},"schema":{"@context":"https:\/\/schema.org","@graph":[{"@type":"WebSite","@id":"https:\/\/www.visit-ulcinj.com\/blog\/#website","url":"https:\/\/www.visit-ulcinj.com\/blog\/","name":"Lajme nga Ulqini","description":"Lajme,Vijesti,Ulqini,Ulqin,Crna Gora,Mali i Zi","potentialAction":[{"@type":"SearchAction","target":{"@type":"EntryPoint","urlTemplate":"https:\/\/www.visit-ulcinj.com\/blog\/?s={search_term_string}"},"query-input":"required name=search_term_string"}],"inLanguage":"en-US"},{"@type":"ImageObject","inLanguage":"en-US","@id":"https:\/\/www.visit-ulcinj.com\/blog\/2014\/06\/06\/maturantet-e-gjimnazit-vllazerim-bashkim-ulqin-2014-foto-video\/#primaryimage","url":"https:\/\/www.visit-ulcinj.com\/blog\/wp-content\/uploads\/2014\/06\/Maturantet-te-gjimnazit-Vllazerim-Bashkim-Ulqin-.jpg","contentUrl":"https:\/\/www.visit-ulcinj.com\/blog\/wp-content\/uploads\/2014\/06\/Maturantet-te-gjimnazit-Vllazerim-Bashkim-Ulqin-.jpg","width":960,"height":581},{"@type":"WebPage","@id":"https:\/\/www.visit-ulcinj.com\/blog\/2014\/06\/06\/maturantet-e-gjimnazit-vllazerim-bashkim-ulqin-2014-foto-video\/#webpage","url":"https:\/\/www.visit-ulcinj.com\/blog\/2014\/06\/06\/maturantet-e-gjimnazit-vllazerim-bashkim-ulqin-2014-foto-video\/","name":"Maturant\u00ebt e Ulqinit 2014 + Foto + Video - \u00e7do dit\u00eb foto t\u00eb reja - Lajme nga Ulqini","isPartOf":{"@id":"https:\/\/www.visit-ulcinj.com\/blog\/#website"},"primaryImageOfPage":{"@id":"https:\/\/www.visit-ulcinj.com\/blog\/2014\/06\/06\/maturantet-e-gjimnazit-vllazerim-bashkim-ulqin-2014-foto-video\/#primaryimage"},"datePublished":"2014-06-06T19:55:28+00:00","dateModified":"2014-06-17T09:16:19+00:00","author":{"@id":"https:\/\/www.visit-ulcinj.com\/blog\/#\/schema\/person\/dcab619c614d3038751c63bc2aadc06d"},"description":"Qindra maturante te gjimnazit \"Vllazerim Bashkim\" te komunes se Ulqinit shenuan naten e matures, njofton Tv Teuta nga Ulqini. Maturant\u00ebt e gjimnazit","breadcrumb":{"@id":"https:\/\/www.visit-ulcinj.com\/blog\/2014\/06\/06\/maturantet-e-gjimnazit-vllazerim-bashkim-ulqin-2014-foto-video\/#breadcrumb"},"inLanguage":"en-US","potentialAction":[{"@type":"ReadAction","target":["https:\/\/www.visit-ulcinj.com\/blog\/2014\/06\/06\/maturantet-e-gjimnazit-vllazerim-bashkim-ulqin-2014-foto-video\/"]}]},{"@type":"BreadcrumbList","@id":"https:\/\/www.visit-ulcinj.com\/blog\/2014\/06\/06\/maturantet-e-gjimnazit-vllazerim-bashkim-ulqin-2014-foto-video\/#breadcrumb","itemListElement":[{"@type":"ListItem","position":1,"name":"Maturant\u00ebt e Ulqinit 2014 + Foto + Video &#8211; \u00e7do dit\u00eb foto t\u00eb reja"}]},{"@type":"Person","@id":"https:\/\/www.visit-ulcinj.com\/blog\/#\/schema\/person\/dcab619c614d3038751c63bc2aadc06d","name":"ulqini","sameAs":["http:\/\/www.visit-ulcinj.com"],"url":"https:\/\/www.visit-ulcinj.com\/blog\/author\/admin\/"}]}},"jetpack_featured_media_url":"","jetpack_sharing_enabled":true,"jetpack_shortlink":"https:\/\/wp.me\/pe6lTn-lxR","_links":{"self":[{"href":"https:\/\/www.visit-ulcinj.com\/blog\/wp-json\/wp\/v2\/posts\/82823"}],"collection":[{"href":"https:\/\/www.visit-ulcinj.com\/blog\/wp-json\/wp\/v2\/posts"}],"about":[{"href":"https:\/\/www.visit-ulcinj.com\/blog\/wp-json\/wp\/v2\/types\/post"}],"author":[{"embeddable":true,"href":"https:\/\/www.visit-ulcinj.com\/blog\/wp-json\/wp\/v2\/users\/1"}],"replies":[{"embeddable":true,"href":"https:\/\/www.visit-ulcinj.com\/blog\/wp-json\/wp\/v2\/comments?post=82823"}],"version-history":[{"count":36,"href":"https:\/\/www.visit-ulcinj.com\/blog\/wp-json\/wp\/v2\/posts\/82823\/revisions"}],"predecessor-version":[{"id":83008,"href":"https:\/\/www.visit-ulcinj.com\/blog\/wp-json\/wp\/v2\/posts\/82823\/revisions\/83008"}],"wp:attachment":[{"href":"https:\/\/www.visit-ulcinj.com\/blog\/wp-json\/wp\/v2\/media?parent=82823"}],"wp:term":[{"taxonomy":"category","embeddable":true,"href":"https:\/\/www.visit-ulcinj.com\/blog\/wp-json\/wp\/v2\/categories?post=82823"},{"taxonomy":"post_tag","embeddable":true,"href":"https:\/\/www.visit-ulcinj.com\/blog\/wp-json\/wp\/v2\/tags?post=82823"}],"curies":[{"name":"wp","href":"https:\/\/api.w.org\/{rel}","templated":true}]}}