{"id":82867,"date":"2014-06-06T21:35:30","date_gmt":"2014-06-06T20:35:30","guid":{"rendered":"http:\/\/www.visit-ulcinj.com\/blog\/?p=82867"},"modified":"2014-06-06T21:35:30","modified_gmt":"2014-06-06T20:35:30","slug":"shqiptaret-e-malit-te-zi-provokohen-nga-kisha-serbe","status":"publish","type":"post","link":"https:\/\/www.visit-ulcinj.com\/blog\/2014\/06\/06\/shqiptaret-e-malit-te-zi-provokohen-nga-kisha-serbe\/","title":{"rendered":"Shqiptar\u00ebt e Malit t\u00eb Zi  provokohen nga Kisha Serbe"},"content":{"rendered":"<div id=\"stcpDiv\"><a href=\"http:\/\/www.visit-ulcinj.com\/blog\/wp-content\/uploads\/2014\/06\/Kisha-ne-rumi.jpg\"><img loading=\"lazy\" class=\"alignleft  wp-image-82871\" alt=\"Kisha-ne-rumi\" src=\"http:\/\/www.visit-ulcinj.com\/blog\/wp-content\/uploads\/2014\/06\/Kisha-ne-rumi.jpg\" width=\"508\" height=\"360\" \/><\/a>Shqiptar\u00ebt n\u00eb krahin\u00ebn e Kraj\u00ebs n\u00eb Malin e Zi, por edhe n\u00eb gjith\u00eb territorin ku flitet shqip jan\u00eb provokuar nga nj\u00eb deklarat\u00eb e Amfillohije Radovi\u00e7, udh\u00ebheq\u00ebsi i Kish\u00ebs Ortodokse serbe p\u00ebr Malin e Zi dhe Bregdetin. Kisha n\u00eb maj\u00ebn e Rumis\u00eb, n\u00eb territorin e komun\u00ebs s\u00eb Tivarit, e cila p\u00ebrb\u00ebhet n\u00eb pjes\u00ebn m\u00eb t\u00eb madh nga shqiptar\u00eb, u vendos nga Kisha Ortodokse Serbe q\u00eb n\u00eb vitin 2005, para pavar\u00ebsis\u00eb n\u00eb Malin e Zi duke u b\u00ebr\u00eb objekt i provokimit t\u00eb patriarkut serb.<\/p>\n<p>Ajo kish\u00eb e transportuar me nj\u00eb helikopter t\u00eb ushtris\u00eb s\u00eb at\u00ebhershme serbo-malazeze, mban n\u00eb muret e saj mbishkrime t\u00eb ndryshme anti-shqiptare. \u00a0Edhe pse ndodhet n\u00eb nj\u00eb lart\u00ebsi n\u00eb maj\u00ebn e Rumis\u00eb, mbishkrimet dhe grafitet jan\u00eb leht\u00ebsisht t\u00eb lexueshme edhe kur kalon rrug\u00ebs pa u ngjitur atje. Parlamenti i Malit t\u00eb Zi ka marr\u00eb nj\u00eb vendim t\u00eb qart\u00eb p\u00ebr heqjen e asaj kishe, por q\u00eb ka hasur n\u00eb rezistenc\u00ebn e moratoriumit i cili nuk lejon prishjen e objekteve pa leje n\u00eb Malin e Zi deri n\u00eb nj\u00eb zgjidhje t\u00eb dyt\u00eb e po ashtu mesa duket serb\u00ebt, e aq m\u00eb tep\u00ebr Kisha Ortodokse ka ende influenc\u00eb t\u00eb madhe duke mos lejuar heqjen e kish\u00ebs.<\/p>\n<p>N\u00eb k\u00ebt\u00eb m\u00ebnyr\u00eb shqiptar\u00ebt e Kraj\u00ebs, q\u00eb dominojn\u00eb n\u00eb territorin e Komun\u00ebs s\u00eb Tivarit, nd\u00ebrtimin e kish\u00ebs n\u00eb maj\u00ebn e malit t\u00eb Rumis\u00eb e p\u00ebrjetojn\u00eb si nj\u00eb provokim dhe uzurpim t\u00eb trojeve t\u00eb tyre etnike dhe historike ndaj prej koh\u00ebsh k\u00ebrkojn\u00eb me ngulm heqjen e saj. Lidhur me k\u00ebt\u00eb k\u00ebrkes\u00eb, patriarku serb Amfillohije n\u00eb nj\u00eb vizit\u00eb t\u00eb zhvilluar n\u00eb Kraj\u00eb, n\u00eb mbetjet e kish\u00ebs s\u00eb Sh\u00ebn M\u00ebris\u00eb, deklaroi publikisht se: \u201cKish\u00ebn n\u00eb Rumi mund ta largojn\u00eb vet\u00ebm ata t\u00eb cil\u00ebt nuk besojn\u00eb n\u00eb zot\u201d.<\/p>\n<p>Drejtoria shtet\u00ebrore p\u00ebr mbrojtjen e pasurive komb\u00ebtare n\u00eb Malin e Zi p\u00ebrmes nj\u00eb deklarate p\u00ebr shtyp shprehej se Kisha e metalt\u00eb n\u00eb Rumi c\u00ebnon kultin e Sh\u00ebn Gjon Vladimirit, i cili ka nj\u00eb dometh\u00ebnie t\u00eb madhe sidomos p\u00ebr zon\u00ebn p\u00ebrreth. Patriarku Amfillohije Radovi\u00e7 \u00ebsht\u00eb kund\u00ebrpergjigjur ndon\u00ebse jo drejtp\u00ebrdrejt\u00eb, por shum\u00eb qart\u00eb teksa ka deklaruar: \u201cK\u00ebt\u00eb e thon\u00eb njer\u00ebzit t\u00eb cil\u00ebt nuk din\u00eb dhe t\u00eb cil\u00ebt para se gjithash nuk besojn\u00eb n\u00eb zot. Nuk besojn\u00eb n\u00eb zot e as n\u00eb Allahun\u201d &#8211; u shpreh patriarku Amfillohije nga Kraja, njofton portali cdm.me. Kjo deklarat\u00eb e tij natyrisht q\u00eb ka krijuar polemika, sepse kisha e metalt\u00eb n\u00eb Rumi \u00ebsht\u00eb vendosur pa marr\u00eb mendimin e komunitetit e po ashtu mban shkrime nacionaliste si &#8220;Etnik Albania&#8221; (q\u00eb kuptohet si e kund\u00ebrta e Shqip\u00ebria Etnike) apo &#8220;AKSH&#8221; q\u00eb do t\u00eb thot\u00eb \u201carmata komb\u00ebtare shqiptare&#8221;.<\/p>\n<p>P\u00ebr m\u00eb tep\u00ebr k\u00ebto mbishkrime jan\u00eb me ngjyr\u00ebn e kuqe, ngjyr\u00eb q\u00eb simbolizon gjakderdhjen. Madje, patriarku Amfillohije ka guxuar m\u00eb tej teksa ka deklaruar: &#8220;tensionet n\u00eb mes t\u00eb popullit shqiptar dhe serb mund ti shuaj vet\u00ebm Kisha Ortodokse\u201d, p\u00ebr faktin se sipas tij tani \u201cn\u00eb Shqip\u00ebri ka gati 30% ortodoks&#8221;. N\u00eb mbetjet e kish\u00ebs s\u00eb Sh\u00ebn M\u00ebris\u00eb udheh\u00ebq\u00ebsi i kish\u00ebs ortodokse serbe p\u00ebr Malin e Zi b\u00ebri nj\u00eb p\u00ebrsh\u00ebndetje t\u00eb ve\u00e7ant\u00eb p\u00ebr miqt\u00eb nga qyteti i Shkodr\u00ebs q\u00eb ishin t\u00eb pranish\u00ebm aty b\u00ebn t\u00eb ditur portali cdm.me.<\/p>\n<p>Kjo deklarat\u00eb e patriarkut serb Amfillohije pritet t\u00eb sjell\u00eb reagime t\u00eb forta tek qytetar\u00ebt shqiptar\u00eb t\u00eb cil\u00ebt kish\u00ebn e metalt\u00eb n\u00eb maj\u00ebn e Rumis\u00eb e cil\u00ebsojn\u00eb si nj\u00eb veprim i past\u00ebr politik p\u00ebr t\u00eb ndikuar n\u00eb prishjen e marr\u00ebdh\u00ebnieve dhe nxitjen p\u00ebr konflikt. Pavar\u00ebsisht k\u00ebsaj ndodhie, apo pranis\u00eb prej vitesh tashm\u00eb t\u00eb kish\u00ebs n\u00eb Rumi dhe mbishkrimeve nacionaliste p\u00ebr shqiptar\u00ebt, politika n\u00eb Malin e Zi, aq m\u00eb tep\u00ebr pala shqiptare nuk \u00ebsht\u00eb ndjer\u00eb duke p\u00ebrjashtuar disa raste sporadike q\u00eb nuk kan\u00eb patur jehon\u00ebn e duhur.<\/p>\n<p>Politika nuk ka folur duke pranuar n\u00eb heshtje k\u00ebt\u00eb fyerje dhe dashkeq\u00ebsi n\u00eb adres\u00eb t\u00eb shqiptar\u00ebve. Pak dit\u00eb m\u00eb par\u00eb n\u00eb Tiran\u00eb me rastin e shenjt\u00ebrimit t\u00eb Katedrales Ortodokse \u201cNgjallja e Krishtit&#8221;, kryepeshkopi serb Irinej, tha se \u201cKosova \u00ebsht\u00eb tok\u00eb e shenjt\u00eb e Serbis\u00eb\u201d duke u pasuar tashm\u00eb nga deklarata e patriarkut serb Amfillohije q\u00eb padyshim kan\u00eb trazuar ujrat jo vet\u00ebm n\u00eb Shqip\u00ebri, Serbi apo Malin e Zi por n\u00eb gjith\u00eb Ballkanin dhe m\u00eb gj\u00ebr\u00eb.<\/p>\n<p><em>Shkrimi u botua n\u00eb Shqiptarja.com (print) n\u00eb 6 qershor 2014<\/p>\n<p>Redaksia Online<br \/>\n<\/em><\/div>\n","protected":false},"excerpt":{"rendered":"<p>Shqiptar\u00ebt n\u00eb krahin\u00ebn e Kraj\u00ebs n\u00eb Malin e Zi, por edhe n\u00eb gjith\u00eb territorin ku flitet shqip jan\u00eb provokuar nga nj\u00eb deklarat\u00eb e Amfillohije Radovi\u00e7, udh\u00ebheq\u00ebsi i Kish\u00ebs Ortodokse serbe p\u00ebr Malin e Zi dhe Bregdetin. Kisha n\u00eb maj\u00ebn e Rumis\u00eb, n\u00eb territorin e komun\u00ebs s\u00eb Tivarit, e cila p\u00ebrb\u00ebhet n\u00eb pjes\u00ebn m\u00eb t\u00eb madh [&hellip;]<\/p>\n","protected":false},"author":1,"featured_media":0,"comment_status":"closed","ping_status":"closed","sticky":false,"template":"","format":"standard","meta":{"spay_email":"","jetpack_publicize_message":"","jetpack_is_tweetstorm":false,"jetpack_publicize_feature_enabled":true},"categories":[12],"tags":[],"jetpack_publicize_connections":[],"yoast_head":"<!-- This site is optimized with the Yoast SEO plugin v19.1 - https:\/\/yoast.com\/wordpress\/plugins\/seo\/ -->\n<title>Shqiptar\u00ebt e Malit t\u00eb Zi provokohen nga Kisha Serbe - Lajme nga Ulqini<\/title>\n<meta name=\"description\" content=\"Shqiptar\u00ebt n\u00eb krahin\u00ebn e Kraj\u00ebs n\u00eb Malin e Zi, por edhe n\u00eb gjith\u00eb territorin ku flitet shqip jan\u00eb provokuar nga nj\u00eb deklarat\u00eb e Amfillohije Radovi\u00e7,\" \/>\n<meta name=\"robots\" content=\"index, follow, max-snippet:-1, max-image-preview:large, max-video-preview:-1\" \/>\n<link rel=\"canonical\" href=\"https:\/\/www.visit-ulcinj.com\/blog\/2014\/06\/06\/shqiptaret-e-malit-te-zi-provokohen-nga-kisha-serbe\/\" \/>\n<meta property=\"og:locale\" content=\"en_US\" \/>\n<meta property=\"og:type\" content=\"article\" \/>\n<meta property=\"og:title\" content=\"Shqiptar\u00ebt e Malit t\u00eb Zi provokohen nga Kisha Serbe - Lajme nga Ulqini\" \/>\n<meta property=\"og:description\" content=\"Shqiptar\u00ebt n\u00eb krahin\u00ebn e Kraj\u00ebs n\u00eb Malin e Zi, por edhe n\u00eb gjith\u00eb territorin ku flitet shqip jan\u00eb provokuar nga nj\u00eb deklarat\u00eb e Amfillohije Radovi\u00e7,\" \/>\n<meta property=\"og:url\" content=\"https:\/\/www.visit-ulcinj.com\/blog\/2014\/06\/06\/shqiptaret-e-malit-te-zi-provokohen-nga-kisha-serbe\/\" \/>\n<meta property=\"og:site_name\" content=\"Lajme nga Ulqini\" \/>\n<meta property=\"article:published_time\" content=\"2014-06-06T20:35:30+00:00\" \/>\n<meta property=\"og:image\" content=\"http:\/\/www.visit-ulcinj.com\/blog\/wp-content\/uploads\/2014\/06\/Kisha-ne-rumi.jpg\" \/>\n<meta name=\"twitter:label1\" content=\"Written by\" \/>\n\t<meta name=\"twitter:data1\" content=\"ulqini\" \/>\n\t<meta name=\"twitter:label2\" content=\"Est. reading time\" \/>\n\t<meta name=\"twitter:data2\" content=\"4 minutes\" \/>\n<script type=\"application\/ld+json\" class=\"yoast-schema-graph\">{\"@context\":\"https:\/\/schema.org\",\"@graph\":[{\"@type\":\"WebSite\",\"@id\":\"https:\/\/www.visit-ulcinj.com\/blog\/#website\",\"url\":\"https:\/\/www.visit-ulcinj.com\/blog\/\",\"name\":\"Lajme nga Ulqini\",\"description\":\"Lajme,Vijesti,Ulqini,Ulqin,Crna Gora,Mali i Zi\",\"potentialAction\":[{\"@type\":\"SearchAction\",\"target\":{\"@type\":\"EntryPoint\",\"urlTemplate\":\"https:\/\/www.visit-ulcinj.com\/blog\/?s={search_term_string}\"},\"query-input\":\"required name=search_term_string\"}],\"inLanguage\":\"en-US\"},{\"@type\":\"ImageObject\",\"inLanguage\":\"en-US\",\"@id\":\"https:\/\/www.visit-ulcinj.com\/blog\/2014\/06\/06\/shqiptaret-e-malit-te-zi-provokohen-nga-kisha-serbe\/#primaryimage\",\"url\":\"https:\/\/www.visit-ulcinj.com\/blog\/wp-content\/uploads\/2014\/06\/Kisha-ne-rumi.jpg\",\"contentUrl\":\"https:\/\/www.visit-ulcinj.com\/blog\/wp-content\/uploads\/2014\/06\/Kisha-ne-rumi.jpg\",\"width\":999,\"height\":749},{\"@type\":\"WebPage\",\"@id\":\"https:\/\/www.visit-ulcinj.com\/blog\/2014\/06\/06\/shqiptaret-e-malit-te-zi-provokohen-nga-kisha-serbe\/#webpage\",\"url\":\"https:\/\/www.visit-ulcinj.com\/blog\/2014\/06\/06\/shqiptaret-e-malit-te-zi-provokohen-nga-kisha-serbe\/\",\"name\":\"Shqiptar\u00ebt e Malit t\u00eb Zi provokohen nga Kisha Serbe - Lajme nga Ulqini\",\"isPartOf\":{\"@id\":\"https:\/\/www.visit-ulcinj.com\/blog\/#website\"},\"primaryImageOfPage\":{\"@id\":\"https:\/\/www.visit-ulcinj.com\/blog\/2014\/06\/06\/shqiptaret-e-malit-te-zi-provokohen-nga-kisha-serbe\/#primaryimage\"},\"datePublished\":\"2014-06-06T20:35:30+00:00\",\"dateModified\":\"2014-06-06T20:35:30+00:00\",\"author\":{\"@id\":\"https:\/\/www.visit-ulcinj.com\/blog\/#\/schema\/person\/dcab619c614d3038751c63bc2aadc06d\"},\"description\":\"Shqiptar\u00ebt n\u00eb krahin\u00ebn e Kraj\u00ebs n\u00eb Malin e Zi, por edhe n\u00eb gjith\u00eb territorin ku flitet shqip jan\u00eb provokuar nga nj\u00eb deklarat\u00eb e Amfillohije Radovi\u00e7,\",\"breadcrumb\":{\"@id\":\"https:\/\/www.visit-ulcinj.com\/blog\/2014\/06\/06\/shqiptaret-e-malit-te-zi-provokohen-nga-kisha-serbe\/#breadcrumb\"},\"inLanguage\":\"en-US\",\"potentialAction\":[{\"@type\":\"ReadAction\",\"target\":[\"https:\/\/www.visit-ulcinj.com\/blog\/2014\/06\/06\/shqiptaret-e-malit-te-zi-provokohen-nga-kisha-serbe\/\"]}]},{\"@type\":\"BreadcrumbList\",\"@id\":\"https:\/\/www.visit-ulcinj.com\/blog\/2014\/06\/06\/shqiptaret-e-malit-te-zi-provokohen-nga-kisha-serbe\/#breadcrumb\",\"itemListElement\":[{\"@type\":\"ListItem\",\"position\":1,\"name\":\"Shqiptar\u00ebt e Malit t\u00eb Zi provokohen nga Kisha Serbe\"}]},{\"@type\":\"Person\",\"@id\":\"https:\/\/www.visit-ulcinj.com\/blog\/#\/schema\/person\/dcab619c614d3038751c63bc2aadc06d\",\"name\":\"ulqini\",\"sameAs\":[\"http:\/\/www.visit-ulcinj.com\"],\"url\":\"https:\/\/www.visit-ulcinj.com\/blog\/author\/admin\/\"}]}<\/script>\n<!-- \/ Yoast SEO plugin. -->","yoast_head_json":{"title":"Shqiptar\u00ebt e Malit t\u00eb Zi provokohen nga Kisha Serbe - Lajme nga Ulqini","description":"Shqiptar\u00ebt n\u00eb krahin\u00ebn e Kraj\u00ebs n\u00eb Malin e Zi, por edhe n\u00eb gjith\u00eb territorin ku flitet shqip jan\u00eb provokuar nga nj\u00eb deklarat\u00eb e Amfillohije Radovi\u00e7,","robots":{"index":"index","follow":"follow","max-snippet":"max-snippet:-1","max-image-preview":"max-image-preview:large","max-video-preview":"max-video-preview:-1"},"canonical":"https:\/\/www.visit-ulcinj.com\/blog\/2014\/06\/06\/shqiptaret-e-malit-te-zi-provokohen-nga-kisha-serbe\/","og_locale":"en_US","og_type":"article","og_title":"Shqiptar\u00ebt e Malit t\u00eb Zi provokohen nga Kisha Serbe - Lajme nga Ulqini","og_description":"Shqiptar\u00ebt n\u00eb krahin\u00ebn e Kraj\u00ebs n\u00eb Malin e Zi, por edhe n\u00eb gjith\u00eb territorin ku flitet shqip jan\u00eb provokuar nga nj\u00eb deklarat\u00eb e Amfillohije Radovi\u00e7,","og_url":"https:\/\/www.visit-ulcinj.com\/blog\/2014\/06\/06\/shqiptaret-e-malit-te-zi-provokohen-nga-kisha-serbe\/","og_site_name":"Lajme nga Ulqini","article_published_time":"2014-06-06T20:35:30+00:00","og_image":[{"url":"http:\/\/www.visit-ulcinj.com\/blog\/wp-content\/uploads\/2014\/06\/Kisha-ne-rumi.jpg"}],"twitter_misc":{"Written by":"ulqini","Est. reading time":"4 minutes"},"schema":{"@context":"https:\/\/schema.org","@graph":[{"@type":"WebSite","@id":"https:\/\/www.visit-ulcinj.com\/blog\/#website","url":"https:\/\/www.visit-ulcinj.com\/blog\/","name":"Lajme nga Ulqini","description":"Lajme,Vijesti,Ulqini,Ulqin,Crna Gora,Mali i Zi","potentialAction":[{"@type":"SearchAction","target":{"@type":"EntryPoint","urlTemplate":"https:\/\/www.visit-ulcinj.com\/blog\/?s={search_term_string}"},"query-input":"required name=search_term_string"}],"inLanguage":"en-US"},{"@type":"ImageObject","inLanguage":"en-US","@id":"https:\/\/www.visit-ulcinj.com\/blog\/2014\/06\/06\/shqiptaret-e-malit-te-zi-provokohen-nga-kisha-serbe\/#primaryimage","url":"https:\/\/www.visit-ulcinj.com\/blog\/wp-content\/uploads\/2014\/06\/Kisha-ne-rumi.jpg","contentUrl":"https:\/\/www.visit-ulcinj.com\/blog\/wp-content\/uploads\/2014\/06\/Kisha-ne-rumi.jpg","width":999,"height":749},{"@type":"WebPage","@id":"https:\/\/www.visit-ulcinj.com\/blog\/2014\/06\/06\/shqiptaret-e-malit-te-zi-provokohen-nga-kisha-serbe\/#webpage","url":"https:\/\/www.visit-ulcinj.com\/blog\/2014\/06\/06\/shqiptaret-e-malit-te-zi-provokohen-nga-kisha-serbe\/","name":"Shqiptar\u00ebt e Malit t\u00eb Zi provokohen nga Kisha Serbe - Lajme nga Ulqini","isPartOf":{"@id":"https:\/\/www.visit-ulcinj.com\/blog\/#website"},"primaryImageOfPage":{"@id":"https:\/\/www.visit-ulcinj.com\/blog\/2014\/06\/06\/shqiptaret-e-malit-te-zi-provokohen-nga-kisha-serbe\/#primaryimage"},"datePublished":"2014-06-06T20:35:30+00:00","dateModified":"2014-06-06T20:35:30+00:00","author":{"@id":"https:\/\/www.visit-ulcinj.com\/blog\/#\/schema\/person\/dcab619c614d3038751c63bc2aadc06d"},"description":"Shqiptar\u00ebt n\u00eb krahin\u00ebn e Kraj\u00ebs n\u00eb Malin e Zi, por edhe n\u00eb gjith\u00eb territorin ku flitet shqip jan\u00eb provokuar nga nj\u00eb deklarat\u00eb e Amfillohije Radovi\u00e7,","breadcrumb":{"@id":"https:\/\/www.visit-ulcinj.com\/blog\/2014\/06\/06\/shqiptaret-e-malit-te-zi-provokohen-nga-kisha-serbe\/#breadcrumb"},"inLanguage":"en-US","potentialAction":[{"@type":"ReadAction","target":["https:\/\/www.visit-ulcinj.com\/blog\/2014\/06\/06\/shqiptaret-e-malit-te-zi-provokohen-nga-kisha-serbe\/"]}]},{"@type":"BreadcrumbList","@id":"https:\/\/www.visit-ulcinj.com\/blog\/2014\/06\/06\/shqiptaret-e-malit-te-zi-provokohen-nga-kisha-serbe\/#breadcrumb","itemListElement":[{"@type":"ListItem","position":1,"name":"Shqiptar\u00ebt e Malit t\u00eb Zi provokohen nga Kisha Serbe"}]},{"@type":"Person","@id":"https:\/\/www.visit-ulcinj.com\/blog\/#\/schema\/person\/dcab619c614d3038751c63bc2aadc06d","name":"ulqini","sameAs":["http:\/\/www.visit-ulcinj.com"],"url":"https:\/\/www.visit-ulcinj.com\/blog\/author\/admin\/"}]}},"jetpack_featured_media_url":"","jetpack_sharing_enabled":true,"jetpack_shortlink":"https:\/\/wp.me\/pe6lTn-lyz","_links":{"self":[{"href":"https:\/\/www.visit-ulcinj.com\/blog\/wp-json\/wp\/v2\/posts\/82867"}],"collection":[{"href":"https:\/\/www.visit-ulcinj.com\/blog\/wp-json\/wp\/v2\/posts"}],"about":[{"href":"https:\/\/www.visit-ulcinj.com\/blog\/wp-json\/wp\/v2\/types\/post"}],"author":[{"embeddable":true,"href":"https:\/\/www.visit-ulcinj.com\/blog\/wp-json\/wp\/v2\/users\/1"}],"replies":[{"embeddable":true,"href":"https:\/\/www.visit-ulcinj.com\/blog\/wp-json\/wp\/v2\/comments?post=82867"}],"version-history":[{"count":1,"href":"https:\/\/www.visit-ulcinj.com\/blog\/wp-json\/wp\/v2\/posts\/82867\/revisions"}],"predecessor-version":[{"id":82872,"href":"https:\/\/www.visit-ulcinj.com\/blog\/wp-json\/wp\/v2\/posts\/82867\/revisions\/82872"}],"wp:attachment":[{"href":"https:\/\/www.visit-ulcinj.com\/blog\/wp-json\/wp\/v2\/media?parent=82867"}],"wp:term":[{"taxonomy":"category","embeddable":true,"href":"https:\/\/www.visit-ulcinj.com\/blog\/wp-json\/wp\/v2\/categories?post=82867"},{"taxonomy":"post_tag","embeddable":true,"href":"https:\/\/www.visit-ulcinj.com\/blog\/wp-json\/wp\/v2\/tags?post=82867"}],"curies":[{"name":"wp","href":"https:\/\/api.w.org\/{rel}","templated":true}]}}