{"id":82967,"date":"2014-06-10T17:11:15","date_gmt":"2014-06-10T16:11:15","guid":{"rendered":"http:\/\/www.visit-ulcinj.com\/blog\/?p=82967"},"modified":"2014-06-10T17:11:15","modified_gmt":"2014-06-10T16:11:15","slug":"cetkovic-radnicke-plate-pojeli-izbori","status":"publish","type":"post","link":"https:\/\/www.visit-ulcinj.com\/blog\/2014\/06\/10\/cetkovic-radnicke-plate-pojeli-izbori\/","title":{"rendered":"\u0106etkovi\u0107: Radni\u010dke plate \u201epojeli\u201d izbori"},"content":{"rendered":"<p><a href=\"http:\/\/www.visit-ulcinj.com\/blog\/wp-content\/uploads\/2014\/06\/JKP-Ulcinj.jpg\"><img loading=\"lazy\" class=\"alignleft  wp-image-82968\" alt=\"JKP-Ulcinj\" src=\"http:\/\/www.visit-ulcinj.com\/blog\/wp-content\/uploads\/2014\/06\/JKP-Ulcinj.jpg\" width=\"508\" height=\"360\" \/><\/a>UL\u00adCINj \u2013 U\u010de\u00adsta\u00adli \u0161traj\u00adko\u00advi rad\u00adni\u00adka u ul\u00adcinj\u00adskim jav\u00adnim pred\u00adu\u00adze\u00ad\u0107i\u00adma Ko\u00admu\u00adnal\u00adne dje\u00adlat\u00adno\u00adsti i Vo\u00addo\u00advod i ka\u00adna\u00adli\u00adza\u00adci\u00adja, u ko\u00adji\u00adma ve\u0107 ne\u00adko\u00adli\u00adko go\u00addi\u00adna ti\u00adnja\u00adju pro\u00adble\u00admi zbog lo\u00ad\u0161eg fi\u00adnan\u00adsij\u00adskog po\u00adslo\u00adva\u00adnja, po\u00adka\u00adza\u00adli su da seg\u00admen\u00adta\u00adci\u00adja ne\u00adka\u00adda\u00ad\u0161njeg je\u00addin\u00adstve\u00adnog JKP Ul\u00adcinj ni\u00adje da\u00adla \u017ee\u00adlje\u00adne re\u00adzul\u00adta\u00adte. Ka\u00adda su u ma\u00adju 2012. go\u00addi\u00adne iz jed\u00adnog na\u00adsta\u00adla dva pred\u00adu\u00adze\u00ad\u0107a o\u010de\u00adki\u00adva\u00adlo se da \u0107e re\u00ador\u00adga\u00adni\u00adza\u00adci\u00adja no\u00advim prav\u00adnim su\u00adbjek\u00adti\u00adma do\u00adni\u00adje\u00adti efi\u00adka\u00adsni\u00adji i kva\u00adli\u00adtet\u00adni\u00adji rad, sma\u00adnje\u00adnje bro\u00adja za\u00adpo\u00adsle\u00adnih i ostva\u00adri\u00adva\u00adnje pri\u00adho\u00adda, ne sa\u00admo za po\u00adkri\u00adva\u00adnje tro\u00ad\u0161ko\u00adva, ve\u0107 i za no\u00adve in\u00adve\u00adsti\u00adci\u00adje. Umje\u00adsto to\u00adga, dvi\u00adje go\u00addi\u00adne ka\u00adsni\u00adje, ova pred\u00adu\u00adze\u00ad\u0107a su pre\u00adtvo\u00adre\u00adna u so\u00adci\u00adjal\u00adne usta\u00adno\u00adve, ta\u00adko da uz par\u00adtij\u00adsko za\u00adpo\u00ad\u0161lja\u00adva\u00adnje i po\u00adrast tro\u00ad\u0161ko\u00adva li\u010d\u00adnih pri\u00adma\u00adnja, uz po\u00adve\u00ad\u0107a\u00adnje po\u00adre\u00adza na do\u00adho\u00addak, sr\u00adlja\u00adju u sve ve\u00ad\u0107e gu\u00adbit\u00adke.<br \/>\nPre\u00adma po\u00adda\u00adci\u00adma ko\u00adji\u00adma ras\u00adpo\u00adla\u00ad\u017ee \u201eDan\u201d, od 2012. do da\u00adnas, broj rad\u00adni\u00adka je uve\u00ad\u0107a\u00advan i do dva i po pu\u00adta, pa je sa 170, ko\u00adli\u00adko je u pro\u00adsje\u00adku ima\u00adlo ne\u00adka\u00adda je\u00addin\u00adstve\u00adno pred\u00adu\u00adze\u00ad\u0107e, taj broj u po\u00adje\u00addi\u00adnim mo\u00admen\u00adti\u00adma na\u00adkon seg\u00admen\u00adta\u00adci\u00adje iz\u00adno\u00adsio i do 380 za\u00adpo\u00adsle\u00adnih. Zva\u00adni\u010d\u00adno, u ova dva pred\u00adu\u00adze\u00ad\u0107a da\u00adnas ra\u00addi oko 290 rad\u00adni\u00adka (140 u Ko\u00admu\u00adnal\u00adnim dje\u00adlat\u00adno\u00adsti\u00adma i oko 150 u Vo\u00addo\u00addvo\u00addu), jer je po\u00ad\u010det\u00adkom pro\u00ad\u0161le go\u00addi\u00adne sa\u00admo u jed\u00adnom da\u00adnu ot\u00adpu\u00ad\u0161te\u00adno oko 60 rad\u00adni\u00adka iz Vo\u00addo\u00advo\u00adda. Ka\u00adda se u ob\u00adzir uzmu ove broj\u00adke, a one su ne\u00adu\u00admo\u00adlji\u00adve, on\u00adda ni\u00adje te\u00ad\u0161ko za\u00adklju\u00ad\u010di\u00adti za\u00ad\u0161to da\u00adnas ovi su\u00adbjek\u00adti pli\u00adva\u00adju u du\u00adgo\u00advi\u00adma i zbog \u010de\u00adga ih po\u00adtre\u00adsa\u00adju rad\u00adni\u010d\u00adki bun\u00adto\u00advi. Rad\u00adni\u00adci Vo\u00addo\u00advo\u00adda stu\u00adpi\u00adli su u \u010de\u00adtvr\u00adtak u ge\u00adne\u00adral\u00adni \u0161trajk zbog lo\u00ad\u0161e ma\u00adte\u00adri\u00adjal\u00adne i fi\u00adnan\u00adsij\u00adske si\u00adtu\u00ada\u00adci\u00adje i ne\u00adis\u00adpu\u00adnja\u00adva\u00adnja za\u00adkon\u00adskih oba\u00adve\u00adza od stra\u00adne po\u00adslo\u00advod\u00adstva pred\u00adu\u00adze\u00ad\u0107a. Rad\u00adni\u00adci tvr\u00adde da im se du\u00adgu\u00adje de\u00advet pla\u00adta, put\u00adni tro\u00ad\u0161ko\u00advi te da im rad\u00adni sta\u017e ni\u00adje po\u00adve\u00adzan od mar\u00adta 2012. go\u00addi\u00adne. Pred\u00adsjed\u00adnik sin\u00addi\u00adkal\u00adne or\u00adga\u00adni\u00adza\u00adci\u00adje Ra\u00adsim Osma\u00adni iz\u00adja\u00advio je da je to jav\u00adno pred\u00adu\u00adze\u00ad\u0107e u ve\u00ado\u00adma te\u00ad\u0161koj fi\u00adna\u00adsij\u00adskoj si\u00adtu\u00ada\u00adci\u00adji i da rad\u00adni\u00adci ni\u00adje\u00adsu ima\u00adli dru\u00adgog iz\u00adbo\u00adra, ve\u0107 da ob\u00adu\u00adsta\u00adve rad dok im se ne is\u00adpu\u00adne za\u00adhtje\u00advi. Tra\u00ad\u017ee is\u00adpla\u00adtu du\u00adgo\u00adva\u00adnja i upo\u00adzo\u00adra\u00adva\u00adju da bi to\u00adkom se\u00adzo\u00adne mo\u00adglo bi\u00adti ugro\u00ad\u017ee\u00adno vo\u00addo\u00adsna\u00adbdi\u00adje\u00adva\u00adnje. U \u0161traj\u00adku su pri\u00adje njih bi\u00adle i nji\u00adho\u00adve ko\u00adle\u00adge ko\u00adje se bri\u00adnu o ze\u00adle\u00adni\u00adlu, od\u00advo\u00ad\u017ee\u00adnju ot\u00adpa\u00adda i odr\u00ad\u017ea\u00adva\u00adnju \u010di\u00adsto\u00ad\u0107e u gra\u00addu. Fi\u00adr\u00adma je u mi\u00adnu\u00adsu i op\u00adte\u00adre\u00ad\u0107e\u00adna je ve\u00adli\u00adkim du\u00adgo\u00advi\u00adma. Rad\u00adni\u00adci\u00adma ni\u00adje\u00adsu re\u00addov\u00adno upla\u00ad\u0107i\u00adva\u00adni do\u00adpri\u00adno\u00adsi ve\u0107 sa\u00admo ne\u00adto za\u00adra\u00adde, a du\u00adgu\u00adju im se tri pla\u00adte. Du\u00adgu\u00adje se i za sa\u00adni\u00adtar\u00adnu de\u00adpo\u00adni\u00adju, dok usko\u00adro pri\u00adspje\u00adva\u00adju ra\u00adte za kre\u00addit, ko\u00adji je uzet za na\u00adbav\u00adku no\u00adve me\u00adha\u00adni\u00adza\u00adci\u00adje i opre\u00adme. Zbog nji\u00adho\u00advog pro\u00adte\u00adsta, grad je ne\u00adko\u00adli\u00adko da\u00adna bio za\u00adtr\u00adpan sme\u00ad\u0107em. I oni tra\u00ad\u017ee is\u00adpla\u00adtu za\u00ado\u00adsta\u00adlih za\u00adra\u00adda, a po\u00adje\u00addi\u00adni op\u00adtu\u00ad\u017eu\u00adju ru\u00adko\u00advod\u00adstvo za ne\u00adpo\u00adti\u00adzam i par\u00adtij\u00adsko za\u00adpo\u00ad\u0161lja\u00adva\u00adnje, ko\u00adje je po sve\u00admu su\u00adde\u00ad\u0107i i uzrok pro\u00adble\u00adma u ovim, ali i u osta\u00adlim jav\u00adnim pred\u00adu\u00adze\u00ad\u0107i\u00adma. Na to upo\u00adzo\u00adra\u00adva i pred\u00adsjed\u00adnik OO SNP-a An\u00addri\u00adja \u0106et\u00adko\u00advi\u0107, ko\u00adji je dvi\u00adje go\u00addi\u00adne bio \u010dlan UO JP Vo\u00addo\u00advod.<br \/>\n\u2013 Pot\u00adpu\u00adno je ja\u00adsno da je ova\u00adkvo sta\u00adnje po\u00adsle\u00addi\u00adca po\u00adna\u00ad\u0161a\u00adnja par\u00adti\u00adja na vla\u00adsti, jer su mi\u00admo zdra\u00advog ra\u00adzu\u00adma za\u00adpo\u00ad\u0161lja\u00adva\u00adle po\u00adli\u00adti\u010d\u00adke ak\u00adti\u00advi\u00adste i od ovih pred\u00adu\u00adze\u00ad\u0107a pra\u00advi\u00adli fa\u00adbri\u00adke za do\u00adbi\u00adja\u00adnje gla\u00adso\u00adva. Ja\u00adsno je da u ova\u00adkvim uslo\u00advi\u00adma oni ne mo\u00adgu funk\u00adci\u00ado\u00adni\u00adsa\u00adti na dru\u00adga\u00ad\u010di\u00adji na\u00ad\u010din. Rad\u00adni\u00adci su to mo\u00adra\u00adli vi\u00addje\u00adti i ra\u00adni\u00adje re\u00ada\u00adgo\u00adva\u00adti, jer je SNP na to upo\u00adzo\u00adra\u00adva\u00ado go\u00addi\u00adna\u00adma \u2013 tvr\u00addi \u0106et\u00adko\u00advi\u0107 i do\u00adda\u00adje da na\u00adja\u00advlje\u00adni kre\u00addit za pla\u00adte, ko\u00adji \u0107e op\u00ad\u0161ti\u00adna uze\u00adti do kra\u00adja ju\u00adna, ne\u00ad\u0107e ri\u00adje\u00ad\u0161i\u00adti na\u00adgo\u00admi\u00adla\u00adne pro\u00adble\u00adme.<br \/>\n\u2013 Taj po\u00adtez \u0107e ma\u00adlo sma\u00adnji\u00adti du\u00adgo\u00adva\u00adnja pre\u00adma rad\u00adni\u00adci\u00adma, ali se ne\u00ad\u0107e stvo\u00adri\u00adti uslo\u00advi da jav\u00adna pred\u00adu\u00adze\u00ad\u0107a bu\u00addu ko\u00adlek\u00adti\u00advi ko\u00adja \u0107e pro\u00adiz\u00advo\u00addi\u00adti do\u00adho\u00addak i bi\u00adti po\u00adkre\u00adta\u00ad\u010di raz\u00advo\u00adja op\u00ad\u0161ti\u00adne \u2013 sma\u00adtra \u0106et\u00adko\u00advi\u0107.<br \/>\nJe\u00addan od biv\u00ad\u0161ih di\u00adrek\u00adto\u00adra JKP a da\u00adnas NVO ak\u00adti\u00advi\u00adsta D\u017ee\u00admal Pe\u00adro\u00advi\u0107 ka\u00ad\u017ee da je ne\u00adka\u00adda jedinstve\u00adno pred\u00adu\u00adze\u00ad\u0107e do\u00adbro funk\u00adci\u00ado\u00adni\u00adsa\u00adlo i sa 150 za\u00adpo\u00adsle\u00adnih.<br \/>\n\u2013 Bi\u00adlo je to sre\u00addi\u00adnom de\u00adve\u00adde\u00adstih u vri\u00adje\u00adme ve\u00ad\u0107e kri\u00adze i sank\u00adci\u00adja ka\u00adda su uslo\u00advi bi\u00adli dru\u00adga\u00ad\u010di\u00adji i te\u00ad\u017ei u sva\u00adkom slu\u00ad\u010da\u00adju. Ovo da\u00adnas je ne\u00adshva\u00adtlji\u00advo i ne\u00adpri\u00adhva\u00adtlji\u00advo i ti\u00adpi\u00ad\u010dan je pri\u00admjer zlo\u00adu\u00adpo\u00adtre\u00adbe re\u00adsur\u00adsa u po\u00adli\u00adti\u010d\u00adke svr\u00adhe. Kraj\u00adnje je vri\u00adje\u00adme da se ne\u00adko tim po\u00adza\u00adba\u00advi \u2013 ka\u00ad\u017ee Pe\u00adro\u00advi\u0107.<br \/>\nJP Vo\u00addo\u00advod i JP Ko\u00admu\u00adnal\u00adne dje\u00adlat\u00adno\u00adsti upra\u00advlja\u00adju ili su upra\u00advlja\u00adli ka\u00addro\u00advi De\u00admo\u00adkrat\u00adske par\u00adti\u00adje, Per\u00adspek\u00adti\u00adve i For\u00adce. Od\u00adgo\u00advor\u00adnost je sva\u00adka\u00adko i na svim \u010di\u00adni\u00ado\u00adci\u00adma ko\u00ada\u00adli\u00adci\u00ado\u00adne vla\u00adsti ko\u00adji su po\u00adsled\u00adnjih go\u00addi\u00adna upra\u00advlja\u00adli i lo\u00adkal\u00adnom upra\u00advom i jav\u00adnim pred\u00adu\u00adze\u00ad\u0107i\u00adma. <strong>M.KNE\u00ad\u017dE\u00adVI\u0106<\/strong><\/p>\n<p><strong> Enorm\u00adni gu\u00adbi\u00adci vo\u00adde na mre\u00ad\u017ei<\/strong><\/p>\n<p>U lo\u00adkal\u00adnom pred\u00adu\u00adze\u00ad\u0107u vo\u00addo\u00advod utvr\u00ad\u0111en je pri\u00adli\u00ad\u010dan ha\u00ados o \u010de\u00admu je upo\u00adzna\u00adta i Vla\u00adda. Iz\u00adme\u00ad\u0111u osta\u00adlog utvr\u00ad\u0111e\u00adno je da je kva\u00adli\u00adtet vo\u00adde u po\u00adje\u00addi\u00adnim dje\u00adlo\u00advi\u00adma op\u00ad\u0161ti\u00adne pro\u00adble\u00adma\u00adti\u00ad\u010dan, a evi\u00adden\u00adti\u00adra\u00adni su enorm\u00adni gu\u00adbi\u00adci na mre\u00ad\u017ei, ne\u00adle\u00adgal\u00adni po\u00adtro\u00ad\u0161a\u00ad\u010di, sla\u00adba na\u00adpla\u00adta, kao i iz\u00adu\u00adzet\u00adno vi\u00adso\u00adki tro\u00ad\u0161ko\u00advi, pr\u00adven\u00adstve\u00adno za za\u00adra\u00adde, te vi\u00ad\u0161ak za\u00adpo\u00adsle\u00adnih. Gu\u00adbi\u00adci vo\u00adde u di\u00adstri\u00adbu\u00adtiv\u00adnoj mre\u00ad\u017ei iz\u00adno\u00adse fra\u00adpant\u00adnih 653 od\u00adsto. Do tog po\u00adda\u00adtka do\u00ad\u0161li su nje\u00adma\u010d\u00adki stru\u010d\u00adnja\u00adci ko\u00adji su ra\u00addi\u00adli stu\u00addi\u00adju o vo\u00addo\u00adsnabdije\u00adva\u00adnju i tret\u00adma\u00adnu ot\u00adpad\u00adnih vo\u00adda na te\u00adri\u00adto\u00adri\u00adji op\u00ad\u0161ti\u00adne. Na\u00adi\u00adme, pre\u00adma nji\u00adho\u00advoj ra\u00ad\u010du\u00adni\u00adci, sa okol\u00adnih iz\u00advo\u00adri\u00ad\u0161ta u vo\u00addo\u00advod\u00adni si\u00adstem op\u00ad\u0161ti\u00adne ula\u00adzi go\u00addi\u00ad\u0161nje 8,1, a od to\u00adga se sa\u00admo 1,3 mi\u00adli\u00ado\u00adna ku\u00adbi\u00adka vo\u00adde fak\u00adtu\u00adri\u00ad\u0161e. Do sa\u00adda se spe\u00adku\u00adli\u00adsa\u00adlo da su gu\u00adbi\u00adci na vo\u00addo\u00advod\u00adnoj mre\u00ad\u017ei oko 60 od\u00adsto, pri\u00adje sve\u00adga zbog do\u00adtra\u00adja\u00adle in\u00adfra\u00adstruk\u00adtu\u00adre i di\u00advljih pri\u00adklju\u00ad\u010da\u00adka ali pre\u00adci\u00adzni Njem\u00adci su po\u00adtvr\u00addi\u00adli da je to \u010dak 10 pu\u00adta vi\u00ad\u0161e.U struk\u00adtu\u00adri tro\u00ad\u0161ko\u00adva do\u00admi\u00adnan\u00adtan je tro\u00ad\u0161ak za\u00adra\u00adda i dru\u00adgih li\u010d\u00adnih pri\u00adma\u00adnja i iz\u00adno\u00adsi \u010dak 102 od\u00adsto, od\u00adno\u00adsno tro\u00ad\u0161ko\u00advi za\u00adra\u00adda su ve\u00ad\u0107i od ukup\u00adnog pri\u00adho\u00adda.<\/p>\n<p><strong>Dug pre\u00adma po\u00advje\u00adri\u00ado\u00adci\u00adma pre\u00adko tri mi\u00adli\u00ado\u00adna eura<\/strong><\/p>\n<p>Pre\u00adma po\u00adda\u00adci\u00adma od pro\u00ad\u0161le go\u00addi\u00adne, jav\u00adna pred\u00adu\u00adze\u00ad\u0107a Ko\u00admu\u00adnal\u00adne dje\u00adlat\u00adno\u00adsti i Vo\u00addo\u00advod i ka\u00adna\u00adli\u00adza\u00adci\u00adja du\u00adgu\u00adju po\u00advje\u00adri\u00ado\u00adci\u00adma pre\u00adko tri mi\u00adli\u00ado\u00adna eura. Za\u00adpo\u00adsle\u00adni\u00adma se du\u00adgu\u00adje u pro\u00adsje\u00adku od tri do de\u00advet za\u00adra\u00adda. Po osno\u00advu do\u00adpri\u00adno\u00adsa dug je pre\u00adko 800 hi\u00adlja\u00adda eura. Pro\u00ad\u0161le go\u00addi\u00adne, zbog du\u00adga za stru\u00adju od 200 hi\u00adlja\u00adda eura, Vo\u00addo\u00advo\u00addu je is\u00adklju\u00ad\u010de\u00adna stru\u00adja, a bez na\u00adpa\u00adja\u00adnja su osta\u00adle i pum\u00adpe za vo\u00addu na ne\u00adko\u00adli\u00adko iz\u00advo\u00adri\u00ad\u0161ta, zbog \u010de\u00adga gra\u00ad\u0111a\u00adni Ul\u00adci\u00adnja ni\u00adsu ima\u00adli vo\u00addu \u010de\u00adti\u00adri da\u00adna.<\/p>\n<p><strong>Izvor: DAN<\/strong><\/p>\n","protected":false},"excerpt":{"rendered":"<p>UL\u00adCINj \u2013 U\u010de\u00adsta\u00adli \u0161traj\u00adko\u00advi rad\u00adni\u00adka u ul\u00adcinj\u00adskim jav\u00adnim pred\u00adu\u00adze\u00ad\u0107i\u00adma Ko\u00admu\u00adnal\u00adne dje\u00adlat\u00adno\u00adsti i Vo\u00addo\u00advod i ka\u00adna\u00adli\u00adza\u00adci\u00adja, u ko\u00adji\u00adma ve\u0107 ne\u00adko\u00adli\u00adko go\u00addi\u00adna ti\u00adnja\u00adju pro\u00adble\u00admi zbog lo\u00ad\u0161eg fi\u00adnan\u00adsij\u00adskog po\u00adslo\u00adva\u00adnja, po\u00adka\u00adza\u00adli su da seg\u00admen\u00adta\u00adci\u00adja ne\u00adka\u00adda\u00ad\u0161njeg je\u00addin\u00adstve\u00adnog JKP Ul\u00adcinj ni\u00adje da\u00adla \u017ee\u00adlje\u00adne re\u00adzul\u00adta\u00adte. Ka\u00adda su u ma\u00adju 2012. go\u00addi\u00adne iz jed\u00adnog na\u00adsta\u00adla dva pred\u00adu\u00adze\u00ad\u0107a o\u010de\u00adki\u00adva\u00adlo se da \u0107e re\u00ador\u00adga\u00adni\u00adza\u00adci\u00adja no\u00advim [&hellip;]<\/p>\n","protected":false},"author":1,"featured_media":0,"comment_status":"closed","ping_status":"closed","sticky":false,"template":"","format":"standard","meta":{"spay_email":"","jetpack_publicize_message":"","jetpack_is_tweetstorm":false,"jetpack_publicize_feature_enabled":true},"categories":[8337],"tags":[],"jetpack_publicize_connections":[],"yoast_head":"<!-- This site is optimized with the Yoast SEO plugin v19.1 - https:\/\/yoast.com\/wordpress\/plugins\/seo\/ -->\n<title>\u0106etkovi\u0107: Radni\u010dke plate \u201epojeli\u201d izbori - Lajme nga Ulqini<\/title>\n<meta name=\"description\" content=\"UL\u00adCINj \u2013 U\u010de\u00adsta\u00adli \u0161traj\u00adko\u00advi rad\u00adni\u00adka u ul\u00adcinj\u00adskim jav\u00adnim pred\u00adu\u00adze\u00ad\u0107i\u00adma Ko\u00admu\u00adnal\u00adne dje\u00adlat\u00adno\u00adsti i Vo\u00addo\u00advod i ka\u00adna\u00adli\u00adza\u00adci\u00adja, u ko\u00adji\u00adma\" \/>\n<meta name=\"robots\" content=\"index, follow, max-snippet:-1, max-image-preview:large, max-video-preview:-1\" \/>\n<link rel=\"canonical\" href=\"https:\/\/www.visit-ulcinj.com\/blog\/2014\/06\/10\/cetkovic-radnicke-plate-pojeli-izbori\/\" \/>\n<meta property=\"og:locale\" content=\"en_US\" \/>\n<meta property=\"og:type\" content=\"article\" \/>\n<meta property=\"og:title\" content=\"\u0106etkovi\u0107: Radni\u010dke plate \u201epojeli\u201d izbori - Lajme nga Ulqini\" \/>\n<meta property=\"og:description\" content=\"UL\u00adCINj \u2013 U\u010de\u00adsta\u00adli \u0161traj\u00adko\u00advi rad\u00adni\u00adka u ul\u00adcinj\u00adskim jav\u00adnim pred\u00adu\u00adze\u00ad\u0107i\u00adma Ko\u00admu\u00adnal\u00adne dje\u00adlat\u00adno\u00adsti i Vo\u00addo\u00advod i ka\u00adna\u00adli\u00adza\u00adci\u00adja, u ko\u00adji\u00adma\" \/>\n<meta property=\"og:url\" content=\"https:\/\/www.visit-ulcinj.com\/blog\/2014\/06\/10\/cetkovic-radnicke-plate-pojeli-izbori\/\" \/>\n<meta property=\"og:site_name\" content=\"Lajme nga Ulqini\" \/>\n<meta property=\"article:published_time\" content=\"2014-06-10T16:11:15+00:00\" \/>\n<meta property=\"og:image\" content=\"http:\/\/www.visit-ulcinj.com\/blog\/wp-content\/uploads\/2014\/06\/JKP-Ulcinj.jpg\" \/>\n<meta name=\"twitter:label1\" content=\"Written by\" \/>\n\t<meta name=\"twitter:data1\" content=\"ulqini\" \/>\n\t<meta name=\"twitter:label2\" content=\"Est. reading time\" \/>\n\t<meta name=\"twitter:data2\" content=\"10 minutes\" \/>\n<script type=\"application\/ld+json\" class=\"yoast-schema-graph\">{\"@context\":\"https:\/\/schema.org\",\"@graph\":[{\"@type\":\"WebSite\",\"@id\":\"https:\/\/www.visit-ulcinj.com\/blog\/#website\",\"url\":\"https:\/\/www.visit-ulcinj.com\/blog\/\",\"name\":\"Lajme nga Ulqini\",\"description\":\"Lajme,Vijesti,Ulqini,Ulqin,Crna Gora,Mali i Zi\",\"potentialAction\":[{\"@type\":\"SearchAction\",\"target\":{\"@type\":\"EntryPoint\",\"urlTemplate\":\"https:\/\/www.visit-ulcinj.com\/blog\/?s={search_term_string}\"},\"query-input\":\"required name=search_term_string\"}],\"inLanguage\":\"en-US\"},{\"@type\":\"ImageObject\",\"inLanguage\":\"en-US\",\"@id\":\"https:\/\/www.visit-ulcinj.com\/blog\/2014\/06\/10\/cetkovic-radnicke-plate-pojeli-izbori\/#primaryimage\",\"url\":\"https:\/\/www.visit-ulcinj.com\/blog\/wp-content\/uploads\/2014\/06\/JKP-Ulcinj.jpg\",\"contentUrl\":\"https:\/\/www.visit-ulcinj.com\/blog\/wp-content\/uploads\/2014\/06\/JKP-Ulcinj.jpg\",\"width\":640,\"height\":480},{\"@type\":\"WebPage\",\"@id\":\"https:\/\/www.visit-ulcinj.com\/blog\/2014\/06\/10\/cetkovic-radnicke-plate-pojeli-izbori\/#webpage\",\"url\":\"https:\/\/www.visit-ulcinj.com\/blog\/2014\/06\/10\/cetkovic-radnicke-plate-pojeli-izbori\/\",\"name\":\"\u0106etkovi\u0107: Radni\u010dke plate \u201epojeli\u201d izbori - Lajme nga Ulqini\",\"isPartOf\":{\"@id\":\"https:\/\/www.visit-ulcinj.com\/blog\/#website\"},\"primaryImageOfPage\":{\"@id\":\"https:\/\/www.visit-ulcinj.com\/blog\/2014\/06\/10\/cetkovic-radnicke-plate-pojeli-izbori\/#primaryimage\"},\"datePublished\":\"2014-06-10T16:11:15+00:00\",\"dateModified\":\"2014-06-10T16:11:15+00:00\",\"author\":{\"@id\":\"https:\/\/www.visit-ulcinj.com\/blog\/#\/schema\/person\/dcab619c614d3038751c63bc2aadc06d\"},\"description\":\"UL\u00adCINj \u2013 U\u010de\u00adsta\u00adli \u0161traj\u00adko\u00advi rad\u00adni\u00adka u ul\u00adcinj\u00adskim jav\u00adnim pred\u00adu\u00adze\u00ad\u0107i\u00adma Ko\u00admu\u00adnal\u00adne dje\u00adlat\u00adno\u00adsti i Vo\u00addo\u00advod i ka\u00adna\u00adli\u00adza\u00adci\u00adja, u ko\u00adji\u00adma\",\"breadcrumb\":{\"@id\":\"https:\/\/www.visit-ulcinj.com\/blog\/2014\/06\/10\/cetkovic-radnicke-plate-pojeli-izbori\/#breadcrumb\"},\"inLanguage\":\"en-US\",\"potentialAction\":[{\"@type\":\"ReadAction\",\"target\":[\"https:\/\/www.visit-ulcinj.com\/blog\/2014\/06\/10\/cetkovic-radnicke-plate-pojeli-izbori\/\"]}]},{\"@type\":\"BreadcrumbList\",\"@id\":\"https:\/\/www.visit-ulcinj.com\/blog\/2014\/06\/10\/cetkovic-radnicke-plate-pojeli-izbori\/#breadcrumb\",\"itemListElement\":[{\"@type\":\"ListItem\",\"position\":1,\"name\":\"\u0106etkovi\u0107: Radni\u010dke plate \u201epojeli\u201d izbori\"}]},{\"@type\":\"Person\",\"@id\":\"https:\/\/www.visit-ulcinj.com\/blog\/#\/schema\/person\/dcab619c614d3038751c63bc2aadc06d\",\"name\":\"ulqini\",\"sameAs\":[\"http:\/\/www.visit-ulcinj.com\"],\"url\":\"https:\/\/www.visit-ulcinj.com\/blog\/author\/admin\/\"}]}<\/script>\n<!-- \/ Yoast SEO plugin. -->","yoast_head_json":{"title":"\u0106etkovi\u0107: Radni\u010dke plate \u201epojeli\u201d izbori - Lajme nga Ulqini","description":"UL\u00adCINj \u2013 U\u010de\u00adsta\u00adli \u0161traj\u00adko\u00advi rad\u00adni\u00adka u ul\u00adcinj\u00adskim jav\u00adnim pred\u00adu\u00adze\u00ad\u0107i\u00adma Ko\u00admu\u00adnal\u00adne dje\u00adlat\u00adno\u00adsti i Vo\u00addo\u00advod i ka\u00adna\u00adli\u00adza\u00adci\u00adja, u ko\u00adji\u00adma","robots":{"index":"index","follow":"follow","max-snippet":"max-snippet:-1","max-image-preview":"max-image-preview:large","max-video-preview":"max-video-preview:-1"},"canonical":"https:\/\/www.visit-ulcinj.com\/blog\/2014\/06\/10\/cetkovic-radnicke-plate-pojeli-izbori\/","og_locale":"en_US","og_type":"article","og_title":"\u0106etkovi\u0107: Radni\u010dke plate \u201epojeli\u201d izbori - Lajme nga Ulqini","og_description":"UL\u00adCINj \u2013 U\u010de\u00adsta\u00adli \u0161traj\u00adko\u00advi rad\u00adni\u00adka u ul\u00adcinj\u00adskim jav\u00adnim pred\u00adu\u00adze\u00ad\u0107i\u00adma Ko\u00admu\u00adnal\u00adne dje\u00adlat\u00adno\u00adsti i Vo\u00addo\u00advod i ka\u00adna\u00adli\u00adza\u00adci\u00adja, u ko\u00adji\u00adma","og_url":"https:\/\/www.visit-ulcinj.com\/blog\/2014\/06\/10\/cetkovic-radnicke-plate-pojeli-izbori\/","og_site_name":"Lajme nga Ulqini","article_published_time":"2014-06-10T16:11:15+00:00","og_image":[{"url":"http:\/\/www.visit-ulcinj.com\/blog\/wp-content\/uploads\/2014\/06\/JKP-Ulcinj.jpg"}],"twitter_misc":{"Written by":"ulqini","Est. reading time":"10 minutes"},"schema":{"@context":"https:\/\/schema.org","@graph":[{"@type":"WebSite","@id":"https:\/\/www.visit-ulcinj.com\/blog\/#website","url":"https:\/\/www.visit-ulcinj.com\/blog\/","name":"Lajme nga Ulqini","description":"Lajme,Vijesti,Ulqini,Ulqin,Crna Gora,Mali i Zi","potentialAction":[{"@type":"SearchAction","target":{"@type":"EntryPoint","urlTemplate":"https:\/\/www.visit-ulcinj.com\/blog\/?s={search_term_string}"},"query-input":"required name=search_term_string"}],"inLanguage":"en-US"},{"@type":"ImageObject","inLanguage":"en-US","@id":"https:\/\/www.visit-ulcinj.com\/blog\/2014\/06\/10\/cetkovic-radnicke-plate-pojeli-izbori\/#primaryimage","url":"https:\/\/www.visit-ulcinj.com\/blog\/wp-content\/uploads\/2014\/06\/JKP-Ulcinj.jpg","contentUrl":"https:\/\/www.visit-ulcinj.com\/blog\/wp-content\/uploads\/2014\/06\/JKP-Ulcinj.jpg","width":640,"height":480},{"@type":"WebPage","@id":"https:\/\/www.visit-ulcinj.com\/blog\/2014\/06\/10\/cetkovic-radnicke-plate-pojeli-izbori\/#webpage","url":"https:\/\/www.visit-ulcinj.com\/blog\/2014\/06\/10\/cetkovic-radnicke-plate-pojeli-izbori\/","name":"\u0106etkovi\u0107: Radni\u010dke plate \u201epojeli\u201d izbori - Lajme nga Ulqini","isPartOf":{"@id":"https:\/\/www.visit-ulcinj.com\/blog\/#website"},"primaryImageOfPage":{"@id":"https:\/\/www.visit-ulcinj.com\/blog\/2014\/06\/10\/cetkovic-radnicke-plate-pojeli-izbori\/#primaryimage"},"datePublished":"2014-06-10T16:11:15+00:00","dateModified":"2014-06-10T16:11:15+00:00","author":{"@id":"https:\/\/www.visit-ulcinj.com\/blog\/#\/schema\/person\/dcab619c614d3038751c63bc2aadc06d"},"description":"UL\u00adCINj \u2013 U\u010de\u00adsta\u00adli \u0161traj\u00adko\u00advi rad\u00adni\u00adka u ul\u00adcinj\u00adskim jav\u00adnim pred\u00adu\u00adze\u00ad\u0107i\u00adma Ko\u00admu\u00adnal\u00adne dje\u00adlat\u00adno\u00adsti i Vo\u00addo\u00advod i ka\u00adna\u00adli\u00adza\u00adci\u00adja, u ko\u00adji\u00adma","breadcrumb":{"@id":"https:\/\/www.visit-ulcinj.com\/blog\/2014\/06\/10\/cetkovic-radnicke-plate-pojeli-izbori\/#breadcrumb"},"inLanguage":"en-US","potentialAction":[{"@type":"ReadAction","target":["https:\/\/www.visit-ulcinj.com\/blog\/2014\/06\/10\/cetkovic-radnicke-plate-pojeli-izbori\/"]}]},{"@type":"BreadcrumbList","@id":"https:\/\/www.visit-ulcinj.com\/blog\/2014\/06\/10\/cetkovic-radnicke-plate-pojeli-izbori\/#breadcrumb","itemListElement":[{"@type":"ListItem","position":1,"name":"\u0106etkovi\u0107: Radni\u010dke plate \u201epojeli\u201d izbori"}]},{"@type":"Person","@id":"https:\/\/www.visit-ulcinj.com\/blog\/#\/schema\/person\/dcab619c614d3038751c63bc2aadc06d","name":"ulqini","sameAs":["http:\/\/www.visit-ulcinj.com"],"url":"https:\/\/www.visit-ulcinj.com\/blog\/author\/admin\/"}]}},"jetpack_featured_media_url":"","jetpack_sharing_enabled":true,"jetpack_shortlink":"https:\/\/wp.me\/pe6lTn-lAb","_links":{"self":[{"href":"https:\/\/www.visit-ulcinj.com\/blog\/wp-json\/wp\/v2\/posts\/82967"}],"collection":[{"href":"https:\/\/www.visit-ulcinj.com\/blog\/wp-json\/wp\/v2\/posts"}],"about":[{"href":"https:\/\/www.visit-ulcinj.com\/blog\/wp-json\/wp\/v2\/types\/post"}],"author":[{"embeddable":true,"href":"https:\/\/www.visit-ulcinj.com\/blog\/wp-json\/wp\/v2\/users\/1"}],"replies":[{"embeddable":true,"href":"https:\/\/www.visit-ulcinj.com\/blog\/wp-json\/wp\/v2\/comments?post=82967"}],"version-history":[{"count":1,"href":"https:\/\/www.visit-ulcinj.com\/blog\/wp-json\/wp\/v2\/posts\/82967\/revisions"}],"predecessor-version":[{"id":82969,"href":"https:\/\/www.visit-ulcinj.com\/blog\/wp-json\/wp\/v2\/posts\/82967\/revisions\/82969"}],"wp:attachment":[{"href":"https:\/\/www.visit-ulcinj.com\/blog\/wp-json\/wp\/v2\/media?parent=82967"}],"wp:term":[{"taxonomy":"category","embeddable":true,"href":"https:\/\/www.visit-ulcinj.com\/blog\/wp-json\/wp\/v2\/categories?post=82967"},{"taxonomy":"post_tag","embeddable":true,"href":"https:\/\/www.visit-ulcinj.com\/blog\/wp-json\/wp\/v2\/tags?post=82967"}],"curies":[{"name":"wp","href":"https:\/\/api.w.org\/{rel}","templated":true}]}}