{"id":82970,"date":"2014-06-10T17:17:04","date_gmt":"2014-06-10T16:17:04","guid":{"rendered":"http:\/\/www.visit-ulcinj.com\/blog\/?p=82970"},"modified":"2014-06-10T17:27:44","modified_gmt":"2014-06-10T16:27:44","slug":"protiv-fatmira-deke-podneta-krivicna-prijava","status":"publish","type":"post","link":"https:\/\/www.visit-ulcinj.com\/blog\/2014\/06\/10\/protiv-fatmira-deke-podneta-krivicna-prijava\/","title":{"rendered":"Protiv Fatmira \u0110eke podneta krivi\u010dna prijava"},"content":{"rendered":"<div id=\"article_text\">\n<p><a href=\"http:\/\/www.visit-ulcinj.com\/blog\/wp-content\/uploads\/2014\/06\/Fatmir-Gjeka.jpg\"><img loading=\"lazy\" class=\"alignleft  wp-image-82971\" alt=\"Fatmir-Gjeka\" src=\"http:\/\/www.visit-ulcinj.com\/blog\/wp-content\/uploads\/2014\/06\/Fatmir-Gjeka.jpg\" width=\"508\" height=\"360\" \/><\/a>Slu\u017ebenici Ministarstva unutra\u0161njih poslova iz Odsjeka za borbu protiv organizovanog kriminala podnijeli su krivi\u010dnu prijavu predsjednika Op\u0161tine Ulcinj Fatmira \u0110eke.<\/p>\n<p>Prijava je podnijeta zajedno sa barskom policijom Osnovnom dr\u017eavnom tu\u017eiocu u Ulcinju.<\/p>\n<p>\u0110eka je osumnji\u010den da je za vrijeme dok je bio direktor uclinskog Vodovoda po\u010dinio zloupotrebu slu\u017ebenog polo\u017eaja, saop\u0161teno je iz policije.<\/p>\n<p>&#8220;Policijske aktivnosti, sprovedene u prethodnom periodu u saradnji sa nadle\u017enim tu\u017eiocem, ukazuju na osnovanu sumnju da je F.\u0110. krivi\u010dno djelo po\u010dinio tokom 2012. godine, u svojstvu odgovornog lica \u2013 direktora JP Vodovod i kanalizacije Ulcinj.<\/p>\n<p>Naime, sumnja se da je F.\u0110. u navedenom periodu, u namjeri da sebi ili drugom pribavi protivpravnu imovinsku korist, iskoristio slu\u017ebeni polo\u017eaj i prekora\u010dio granice svog ovla\u0161\u0107enja, \u010dime je ovom Javnom preduze\u0107u nanio \u0161tetu u ukupnom iznosu od oko 160.000 eura.<\/p>\n<p>Slu\u017ebenici CB Bar su ka nadle\u017enom tu\u017eiocu inicirali pokretanje finansijske istrage u ovom predmetu&#8221;, navodi se u saop\u0161tenju Uprave policije.<\/p>\n<p><strong>Izvor: Vijesti Online<\/strong><\/p>\n<p>&nbsp;<\/p>\n<p><strong>\u0110eka: Ne \u017eelim da komentari\u0161em prijavu, Marovi\u0107: Prijave bez epiloga ne zna\u010de ni\u0161ta<\/strong><\/p>\n<p>Inspektori barske policije i Odsjeka za organizovani kriminal podnijeli su krivi\u010dnu prijavu protiv Fatmira \u0110eke, predsjednika op\u0161tine Ulcinj, zbog zloupotrebe slu\u017ebenog polo\u017eaja te\u0161ke 160.000 eura.<\/p>\n<p>Prijava se odnosi na period kada je on on obavljao funkciju direktora ulcinjskog Vodovoda a tokom provjere dokumentacije utvr\u0111eno je da je \u0110eka navodno, na nezakonit na\u010din davao akontacije i donacije koje su zavr\u0161avale na ra\u010dunima glasa\u010da njegove Demokratske partije.<br \/>\nPitali smo \u0110eku kako komentari\u0161e optu\u017ebe na njegov ra\u010dun. U kratkom razgovoru nam je kazao:<\/p>\n<p>&#8221;Ne \u017eelim to da komentari\u0161em. Vidje\u0107emo \u0161ta \u0107e biti to je za sada moja izjava.&#8221;<\/p>\n<p>Nije \u0110eka prvi predjsednik neke op\u0161tine koji se sumnji\u010di da novac nije tro\u0161io u skladu sa zakonom.<br \/>\nNajve\u0107i i u posljednje vrijeme najaktuelniji slu\u010daj je Ko\u0161ljun iz Budve, u kome se \u010deka epilog. Predsjedniku op\u0161tine Budva Lazaru Ra\u0111enovi\u0107u stavlja se na teret da je 2007., kada je bio predsednik op\u0161tinske komisije za prodaju zemlji\u0161ta na brdu Ko\u0161ljun, o\u0161tetio lokalni bud\u017eet dva miliona evra.<br \/>\nNije to ni jedini slu\u010daj u kome se \u010deka epilog.<br \/>\nI biv\u0161i gradona\u010delnik Nik\u0161i\u0107a Neboj\u0161a Radoji\u010di\u0107 zaradio je krivi\u010dnu prijavu. Podnijela je policija po\u010detkom marta i to zbog osnovane sumnje da je po\u010dinio krivi\u010dno djelo zloupotreba slu\u017ebenog polo\u017eaja i op\u0161tinski bud\u017eet o\u0161tetio 150.000 eura u periodu 2012- 2013.<\/p>\n<p>Protiv biv\u0161ih \u010delnika op\u0161tine Berane podnijete su krivi\u010dne prijave tako\u0111e zbog zloupotrebe slu\u017ebenog polo\u017eaja te\u0161ke preko 300.000 eura.<br \/>\nPrvi \u010dovjek Bara \u017darko Pavi\u0107evi\u0107 je ,,pod istragom&#8221; zbog organizovanja kriminalne strukture u upravljanju op\u0161tinskim zemlji\u0161tem, razvojnom planiranju i izgradnji i javnim nabavkama.<br \/>\nKad se podvu\u010de crta dobije se podatak da se ispituju navodi ili se ve\u0107 vode postupci protiv 5 biv\u0161ih ili sada\u0161njih predsjednika op\u0161tina zbog zloupotrebe slu\u017ebenog polo\u017eaja koje su zajedno te\u0161ke preko 2 ipo miliona eura.Epiloga jo\u0161 nema.<br \/>\nJovana Marovi\u0107 iz institute Alternativa koja je i \u010dlan radne grupe za poglavlje 23 za na\u0161 radio ka\u017ee da je dobro \u0161to nadle\u017eni pokazuju zainteresovanost da sumnjiva poslovanja lokalnih samouprava budu ispitana.Ipak prijave bez epiloga ne zna\u010de ni\u0161ta ocjenjuje MArovi\u0107:<\/p>\n<p>&#8221;Bez tu\u017eila\u010dkog i sudskog epiloga mnogo ne odmi\u010demo. Sumnje da je neko zloupotpijebio polo\u017eaj ne zna\u010de ni\u0161ta.&#8221;<\/p>\n<p>Marovic dodaje:<\/p>\n<p>&#8221;Moglo bi se re\u0107i da aktivnosti koje sprovode nadle\u017eni organi nijesu dovoljne u efikasnoj borbi protiv korupcije. Ovakvi slu\u010dajevi koji ukazujuna potencijalne zna\u010dajne zloupotrebe javnih resursa,trebalo bi da intenziviraju rad tu\u017eila\u0161tva.&#8221;<\/p>\n<p>Borba protiv korupcije ne mo\u017ee in e smije biti selektivna smatra Marovi\u0107:<\/p>\n<p>&#8221;Ovo ne smije biti slu\u010daj samo u onimop\u0161tinama u kojima se promijenila vlast. to ne doprinosi vladavini prava ve\u0107 vi\u0161e li\u010di na politi\u010dko obra\u010dunavanje sa neistomi\u0161ljenicima kojem smo ve\u0107 vi\u0161e puta bili svjedoci.&#8221;<\/p>\n<p>U krivi\u010dnoj prijavi je navedeno i da je utvr\u0111eno da je Fatmir \u0110eka zaposlio odre\u0111en broj ljudi mimo zakona.<br \/>\nKako pi\u0161u dana\u0161nji mediji, \u0110eka je ju\u010de saslu\u0161an u policiji gdje je negirao da je po\u010dinio djelo koje mu je stavljeno na teret.<\/p>\n<p><strong>Mirjana Miladinovi\u0107<\/strong><br \/>\n<strong>Izvor: Radio Antena M<\/strong><\/p>\n<p>&nbsp;<\/p>\n<p><strong>Krivi\u010dna prijava protiv Fatmira \u0110eke zbog 160.000 eura<\/strong><\/p>\n<p>Inspektori barske policije i Odsjeka za organizovani kriminal ju\u010de su podnijeli krivi\u010dnu prijavu protiv Fatmira \u0110eke, predsjednika op\u0161tine Ulcinj, zbog zloupotrebe slu\u017ebenog polo\u017eaja, u vrijednosti oko 160.000 eura, pi\u0161e <em>Dan<\/em>.<\/p>\n<p>Prijava se odnosi na period kada je on on obavljao funkciju direktora ulcinjskog <em>Vodovoda<\/em>. Prema saznanjima podgori\u010dkog lista, u dogovoru sa specijalnim tu\u017eiocem \u0110ur\u0111inom &#8211; Ninom Ivanovi\u0107, prijava je proslije\u0111ena tu\u017eila\u0161tvu u Ulcinju.<\/p>\n<p>&#8211; Tokom sprovo\u0111enja istra\u017enih radnji, do\u0161li smo do podatka da je \u0110eka zloupotrijebio slu\u017ebeni polo\u017eaj, u vrijednosti od oko 160.000 eura. Tokom provjere dokumentacije, utvr\u0111eno je da je \u0110eka na nezakonit na\u010din davao akontacije u iznosu od 120.000, a sporne su i donacije koje je odobrio kada je bio direktor Vodovoda &#8211; potvr\u0111eno je <em>Danu<\/em> u tu\u017eila\u0161tvu.<\/p>\n<p>Istra\u017eiteljima su bile sumnjive donacije koje je \u0110eka u to vrijeme odobravao gra\u0111anima, jer postoje indicije da je taj novac zavr\u0161io na ra\u010dunima glasa\u010da Demokratske partije na \u010dijem je \u010delu. Upravo je to bio osnov da policija zapo\u010dne provjeru poslovanja ulcinjskog <em>Vodovoda<\/em>, a tokom sprovo\u0111enja istra\u017enih radnji otkrivene su nove sumnjive transakcije. Dokumentacija o poslovanju <em>Vodovoda<\/em> u tom periodu ne podudara se sa finansijskim izvje\u0161tajima koji prate poslovanje. U krivi\u010dnoj prijavi je navedeno i da je utvr\u0111eno da je \u0110eka zaposlio jedan broj lica mimo zakona.<\/p>\n<p>Kako saznaje <em>Dan<\/em> Fatmir \u0110eka je ju\u010de saslu\u0161an u policiji na okolnosti krivi\u010dne prijave koja je podnesena protiv njega. On je negirao da je po\u010dinio djelo koje mu je stavljeno na teret i tvrdio da je sve radio po zakonu. Navodno je rekao da se sve to radi \u201ezato \u0161to je postao predsjednik Op\u0161tine\u201c i da mu se zato \u201epakuju\u201c navodne nezakonitosti.<\/p>\n<p><strong>Izvor: Analitika &#8211; Informativni Portal<\/strong><\/p>\n<\/div>\n","protected":false},"excerpt":{"rendered":"<p>Slu\u017ebenici Ministarstva unutra\u0161njih poslova iz Odsjeka za borbu protiv organizovanog kriminala podnijeli su krivi\u010dnu prijavu predsjednika Op\u0161tine Ulcinj Fatmira \u0110eke. Prijava je podnijeta zajedno sa barskom policijom Osnovnom dr\u017eavnom tu\u017eiocu u Ulcinju. \u0110eka je osumnji\u010den da je za vrijeme dok je bio direktor uclinskog Vodovoda po\u010dinio zloupotrebu slu\u017ebenog polo\u017eaja, saop\u0161teno je iz policije. &#8220;Policijske aktivnosti, [&hellip;]<\/p>\n","protected":false},"author":1,"featured_media":0,"comment_status":"closed","ping_status":"closed","sticky":false,"template":"","format":"standard","meta":{"spay_email":"","jetpack_publicize_message":"","jetpack_is_tweetstorm":false,"jetpack_publicize_feature_enabled":true},"categories":[8337],"tags":[],"jetpack_publicize_connections":[],"yoast_head":"<!-- This site is optimized with the Yoast SEO plugin v19.1 - https:\/\/yoast.com\/wordpress\/plugins\/seo\/ -->\n<title>Protiv Fatmira \u0110eke podneta krivi\u010dna prijava - Lajme nga Ulqini<\/title>\n<meta name=\"description\" content=\"Slu\u017ebenici Ministarstva unutra\u0161njih poslova iz Odsjeka za borbu protiv organizovanog kriminala podnijeli su krivi\u010dnu prijavu predsjednika Op\u0161tine Ulcinj\" \/>\n<meta name=\"robots\" content=\"index, follow, max-snippet:-1, max-image-preview:large, max-video-preview:-1\" \/>\n<link rel=\"canonical\" href=\"https:\/\/www.visit-ulcinj.com\/blog\/2014\/06\/10\/protiv-fatmira-deke-podneta-krivicna-prijava\/\" \/>\n<meta property=\"og:locale\" content=\"en_US\" \/>\n<meta property=\"og:type\" content=\"article\" \/>\n<meta property=\"og:title\" content=\"Protiv Fatmira \u0110eke podneta krivi\u010dna prijava - Lajme nga Ulqini\" \/>\n<meta property=\"og:description\" content=\"Slu\u017ebenici Ministarstva unutra\u0161njih poslova iz Odsjeka za borbu protiv organizovanog kriminala podnijeli su krivi\u010dnu prijavu predsjednika Op\u0161tine Ulcinj\" \/>\n<meta property=\"og:url\" content=\"https:\/\/www.visit-ulcinj.com\/blog\/2014\/06\/10\/protiv-fatmira-deke-podneta-krivicna-prijava\/\" \/>\n<meta property=\"og:site_name\" content=\"Lajme nga Ulqini\" \/>\n<meta property=\"article:published_time\" content=\"2014-06-10T16:17:04+00:00\" \/>\n<meta property=\"article:modified_time\" content=\"2014-06-10T16:27:44+00:00\" \/>\n<meta property=\"og:image\" content=\"http:\/\/www.visit-ulcinj.com\/blog\/wp-content\/uploads\/2014\/06\/Fatmir-Gjeka.jpg\" \/>\n<meta name=\"twitter:label1\" content=\"Written by\" \/>\n\t<meta name=\"twitter:data1\" content=\"ulqini\" \/>\n\t<meta name=\"twitter:label2\" content=\"Est. reading time\" \/>\n\t<meta name=\"twitter:data2\" content=\"5 minutes\" \/>\n<script type=\"application\/ld+json\" class=\"yoast-schema-graph\">{\"@context\":\"https:\/\/schema.org\",\"@graph\":[{\"@type\":\"WebSite\",\"@id\":\"https:\/\/www.visit-ulcinj.com\/blog\/#website\",\"url\":\"https:\/\/www.visit-ulcinj.com\/blog\/\",\"name\":\"Lajme nga Ulqini\",\"description\":\"Lajme,Vijesti,Ulqini,Ulqin,Crna Gora,Mali i Zi\",\"potentialAction\":[{\"@type\":\"SearchAction\",\"target\":{\"@type\":\"EntryPoint\",\"urlTemplate\":\"https:\/\/www.visit-ulcinj.com\/blog\/?s={search_term_string}\"},\"query-input\":\"required name=search_term_string\"}],\"inLanguage\":\"en-US\"},{\"@type\":\"ImageObject\",\"inLanguage\":\"en-US\",\"@id\":\"https:\/\/www.visit-ulcinj.com\/blog\/2014\/06\/10\/protiv-fatmira-deke-podneta-krivicna-prijava\/#primaryimage\",\"url\":\"https:\/\/www.visit-ulcinj.com\/blog\/wp-content\/uploads\/2014\/06\/Fatmir-Gjeka.jpg\",\"contentUrl\":\"https:\/\/www.visit-ulcinj.com\/blog\/wp-content\/uploads\/2014\/06\/Fatmir-Gjeka.jpg\",\"width\":960,\"height\":640},{\"@type\":\"WebPage\",\"@id\":\"https:\/\/www.visit-ulcinj.com\/blog\/2014\/06\/10\/protiv-fatmira-deke-podneta-krivicna-prijava\/#webpage\",\"url\":\"https:\/\/www.visit-ulcinj.com\/blog\/2014\/06\/10\/protiv-fatmira-deke-podneta-krivicna-prijava\/\",\"name\":\"Protiv Fatmira \u0110eke podneta krivi\u010dna prijava - Lajme nga Ulqini\",\"isPartOf\":{\"@id\":\"https:\/\/www.visit-ulcinj.com\/blog\/#website\"},\"primaryImageOfPage\":{\"@id\":\"https:\/\/www.visit-ulcinj.com\/blog\/2014\/06\/10\/protiv-fatmira-deke-podneta-krivicna-prijava\/#primaryimage\"},\"datePublished\":\"2014-06-10T16:17:04+00:00\",\"dateModified\":\"2014-06-10T16:27:44+00:00\",\"author\":{\"@id\":\"https:\/\/www.visit-ulcinj.com\/blog\/#\/schema\/person\/dcab619c614d3038751c63bc2aadc06d\"},\"description\":\"Slu\u017ebenici Ministarstva unutra\u0161njih poslova iz Odsjeka za borbu protiv organizovanog kriminala podnijeli su krivi\u010dnu prijavu predsjednika Op\u0161tine Ulcinj\",\"breadcrumb\":{\"@id\":\"https:\/\/www.visit-ulcinj.com\/blog\/2014\/06\/10\/protiv-fatmira-deke-podneta-krivicna-prijava\/#breadcrumb\"},\"inLanguage\":\"en-US\",\"potentialAction\":[{\"@type\":\"ReadAction\",\"target\":[\"https:\/\/www.visit-ulcinj.com\/blog\/2014\/06\/10\/protiv-fatmira-deke-podneta-krivicna-prijava\/\"]}]},{\"@type\":\"BreadcrumbList\",\"@id\":\"https:\/\/www.visit-ulcinj.com\/blog\/2014\/06\/10\/protiv-fatmira-deke-podneta-krivicna-prijava\/#breadcrumb\",\"itemListElement\":[{\"@type\":\"ListItem\",\"position\":1,\"name\":\"Protiv Fatmira \u0110eke podneta krivi\u010dna prijava\"}]},{\"@type\":\"Person\",\"@id\":\"https:\/\/www.visit-ulcinj.com\/blog\/#\/schema\/person\/dcab619c614d3038751c63bc2aadc06d\",\"name\":\"ulqini\",\"sameAs\":[\"http:\/\/www.visit-ulcinj.com\"],\"url\":\"https:\/\/www.visit-ulcinj.com\/blog\/author\/admin\/\"}]}<\/script>\n<!-- \/ Yoast SEO plugin. -->","yoast_head_json":{"title":"Protiv Fatmira \u0110eke podneta krivi\u010dna prijava - Lajme nga Ulqini","description":"Slu\u017ebenici Ministarstva unutra\u0161njih poslova iz Odsjeka za borbu protiv organizovanog kriminala podnijeli su krivi\u010dnu prijavu predsjednika Op\u0161tine Ulcinj","robots":{"index":"index","follow":"follow","max-snippet":"max-snippet:-1","max-image-preview":"max-image-preview:large","max-video-preview":"max-video-preview:-1"},"canonical":"https:\/\/www.visit-ulcinj.com\/blog\/2014\/06\/10\/protiv-fatmira-deke-podneta-krivicna-prijava\/","og_locale":"en_US","og_type":"article","og_title":"Protiv Fatmira \u0110eke podneta krivi\u010dna prijava - Lajme nga Ulqini","og_description":"Slu\u017ebenici Ministarstva unutra\u0161njih poslova iz Odsjeka za borbu protiv organizovanog kriminala podnijeli su krivi\u010dnu prijavu predsjednika Op\u0161tine Ulcinj","og_url":"https:\/\/www.visit-ulcinj.com\/blog\/2014\/06\/10\/protiv-fatmira-deke-podneta-krivicna-prijava\/","og_site_name":"Lajme nga Ulqini","article_published_time":"2014-06-10T16:17:04+00:00","article_modified_time":"2014-06-10T16:27:44+00:00","og_image":[{"url":"http:\/\/www.visit-ulcinj.com\/blog\/wp-content\/uploads\/2014\/06\/Fatmir-Gjeka.jpg"}],"twitter_misc":{"Written by":"ulqini","Est. reading time":"5 minutes"},"schema":{"@context":"https:\/\/schema.org","@graph":[{"@type":"WebSite","@id":"https:\/\/www.visit-ulcinj.com\/blog\/#website","url":"https:\/\/www.visit-ulcinj.com\/blog\/","name":"Lajme nga Ulqini","description":"Lajme,Vijesti,Ulqini,Ulqin,Crna Gora,Mali i Zi","potentialAction":[{"@type":"SearchAction","target":{"@type":"EntryPoint","urlTemplate":"https:\/\/www.visit-ulcinj.com\/blog\/?s={search_term_string}"},"query-input":"required name=search_term_string"}],"inLanguage":"en-US"},{"@type":"ImageObject","inLanguage":"en-US","@id":"https:\/\/www.visit-ulcinj.com\/blog\/2014\/06\/10\/protiv-fatmira-deke-podneta-krivicna-prijava\/#primaryimage","url":"https:\/\/www.visit-ulcinj.com\/blog\/wp-content\/uploads\/2014\/06\/Fatmir-Gjeka.jpg","contentUrl":"https:\/\/www.visit-ulcinj.com\/blog\/wp-content\/uploads\/2014\/06\/Fatmir-Gjeka.jpg","width":960,"height":640},{"@type":"WebPage","@id":"https:\/\/www.visit-ulcinj.com\/blog\/2014\/06\/10\/protiv-fatmira-deke-podneta-krivicna-prijava\/#webpage","url":"https:\/\/www.visit-ulcinj.com\/blog\/2014\/06\/10\/protiv-fatmira-deke-podneta-krivicna-prijava\/","name":"Protiv Fatmira \u0110eke podneta krivi\u010dna prijava - Lajme nga Ulqini","isPartOf":{"@id":"https:\/\/www.visit-ulcinj.com\/blog\/#website"},"primaryImageOfPage":{"@id":"https:\/\/www.visit-ulcinj.com\/blog\/2014\/06\/10\/protiv-fatmira-deke-podneta-krivicna-prijava\/#primaryimage"},"datePublished":"2014-06-10T16:17:04+00:00","dateModified":"2014-06-10T16:27:44+00:00","author":{"@id":"https:\/\/www.visit-ulcinj.com\/blog\/#\/schema\/person\/dcab619c614d3038751c63bc2aadc06d"},"description":"Slu\u017ebenici Ministarstva unutra\u0161njih poslova iz Odsjeka za borbu protiv organizovanog kriminala podnijeli su krivi\u010dnu prijavu predsjednika Op\u0161tine Ulcinj","breadcrumb":{"@id":"https:\/\/www.visit-ulcinj.com\/blog\/2014\/06\/10\/protiv-fatmira-deke-podneta-krivicna-prijava\/#breadcrumb"},"inLanguage":"en-US","potentialAction":[{"@type":"ReadAction","target":["https:\/\/www.visit-ulcinj.com\/blog\/2014\/06\/10\/protiv-fatmira-deke-podneta-krivicna-prijava\/"]}]},{"@type":"BreadcrumbList","@id":"https:\/\/www.visit-ulcinj.com\/blog\/2014\/06\/10\/protiv-fatmira-deke-podneta-krivicna-prijava\/#breadcrumb","itemListElement":[{"@type":"ListItem","position":1,"name":"Protiv Fatmira \u0110eke podneta krivi\u010dna prijava"}]},{"@type":"Person","@id":"https:\/\/www.visit-ulcinj.com\/blog\/#\/schema\/person\/dcab619c614d3038751c63bc2aadc06d","name":"ulqini","sameAs":["http:\/\/www.visit-ulcinj.com"],"url":"https:\/\/www.visit-ulcinj.com\/blog\/author\/admin\/"}]}},"jetpack_featured_media_url":"","jetpack_sharing_enabled":true,"jetpack_shortlink":"https:\/\/wp.me\/pe6lTn-lAe","_links":{"self":[{"href":"https:\/\/www.visit-ulcinj.com\/blog\/wp-json\/wp\/v2\/posts\/82970"}],"collection":[{"href":"https:\/\/www.visit-ulcinj.com\/blog\/wp-json\/wp\/v2\/posts"}],"about":[{"href":"https:\/\/www.visit-ulcinj.com\/blog\/wp-json\/wp\/v2\/types\/post"}],"author":[{"embeddable":true,"href":"https:\/\/www.visit-ulcinj.com\/blog\/wp-json\/wp\/v2\/users\/1"}],"replies":[{"embeddable":true,"href":"https:\/\/www.visit-ulcinj.com\/blog\/wp-json\/wp\/v2\/comments?post=82970"}],"version-history":[{"count":4,"href":"https:\/\/www.visit-ulcinj.com\/blog\/wp-json\/wp\/v2\/posts\/82970\/revisions"}],"predecessor-version":[{"id":82978,"href":"https:\/\/www.visit-ulcinj.com\/blog\/wp-json\/wp\/v2\/posts\/82970\/revisions\/82978"}],"wp:attachment":[{"href":"https:\/\/www.visit-ulcinj.com\/blog\/wp-json\/wp\/v2\/media?parent=82970"}],"wp:term":[{"taxonomy":"category","embeddable":true,"href":"https:\/\/www.visit-ulcinj.com\/blog\/wp-json\/wp\/v2\/categories?post=82970"},{"taxonomy":"post_tag","embeddable":true,"href":"https:\/\/www.visit-ulcinj.com\/blog\/wp-json\/wp\/v2\/tags?post=82970"}],"curies":[{"name":"wp","href":"https:\/\/api.w.org\/{rel}","templated":true}]}}