{"id":82983,"date":"2014-06-11T07:49:13","date_gmt":"2014-06-11T06:49:13","guid":{"rendered":"http:\/\/www.visit-ulcinj.com\/blog\/?p=82983"},"modified":"2014-06-11T07:49:13","modified_gmt":"2014-06-11T06:49:13","slug":"ulcinjska-skupstina-tesko-funkcionise","status":"publish","type":"post","link":"https:\/\/www.visit-ulcinj.com\/blog\/2014\/06\/11\/ulcinjska-skupstina-tesko-funkcionise\/","title":{"rendered":"Ulcinjska skup\u0161tina te\u0161ko funkcioni\u0161e"},"content":{"rendered":"<div id=\"article_text\">\n<div id=\"attachment_82984\" style=\"width: 518px\" class=\"wp-caption alignleft\"><a href=\"http:\/\/www.visit-ulcinj.com\/blog\/wp-content\/uploads\/2014\/06\/Muhamet-Nika.jpg\"><img aria-describedby=\"caption-attachment-82984\" loading=\"lazy\" class=\" wp-image-82984\" alt=\"Muhamet-Nika\" src=\"http:\/\/www.visit-ulcinj.com\/blog\/wp-content\/uploads\/2014\/06\/Muhamet-Nika.jpg\" width=\"508\" height=\"316\" \/><\/a><p id=\"caption-attachment-82984\" class=\"wp-caption-text\">Foto: Samir Adrovi\u0107<\/p><\/div>\n<p>Ulcinjska Skup\u0161tina usvojila je ju\u010de popodne odluku o kreditnom zadu\u017eenju u iznosu od 1,2 miliona eura kako bi isplatila zaostale zarade svojim \u010dinovnicima u trenutku kada je &#8220;Partizanski put&#8221; iz Beograda blokirao \u017eiro ra\u010dun Op\u0161tine zbog 539 hiljada eura duga.<\/p>\n<p>Ulcinj tako na pragu obe\u0107avaju\u0107e sezone lagano klizi u finansijski bankrot dok \u0161ef Skup\u0161tine Fuad Had\u017eibeti, muku mu\u010di da okupi krhku ve\u0107inu u lokalnom parlamentu. Primoran je da sjednice u posljednje vrijeme zakazuje neradnim danima ili u popodnevnim satima kako bi u parlamentu bilo svih 17 odbornika pozicije, od ukupno 33, koliko broji ulcinjska Skup\u0161tina op\u0161tine.<\/p>\n<p>Novouspostavljena vlast, me\u0111utim, ni ju\u010de nije imala kvorum \u0161to je za odbornicu DUA Hatid\u017eu \u0110oni znak &#8220;da ne\u0161to mora da se mijenja&#8221;.<\/p>\n<p>&#8220;Novi izbori ili prelazna vlast do septembra, samo ne vi\u0161e ovako. Oni jednostavno ne funkcioni\u0161u bez nas&#8221; kazala je \u0110oni &#8220;Vijestima&#8221;. Ona je ocijenila \u201eda nije u pitanju ve\u0107ina od 17 odbornika nego njihov odnos prema obavezama&#8221;.<\/p>\n<p>&#8220;Oni su preuzeli odgovornost kada su do\u0161li na vlast&#8221;, kazala je ona.<\/p>\n<p>Had\u017eibeti je kazao da Ulcinj ima kvalitetan parlament u kome su i tri poslanika, dva iz pozicije i jedan iz opozcije.<\/p>\n<p>&#8220;Imamo i konstruktivnu opoziciju&#8221;, kazao je on &#8220;Vijestima&#8221;.<\/p>\n<p>Odgovaraju\u0107i na pitanje &#8220;Vijesti&#8221; za\u0161to zakazuje sjednice u popodnevnim satima i neradnim danima, on je kazao da su u pitanju problemi koje generi\u0161u neke druge okolnosti.<\/p>\n<p>&#8220;Imam te\u0161ko\u0107a zbog obaveza na\u0161ih poslanika u Podgorici&#8221;, priznao je Had\u017eibeti.<\/p>\n<p>Odbornik SNP Andrija \u0106etkovi\u0107 kazao je da je mislio da vlast u Ulcinju ne mo\u017ee da gore funkcioni\u0161e od prethodnih.<\/p>\n<p>&#8220;Tu su bili DPS i DUA pa Forca. Ali ovo je jo\u0161 korak nazad. Za stotinu dana vlasti ni\u0161ta nijesu napravili osim \u0161to su u kontinuitetu kr\u0161ili zakone i satut&#8221;, kazao je \u0106etkovi\u0107.<\/p>\n<p>Op\u0161tina \u0107e se zadu\u017eiti kod Atlas banke po nominalnoj kamati od 9%. Mjese\u010dni anuitet iznosi 19 hiljada eura a rok otplate je sedam godina.<\/p>\n<p>Resorni sekretarijat u obrazlo\u017eenju je naveo da u upori\u0161te u predlogu odluke ima i u usvojenom bud\u017eetu, kojim je predvi\u0111ena pozajmica od 1,2 miliona eura za potrebe teku\u0107eg bud\u017eeta. Op\u0161tina \u0107e za zadu\u017eenje pribaviti i saglasnost Vlade.<\/p>\n<p>Predsjedenik Op\u0161tine Fatmir \u0110eka kazao je ju\u010de da vjeruje da \u0107e kredit biti na raspolaganju vlastima po\u010detkom narednog mjeseca uprkos blokadi ra\u010duna.<\/p>\n<p>On je ranije &#8220;Vijestima&#8221; kazao da je pravda na strani Ulcinja i &#8220;da neko \u010ditavo vrijeme preko sudskih instanci poku\u0161ava da uzme ono \u0161to mu ne pripada i \u0161to je ve\u0107 davno ispla\u0107eno&#8221;.<\/p>\n<p>\u0110eka je naslijedio problem koji datira jo\u0161 od prije 24 godine, kada je SO Ulcinj stambenoj zadruzi &#8220;Partizanski put&#8221; dodijelila urbanisti\u010dke parcele na najatraktivnijim lokacijama na Pristanu povr\u0161ine oko \u0161est hiljada kvadrata.<\/p>\n<p>Beogra\u0111ani su davno naplatili glavnicu, sada je na red do\u0161la i kamata.<\/p>\n<p><strong>Samir Adrovi\u0107<\/strong><br \/>\n<strong>Izvor: Vijesti Online<\/strong><\/p>\n<\/div>\n","protected":false},"excerpt":{"rendered":"<p>Ulcinjska Skup\u0161tina usvojila je ju\u010de popodne odluku o kreditnom zadu\u017eenju u iznosu od 1,2 miliona eura kako bi isplatila zaostale zarade svojim \u010dinovnicima u trenutku kada je &#8220;Partizanski put&#8221; iz Beograda blokirao \u017eiro ra\u010dun Op\u0161tine zbog 539 hiljada eura duga. Ulcinj tako na pragu obe\u0107avaju\u0107e sezone lagano klizi u finansijski bankrot dok \u0161ef Skup\u0161tine Fuad [&hellip;]<\/p>\n","protected":false},"author":1,"featured_media":0,"comment_status":"closed","ping_status":"closed","sticky":false,"template":"","format":"standard","meta":{"spay_email":"","jetpack_publicize_message":"","jetpack_is_tweetstorm":false,"jetpack_publicize_feature_enabled":true},"categories":[8337],"tags":[],"jetpack_publicize_connections":[],"yoast_head":"<!-- This site is optimized with the Yoast SEO plugin v19.1 - https:\/\/yoast.com\/wordpress\/plugins\/seo\/ -->\n<title>Ulcinjska skup\u0161tina te\u0161ko funkcioni\u0161e - Lajme nga Ulqini<\/title>\n<meta name=\"description\" content=\"Ulcinjska Skup\u0161tina usvojila je ju\u010de popodne odluku o kreditnom zadu\u017eenju u iznosu od 1,2 miliona eura kako bi isplatila zaostale zarade svojim\" \/>\n<meta name=\"robots\" content=\"index, follow, max-snippet:-1, max-image-preview:large, max-video-preview:-1\" \/>\n<link rel=\"canonical\" href=\"https:\/\/www.visit-ulcinj.com\/blog\/2014\/06\/11\/ulcinjska-skupstina-tesko-funkcionise\/\" \/>\n<meta property=\"og:locale\" content=\"en_US\" \/>\n<meta property=\"og:type\" content=\"article\" \/>\n<meta property=\"og:title\" content=\"Ulcinjska skup\u0161tina te\u0161ko funkcioni\u0161e - Lajme nga Ulqini\" \/>\n<meta property=\"og:description\" content=\"Ulcinjska Skup\u0161tina usvojila je ju\u010de popodne odluku o kreditnom zadu\u017eenju u iznosu od 1,2 miliona eura kako bi isplatila zaostale zarade svojim\" \/>\n<meta property=\"og:url\" content=\"https:\/\/www.visit-ulcinj.com\/blog\/2014\/06\/11\/ulcinjska-skupstina-tesko-funkcionise\/\" \/>\n<meta property=\"og:site_name\" content=\"Lajme nga Ulqini\" \/>\n<meta property=\"article:published_time\" content=\"2014-06-11T06:49:13+00:00\" \/>\n<meta property=\"og:image\" content=\"http:\/\/www.visit-ulcinj.com\/blog\/wp-content\/uploads\/2014\/06\/Muhamet-Nika.jpg\" \/>\n<meta name=\"twitter:label1\" content=\"Written by\" \/>\n\t<meta name=\"twitter:data1\" content=\"ulqini\" \/>\n\t<meta name=\"twitter:label2\" content=\"Est. reading time\" \/>\n\t<meta name=\"twitter:data2\" content=\"3 minutes\" \/>\n<script type=\"application\/ld+json\" class=\"yoast-schema-graph\">{\"@context\":\"https:\/\/schema.org\",\"@graph\":[{\"@type\":\"WebSite\",\"@id\":\"https:\/\/www.visit-ulcinj.com\/blog\/#website\",\"url\":\"https:\/\/www.visit-ulcinj.com\/blog\/\",\"name\":\"Lajme nga Ulqini\",\"description\":\"Lajme,Vijesti,Ulqini,Ulqin,Crna Gora,Mali i Zi\",\"potentialAction\":[{\"@type\":\"SearchAction\",\"target\":{\"@type\":\"EntryPoint\",\"urlTemplate\":\"https:\/\/www.visit-ulcinj.com\/blog\/?s={search_term_string}\"},\"query-input\":\"required name=search_term_string\"}],\"inLanguage\":\"en-US\"},{\"@type\":\"ImageObject\",\"inLanguage\":\"en-US\",\"@id\":\"https:\/\/www.visit-ulcinj.com\/blog\/2014\/06\/11\/ulcinjska-skupstina-tesko-funkcionise\/#primaryimage\",\"url\":\"https:\/\/www.visit-ulcinj.com\/blog\/wp-content\/uploads\/2014\/06\/Muhamet-Nika.jpg\",\"contentUrl\":\"https:\/\/www.visit-ulcinj.com\/blog\/wp-content\/uploads\/2014\/06\/Muhamet-Nika.jpg\",\"width\":519,\"height\":316},{\"@type\":\"WebPage\",\"@id\":\"https:\/\/www.visit-ulcinj.com\/blog\/2014\/06\/11\/ulcinjska-skupstina-tesko-funkcionise\/#webpage\",\"url\":\"https:\/\/www.visit-ulcinj.com\/blog\/2014\/06\/11\/ulcinjska-skupstina-tesko-funkcionise\/\",\"name\":\"Ulcinjska skup\u0161tina te\u0161ko funkcioni\u0161e - Lajme nga Ulqini\",\"isPartOf\":{\"@id\":\"https:\/\/www.visit-ulcinj.com\/blog\/#website\"},\"primaryImageOfPage\":{\"@id\":\"https:\/\/www.visit-ulcinj.com\/blog\/2014\/06\/11\/ulcinjska-skupstina-tesko-funkcionise\/#primaryimage\"},\"datePublished\":\"2014-06-11T06:49:13+00:00\",\"dateModified\":\"2014-06-11T06:49:13+00:00\",\"author\":{\"@id\":\"https:\/\/www.visit-ulcinj.com\/blog\/#\/schema\/person\/dcab619c614d3038751c63bc2aadc06d\"},\"description\":\"Ulcinjska Skup\u0161tina usvojila je ju\u010de popodne odluku o kreditnom zadu\u017eenju u iznosu od 1,2 miliona eura kako bi isplatila zaostale zarade svojim\",\"breadcrumb\":{\"@id\":\"https:\/\/www.visit-ulcinj.com\/blog\/2014\/06\/11\/ulcinjska-skupstina-tesko-funkcionise\/#breadcrumb\"},\"inLanguage\":\"en-US\",\"potentialAction\":[{\"@type\":\"ReadAction\",\"target\":[\"https:\/\/www.visit-ulcinj.com\/blog\/2014\/06\/11\/ulcinjska-skupstina-tesko-funkcionise\/\"]}]},{\"@type\":\"BreadcrumbList\",\"@id\":\"https:\/\/www.visit-ulcinj.com\/blog\/2014\/06\/11\/ulcinjska-skupstina-tesko-funkcionise\/#breadcrumb\",\"itemListElement\":[{\"@type\":\"ListItem\",\"position\":1,\"name\":\"Ulcinjska skup\u0161tina te\u0161ko funkcioni\u0161e\"}]},{\"@type\":\"Person\",\"@id\":\"https:\/\/www.visit-ulcinj.com\/blog\/#\/schema\/person\/dcab619c614d3038751c63bc2aadc06d\",\"name\":\"ulqini\",\"sameAs\":[\"http:\/\/www.visit-ulcinj.com\"],\"url\":\"https:\/\/www.visit-ulcinj.com\/blog\/author\/admin\/\"}]}<\/script>\n<!-- \/ Yoast SEO plugin. -->","yoast_head_json":{"title":"Ulcinjska skup\u0161tina te\u0161ko funkcioni\u0161e - Lajme nga Ulqini","description":"Ulcinjska Skup\u0161tina usvojila je ju\u010de popodne odluku o kreditnom zadu\u017eenju u iznosu od 1,2 miliona eura kako bi isplatila zaostale zarade svojim","robots":{"index":"index","follow":"follow","max-snippet":"max-snippet:-1","max-image-preview":"max-image-preview:large","max-video-preview":"max-video-preview:-1"},"canonical":"https:\/\/www.visit-ulcinj.com\/blog\/2014\/06\/11\/ulcinjska-skupstina-tesko-funkcionise\/","og_locale":"en_US","og_type":"article","og_title":"Ulcinjska skup\u0161tina te\u0161ko funkcioni\u0161e - Lajme nga Ulqini","og_description":"Ulcinjska Skup\u0161tina usvojila je ju\u010de popodne odluku o kreditnom zadu\u017eenju u iznosu od 1,2 miliona eura kako bi isplatila zaostale zarade svojim","og_url":"https:\/\/www.visit-ulcinj.com\/blog\/2014\/06\/11\/ulcinjska-skupstina-tesko-funkcionise\/","og_site_name":"Lajme nga Ulqini","article_published_time":"2014-06-11T06:49:13+00:00","og_image":[{"url":"http:\/\/www.visit-ulcinj.com\/blog\/wp-content\/uploads\/2014\/06\/Muhamet-Nika.jpg"}],"twitter_misc":{"Written by":"ulqini","Est. reading time":"3 minutes"},"schema":{"@context":"https:\/\/schema.org","@graph":[{"@type":"WebSite","@id":"https:\/\/www.visit-ulcinj.com\/blog\/#website","url":"https:\/\/www.visit-ulcinj.com\/blog\/","name":"Lajme nga Ulqini","description":"Lajme,Vijesti,Ulqini,Ulqin,Crna Gora,Mali i Zi","potentialAction":[{"@type":"SearchAction","target":{"@type":"EntryPoint","urlTemplate":"https:\/\/www.visit-ulcinj.com\/blog\/?s={search_term_string}"},"query-input":"required name=search_term_string"}],"inLanguage":"en-US"},{"@type":"ImageObject","inLanguage":"en-US","@id":"https:\/\/www.visit-ulcinj.com\/blog\/2014\/06\/11\/ulcinjska-skupstina-tesko-funkcionise\/#primaryimage","url":"https:\/\/www.visit-ulcinj.com\/blog\/wp-content\/uploads\/2014\/06\/Muhamet-Nika.jpg","contentUrl":"https:\/\/www.visit-ulcinj.com\/blog\/wp-content\/uploads\/2014\/06\/Muhamet-Nika.jpg","width":519,"height":316},{"@type":"WebPage","@id":"https:\/\/www.visit-ulcinj.com\/blog\/2014\/06\/11\/ulcinjska-skupstina-tesko-funkcionise\/#webpage","url":"https:\/\/www.visit-ulcinj.com\/blog\/2014\/06\/11\/ulcinjska-skupstina-tesko-funkcionise\/","name":"Ulcinjska skup\u0161tina te\u0161ko funkcioni\u0161e - Lajme nga Ulqini","isPartOf":{"@id":"https:\/\/www.visit-ulcinj.com\/blog\/#website"},"primaryImageOfPage":{"@id":"https:\/\/www.visit-ulcinj.com\/blog\/2014\/06\/11\/ulcinjska-skupstina-tesko-funkcionise\/#primaryimage"},"datePublished":"2014-06-11T06:49:13+00:00","dateModified":"2014-06-11T06:49:13+00:00","author":{"@id":"https:\/\/www.visit-ulcinj.com\/blog\/#\/schema\/person\/dcab619c614d3038751c63bc2aadc06d"},"description":"Ulcinjska Skup\u0161tina usvojila je ju\u010de popodne odluku o kreditnom zadu\u017eenju u iznosu od 1,2 miliona eura kako bi isplatila zaostale zarade svojim","breadcrumb":{"@id":"https:\/\/www.visit-ulcinj.com\/blog\/2014\/06\/11\/ulcinjska-skupstina-tesko-funkcionise\/#breadcrumb"},"inLanguage":"en-US","potentialAction":[{"@type":"ReadAction","target":["https:\/\/www.visit-ulcinj.com\/blog\/2014\/06\/11\/ulcinjska-skupstina-tesko-funkcionise\/"]}]},{"@type":"BreadcrumbList","@id":"https:\/\/www.visit-ulcinj.com\/blog\/2014\/06\/11\/ulcinjska-skupstina-tesko-funkcionise\/#breadcrumb","itemListElement":[{"@type":"ListItem","position":1,"name":"Ulcinjska skup\u0161tina te\u0161ko funkcioni\u0161e"}]},{"@type":"Person","@id":"https:\/\/www.visit-ulcinj.com\/blog\/#\/schema\/person\/dcab619c614d3038751c63bc2aadc06d","name":"ulqini","sameAs":["http:\/\/www.visit-ulcinj.com"],"url":"https:\/\/www.visit-ulcinj.com\/blog\/author\/admin\/"}]}},"jetpack_featured_media_url":"","jetpack_sharing_enabled":true,"jetpack_shortlink":"https:\/\/wp.me\/pe6lTn-lAr","_links":{"self":[{"href":"https:\/\/www.visit-ulcinj.com\/blog\/wp-json\/wp\/v2\/posts\/82983"}],"collection":[{"href":"https:\/\/www.visit-ulcinj.com\/blog\/wp-json\/wp\/v2\/posts"}],"about":[{"href":"https:\/\/www.visit-ulcinj.com\/blog\/wp-json\/wp\/v2\/types\/post"}],"author":[{"embeddable":true,"href":"https:\/\/www.visit-ulcinj.com\/blog\/wp-json\/wp\/v2\/users\/1"}],"replies":[{"embeddable":true,"href":"https:\/\/www.visit-ulcinj.com\/blog\/wp-json\/wp\/v2\/comments?post=82983"}],"version-history":[{"count":1,"href":"https:\/\/www.visit-ulcinj.com\/blog\/wp-json\/wp\/v2\/posts\/82983\/revisions"}],"predecessor-version":[{"id":82985,"href":"https:\/\/www.visit-ulcinj.com\/blog\/wp-json\/wp\/v2\/posts\/82983\/revisions\/82985"}],"wp:attachment":[{"href":"https:\/\/www.visit-ulcinj.com\/blog\/wp-json\/wp\/v2\/media?parent=82983"}],"wp:term":[{"taxonomy":"category","embeddable":true,"href":"https:\/\/www.visit-ulcinj.com\/blog\/wp-json\/wp\/v2\/categories?post=82983"},{"taxonomy":"post_tag","embeddable":true,"href":"https:\/\/www.visit-ulcinj.com\/blog\/wp-json\/wp\/v2\/tags?post=82983"}],"curies":[{"name":"wp","href":"https:\/\/api.w.org\/{rel}","templated":true}]}}