{"id":82994,"date":"2014-06-11T20:20:37","date_gmt":"2014-06-11T19:20:37","guid":{"rendered":"http:\/\/www.visit-ulcinj.com\/blog\/?p=82994"},"modified":"2014-06-11T20:22:20","modified_gmt":"2014-06-11T19:22:20","slug":"shb-rumia-15-qershor-organizon-daljen-tradicionale-ne-rumi","status":"publish","type":"post","link":"https:\/\/www.visit-ulcinj.com\/blog\/2014\/06\/11\/shb-rumia-15-qershor-organizon-daljen-tradicionale-ne-rumi\/","title":{"rendered":"SHB \u201cRUMIA\u201d m\u00eb 15 qershor organizon daljen tradicionale n\u00eb Rumi"},"content":{"rendered":"<p><strong><a href=\"http:\/\/www.visit-ulcinj.com\/blog\/wp-content\/uploads\/2014\/06\/T\u00cb-GJITH\u00cb-N\u00cb-RUMI-ulqin-tivar-kraje1.jpg\"><img loading=\"lazy\" class=\"alignleft  wp-image-82995\" alt=\"T\u00cb-GJITH\u00cb-N\u00cb-RUMI-ulqin-tivar-kraje1\" src=\"http:\/\/www.visit-ulcinj.com\/blog\/wp-content\/uploads\/2014\/06\/T\u00cb-GJITH\u00cb-N\u00cb-RUMI-ulqin-tivar-kraje1.jpg\" width=\"508\" height=\"380\" \/><\/a>Shoqata e Bjeshkatar\u00ebve \u201cRumia\u201d m\u00eb dat\u00ebn 15 qershor organizon Daljen tradicionale n\u00eb majen e Rumis\u00eb. Nisja nga Ulqini do t\u00eb b\u00ebhet n\u00eb or\u00ebn 4.00, kurse nga fshati Brisku Nalt\u00eb n\u00eb or\u00ebn 6.00.<\/strong><\/p>\n<p>Njoftojm\u00eb t\u00eb gjith\u00eb pjes\u00ebmarr\u00ebsit q\u00eb do t\u00eb na bashkangjiten m\u00eb 15 qershor q\u00eb t\u00eb p\u00ebrgatisin veshmbathje t\u00eb p\u00ebrshtat\u00ebshme. Poashtu t\u00eb marrin sasi t\u00eb nevojshme ushqimi si dhe s\u00eb paku kat\u00ebr litra uj\u00eb. POROSISIM q\u00eb gjysm\u00ebn e sasis\u00eb s\u00eb ujit ta ruajn\u00eb p\u00ebr zbritje nga mali.<br \/>\nGjithashtu, lusim t\u00eb gjith\u00eb bashkudh\u00ebtar\u00ebt q\u00eb t\u00eb respektojn\u00eb udh\u00ebzimet e udh\u00ebrr\u00ebfyesve, t\u00eb ndjekin hapin e m\u00eb t\u00eb &#8220;dob\u00ebtit&#8221; dhe t\u00eb ndihmojn\u00eb nj\u00ebri tjetrin, n\u00eb rast nevoje.<br \/>\nK\u00ebrkojm\u00eb q\u00eb SECILI t\u00eb mbaj\u00eb p\u00ebrgjegj\u00ebsi personale p\u00ebr \u00e7dogj\u00eb q\u00eb mund t\u00eb u ndodh\u00eb gjat rrug\u00ebs. P\u00ebr personat jo t\u00eb mosh\u00ebs madhore, p\u00ebrgjegj\u00ebsin\u00eb ta mbajn\u00eb prind\u00ebrit apo shoq\u00ebruesit personal t\u00eb tyre.<br \/>\nPoashtu u ftojm\u00eb q\u00eb t\u00eb ruani ambijentin q\u00eb dmth. mbetjet e padekompozueshme t\u00eb mos hidhen n\u00eb natyr\u00eb por t\u00eb merren me vehte dhe t\u00eb kthehen n\u00eb vendnisjen tuaj. JU FALEMINDERIT!<br \/>\nN\u00eb dit\u00ebt n\u00eb vijim do tu informojm\u00eb edhe p\u00ebr mund\u00ebsin\u00eb e udh\u00ebtimit t\u00eb organizuar me autobus, si dhe informata t\u00eb tjera.<br \/>\nJeni t\u00eb mir\u00ebse ardhur.<\/p>\n<p data-ft=\"{&quot;tn&quot;:&quot;C&quot;}\"><span style=\"text-decoration: underline;\"><strong><a id=\"js_95\" href=\"https:\/\/www.facebook.com\/ShoqataEBjeshkatareverumia?ref=stream\" data-hovercard=\"\/ajax\/hovercard\/page.php?id=135197926672115\">Shoqata e bjeshkatar\u00ebve &#8220;Rumia&#8221; &#8211; Ulqin Facebook<\/a><\/strong><\/span><\/p>\n<p>&nbsp;<\/p>\n","protected":false},"excerpt":{"rendered":"<p>Shoqata e Bjeshkatar\u00ebve \u201cRumia\u201d m\u00eb dat\u00ebn 15 qershor organizon Daljen tradicionale n\u00eb majen e Rumis\u00eb. Nisja nga Ulqini do t\u00eb b\u00ebhet n\u00eb or\u00ebn 4.00, kurse nga fshati Brisku Nalt\u00eb n\u00eb or\u00ebn 6.00. Njoftojm\u00eb t\u00eb gjith\u00eb pjes\u00ebmarr\u00ebsit q\u00eb do t\u00eb na bashkangjiten m\u00eb 15 qershor q\u00eb t\u00eb p\u00ebrgatisin veshmbathje t\u00eb p\u00ebrshtat\u00ebshme. Poashtu t\u00eb marrin sasi t\u00eb [&hellip;]<\/p>\n","protected":false},"author":1,"featured_media":0,"comment_status":"closed","ping_status":"closed","sticky":false,"template":"","format":"standard","meta":{"spay_email":"","jetpack_publicize_message":"","jetpack_is_tweetstorm":false,"jetpack_publicize_feature_enabled":true},"categories":[11],"tags":[],"jetpack_publicize_connections":[],"yoast_head":"<!-- This site is optimized with the Yoast SEO plugin v19.1 - https:\/\/yoast.com\/wordpress\/plugins\/seo\/ -->\n<title>SHB \u201cRUMIA\u201d m\u00eb 15 qershor organizon daljen tradicionale n\u00eb Rumi - Lajme nga Ulqini<\/title>\n<meta name=\"description\" content=\"Shoqata e Bjeshkatar\u00ebve \u201cRumia\u201d m\u00eb dat\u00ebn 15 qershor organizon Daljen tradicionale n\u00eb majen e Rumis\u00eb. Nisja nga Ulqini do t\u00eb b\u00ebhet n\u00eb or\u00ebn 4.00, kurse nga\" \/>\n<meta name=\"robots\" content=\"index, follow, max-snippet:-1, max-image-preview:large, max-video-preview:-1\" \/>\n<link rel=\"canonical\" href=\"https:\/\/www.visit-ulcinj.com\/blog\/2014\/06\/11\/shb-rumia-15-qershor-organizon-daljen-tradicionale-ne-rumi\/\" \/>\n<meta property=\"og:locale\" content=\"en_US\" \/>\n<meta property=\"og:type\" content=\"article\" \/>\n<meta property=\"og:title\" content=\"SHB \u201cRUMIA\u201d m\u00eb 15 qershor organizon daljen tradicionale n\u00eb Rumi - Lajme nga Ulqini\" \/>\n<meta property=\"og:description\" content=\"Shoqata e Bjeshkatar\u00ebve \u201cRumia\u201d m\u00eb dat\u00ebn 15 qershor organizon Daljen tradicionale n\u00eb majen e Rumis\u00eb. Nisja nga Ulqini do t\u00eb b\u00ebhet n\u00eb or\u00ebn 4.00, kurse nga\" \/>\n<meta property=\"og:url\" content=\"https:\/\/www.visit-ulcinj.com\/blog\/2014\/06\/11\/shb-rumia-15-qershor-organizon-daljen-tradicionale-ne-rumi\/\" \/>\n<meta property=\"og:site_name\" content=\"Lajme nga Ulqini\" \/>\n<meta property=\"article:published_time\" content=\"2014-06-11T19:20:37+00:00\" \/>\n<meta property=\"article:modified_time\" content=\"2014-06-11T19:22:20+00:00\" \/>\n<meta name=\"twitter:label1\" content=\"Written by\" \/>\n\t<meta name=\"twitter:data1\" content=\"ulqini\" \/>\n\t<meta name=\"twitter:label2\" content=\"Est. reading time\" \/>\n\t<meta name=\"twitter:data2\" content=\"1 minute\" \/>\n<script type=\"application\/ld+json\" class=\"yoast-schema-graph\">{\"@context\":\"https:\/\/schema.org\",\"@graph\":[{\"@type\":\"WebSite\",\"@id\":\"https:\/\/www.visit-ulcinj.com\/blog\/#website\",\"url\":\"https:\/\/www.visit-ulcinj.com\/blog\/\",\"name\":\"Lajme nga Ulqini\",\"description\":\"Lajme,Vijesti,Ulqini,Ulqin,Crna Gora,Mali i Zi\",\"potentialAction\":[{\"@type\":\"SearchAction\",\"target\":{\"@type\":\"EntryPoint\",\"urlTemplate\":\"https:\/\/www.visit-ulcinj.com\/blog\/?s={search_term_string}\"},\"query-input\":\"required name=search_term_string\"}],\"inLanguage\":\"en-US\"},{\"@type\":\"WebPage\",\"@id\":\"https:\/\/www.visit-ulcinj.com\/blog\/2014\/06\/11\/shb-rumia-15-qershor-organizon-daljen-tradicionale-ne-rumi\/#webpage\",\"url\":\"https:\/\/www.visit-ulcinj.com\/blog\/2014\/06\/11\/shb-rumia-15-qershor-organizon-daljen-tradicionale-ne-rumi\/\",\"name\":\"SHB \u201cRUMIA\u201d m\u00eb 15 qershor organizon daljen tradicionale n\u00eb Rumi - Lajme nga Ulqini\",\"isPartOf\":{\"@id\":\"https:\/\/www.visit-ulcinj.com\/blog\/#website\"},\"datePublished\":\"2014-06-11T19:20:37+00:00\",\"dateModified\":\"2014-06-11T19:22:20+00:00\",\"author\":{\"@id\":\"https:\/\/www.visit-ulcinj.com\/blog\/#\/schema\/person\/dcab619c614d3038751c63bc2aadc06d\"},\"description\":\"Shoqata e Bjeshkatar\u00ebve \u201cRumia\u201d m\u00eb dat\u00ebn 15 qershor organizon Daljen tradicionale n\u00eb majen e Rumis\u00eb. Nisja nga Ulqini do t\u00eb b\u00ebhet n\u00eb or\u00ebn 4.00, kurse nga\",\"breadcrumb\":{\"@id\":\"https:\/\/www.visit-ulcinj.com\/blog\/2014\/06\/11\/shb-rumia-15-qershor-organizon-daljen-tradicionale-ne-rumi\/#breadcrumb\"},\"inLanguage\":\"en-US\",\"potentialAction\":[{\"@type\":\"ReadAction\",\"target\":[\"https:\/\/www.visit-ulcinj.com\/blog\/2014\/06\/11\/shb-rumia-15-qershor-organizon-daljen-tradicionale-ne-rumi\/\"]}]},{\"@type\":\"BreadcrumbList\",\"@id\":\"https:\/\/www.visit-ulcinj.com\/blog\/2014\/06\/11\/shb-rumia-15-qershor-organizon-daljen-tradicionale-ne-rumi\/#breadcrumb\",\"itemListElement\":[{\"@type\":\"ListItem\",\"position\":1,\"name\":\"SHB \u201cRUMIA\u201d m\u00eb 15 qershor organizon daljen tradicionale n\u00eb Rumi\"}]},{\"@type\":\"Person\",\"@id\":\"https:\/\/www.visit-ulcinj.com\/blog\/#\/schema\/person\/dcab619c614d3038751c63bc2aadc06d\",\"name\":\"ulqini\",\"sameAs\":[\"http:\/\/www.visit-ulcinj.com\"],\"url\":\"https:\/\/www.visit-ulcinj.com\/blog\/author\/admin\/\"}]}<\/script>\n<!-- \/ Yoast SEO plugin. -->","yoast_head_json":{"title":"SHB \u201cRUMIA\u201d m\u00eb 15 qershor organizon daljen tradicionale n\u00eb Rumi - Lajme nga Ulqini","description":"Shoqata e Bjeshkatar\u00ebve \u201cRumia\u201d m\u00eb dat\u00ebn 15 qershor organizon Daljen tradicionale n\u00eb majen e Rumis\u00eb. Nisja nga Ulqini do t\u00eb b\u00ebhet n\u00eb or\u00ebn 4.00, kurse nga","robots":{"index":"index","follow":"follow","max-snippet":"max-snippet:-1","max-image-preview":"max-image-preview:large","max-video-preview":"max-video-preview:-1"},"canonical":"https:\/\/www.visit-ulcinj.com\/blog\/2014\/06\/11\/shb-rumia-15-qershor-organizon-daljen-tradicionale-ne-rumi\/","og_locale":"en_US","og_type":"article","og_title":"SHB \u201cRUMIA\u201d m\u00eb 15 qershor organizon daljen tradicionale n\u00eb Rumi - Lajme nga Ulqini","og_description":"Shoqata e Bjeshkatar\u00ebve \u201cRumia\u201d m\u00eb dat\u00ebn 15 qershor organizon Daljen tradicionale n\u00eb majen e Rumis\u00eb. Nisja nga Ulqini do t\u00eb b\u00ebhet n\u00eb or\u00ebn 4.00, kurse nga","og_url":"https:\/\/www.visit-ulcinj.com\/blog\/2014\/06\/11\/shb-rumia-15-qershor-organizon-daljen-tradicionale-ne-rumi\/","og_site_name":"Lajme nga Ulqini","article_published_time":"2014-06-11T19:20:37+00:00","article_modified_time":"2014-06-11T19:22:20+00:00","twitter_misc":{"Written by":"ulqini","Est. reading time":"1 minute"},"schema":{"@context":"https:\/\/schema.org","@graph":[{"@type":"WebSite","@id":"https:\/\/www.visit-ulcinj.com\/blog\/#website","url":"https:\/\/www.visit-ulcinj.com\/blog\/","name":"Lajme nga Ulqini","description":"Lajme,Vijesti,Ulqini,Ulqin,Crna Gora,Mali i Zi","potentialAction":[{"@type":"SearchAction","target":{"@type":"EntryPoint","urlTemplate":"https:\/\/www.visit-ulcinj.com\/blog\/?s={search_term_string}"},"query-input":"required name=search_term_string"}],"inLanguage":"en-US"},{"@type":"WebPage","@id":"https:\/\/www.visit-ulcinj.com\/blog\/2014\/06\/11\/shb-rumia-15-qershor-organizon-daljen-tradicionale-ne-rumi\/#webpage","url":"https:\/\/www.visit-ulcinj.com\/blog\/2014\/06\/11\/shb-rumia-15-qershor-organizon-daljen-tradicionale-ne-rumi\/","name":"SHB \u201cRUMIA\u201d m\u00eb 15 qershor organizon daljen tradicionale n\u00eb Rumi - Lajme nga Ulqini","isPartOf":{"@id":"https:\/\/www.visit-ulcinj.com\/blog\/#website"},"datePublished":"2014-06-11T19:20:37+00:00","dateModified":"2014-06-11T19:22:20+00:00","author":{"@id":"https:\/\/www.visit-ulcinj.com\/blog\/#\/schema\/person\/dcab619c614d3038751c63bc2aadc06d"},"description":"Shoqata e Bjeshkatar\u00ebve \u201cRumia\u201d m\u00eb dat\u00ebn 15 qershor organizon Daljen tradicionale n\u00eb majen e Rumis\u00eb. Nisja nga Ulqini do t\u00eb b\u00ebhet n\u00eb or\u00ebn 4.00, kurse nga","breadcrumb":{"@id":"https:\/\/www.visit-ulcinj.com\/blog\/2014\/06\/11\/shb-rumia-15-qershor-organizon-daljen-tradicionale-ne-rumi\/#breadcrumb"},"inLanguage":"en-US","potentialAction":[{"@type":"ReadAction","target":["https:\/\/www.visit-ulcinj.com\/blog\/2014\/06\/11\/shb-rumia-15-qershor-organizon-daljen-tradicionale-ne-rumi\/"]}]},{"@type":"BreadcrumbList","@id":"https:\/\/www.visit-ulcinj.com\/blog\/2014\/06\/11\/shb-rumia-15-qershor-organizon-daljen-tradicionale-ne-rumi\/#breadcrumb","itemListElement":[{"@type":"ListItem","position":1,"name":"SHB \u201cRUMIA\u201d m\u00eb 15 qershor organizon daljen tradicionale n\u00eb Rumi"}]},{"@type":"Person","@id":"https:\/\/www.visit-ulcinj.com\/blog\/#\/schema\/person\/dcab619c614d3038751c63bc2aadc06d","name":"ulqini","sameAs":["http:\/\/www.visit-ulcinj.com"],"url":"https:\/\/www.visit-ulcinj.com\/blog\/author\/admin\/"}]}},"jetpack_featured_media_url":"","jetpack_sharing_enabled":true,"jetpack_shortlink":"https:\/\/wp.me\/pe6lTn-lAC","_links":{"self":[{"href":"https:\/\/www.visit-ulcinj.com\/blog\/wp-json\/wp\/v2\/posts\/82994"}],"collection":[{"href":"https:\/\/www.visit-ulcinj.com\/blog\/wp-json\/wp\/v2\/posts"}],"about":[{"href":"https:\/\/www.visit-ulcinj.com\/blog\/wp-json\/wp\/v2\/types\/post"}],"author":[{"embeddable":true,"href":"https:\/\/www.visit-ulcinj.com\/blog\/wp-json\/wp\/v2\/users\/1"}],"replies":[{"embeddable":true,"href":"https:\/\/www.visit-ulcinj.com\/blog\/wp-json\/wp\/v2\/comments?post=82994"}],"version-history":[{"count":3,"href":"https:\/\/www.visit-ulcinj.com\/blog\/wp-json\/wp\/v2\/posts\/82994\/revisions"}],"predecessor-version":[{"id":82998,"href":"https:\/\/www.visit-ulcinj.com\/blog\/wp-json\/wp\/v2\/posts\/82994\/revisions\/82998"}],"wp:attachment":[{"href":"https:\/\/www.visit-ulcinj.com\/blog\/wp-json\/wp\/v2\/media?parent=82994"}],"wp:term":[{"taxonomy":"category","embeddable":true,"href":"https:\/\/www.visit-ulcinj.com\/blog\/wp-json\/wp\/v2\/categories?post=82994"},{"taxonomy":"post_tag","embeddable":true,"href":"https:\/\/www.visit-ulcinj.com\/blog\/wp-json\/wp\/v2\/tags?post=82994"}],"curies":[{"name":"wp","href":"https:\/\/api.w.org\/{rel}","templated":true}]}}