{"id":83039,"date":"2014-06-12T14:33:22","date_gmt":"2014-06-12T13:33:22","guid":{"rendered":"http:\/\/www.visit-ulcinj.com\/blog\/?p=83039"},"modified":"2014-06-13T14:22:28","modified_gmt":"2014-06-13T13:22:28","slug":"ulqini-ndertime-pa-leje-e-pa-shije-nga-canka","status":"publish","type":"post","link":"https:\/\/www.visit-ulcinj.com\/blog\/2014\/06\/12\/ulqini-ndertime-pa-leje-e-pa-shije-nga-canka\/","title":{"rendered":"Ulqini me nd\u00ebrtime pa leje e pa shije nga CANKA"},"content":{"rendered":"<p><a href=\"http:\/\/www.visit-ulcinj.com\/blog\/wp-content\/uploads\/2014\/03\/ulqini.jpg\"><img loading=\"lazy\" class=\"alignleft  wp-image-80817\" alt=\"ulqini\" src=\"http:\/\/www.visit-ulcinj.com\/blog\/wp-content\/uploads\/2014\/03\/ulqini.jpg\" width=\"508\" height=\"360\" \/><\/a><strong>Nga Mustafa CANKA<br \/>\n<\/strong><br \/>\nNj\u00eb nga problemet m\u00eb t\u00eb m\u00ebdha n\u00eb Ulqin \u00ebsht\u00eb nd\u00ebrtimi i eg\u00ebr. Koh\u00ebn e fundit ai ka p\u00ebrshkall\u00ebzuar. Edhe pse ka filluar sezoni turistik, n\u00eb m\u00ebnyr\u00eb t\u00eb paligjshme po nd\u00ebrtohen rreth pes\u00ebdhjet\u00eb objekte n\u00eb t\u00ebr\u00eb territorin e komun\u00ebs \u2013 nga Krru\u00e7i n\u00eb Ad\u00eb. Po nd\u00ebrtohen sht\u00ebpi t\u00eb m\u00ebdha, nuk paguhen detyrimet, kaosi urbanistik mbizot\u00ebron n\u00eb komun\u00eb edhe pse tashm\u00eb ka mij\u00ebra objekte pa leje. T\u00eb k\u00ebnaqur jan\u00eb vet\u00ebm spekulator\u00ebt dhe nd\u00ebrmjet\u00ebsit n\u00eb k\u00ebto pun\u00eb t\u00eb paligjshme.<\/p>\n<p>Sh\u00ebrbimet e inspeksionit n\u00eb k\u00ebt\u00eb luft\u00eb kund\u00ebr k\u00ebtij fenomeni kan\u00eb d\u00ebshtuar. E si mos t\u00eb d\u00ebshtojn\u00eb, kur n\u00eb t\u00eb gjith\u00eb vendin jan\u00eb vet\u00ebm tre inspektor p\u00ebr nd\u00ebrtimtari. E vet\u00ebm nj\u00ebri nga ato \u00ebsht\u00eb p\u00ebrgjegj\u00ebs p\u00ebr komunat e Tivarit dhe Ulqinit.<\/p>\n<p>Meq\u00eb \u00ebsht\u00eb k\u00ebshtu, at\u00ebher\u00eb p\u00ebrgjegj\u00ebsia m\u00eb e madhe i takon policis\u00eb komunale. Arsyetimet q\u00eb kompetencat i kan\u00eb t\u00eb pakta, nuk mund t\u00eb pranohen m\u00eb. Nuk \u00ebsht\u00eb Ulqinit Njujork q\u00eb me njer\u00ebzit ekzistues nuk mund t\u00eb kryhet kontrolli efikas i nd\u00ebrtimit t\u00eb eg\u00ebr dhe at\u00eb p\u00ebr vet\u00ebm nj\u00eb jav\u00eb.<\/p>\n<p>Sepse, n\u00ebse vazhdohet k\u00ebshtu, \u00ebsht\u00eb e pakuptimt\u00eb t\u00eb miratohen planet dhe pastaj t\u00eb lavd\u00ebrohen politikisht me sjelljen e tyre.<\/p>\n<p>Akoma m\u00eb qesharake \u00ebsht\u00eb q\u00eb t\u00eb iniciohen nj\u00ebfar\u00eb aksionesh t\u00eb tipit \u201cB\u00ebhu i p\u00ebrgjegjsh\u00ebm. Prej teje varet. Ekonomia gri 0%\u201d, gjegj\u00ebsisht t\u00eb ftohen qytetar\u00ebt t\u00eb luajn\u00eb rolin e inspektor\u00ebve. Kulmi i injoranc\u00ebs dhe posht\u00ebrsis\u00eb \u00ebsht\u00eb q\u00eb t\u00eb pohohet q\u00eb korrupsion n\u00eb k\u00ebt\u00eb komun\u00eb nuk ka derisa n\u00eb Ulqin mbijn\u00eb k\u00ebsi lloj nd\u00ebrtimesh pa leje!?<\/p>\n<p>E gjith\u00eb kjo, para syve tan\u00eb, ndodh n\u00eb qytetin i cili para gati shtat\u00eb shekujsh, n\u00eb Statutin e vet t\u00eb vitit 1330, ka rregulluar \u00e7\u00ebshtjen e nd\u00ebrtimit t\u00eb eg\u00ebr!<\/p>\n<p><strong>Ul.info<\/strong><\/p>\n","protected":false},"excerpt":{"rendered":"<p>Nga Mustafa CANKA Nj\u00eb nga problemet m\u00eb t\u00eb m\u00ebdha n\u00eb Ulqin \u00ebsht\u00eb nd\u00ebrtimi i eg\u00ebr. Koh\u00ebn e fundit ai ka p\u00ebrshkall\u00ebzuar. Edhe pse ka filluar sezoni turistik, n\u00eb m\u00ebnyr\u00eb t\u00eb paligjshme po nd\u00ebrtohen rreth pes\u00ebdhjet\u00eb objekte n\u00eb t\u00ebr\u00eb territorin e komun\u00ebs \u2013 nga Krru\u00e7i n\u00eb Ad\u00eb. Po nd\u00ebrtohen sht\u00ebpi t\u00eb m\u00ebdha, nuk paguhen detyrimet, kaosi [&hellip;]<\/p>\n","protected":false},"author":1,"featured_media":0,"comment_status":"closed","ping_status":"closed","sticky":false,"template":"","format":"standard","meta":{"spay_email":"","jetpack_publicize_message":"","jetpack_is_tweetstorm":false,"jetpack_publicize_feature_enabled":true},"categories":[10,1],"tags":[],"jetpack_publicize_connections":[],"yoast_head":"<!-- This site is optimized with the Yoast SEO plugin v19.1 - https:\/\/yoast.com\/wordpress\/plugins\/seo\/ -->\n<title>Ulqini me nd\u00ebrtime pa leje e pa shije nga CANKA - Lajme nga Ulqini<\/title>\n<meta name=\"description\" content=\"Nga Mustafa CANKA Nj\u00eb nga problemet m\u00eb t\u00eb m\u00ebdha n\u00eb Ulqin \u00ebsht\u00eb nd\u00ebrtimi i eg\u00ebr. Koh\u00ebn e fundit ai ka p\u00ebrshkall\u00ebzuar. Edhe pse ka filluar sezoni turistik,\" \/>\n<meta name=\"robots\" content=\"index, follow, max-snippet:-1, max-image-preview:large, max-video-preview:-1\" \/>\n<link rel=\"canonical\" href=\"https:\/\/www.visit-ulcinj.com\/blog\/2014\/06\/12\/ulqini-ndertime-pa-leje-e-pa-shije-nga-canka\/\" \/>\n<meta property=\"og:locale\" content=\"en_US\" \/>\n<meta property=\"og:type\" content=\"article\" \/>\n<meta property=\"og:title\" content=\"Ulqini me nd\u00ebrtime pa leje e pa shije nga CANKA - Lajme nga Ulqini\" \/>\n<meta property=\"og:description\" content=\"Nga Mustafa CANKA Nj\u00eb nga problemet m\u00eb t\u00eb m\u00ebdha n\u00eb Ulqin \u00ebsht\u00eb nd\u00ebrtimi i eg\u00ebr. Koh\u00ebn e fundit ai ka p\u00ebrshkall\u00ebzuar. Edhe pse ka filluar sezoni turistik,\" \/>\n<meta property=\"og:url\" content=\"https:\/\/www.visit-ulcinj.com\/blog\/2014\/06\/12\/ulqini-ndertime-pa-leje-e-pa-shije-nga-canka\/\" \/>\n<meta property=\"og:site_name\" content=\"Lajme nga Ulqini\" \/>\n<meta property=\"article:published_time\" content=\"2014-06-12T13:33:22+00:00\" \/>\n<meta property=\"article:modified_time\" content=\"2014-06-13T13:22:28+00:00\" \/>\n<meta property=\"og:image\" content=\"http:\/\/www.visit-ulcinj.com\/blog\/wp-content\/uploads\/2014\/03\/ulqini.jpg\" \/>\n<meta name=\"twitter:label1\" content=\"Written by\" \/>\n\t<meta name=\"twitter:data1\" content=\"ulqini\" \/>\n\t<meta name=\"twitter:label2\" content=\"Est. reading time\" \/>\n\t<meta name=\"twitter:data2\" content=\"2 minutes\" \/>\n<script type=\"application\/ld+json\" class=\"yoast-schema-graph\">{\"@context\":\"https:\/\/schema.org\",\"@graph\":[{\"@type\":\"WebSite\",\"@id\":\"https:\/\/www.visit-ulcinj.com\/blog\/#website\",\"url\":\"https:\/\/www.visit-ulcinj.com\/blog\/\",\"name\":\"Lajme nga Ulqini\",\"description\":\"Lajme,Vijesti,Ulqini,Ulqin,Crna Gora,Mali i Zi\",\"potentialAction\":[{\"@type\":\"SearchAction\",\"target\":{\"@type\":\"EntryPoint\",\"urlTemplate\":\"https:\/\/www.visit-ulcinj.com\/blog\/?s={search_term_string}\"},\"query-input\":\"required name=search_term_string\"}],\"inLanguage\":\"en-US\"},{\"@type\":\"ImageObject\",\"inLanguage\":\"en-US\",\"@id\":\"https:\/\/www.visit-ulcinj.com\/blog\/2014\/06\/12\/ulqini-ndertime-pa-leje-e-pa-shije-nga-canka\/#primaryimage\",\"url\":\"https:\/\/www.visit-ulcinj.com\/blog\/wp-content\/uploads\/2014\/03\/ulqini.jpg\",\"contentUrl\":\"https:\/\/www.visit-ulcinj.com\/blog\/wp-content\/uploads\/2014\/03\/ulqini.jpg\",\"width\":960,\"height\":620},{\"@type\":\"WebPage\",\"@id\":\"https:\/\/www.visit-ulcinj.com\/blog\/2014\/06\/12\/ulqini-ndertime-pa-leje-e-pa-shije-nga-canka\/#webpage\",\"url\":\"https:\/\/www.visit-ulcinj.com\/blog\/2014\/06\/12\/ulqini-ndertime-pa-leje-e-pa-shije-nga-canka\/\",\"name\":\"Ulqini me nd\u00ebrtime pa leje e pa shije nga CANKA - Lajme nga Ulqini\",\"isPartOf\":{\"@id\":\"https:\/\/www.visit-ulcinj.com\/blog\/#website\"},\"primaryImageOfPage\":{\"@id\":\"https:\/\/www.visit-ulcinj.com\/blog\/2014\/06\/12\/ulqini-ndertime-pa-leje-e-pa-shije-nga-canka\/#primaryimage\"},\"datePublished\":\"2014-06-12T13:33:22+00:00\",\"dateModified\":\"2014-06-13T13:22:28+00:00\",\"author\":{\"@id\":\"https:\/\/www.visit-ulcinj.com\/blog\/#\/schema\/person\/dcab619c614d3038751c63bc2aadc06d\"},\"description\":\"Nga Mustafa CANKA Nj\u00eb nga problemet m\u00eb t\u00eb m\u00ebdha n\u00eb Ulqin \u00ebsht\u00eb nd\u00ebrtimi i eg\u00ebr. Koh\u00ebn e fundit ai ka p\u00ebrshkall\u00ebzuar. Edhe pse ka filluar sezoni turistik,\",\"breadcrumb\":{\"@id\":\"https:\/\/www.visit-ulcinj.com\/blog\/2014\/06\/12\/ulqini-ndertime-pa-leje-e-pa-shije-nga-canka\/#breadcrumb\"},\"inLanguage\":\"en-US\",\"potentialAction\":[{\"@type\":\"ReadAction\",\"target\":[\"https:\/\/www.visit-ulcinj.com\/blog\/2014\/06\/12\/ulqini-ndertime-pa-leje-e-pa-shije-nga-canka\/\"]}]},{\"@type\":\"BreadcrumbList\",\"@id\":\"https:\/\/www.visit-ulcinj.com\/blog\/2014\/06\/12\/ulqini-ndertime-pa-leje-e-pa-shije-nga-canka\/#breadcrumb\",\"itemListElement\":[{\"@type\":\"ListItem\",\"position\":1,\"name\":\"Ulqini me nd\u00ebrtime pa leje e pa shije nga CANKA\"}]},{\"@type\":\"Person\",\"@id\":\"https:\/\/www.visit-ulcinj.com\/blog\/#\/schema\/person\/dcab619c614d3038751c63bc2aadc06d\",\"name\":\"ulqini\",\"sameAs\":[\"http:\/\/www.visit-ulcinj.com\"],\"url\":\"https:\/\/www.visit-ulcinj.com\/blog\/author\/admin\/\"}]}<\/script>\n<!-- \/ Yoast SEO plugin. -->","yoast_head_json":{"title":"Ulqini me nd\u00ebrtime pa leje e pa shije nga CANKA - Lajme nga Ulqini","description":"Nga Mustafa CANKA Nj\u00eb nga problemet m\u00eb t\u00eb m\u00ebdha n\u00eb Ulqin \u00ebsht\u00eb nd\u00ebrtimi i eg\u00ebr. Koh\u00ebn e fundit ai ka p\u00ebrshkall\u00ebzuar. Edhe pse ka filluar sezoni turistik,","robots":{"index":"index","follow":"follow","max-snippet":"max-snippet:-1","max-image-preview":"max-image-preview:large","max-video-preview":"max-video-preview:-1"},"canonical":"https:\/\/www.visit-ulcinj.com\/blog\/2014\/06\/12\/ulqini-ndertime-pa-leje-e-pa-shije-nga-canka\/","og_locale":"en_US","og_type":"article","og_title":"Ulqini me nd\u00ebrtime pa leje e pa shije nga CANKA - Lajme nga Ulqini","og_description":"Nga Mustafa CANKA Nj\u00eb nga problemet m\u00eb t\u00eb m\u00ebdha n\u00eb Ulqin \u00ebsht\u00eb nd\u00ebrtimi i eg\u00ebr. Koh\u00ebn e fundit ai ka p\u00ebrshkall\u00ebzuar. Edhe pse ka filluar sezoni turistik,","og_url":"https:\/\/www.visit-ulcinj.com\/blog\/2014\/06\/12\/ulqini-ndertime-pa-leje-e-pa-shije-nga-canka\/","og_site_name":"Lajme nga Ulqini","article_published_time":"2014-06-12T13:33:22+00:00","article_modified_time":"2014-06-13T13:22:28+00:00","og_image":[{"url":"http:\/\/www.visit-ulcinj.com\/blog\/wp-content\/uploads\/2014\/03\/ulqini.jpg"}],"twitter_misc":{"Written by":"ulqini","Est. reading time":"2 minutes"},"schema":{"@context":"https:\/\/schema.org","@graph":[{"@type":"WebSite","@id":"https:\/\/www.visit-ulcinj.com\/blog\/#website","url":"https:\/\/www.visit-ulcinj.com\/blog\/","name":"Lajme nga Ulqini","description":"Lajme,Vijesti,Ulqini,Ulqin,Crna Gora,Mali i Zi","potentialAction":[{"@type":"SearchAction","target":{"@type":"EntryPoint","urlTemplate":"https:\/\/www.visit-ulcinj.com\/blog\/?s={search_term_string}"},"query-input":"required name=search_term_string"}],"inLanguage":"en-US"},{"@type":"ImageObject","inLanguage":"en-US","@id":"https:\/\/www.visit-ulcinj.com\/blog\/2014\/06\/12\/ulqini-ndertime-pa-leje-e-pa-shije-nga-canka\/#primaryimage","url":"https:\/\/www.visit-ulcinj.com\/blog\/wp-content\/uploads\/2014\/03\/ulqini.jpg","contentUrl":"https:\/\/www.visit-ulcinj.com\/blog\/wp-content\/uploads\/2014\/03\/ulqini.jpg","width":960,"height":620},{"@type":"WebPage","@id":"https:\/\/www.visit-ulcinj.com\/blog\/2014\/06\/12\/ulqini-ndertime-pa-leje-e-pa-shije-nga-canka\/#webpage","url":"https:\/\/www.visit-ulcinj.com\/blog\/2014\/06\/12\/ulqini-ndertime-pa-leje-e-pa-shije-nga-canka\/","name":"Ulqini me nd\u00ebrtime pa leje e pa shije nga CANKA - Lajme nga Ulqini","isPartOf":{"@id":"https:\/\/www.visit-ulcinj.com\/blog\/#website"},"primaryImageOfPage":{"@id":"https:\/\/www.visit-ulcinj.com\/blog\/2014\/06\/12\/ulqini-ndertime-pa-leje-e-pa-shije-nga-canka\/#primaryimage"},"datePublished":"2014-06-12T13:33:22+00:00","dateModified":"2014-06-13T13:22:28+00:00","author":{"@id":"https:\/\/www.visit-ulcinj.com\/blog\/#\/schema\/person\/dcab619c614d3038751c63bc2aadc06d"},"description":"Nga Mustafa CANKA Nj\u00eb nga problemet m\u00eb t\u00eb m\u00ebdha n\u00eb Ulqin \u00ebsht\u00eb nd\u00ebrtimi i eg\u00ebr. Koh\u00ebn e fundit ai ka p\u00ebrshkall\u00ebzuar. Edhe pse ka filluar sezoni turistik,","breadcrumb":{"@id":"https:\/\/www.visit-ulcinj.com\/blog\/2014\/06\/12\/ulqini-ndertime-pa-leje-e-pa-shije-nga-canka\/#breadcrumb"},"inLanguage":"en-US","potentialAction":[{"@type":"ReadAction","target":["https:\/\/www.visit-ulcinj.com\/blog\/2014\/06\/12\/ulqini-ndertime-pa-leje-e-pa-shije-nga-canka\/"]}]},{"@type":"BreadcrumbList","@id":"https:\/\/www.visit-ulcinj.com\/blog\/2014\/06\/12\/ulqini-ndertime-pa-leje-e-pa-shije-nga-canka\/#breadcrumb","itemListElement":[{"@type":"ListItem","position":1,"name":"Ulqini me nd\u00ebrtime pa leje e pa shije nga CANKA"}]},{"@type":"Person","@id":"https:\/\/www.visit-ulcinj.com\/blog\/#\/schema\/person\/dcab619c614d3038751c63bc2aadc06d","name":"ulqini","sameAs":["http:\/\/www.visit-ulcinj.com"],"url":"https:\/\/www.visit-ulcinj.com\/blog\/author\/admin\/"}]}},"jetpack_featured_media_url":"","jetpack_sharing_enabled":true,"jetpack_shortlink":"https:\/\/wp.me\/pe6lTn-lBl","_links":{"self":[{"href":"https:\/\/www.visit-ulcinj.com\/blog\/wp-json\/wp\/v2\/posts\/83039"}],"collection":[{"href":"https:\/\/www.visit-ulcinj.com\/blog\/wp-json\/wp\/v2\/posts"}],"about":[{"href":"https:\/\/www.visit-ulcinj.com\/blog\/wp-json\/wp\/v2\/types\/post"}],"author":[{"embeddable":true,"href":"https:\/\/www.visit-ulcinj.com\/blog\/wp-json\/wp\/v2\/users\/1"}],"replies":[{"embeddable":true,"href":"https:\/\/www.visit-ulcinj.com\/blog\/wp-json\/wp\/v2\/comments?post=83039"}],"version-history":[{"count":1,"href":"https:\/\/www.visit-ulcinj.com\/blog\/wp-json\/wp\/v2\/posts\/83039\/revisions"}],"predecessor-version":[{"id":83040,"href":"https:\/\/www.visit-ulcinj.com\/blog\/wp-json\/wp\/v2\/posts\/83039\/revisions\/83040"}],"wp:attachment":[{"href":"https:\/\/www.visit-ulcinj.com\/blog\/wp-json\/wp\/v2\/media?parent=83039"}],"wp:term":[{"taxonomy":"category","embeddable":true,"href":"https:\/\/www.visit-ulcinj.com\/blog\/wp-json\/wp\/v2\/categories?post=83039"},{"taxonomy":"post_tag","embeddable":true,"href":"https:\/\/www.visit-ulcinj.com\/blog\/wp-json\/wp\/v2\/tags?post=83039"}],"curies":[{"name":"wp","href":"https:\/\/api.w.org\/{rel}","templated":true}]}}