{"id":83083,"date":"2014-06-14T15:16:44","date_gmt":"2014-06-14T14:16:44","guid":{"rendered":"http:\/\/www.visit-ulcinj.com\/blog\/?p=83083"},"modified":"2014-06-14T15:16:44","modified_gmt":"2014-06-14T14:16:44","slug":"ulcinj-izbor-mis-albanije-pod-znakom-pitanja-zbog-para","status":"publish","type":"post","link":"https:\/\/www.visit-ulcinj.com\/blog\/2014\/06\/14\/ulcinj-izbor-mis-albanije-pod-znakom-pitanja-zbog-para\/","title":{"rendered":"Ulcinj: Izbor Mis Albanije pod znakom pitanja zbog para?"},"content":{"rendered":"<p><strong><a href=\"http:\/\/www.visit-ulcinj.com\/blog\/wp-content\/uploads\/2014\/06\/Miss-Albaija-2014-Ulcinj.jpg\"><img loading=\"lazy\" class=\"alignleft  wp-image-83085\" alt=\"Miss-Albaija 2014-Ulcinj\" src=\"http:\/\/www.visit-ulcinj.com\/blog\/wp-content\/uploads\/2014\/06\/Miss-Albaija-2014-Ulcinj.jpg\" width=\"508\" height=\"360\" \/><\/a>Izbor Mis Albanije u Ulcinju pod znakom pitanja zbog para?<\/strong><\/p>\n<p>Blokiran ra\u010dun op\u0161tine, pa je Fatmir \u0110eka pozvao u pomo\u0107 biznismene da finansijski pomognu organizaciju izbora lepotica 27. juna<\/p>\n<p>PODGORICA &#8211; Fatmir \u0110eka, predsednik op\u0161tine Ulcinj, pozvao je u pomo\u0107 biznismene da finansijski pomognu organizaciju izbora mis Albanije 27. juna na Velikoj skeli, kako se ova atraktivna manifestacija ne bi dovela u pitanje. Razlog ovakve intervencije \u0110eke je blokada op\u0161tinskog \u017eiro-ra\u010duna.<\/p>\n<div><\/div>\n<p>&#8211; Najava ove manifestacije ve\u0107 je imala pozitivne marketin\u0161ke efekte po op\u0161tinu Ulcinj. Dogovorio sam se sa biznismenima da se otvori poseban \u017eiro-ra\u010dun na koji sva pravna lica i gra\u0111ani koji to \u017eele, mogu da uplate novac da bi se odr\u017eao ovaj spektakl &#8211; izjavio je \u0110eka.<\/p>\n<p>Uprkos neo\u010dekivanim problemima u kojima su se na\u0161li organizatori, te\u0161ko je pomisliti na to da bi doga\u0111aj godine u najju\u017enijem crnogorskom gradu mogao da izostane zbog manjka novca.<\/p>\n<p>Odluka oko organizacije spektakla pala je nakon dogovora \u0110eke sa producentom Petrijem Bozom pre nekoliko meseci. I upravo od prve najave po\u010dela je da provejava politika, \u0161to je podiglo tenzije u Crnoj Gori, zbog sumnje da se time \u201eprikriveno\u201c ugro\u017eava suverenitet dr\u017eave.<\/p>\n<p>U trci za najlep\u0161u devojku, kako nezvani\u010dno saznajemo, ne\u0107e u\u010destvovati samo lepotice iz Albanije, nego i devojke sa Kosova i iz Makedonije. Zvani\u010dna Podgorica jo\u0161 se nije odredila prema ovom doga\u0111aju, nervoza se ve\u0107 uselila me\u0111u pravoslavne gra\u0111ane koji odr\u017eavanje manifestacije samo dan uo\u010di Vidovdana, do\u017eivljavaju kao provokaciju.<\/p>\n<p>&#8211; Vreme je da ujedinimo albansku lepotu u Ulcinju &#8211; poru\u010duju doma\u0107ini.<\/p>\n<p>U Ulcinju se uveliko pri\u010da da \u0107e na ovaj doga\u0111aj do\u0107i mnogobrojna poznata imena iz sveta politike i \u0161ou biznisa, poput predsednice Kosova Atifete Jahjage, Ha\u0161ima Ta\u010dija, lidera Alijanse za budu\u0107nost Kosova Ramu\u0161a Haradinaja, peva\u010dice Ane Okse, politi\u010dara iz albanskih nacionalnih stranaka&#8230;<\/p>\n<p>&nbsp;<\/p>\n<p><b>POLITIKA<\/b><\/p>\n<p>JOVAN Vu\u010durovi\u0107, portparol Nove srpske demokratije, zatra\u017eio je od vrha vlasti da javno saop\u0161ti da li je odr\u017eavanje ove manifestacija promocija takozvane prirodne Albanije, \u010diji je glavni zagovornik i idejni tvorac Ko\u010da Danaj.<\/p>\n<p><a href=\"http:\/\/www.novosti.rs\/vesti\/planeta.300.html:496071-Izbor-Mis-Albanije-u-Ulcinju-pod-znakom-pitanja-zbog-para\" target=\"_blank\"><strong>Izvor: \u0412\u0435\u0447\u0435\u0440\u045a\u0435 \u041d\u043e\u0432\u043e\u0441\u0442\u0438<\/strong><\/a><\/p>\n","protected":false},"excerpt":{"rendered":"<p>Izbor Mis Albanije u Ulcinju pod znakom pitanja zbog para? Blokiran ra\u010dun op\u0161tine, pa je Fatmir \u0110eka pozvao u pomo\u0107 biznismene da finansijski pomognu organizaciju izbora lepotica 27. juna PODGORICA &#8211; Fatmir \u0110eka, predsednik op\u0161tine Ulcinj, pozvao je u pomo\u0107 biznismene da finansijski pomognu organizaciju izbora mis Albanije 27. juna na Velikoj skeli, kako se [&hellip;]<\/p>\n","protected":false},"author":1,"featured_media":0,"comment_status":"closed","ping_status":"closed","sticky":false,"template":"","format":"standard","meta":{"spay_email":"","jetpack_publicize_message":"","jetpack_is_tweetstorm":false,"jetpack_publicize_feature_enabled":true},"categories":[8337],"tags":[],"jetpack_publicize_connections":[],"yoast_head":"<!-- This site is optimized with the Yoast SEO plugin v19.1 - https:\/\/yoast.com\/wordpress\/plugins\/seo\/ -->\n<title>Ulcinj: Izbor Mis Albanije pod znakom pitanja zbog para? - Lajme nga Ulqini<\/title>\n<meta name=\"description\" content=\"Izbor Mis Albanije u Ulcinju pod znakom pitanja zbog para? Blokiran ra\u010dun op\u0161tine, pa je Fatmir \u0110eka pozvao u pomo\u0107 biznismene da finansijski pomognu\" \/>\n<meta name=\"robots\" content=\"index, follow, max-snippet:-1, max-image-preview:large, max-video-preview:-1\" \/>\n<link rel=\"canonical\" href=\"https:\/\/www.visit-ulcinj.com\/blog\/2014\/06\/14\/ulcinj-izbor-mis-albanije-pod-znakom-pitanja-zbog-para\/\" \/>\n<meta property=\"og:locale\" content=\"en_US\" \/>\n<meta property=\"og:type\" content=\"article\" \/>\n<meta property=\"og:title\" content=\"Ulcinj: Izbor Mis Albanije pod znakom pitanja zbog para? - Lajme nga Ulqini\" \/>\n<meta property=\"og:description\" content=\"Izbor Mis Albanije u Ulcinju pod znakom pitanja zbog para? Blokiran ra\u010dun op\u0161tine, pa je Fatmir \u0110eka pozvao u pomo\u0107 biznismene da finansijski pomognu\" \/>\n<meta property=\"og:url\" content=\"https:\/\/www.visit-ulcinj.com\/blog\/2014\/06\/14\/ulcinj-izbor-mis-albanije-pod-znakom-pitanja-zbog-para\/\" \/>\n<meta property=\"og:site_name\" content=\"Lajme nga Ulqini\" \/>\n<meta property=\"article:published_time\" content=\"2014-06-14T14:16:44+00:00\" \/>\n<meta property=\"og:image\" content=\"http:\/\/www.visit-ulcinj.com\/blog\/wp-content\/uploads\/2014\/06\/Miss-Albaija-2014-Ulcinj.jpg\" \/>\n<meta name=\"twitter:label1\" content=\"Written by\" \/>\n\t<meta name=\"twitter:data1\" content=\"ulqini\" \/>\n\t<meta name=\"twitter:label2\" content=\"Est. reading time\" \/>\n\t<meta name=\"twitter:data2\" content=\"2 minutes\" \/>\n<script type=\"application\/ld+json\" class=\"yoast-schema-graph\">{\"@context\":\"https:\/\/schema.org\",\"@graph\":[{\"@type\":\"WebSite\",\"@id\":\"https:\/\/www.visit-ulcinj.com\/blog\/#website\",\"url\":\"https:\/\/www.visit-ulcinj.com\/blog\/\",\"name\":\"Lajme nga Ulqini\",\"description\":\"Lajme,Vijesti,Ulqini,Ulqin,Crna Gora,Mali i Zi\",\"potentialAction\":[{\"@type\":\"SearchAction\",\"target\":{\"@type\":\"EntryPoint\",\"urlTemplate\":\"https:\/\/www.visit-ulcinj.com\/blog\/?s={search_term_string}\"},\"query-input\":\"required name=search_term_string\"}],\"inLanguage\":\"en-US\"},{\"@type\":\"ImageObject\",\"inLanguage\":\"en-US\",\"@id\":\"https:\/\/www.visit-ulcinj.com\/blog\/2014\/06\/14\/ulcinj-izbor-mis-albanije-pod-znakom-pitanja-zbog-para\/#primaryimage\",\"url\":\"https:\/\/www.visit-ulcinj.com\/blog\/wp-content\/uploads\/2014\/06\/Miss-Albaija-2014-Ulcinj.jpg\",\"contentUrl\":\"https:\/\/www.visit-ulcinj.com\/blog\/wp-content\/uploads\/2014\/06\/Miss-Albaija-2014-Ulcinj.jpg\",\"width\":1024,\"height\":523},{\"@type\":\"WebPage\",\"@id\":\"https:\/\/www.visit-ulcinj.com\/blog\/2014\/06\/14\/ulcinj-izbor-mis-albanije-pod-znakom-pitanja-zbog-para\/#webpage\",\"url\":\"https:\/\/www.visit-ulcinj.com\/blog\/2014\/06\/14\/ulcinj-izbor-mis-albanije-pod-znakom-pitanja-zbog-para\/\",\"name\":\"Ulcinj: Izbor Mis Albanije pod znakom pitanja zbog para? - Lajme nga Ulqini\",\"isPartOf\":{\"@id\":\"https:\/\/www.visit-ulcinj.com\/blog\/#website\"},\"primaryImageOfPage\":{\"@id\":\"https:\/\/www.visit-ulcinj.com\/blog\/2014\/06\/14\/ulcinj-izbor-mis-albanije-pod-znakom-pitanja-zbog-para\/#primaryimage\"},\"datePublished\":\"2014-06-14T14:16:44+00:00\",\"dateModified\":\"2014-06-14T14:16:44+00:00\",\"author\":{\"@id\":\"https:\/\/www.visit-ulcinj.com\/blog\/#\/schema\/person\/dcab619c614d3038751c63bc2aadc06d\"},\"description\":\"Izbor Mis Albanije u Ulcinju pod znakom pitanja zbog para? Blokiran ra\u010dun op\u0161tine, pa je Fatmir \u0110eka pozvao u pomo\u0107 biznismene da finansijski pomognu\",\"breadcrumb\":{\"@id\":\"https:\/\/www.visit-ulcinj.com\/blog\/2014\/06\/14\/ulcinj-izbor-mis-albanije-pod-znakom-pitanja-zbog-para\/#breadcrumb\"},\"inLanguage\":\"en-US\",\"potentialAction\":[{\"@type\":\"ReadAction\",\"target\":[\"https:\/\/www.visit-ulcinj.com\/blog\/2014\/06\/14\/ulcinj-izbor-mis-albanije-pod-znakom-pitanja-zbog-para\/\"]}]},{\"@type\":\"BreadcrumbList\",\"@id\":\"https:\/\/www.visit-ulcinj.com\/blog\/2014\/06\/14\/ulcinj-izbor-mis-albanije-pod-znakom-pitanja-zbog-para\/#breadcrumb\",\"itemListElement\":[{\"@type\":\"ListItem\",\"position\":1,\"name\":\"Ulcinj: Izbor Mis Albanije pod znakom pitanja zbog para?\"}]},{\"@type\":\"Person\",\"@id\":\"https:\/\/www.visit-ulcinj.com\/blog\/#\/schema\/person\/dcab619c614d3038751c63bc2aadc06d\",\"name\":\"ulqini\",\"sameAs\":[\"http:\/\/www.visit-ulcinj.com\"],\"url\":\"https:\/\/www.visit-ulcinj.com\/blog\/author\/admin\/\"}]}<\/script>\n<!-- \/ Yoast SEO plugin. -->","yoast_head_json":{"title":"Ulcinj: Izbor Mis Albanije pod znakom pitanja zbog para? - Lajme nga Ulqini","description":"Izbor Mis Albanije u Ulcinju pod znakom pitanja zbog para? Blokiran ra\u010dun op\u0161tine, pa je Fatmir \u0110eka pozvao u pomo\u0107 biznismene da finansijski pomognu","robots":{"index":"index","follow":"follow","max-snippet":"max-snippet:-1","max-image-preview":"max-image-preview:large","max-video-preview":"max-video-preview:-1"},"canonical":"https:\/\/www.visit-ulcinj.com\/blog\/2014\/06\/14\/ulcinj-izbor-mis-albanije-pod-znakom-pitanja-zbog-para\/","og_locale":"en_US","og_type":"article","og_title":"Ulcinj: Izbor Mis Albanije pod znakom pitanja zbog para? - Lajme nga Ulqini","og_description":"Izbor Mis Albanije u Ulcinju pod znakom pitanja zbog para? Blokiran ra\u010dun op\u0161tine, pa je Fatmir \u0110eka pozvao u pomo\u0107 biznismene da finansijski pomognu","og_url":"https:\/\/www.visit-ulcinj.com\/blog\/2014\/06\/14\/ulcinj-izbor-mis-albanije-pod-znakom-pitanja-zbog-para\/","og_site_name":"Lajme nga Ulqini","article_published_time":"2014-06-14T14:16:44+00:00","og_image":[{"url":"http:\/\/www.visit-ulcinj.com\/blog\/wp-content\/uploads\/2014\/06\/Miss-Albaija-2014-Ulcinj.jpg"}],"twitter_misc":{"Written by":"ulqini","Est. reading time":"2 minutes"},"schema":{"@context":"https:\/\/schema.org","@graph":[{"@type":"WebSite","@id":"https:\/\/www.visit-ulcinj.com\/blog\/#website","url":"https:\/\/www.visit-ulcinj.com\/blog\/","name":"Lajme nga Ulqini","description":"Lajme,Vijesti,Ulqini,Ulqin,Crna Gora,Mali i Zi","potentialAction":[{"@type":"SearchAction","target":{"@type":"EntryPoint","urlTemplate":"https:\/\/www.visit-ulcinj.com\/blog\/?s={search_term_string}"},"query-input":"required name=search_term_string"}],"inLanguage":"en-US"},{"@type":"ImageObject","inLanguage":"en-US","@id":"https:\/\/www.visit-ulcinj.com\/blog\/2014\/06\/14\/ulcinj-izbor-mis-albanije-pod-znakom-pitanja-zbog-para\/#primaryimage","url":"https:\/\/www.visit-ulcinj.com\/blog\/wp-content\/uploads\/2014\/06\/Miss-Albaija-2014-Ulcinj.jpg","contentUrl":"https:\/\/www.visit-ulcinj.com\/blog\/wp-content\/uploads\/2014\/06\/Miss-Albaija-2014-Ulcinj.jpg","width":1024,"height":523},{"@type":"WebPage","@id":"https:\/\/www.visit-ulcinj.com\/blog\/2014\/06\/14\/ulcinj-izbor-mis-albanije-pod-znakom-pitanja-zbog-para\/#webpage","url":"https:\/\/www.visit-ulcinj.com\/blog\/2014\/06\/14\/ulcinj-izbor-mis-albanije-pod-znakom-pitanja-zbog-para\/","name":"Ulcinj: Izbor Mis Albanije pod znakom pitanja zbog para? - Lajme nga Ulqini","isPartOf":{"@id":"https:\/\/www.visit-ulcinj.com\/blog\/#website"},"primaryImageOfPage":{"@id":"https:\/\/www.visit-ulcinj.com\/blog\/2014\/06\/14\/ulcinj-izbor-mis-albanije-pod-znakom-pitanja-zbog-para\/#primaryimage"},"datePublished":"2014-06-14T14:16:44+00:00","dateModified":"2014-06-14T14:16:44+00:00","author":{"@id":"https:\/\/www.visit-ulcinj.com\/blog\/#\/schema\/person\/dcab619c614d3038751c63bc2aadc06d"},"description":"Izbor Mis Albanije u Ulcinju pod znakom pitanja zbog para? Blokiran ra\u010dun op\u0161tine, pa je Fatmir \u0110eka pozvao u pomo\u0107 biznismene da finansijski pomognu","breadcrumb":{"@id":"https:\/\/www.visit-ulcinj.com\/blog\/2014\/06\/14\/ulcinj-izbor-mis-albanije-pod-znakom-pitanja-zbog-para\/#breadcrumb"},"inLanguage":"en-US","potentialAction":[{"@type":"ReadAction","target":["https:\/\/www.visit-ulcinj.com\/blog\/2014\/06\/14\/ulcinj-izbor-mis-albanije-pod-znakom-pitanja-zbog-para\/"]}]},{"@type":"BreadcrumbList","@id":"https:\/\/www.visit-ulcinj.com\/blog\/2014\/06\/14\/ulcinj-izbor-mis-albanije-pod-znakom-pitanja-zbog-para\/#breadcrumb","itemListElement":[{"@type":"ListItem","position":1,"name":"Ulcinj: Izbor Mis Albanije pod znakom pitanja zbog para?"}]},{"@type":"Person","@id":"https:\/\/www.visit-ulcinj.com\/blog\/#\/schema\/person\/dcab619c614d3038751c63bc2aadc06d","name":"ulqini","sameAs":["http:\/\/www.visit-ulcinj.com"],"url":"https:\/\/www.visit-ulcinj.com\/blog\/author\/admin\/"}]}},"jetpack_featured_media_url":"","jetpack_sharing_enabled":true,"jetpack_shortlink":"https:\/\/wp.me\/pe6lTn-lC3","_links":{"self":[{"href":"https:\/\/www.visit-ulcinj.com\/blog\/wp-json\/wp\/v2\/posts\/83083"}],"collection":[{"href":"https:\/\/www.visit-ulcinj.com\/blog\/wp-json\/wp\/v2\/posts"}],"about":[{"href":"https:\/\/www.visit-ulcinj.com\/blog\/wp-json\/wp\/v2\/types\/post"}],"author":[{"embeddable":true,"href":"https:\/\/www.visit-ulcinj.com\/blog\/wp-json\/wp\/v2\/users\/1"}],"replies":[{"embeddable":true,"href":"https:\/\/www.visit-ulcinj.com\/blog\/wp-json\/wp\/v2\/comments?post=83083"}],"version-history":[{"count":1,"href":"https:\/\/www.visit-ulcinj.com\/blog\/wp-json\/wp\/v2\/posts\/83083\/revisions"}],"predecessor-version":[{"id":83086,"href":"https:\/\/www.visit-ulcinj.com\/blog\/wp-json\/wp\/v2\/posts\/83083\/revisions\/83086"}],"wp:attachment":[{"href":"https:\/\/www.visit-ulcinj.com\/blog\/wp-json\/wp\/v2\/media?parent=83083"}],"wp:term":[{"taxonomy":"category","embeddable":true,"href":"https:\/\/www.visit-ulcinj.com\/blog\/wp-json\/wp\/v2\/categories?post=83083"},{"taxonomy":"post_tag","embeddable":true,"href":"https:\/\/www.visit-ulcinj.com\/blog\/wp-json\/wp\/v2\/tags?post=83083"}],"curies":[{"name":"wp","href":"https:\/\/api.w.org\/{rel}","templated":true}]}}