{"id":83106,"date":"2014-06-15T19:42:42","date_gmt":"2014-06-15T18:42:42","guid":{"rendered":"http:\/\/www.visit-ulcinj.com\/blog\/?p=83106"},"modified":"2014-06-15T19:42:42","modified_gmt":"2014-06-15T18:42:42","slug":"zajednicka-saradnje-crne-gore-republike-albanije-u-oblasti-saobracaja","status":"publish","type":"post","link":"https:\/\/www.visit-ulcinj.com\/blog\/2014\/06\/15\/zajednicka-saradnje-crne-gore-republike-albanije-u-oblasti-saobracaja\/","title":{"rendered":"Zajednicka saradnje Crne Gore i Republike Albanije u oblasti saobra\u0107aja"},"content":{"rendered":"<div>\n<p><strong><a href=\"http:\/\/www.visit-ulcinj.com\/blog\/wp-content\/uploads\/2014\/06\/saradnja-Crne-Gore-i-Republike-Albanije.jpg\"><img loading=\"lazy\" class=\"alignleft  wp-image-83107\" alt=\"saradnja Crne Gore i Republike Albanije\" src=\"http:\/\/www.visit-ulcinj.com\/blog\/wp-content\/uploads\/2014\/06\/saradnja-Crne-Gore-i-Republike-Albanije.jpg\" width=\"508\" height=\"334\" \/><\/a>Tema \u2013 Parlamentarna dimenzija saradnje Crne Gore i Republike Albanije u oblasti saobra\u0107aja<\/strong><\/p>\n<\/div>\n<div>\n<p>U okviru aktivnosti Mre\u017ee parlamentarnih odbora za ekonomiju, finansije i evropske integracije zemalja Zapadnog Balkana, danas je u Ulcinju, odr\u017ean sastanak \u010dlanova Odbora za ekonomiju, finansije i bud\u017eet Skup\u0161tine Crne Gore sa \u010dlanovima Odbora za ekonomiju i finansije Parlamenta Republike Albanije, na temu \u201eParlamentarna dimenzija saradnje Crne Gore i Republike Albanije u oblasti saobra\u0107aja\u201c,uz podr\u0161ku Vestminsterske fondacije za demokratiju.<\/p>\n<p>Na sastanku su u\u010destvovali i ministar saobra\u0107aja i pomorstva u Vladi Crne Gore, Ivan Brajovi\u0107, pred\u015bednik Op\u0161tine Plav, Orhan \u0160ahmanovi\u0107 i potpred\u015bednik Op\u0161tine Ulcinj, Ardian Mavri\u0107.<\/p>\n<p>U\u010desnicima su se u uvodnom dijelu sastanka obratili direktor Programa za Evropu Vestminster fondacije za demokratiju, George Kunnath, kao i pred\u015bednik Odbora za ekonomiju, finansije i bud\u017eet Skup\u0161tine Crne Gore i pred\u015bedavaju\u0107i Mre\u017ee parlamentarnih odbora za ekonomiju, finansije i evropske integracije zemalja Zapadnog Balkana, Aleksandar Damjanovi\u0107.<\/p>\n<p>Nakon uvodnog izlaganja ministra Brajovi\u0107a, svi u\u010desnici sastanka, uzeli su u\u010de\u0161\u0107e u diskusiji koja je sadr\u017eala konkretne predloge i sugestije vezane za prioritete saobra\u0107ajne saradnje Crne Gore i Republike Albanije, kako sa nivoa dvije dr\u017eave, tako i sa nivoa interesa lokalnih zajednica, odosno op\u0161tina Ulcinja i Plav.<\/p>\n<p>Izme\u0111u ostalog, potencirana je zajedni\u010dka valorizacija Skadarskog jezera, u smislu realizacije plovnog puta tokom rijeke Bojane, potreba elektrifikacije \u017eeljezni\u010dke pruge Podgorica \u2013 Skadar, kori\u0161\u0107enje komplementarnih prednosti luka Bar i Dra\u010d, zatim saradnja u oblasti vazdu\u0161nog saobra\u0107aja, odnosno aerodroma Podgorica i Tirana, i td.<\/p>\n<p>Uva\u017eavaju\u0107i i interese op\u0161tina Plav i Ulcinj, koji korespondiraju sa interesima od dr\u017eavnog zna\u010daja za Crnu Goru, zajedni\u010dki je definisano da je izgradnja puta Plav- Podgorica, preko Albanije, prioritetan projekat od obostranog interesa. Tako\u0111e je uva\u017eena potreba definisanja Ulcinja kao me\u0111unarodne luke, to jeste, uvo\u0111enje trajektnog saobra\u0107aja izme\u0111u Ulcinja i Dra\u010da i potreba saobra\u0107ajnog povezivanja Crne Gore i Republike Albanije najbli\u017eom saobra\u0107ajnom vezom preko rijeke Bojane u zale\u0111u Velike pla\u017ee.<\/p>\n<p>Na kraju bilateralnog sastanka, dogovoreno je da \u0107e oba odbora sa\u010diniti usagla\u0161eni predlog preporuka, koji \u0107e sa aspekta nadle\u017enosti oba odbora biti dostavljen vladama Crne Gore i Republike Albanije.<br \/>\nSastanku su, ispred Odbora za ekonomiju, finansije i bud\u017eet Skup\u0161tine Crne Gore prisustvovali poslanici: Aleksandar Damjanovi\u0107, Zoran Jeli\u0107, Milutin \u0110ukanovi\u0107, Mladen Bojani\u0107, Almer Kala\u010d i Nik Gjeloshaj, dok su ispred Odbora za ekonomiju i finansije Parlamenta Albanije prisustvovali: Ervin Koci, Majlinda Bufi, Agron Cela, Arben Cuko i Blerina Gjylameti.<\/p>\n<\/div>\n<div><strong><a href=\"http:\/\/www.skupstina.me\/index.php\/me\/odbor-za-ekonomiju-finansije-i-budzet\/aktuelnosti\">Izvor: Odbor za ekonomiju, finansije i bud\u017eet<\/a><\/strong><\/div>\n","protected":false},"excerpt":{"rendered":"<p>Tema \u2013 Parlamentarna dimenzija saradnje Crne Gore i Republike Albanije u oblasti saobra\u0107aja U okviru aktivnosti Mre\u017ee parlamentarnih odbora za ekonomiju, finansije i evropske integracije zemalja Zapadnog Balkana, danas je u Ulcinju, odr\u017ean sastanak \u010dlanova Odbora za ekonomiju, finansije i bud\u017eet Skup\u0161tine Crne Gore sa \u010dlanovima Odbora za ekonomiju i finansije Parlamenta Republike Albanije, na [&hellip;]<\/p>\n","protected":false},"author":1,"featured_media":0,"comment_status":"closed","ping_status":"closed","sticky":false,"template":"","format":"standard","meta":{"spay_email":"","jetpack_publicize_message":"","jetpack_is_tweetstorm":false,"jetpack_publicize_feature_enabled":true},"categories":[6950],"tags":[],"jetpack_publicize_connections":[],"yoast_head":"<!-- This site is optimized with the Yoast SEO plugin v19.1 - https:\/\/yoast.com\/wordpress\/plugins\/seo\/ -->\n<title>Zajednicka saradnje Crne Gore i Republike Albanije u oblasti saobra\u0107aja - Lajme nga Ulqini<\/title>\n<meta name=\"description\" content=\"Tema \u2013 Parlamentarna dimenzija saradnje Crne Gore i Republike Albanije u oblasti saobra\u0107aja U okviru aktivnosti Mre\u017ee parlamentarnih odbora za ekonomiju,\" \/>\n<meta name=\"robots\" content=\"index, follow, max-snippet:-1, max-image-preview:large, max-video-preview:-1\" \/>\n<link rel=\"canonical\" href=\"https:\/\/www.visit-ulcinj.com\/blog\/2014\/06\/15\/zajednicka-saradnje-crne-gore-republike-albanije-u-oblasti-saobracaja\/\" \/>\n<meta property=\"og:locale\" content=\"en_US\" \/>\n<meta property=\"og:type\" content=\"article\" \/>\n<meta property=\"og:title\" content=\"Zajednicka saradnje Crne Gore i Republike Albanije u oblasti saobra\u0107aja - Lajme nga Ulqini\" \/>\n<meta property=\"og:description\" content=\"Tema \u2013 Parlamentarna dimenzija saradnje Crne Gore i Republike Albanije u oblasti saobra\u0107aja U okviru aktivnosti Mre\u017ee parlamentarnih odbora za ekonomiju,\" \/>\n<meta property=\"og:url\" content=\"https:\/\/www.visit-ulcinj.com\/blog\/2014\/06\/15\/zajednicka-saradnje-crne-gore-republike-albanije-u-oblasti-saobracaja\/\" \/>\n<meta property=\"og:site_name\" content=\"Lajme nga Ulqini\" \/>\n<meta property=\"article:published_time\" content=\"2014-06-15T18:42:42+00:00\" \/>\n<meta property=\"og:image\" content=\"http:\/\/www.visit-ulcinj.com\/blog\/wp-content\/uploads\/2014\/06\/saradnja-Crne-Gore-i-Republike-Albanije.jpg\" \/>\n<meta name=\"twitter:label1\" content=\"Written by\" \/>\n\t<meta name=\"twitter:data1\" content=\"ulqini\" \/>\n\t<meta name=\"twitter:label2\" content=\"Est. reading time\" \/>\n\t<meta name=\"twitter:data2\" content=\"2 minutes\" \/>\n<script type=\"application\/ld+json\" class=\"yoast-schema-graph\">{\"@context\":\"https:\/\/schema.org\",\"@graph\":[{\"@type\":\"WebSite\",\"@id\":\"https:\/\/www.visit-ulcinj.com\/blog\/#website\",\"url\":\"https:\/\/www.visit-ulcinj.com\/blog\/\",\"name\":\"Lajme nga Ulqini\",\"description\":\"Lajme,Vijesti,Ulqini,Ulqin,Crna Gora,Mali i Zi\",\"potentialAction\":[{\"@type\":\"SearchAction\",\"target\":{\"@type\":\"EntryPoint\",\"urlTemplate\":\"https:\/\/www.visit-ulcinj.com\/blog\/?s={search_term_string}\"},\"query-input\":\"required name=search_term_string\"}],\"inLanguage\":\"en-US\"},{\"@type\":\"ImageObject\",\"inLanguage\":\"en-US\",\"@id\":\"https:\/\/www.visit-ulcinj.com\/blog\/2014\/06\/15\/zajednicka-saradnje-crne-gore-republike-albanije-u-oblasti-saobracaja\/#primaryimage\",\"url\":\"https:\/\/www.visit-ulcinj.com\/blog\/wp-content\/uploads\/2014\/06\/saradnja-Crne-Gore-i-Republike-Albanije.jpg\",\"contentUrl\":\"https:\/\/www.visit-ulcinj.com\/blog\/wp-content\/uploads\/2014\/06\/saradnja-Crne-Gore-i-Republike-Albanije.jpg\",\"width\":588,\"height\":334},{\"@type\":\"WebPage\",\"@id\":\"https:\/\/www.visit-ulcinj.com\/blog\/2014\/06\/15\/zajednicka-saradnje-crne-gore-republike-albanije-u-oblasti-saobracaja\/#webpage\",\"url\":\"https:\/\/www.visit-ulcinj.com\/blog\/2014\/06\/15\/zajednicka-saradnje-crne-gore-republike-albanije-u-oblasti-saobracaja\/\",\"name\":\"Zajednicka saradnje Crne Gore i Republike Albanije u oblasti saobra\u0107aja - Lajme nga Ulqini\",\"isPartOf\":{\"@id\":\"https:\/\/www.visit-ulcinj.com\/blog\/#website\"},\"primaryImageOfPage\":{\"@id\":\"https:\/\/www.visit-ulcinj.com\/blog\/2014\/06\/15\/zajednicka-saradnje-crne-gore-republike-albanije-u-oblasti-saobracaja\/#primaryimage\"},\"datePublished\":\"2014-06-15T18:42:42+00:00\",\"dateModified\":\"2014-06-15T18:42:42+00:00\",\"author\":{\"@id\":\"https:\/\/www.visit-ulcinj.com\/blog\/#\/schema\/person\/dcab619c614d3038751c63bc2aadc06d\"},\"description\":\"Tema \u2013 Parlamentarna dimenzija saradnje Crne Gore i Republike Albanije u oblasti saobra\u0107aja U okviru aktivnosti Mre\u017ee parlamentarnih odbora za ekonomiju,\",\"breadcrumb\":{\"@id\":\"https:\/\/www.visit-ulcinj.com\/blog\/2014\/06\/15\/zajednicka-saradnje-crne-gore-republike-albanije-u-oblasti-saobracaja\/#breadcrumb\"},\"inLanguage\":\"en-US\",\"potentialAction\":[{\"@type\":\"ReadAction\",\"target\":[\"https:\/\/www.visit-ulcinj.com\/blog\/2014\/06\/15\/zajednicka-saradnje-crne-gore-republike-albanije-u-oblasti-saobracaja\/\"]}]},{\"@type\":\"BreadcrumbList\",\"@id\":\"https:\/\/www.visit-ulcinj.com\/blog\/2014\/06\/15\/zajednicka-saradnje-crne-gore-republike-albanije-u-oblasti-saobracaja\/#breadcrumb\",\"itemListElement\":[{\"@type\":\"ListItem\",\"position\":1,\"name\":\"Zajednicka saradnje Crne Gore i Republike Albanije u oblasti saobra\u0107aja\"}]},{\"@type\":\"Person\",\"@id\":\"https:\/\/www.visit-ulcinj.com\/blog\/#\/schema\/person\/dcab619c614d3038751c63bc2aadc06d\",\"name\":\"ulqini\",\"sameAs\":[\"http:\/\/www.visit-ulcinj.com\"],\"url\":\"https:\/\/www.visit-ulcinj.com\/blog\/author\/admin\/\"}]}<\/script>\n<!-- \/ Yoast SEO plugin. -->","yoast_head_json":{"title":"Zajednicka saradnje Crne Gore i Republike Albanije u oblasti saobra\u0107aja - Lajme nga Ulqini","description":"Tema \u2013 Parlamentarna dimenzija saradnje Crne Gore i Republike Albanije u oblasti saobra\u0107aja U okviru aktivnosti Mre\u017ee parlamentarnih odbora za ekonomiju,","robots":{"index":"index","follow":"follow","max-snippet":"max-snippet:-1","max-image-preview":"max-image-preview:large","max-video-preview":"max-video-preview:-1"},"canonical":"https:\/\/www.visit-ulcinj.com\/blog\/2014\/06\/15\/zajednicka-saradnje-crne-gore-republike-albanije-u-oblasti-saobracaja\/","og_locale":"en_US","og_type":"article","og_title":"Zajednicka saradnje Crne Gore i Republike Albanije u oblasti saobra\u0107aja - Lajme nga Ulqini","og_description":"Tema \u2013 Parlamentarna dimenzija saradnje Crne Gore i Republike Albanije u oblasti saobra\u0107aja U okviru aktivnosti Mre\u017ee parlamentarnih odbora za ekonomiju,","og_url":"https:\/\/www.visit-ulcinj.com\/blog\/2014\/06\/15\/zajednicka-saradnje-crne-gore-republike-albanije-u-oblasti-saobracaja\/","og_site_name":"Lajme nga Ulqini","article_published_time":"2014-06-15T18:42:42+00:00","og_image":[{"url":"http:\/\/www.visit-ulcinj.com\/blog\/wp-content\/uploads\/2014\/06\/saradnja-Crne-Gore-i-Republike-Albanije.jpg"}],"twitter_misc":{"Written by":"ulqini","Est. reading time":"2 minutes"},"schema":{"@context":"https:\/\/schema.org","@graph":[{"@type":"WebSite","@id":"https:\/\/www.visit-ulcinj.com\/blog\/#website","url":"https:\/\/www.visit-ulcinj.com\/blog\/","name":"Lajme nga Ulqini","description":"Lajme,Vijesti,Ulqini,Ulqin,Crna Gora,Mali i Zi","potentialAction":[{"@type":"SearchAction","target":{"@type":"EntryPoint","urlTemplate":"https:\/\/www.visit-ulcinj.com\/blog\/?s={search_term_string}"},"query-input":"required name=search_term_string"}],"inLanguage":"en-US"},{"@type":"ImageObject","inLanguage":"en-US","@id":"https:\/\/www.visit-ulcinj.com\/blog\/2014\/06\/15\/zajednicka-saradnje-crne-gore-republike-albanije-u-oblasti-saobracaja\/#primaryimage","url":"https:\/\/www.visit-ulcinj.com\/blog\/wp-content\/uploads\/2014\/06\/saradnja-Crne-Gore-i-Republike-Albanije.jpg","contentUrl":"https:\/\/www.visit-ulcinj.com\/blog\/wp-content\/uploads\/2014\/06\/saradnja-Crne-Gore-i-Republike-Albanije.jpg","width":588,"height":334},{"@type":"WebPage","@id":"https:\/\/www.visit-ulcinj.com\/blog\/2014\/06\/15\/zajednicka-saradnje-crne-gore-republike-albanije-u-oblasti-saobracaja\/#webpage","url":"https:\/\/www.visit-ulcinj.com\/blog\/2014\/06\/15\/zajednicka-saradnje-crne-gore-republike-albanije-u-oblasti-saobracaja\/","name":"Zajednicka saradnje Crne Gore i Republike Albanije u oblasti saobra\u0107aja - Lajme nga Ulqini","isPartOf":{"@id":"https:\/\/www.visit-ulcinj.com\/blog\/#website"},"primaryImageOfPage":{"@id":"https:\/\/www.visit-ulcinj.com\/blog\/2014\/06\/15\/zajednicka-saradnje-crne-gore-republike-albanije-u-oblasti-saobracaja\/#primaryimage"},"datePublished":"2014-06-15T18:42:42+00:00","dateModified":"2014-06-15T18:42:42+00:00","author":{"@id":"https:\/\/www.visit-ulcinj.com\/blog\/#\/schema\/person\/dcab619c614d3038751c63bc2aadc06d"},"description":"Tema \u2013 Parlamentarna dimenzija saradnje Crne Gore i Republike Albanije u oblasti saobra\u0107aja U okviru aktivnosti Mre\u017ee parlamentarnih odbora za ekonomiju,","breadcrumb":{"@id":"https:\/\/www.visit-ulcinj.com\/blog\/2014\/06\/15\/zajednicka-saradnje-crne-gore-republike-albanije-u-oblasti-saobracaja\/#breadcrumb"},"inLanguage":"en-US","potentialAction":[{"@type":"ReadAction","target":["https:\/\/www.visit-ulcinj.com\/blog\/2014\/06\/15\/zajednicka-saradnje-crne-gore-republike-albanije-u-oblasti-saobracaja\/"]}]},{"@type":"BreadcrumbList","@id":"https:\/\/www.visit-ulcinj.com\/blog\/2014\/06\/15\/zajednicka-saradnje-crne-gore-republike-albanije-u-oblasti-saobracaja\/#breadcrumb","itemListElement":[{"@type":"ListItem","position":1,"name":"Zajednicka saradnje Crne Gore i Republike Albanije u oblasti saobra\u0107aja"}]},{"@type":"Person","@id":"https:\/\/www.visit-ulcinj.com\/blog\/#\/schema\/person\/dcab619c614d3038751c63bc2aadc06d","name":"ulqini","sameAs":["http:\/\/www.visit-ulcinj.com"],"url":"https:\/\/www.visit-ulcinj.com\/blog\/author\/admin\/"}]}},"jetpack_featured_media_url":"","jetpack_sharing_enabled":true,"jetpack_shortlink":"https:\/\/wp.me\/pe6lTn-lCq","_links":{"self":[{"href":"https:\/\/www.visit-ulcinj.com\/blog\/wp-json\/wp\/v2\/posts\/83106"}],"collection":[{"href":"https:\/\/www.visit-ulcinj.com\/blog\/wp-json\/wp\/v2\/posts"}],"about":[{"href":"https:\/\/www.visit-ulcinj.com\/blog\/wp-json\/wp\/v2\/types\/post"}],"author":[{"embeddable":true,"href":"https:\/\/www.visit-ulcinj.com\/blog\/wp-json\/wp\/v2\/users\/1"}],"replies":[{"embeddable":true,"href":"https:\/\/www.visit-ulcinj.com\/blog\/wp-json\/wp\/v2\/comments?post=83106"}],"version-history":[{"count":1,"href":"https:\/\/www.visit-ulcinj.com\/blog\/wp-json\/wp\/v2\/posts\/83106\/revisions"}],"predecessor-version":[{"id":83108,"href":"https:\/\/www.visit-ulcinj.com\/blog\/wp-json\/wp\/v2\/posts\/83106\/revisions\/83108"}],"wp:attachment":[{"href":"https:\/\/www.visit-ulcinj.com\/blog\/wp-json\/wp\/v2\/media?parent=83106"}],"wp:term":[{"taxonomy":"category","embeddable":true,"href":"https:\/\/www.visit-ulcinj.com\/blog\/wp-json\/wp\/v2\/categories?post=83106"},{"taxonomy":"post_tag","embeddable":true,"href":"https:\/\/www.visit-ulcinj.com\/blog\/wp-json\/wp\/v2\/tags?post=83106"}],"curies":[{"name":"wp","href":"https:\/\/api.w.org\/{rel}","templated":true}]}}