{"id":83123,"date":"2014-06-16T16:41:56","date_gmt":"2014-06-16T15:41:56","guid":{"rendered":"http:\/\/www.visit-ulcinj.com\/blog\/?p=83123"},"modified":"2014-06-16T16:45:10","modified_gmt":"2014-06-16T15:45:10","slug":"albanska-zastava-na-crkvi-na-rumiji","status":"publish","type":"post","link":"https:\/\/www.visit-ulcinj.com\/blog\/2014\/06\/16\/albanska-zastava-na-crkvi-na-rumiji\/","title":{"rendered":"Albanska zastava na crkvi na Rumiji"},"content":{"rendered":"<p><strong>Albanska zastava bila je istaknuta nekoliko \u010dasova na crkvi na planini Rumija, na Crnogorskom primorju. Otac Jovan Plamenac iz Bara potvrdio je Srni da je albanska zastava uklonjena nakon \u0161to se ju\u010de vi\u0161e \u010dasova vijorila na crkvi.<\/strong><\/p>\n<p><a href=\"http:\/\/www.visit-ulcinj.com\/blog\/wp-content\/uploads\/2014\/06\/Albanska-zastava-na-crkvi-na-Rumiji-1.jpg\"><img loading=\"lazy\" class=\"alignleft  wp-image-83124\" alt=\"Albanska zastava na crkvi na Rumiji-1\" src=\"http:\/\/www.visit-ulcinj.com\/blog\/wp-content\/uploads\/2014\/06\/Albanska-zastava-na-crkvi-na-Rumiji-1.jpg\" width=\"508\" height=\"360\" \/><\/a><\/p>\n<p>Podgori\u010dki &#8220;Dan&#8221; pi\u0161e da se sumnja da je zastavu na ovaj vjerski objekat postavio neko od planinara u pohodu na Rumiju koji je organizovalo Planinarsko dru\u0161tvo &#8220;Rumija&#8221; iz Ulcinja.<\/p>\n<p>Otac Jovan ka\u017ee da je upoznat o tome da su se u posljednjih desetak dana u Ulcinju pojavili plakati sa natpisom &#8220;Svi na Rumiju&#8221;.<\/p>\n<p>&#8220;Ne znam za\u0161to se to radi. Iako to navodno organizuje planinarsko dru\u0161tvo `Rumija` iz Ulcinja, mislim da je organizator Demokratski Savez Albanaca. Mehmed Bardhi je i ranije u Skup\u0161tini Crne Gore znao re\u0107i da je Rumija albanska teritorija. Ako ovo zna\u010di osvajanje teritorije, onda Crna Gora treba da se preispita da li je zaista dr\u017eava&#8221;, rekao je Plamenac.<\/p>\n<p><a href=\"http:\/\/www.visit-ulcinj.com\/blog\/wp-content\/uploads\/2014\/06\/Albanska-zastava-na-crkvi-na-Rumiji-2.jpg\"><img loading=\"lazy\" class=\"alignleft  wp-image-83126\" alt=\"Albanska zastava na crkvi na Rumiji-2\" src=\"http:\/\/www.visit-ulcinj.com\/blog\/wp-content\/uploads\/2014\/06\/Albanska-zastava-na-crkvi-na-Rumiji-2.jpg\" width=\"508\" height=\"600\" \/><\/a><\/p>\n<p>Ovo je tre\u0107a godina da se, u organizaciji tog dru\u0161tva, izlazi na Rumiju.<\/p>\n<p>Prilikom jednog od posljednjih izlazaka obijena je i oskrnavljena crkva Svete Trojice, kada su na njoj ispisani grafiti na albanskom jeziku &#8220;etni\u010dka Albanija&#8221; i &#8220;Albanska nacionalna armija&#8221;.<\/p>\n<p>Na crkvi je bio nacrtan i grb Albanije, a tom prilikom nije diran novac koji je stajao u crkvi, ve\u0107 je samo izvr\u0161ena premeta\u010dina.<\/p>\n<p><strong>Izvor: RTV BN<\/strong><\/p>\n<p>&nbsp;<\/p>\n","protected":false},"excerpt":{"rendered":"<p>Albanska zastava bila je istaknuta nekoliko \u010dasova na crkvi na planini Rumija, na Crnogorskom primorju. Otac Jovan Plamenac iz Bara potvrdio je Srni da je albanska zastava uklonjena nakon \u0161to se ju\u010de vi\u0161e \u010dasova vijorila na crkvi. Podgori\u010dki &#8220;Dan&#8221; pi\u0161e da se sumnja da je zastavu na ovaj vjerski objekat postavio neko od planinara u [&hellip;]<\/p>\n","protected":false},"author":1,"featured_media":0,"comment_status":"closed","ping_status":"closed","sticky":false,"template":"","format":"standard","meta":{"spay_email":"","jetpack_publicize_message":"","jetpack_is_tweetstorm":false,"jetpack_publicize_feature_enabled":true},"categories":[8337],"tags":[],"jetpack_publicize_connections":[],"yoast_head":"<!-- This site is optimized with the Yoast SEO plugin v19.1 - https:\/\/yoast.com\/wordpress\/plugins\/seo\/ -->\n<title>Albanska zastava na crkvi na Rumiji - Lajme nga Ulqini<\/title>\n<meta name=\"description\" content=\"Albanska zastava bila je istaknuta nekoliko \u010dasova na crkvi na planini Rumija, na Crnogorskom primorju. Otac Jovan Plamenac iz Bara potvrdio je Srni da je\" \/>\n<meta name=\"robots\" content=\"index, follow, max-snippet:-1, max-image-preview:large, max-video-preview:-1\" \/>\n<link rel=\"canonical\" href=\"https:\/\/www.visit-ulcinj.com\/blog\/2014\/06\/16\/albanska-zastava-na-crkvi-na-rumiji\/\" \/>\n<meta property=\"og:locale\" content=\"en_US\" \/>\n<meta property=\"og:type\" content=\"article\" \/>\n<meta property=\"og:title\" content=\"Albanska zastava na crkvi na Rumiji - Lajme nga Ulqini\" \/>\n<meta property=\"og:description\" content=\"Albanska zastava bila je istaknuta nekoliko \u010dasova na crkvi na planini Rumija, na Crnogorskom primorju. Otac Jovan Plamenac iz Bara potvrdio je Srni da je\" \/>\n<meta property=\"og:url\" content=\"https:\/\/www.visit-ulcinj.com\/blog\/2014\/06\/16\/albanska-zastava-na-crkvi-na-rumiji\/\" \/>\n<meta property=\"og:site_name\" content=\"Lajme nga Ulqini\" \/>\n<meta property=\"article:published_time\" content=\"2014-06-16T15:41:56+00:00\" \/>\n<meta property=\"article:modified_time\" content=\"2014-06-16T15:45:10+00:00\" \/>\n<meta property=\"og:image\" content=\"http:\/\/www.visit-ulcinj.com\/blog\/wp-content\/uploads\/2014\/06\/Albanska-zastava-na-crkvi-na-Rumiji-1.jpg\" \/>\n<meta name=\"twitter:label1\" content=\"Written by\" \/>\n\t<meta name=\"twitter:data1\" content=\"ulqini\" \/>\n\t<meta name=\"twitter:label2\" content=\"Est. reading time\" \/>\n\t<meta name=\"twitter:data2\" content=\"1 minute\" \/>\n<script type=\"application\/ld+json\" class=\"yoast-schema-graph\">{\"@context\":\"https:\/\/schema.org\",\"@graph\":[{\"@type\":\"WebSite\",\"@id\":\"https:\/\/www.visit-ulcinj.com\/blog\/#website\",\"url\":\"https:\/\/www.visit-ulcinj.com\/blog\/\",\"name\":\"Lajme nga Ulqini\",\"description\":\"Lajme,Vijesti,Ulqini,Ulqin,Crna Gora,Mali i Zi\",\"potentialAction\":[{\"@type\":\"SearchAction\",\"target\":{\"@type\":\"EntryPoint\",\"urlTemplate\":\"https:\/\/www.visit-ulcinj.com\/blog\/?s={search_term_string}\"},\"query-input\":\"required name=search_term_string\"}],\"inLanguage\":\"en-US\"},{\"@type\":\"ImageObject\",\"inLanguage\":\"en-US\",\"@id\":\"https:\/\/www.visit-ulcinj.com\/blog\/2014\/06\/16\/albanska-zastava-na-crkvi-na-rumiji\/#primaryimage\",\"url\":\"https:\/\/www.visit-ulcinj.com\/blog\/wp-content\/uploads\/2014\/06\/Albanska-zastava-na-crkvi-na-Rumiji-1.jpg\",\"contentUrl\":\"https:\/\/www.visit-ulcinj.com\/blog\/wp-content\/uploads\/2014\/06\/Albanska-zastava-na-crkvi-na-Rumiji-1.jpg\",\"width\":573,\"height\":417},{\"@type\":\"WebPage\",\"@id\":\"https:\/\/www.visit-ulcinj.com\/blog\/2014\/06\/16\/albanska-zastava-na-crkvi-na-rumiji\/#webpage\",\"url\":\"https:\/\/www.visit-ulcinj.com\/blog\/2014\/06\/16\/albanska-zastava-na-crkvi-na-rumiji\/\",\"name\":\"Albanska zastava na crkvi na Rumiji - Lajme nga Ulqini\",\"isPartOf\":{\"@id\":\"https:\/\/www.visit-ulcinj.com\/blog\/#website\"},\"primaryImageOfPage\":{\"@id\":\"https:\/\/www.visit-ulcinj.com\/blog\/2014\/06\/16\/albanska-zastava-na-crkvi-na-rumiji\/#primaryimage\"},\"datePublished\":\"2014-06-16T15:41:56+00:00\",\"dateModified\":\"2014-06-16T15:45:10+00:00\",\"author\":{\"@id\":\"https:\/\/www.visit-ulcinj.com\/blog\/#\/schema\/person\/dcab619c614d3038751c63bc2aadc06d\"},\"description\":\"Albanska zastava bila je istaknuta nekoliko \u010dasova na crkvi na planini Rumija, na Crnogorskom primorju. Otac Jovan Plamenac iz Bara potvrdio je Srni da je\",\"breadcrumb\":{\"@id\":\"https:\/\/www.visit-ulcinj.com\/blog\/2014\/06\/16\/albanska-zastava-na-crkvi-na-rumiji\/#breadcrumb\"},\"inLanguage\":\"en-US\",\"potentialAction\":[{\"@type\":\"ReadAction\",\"target\":[\"https:\/\/www.visit-ulcinj.com\/blog\/2014\/06\/16\/albanska-zastava-na-crkvi-na-rumiji\/\"]}]},{\"@type\":\"BreadcrumbList\",\"@id\":\"https:\/\/www.visit-ulcinj.com\/blog\/2014\/06\/16\/albanska-zastava-na-crkvi-na-rumiji\/#breadcrumb\",\"itemListElement\":[{\"@type\":\"ListItem\",\"position\":1,\"name\":\"Albanska zastava na crkvi na Rumiji\"}]},{\"@type\":\"Person\",\"@id\":\"https:\/\/www.visit-ulcinj.com\/blog\/#\/schema\/person\/dcab619c614d3038751c63bc2aadc06d\",\"name\":\"ulqini\",\"sameAs\":[\"http:\/\/www.visit-ulcinj.com\"],\"url\":\"https:\/\/www.visit-ulcinj.com\/blog\/author\/admin\/\"}]}<\/script>\n<!-- \/ Yoast SEO plugin. -->","yoast_head_json":{"title":"Albanska zastava na crkvi na Rumiji - Lajme nga Ulqini","description":"Albanska zastava bila je istaknuta nekoliko \u010dasova na crkvi na planini Rumija, na Crnogorskom primorju. Otac Jovan Plamenac iz Bara potvrdio je Srni da je","robots":{"index":"index","follow":"follow","max-snippet":"max-snippet:-1","max-image-preview":"max-image-preview:large","max-video-preview":"max-video-preview:-1"},"canonical":"https:\/\/www.visit-ulcinj.com\/blog\/2014\/06\/16\/albanska-zastava-na-crkvi-na-rumiji\/","og_locale":"en_US","og_type":"article","og_title":"Albanska zastava na crkvi na Rumiji - Lajme nga Ulqini","og_description":"Albanska zastava bila je istaknuta nekoliko \u010dasova na crkvi na planini Rumija, na Crnogorskom primorju. Otac Jovan Plamenac iz Bara potvrdio je Srni da je","og_url":"https:\/\/www.visit-ulcinj.com\/blog\/2014\/06\/16\/albanska-zastava-na-crkvi-na-rumiji\/","og_site_name":"Lajme nga Ulqini","article_published_time":"2014-06-16T15:41:56+00:00","article_modified_time":"2014-06-16T15:45:10+00:00","og_image":[{"url":"http:\/\/www.visit-ulcinj.com\/blog\/wp-content\/uploads\/2014\/06\/Albanska-zastava-na-crkvi-na-Rumiji-1.jpg"}],"twitter_misc":{"Written by":"ulqini","Est. reading time":"1 minute"},"schema":{"@context":"https:\/\/schema.org","@graph":[{"@type":"WebSite","@id":"https:\/\/www.visit-ulcinj.com\/blog\/#website","url":"https:\/\/www.visit-ulcinj.com\/blog\/","name":"Lajme nga Ulqini","description":"Lajme,Vijesti,Ulqini,Ulqin,Crna Gora,Mali i Zi","potentialAction":[{"@type":"SearchAction","target":{"@type":"EntryPoint","urlTemplate":"https:\/\/www.visit-ulcinj.com\/blog\/?s={search_term_string}"},"query-input":"required name=search_term_string"}],"inLanguage":"en-US"},{"@type":"ImageObject","inLanguage":"en-US","@id":"https:\/\/www.visit-ulcinj.com\/blog\/2014\/06\/16\/albanska-zastava-na-crkvi-na-rumiji\/#primaryimage","url":"https:\/\/www.visit-ulcinj.com\/blog\/wp-content\/uploads\/2014\/06\/Albanska-zastava-na-crkvi-na-Rumiji-1.jpg","contentUrl":"https:\/\/www.visit-ulcinj.com\/blog\/wp-content\/uploads\/2014\/06\/Albanska-zastava-na-crkvi-na-Rumiji-1.jpg","width":573,"height":417},{"@type":"WebPage","@id":"https:\/\/www.visit-ulcinj.com\/blog\/2014\/06\/16\/albanska-zastava-na-crkvi-na-rumiji\/#webpage","url":"https:\/\/www.visit-ulcinj.com\/blog\/2014\/06\/16\/albanska-zastava-na-crkvi-na-rumiji\/","name":"Albanska zastava na crkvi na Rumiji - Lajme nga Ulqini","isPartOf":{"@id":"https:\/\/www.visit-ulcinj.com\/blog\/#website"},"primaryImageOfPage":{"@id":"https:\/\/www.visit-ulcinj.com\/blog\/2014\/06\/16\/albanska-zastava-na-crkvi-na-rumiji\/#primaryimage"},"datePublished":"2014-06-16T15:41:56+00:00","dateModified":"2014-06-16T15:45:10+00:00","author":{"@id":"https:\/\/www.visit-ulcinj.com\/blog\/#\/schema\/person\/dcab619c614d3038751c63bc2aadc06d"},"description":"Albanska zastava bila je istaknuta nekoliko \u010dasova na crkvi na planini Rumija, na Crnogorskom primorju. Otac Jovan Plamenac iz Bara potvrdio je Srni da je","breadcrumb":{"@id":"https:\/\/www.visit-ulcinj.com\/blog\/2014\/06\/16\/albanska-zastava-na-crkvi-na-rumiji\/#breadcrumb"},"inLanguage":"en-US","potentialAction":[{"@type":"ReadAction","target":["https:\/\/www.visit-ulcinj.com\/blog\/2014\/06\/16\/albanska-zastava-na-crkvi-na-rumiji\/"]}]},{"@type":"BreadcrumbList","@id":"https:\/\/www.visit-ulcinj.com\/blog\/2014\/06\/16\/albanska-zastava-na-crkvi-na-rumiji\/#breadcrumb","itemListElement":[{"@type":"ListItem","position":1,"name":"Albanska zastava na crkvi na Rumiji"}]},{"@type":"Person","@id":"https:\/\/www.visit-ulcinj.com\/blog\/#\/schema\/person\/dcab619c614d3038751c63bc2aadc06d","name":"ulqini","sameAs":["http:\/\/www.visit-ulcinj.com"],"url":"https:\/\/www.visit-ulcinj.com\/blog\/author\/admin\/"}]}},"jetpack_featured_media_url":"","jetpack_sharing_enabled":true,"jetpack_shortlink":"https:\/\/wp.me\/pe6lTn-lCH","_links":{"self":[{"href":"https:\/\/www.visit-ulcinj.com\/blog\/wp-json\/wp\/v2\/posts\/83123"}],"collection":[{"href":"https:\/\/www.visit-ulcinj.com\/blog\/wp-json\/wp\/v2\/posts"}],"about":[{"href":"https:\/\/www.visit-ulcinj.com\/blog\/wp-json\/wp\/v2\/types\/post"}],"author":[{"embeddable":true,"href":"https:\/\/www.visit-ulcinj.com\/blog\/wp-json\/wp\/v2\/users\/1"}],"replies":[{"embeddable":true,"href":"https:\/\/www.visit-ulcinj.com\/blog\/wp-json\/wp\/v2\/comments?post=83123"}],"version-history":[{"count":3,"href":"https:\/\/www.visit-ulcinj.com\/blog\/wp-json\/wp\/v2\/posts\/83123\/revisions"}],"predecessor-version":[{"id":83128,"href":"https:\/\/www.visit-ulcinj.com\/blog\/wp-json\/wp\/v2\/posts\/83123\/revisions\/83128"}],"wp:attachment":[{"href":"https:\/\/www.visit-ulcinj.com\/blog\/wp-json\/wp\/v2\/media?parent=83123"}],"wp:term":[{"taxonomy":"category","embeddable":true,"href":"https:\/\/www.visit-ulcinj.com\/blog\/wp-json\/wp\/v2\/categories?post=83123"},{"taxonomy":"post_tag","embeddable":true,"href":"https:\/\/www.visit-ulcinj.com\/blog\/wp-json\/wp\/v2\/tags?post=83123"}],"curies":[{"name":"wp","href":"https:\/\/api.w.org\/{rel}","templated":true}]}}