{"id":83160,"date":"2014-06-17T05:06:34","date_gmt":"2014-06-17T04:06:34","guid":{"rendered":"http:\/\/www.visit-ulcinj.com\/blog\/?p=83160"},"modified":"2014-06-17T05:06:34","modified_gmt":"2014-06-17T04:06:34","slug":"adelina-berisha-rikthehet-hitin-e-veres","status":"publish","type":"post","link":"https:\/\/www.visit-ulcinj.com\/blog\/2014\/06\/17\/adelina-berisha-rikthehet-hitin-e-veres\/","title":{"rendered":"Adelina Berisha rikthehet me hitin e ver\u00ebs"},"content":{"rendered":"<p><a href=\"http:\/\/www.visit-ulcinj.com\/blog\/wp-content\/uploads\/2014\/06\/Adelina-Berisha.jpg\"><img loading=\"lazy\" class=\"alignleft  wp-image-83161\" alt=\"Adelina Berisha\" src=\"http:\/\/www.visit-ulcinj.com\/blog\/wp-content\/uploads\/2014\/06\/Adelina-Berisha.jpg\" width=\"508\" height=\"360\" \/><\/a>Adelina Berisha e ka lansuar sot k\u00ebng\u00ebn e saj t\u00eb re t\u00eb p\u00ebrcjellur me nj\u00eb videoklip t\u00ebrheq\u00ebs dhe t\u00eb nxeht\u00eb. K\u00ebng\u00ebtarja e bukur kosovare ka publikuar k\u00ebng\u00ebn e re n\u00eb bashk\u00ebpunim me Blastan, t\u00eb titulluar &#8220;Di\u00e7ka ma shum\u00eb&#8221;.<\/p>\n<p>K\u00ebnga me plot rit\u00ebm pritet t\u00eb jet\u00eb hit i ver\u00ebs, nd\u00ebrsa Adelina ka rritur temperatuarat verore me vall\u00ebzimin dhe dukjen e saj bombastike.<\/p>\n<p>&#8220;Ti m&#8217;bon me dek\u00eb, ti je bomb\u00eb e v\u00ebrtet\u00eb&#8221;, k\u00ebshtu \u00ebsht\u00eb nj\u00ebra nga rimat e Blastas p\u00ebrball\u00eb Adelin\u00ebs q\u00eb po paralajm\u00ebron ver\u00eb t\u00eb ngroht\u00eb.\/Indeksonline\/<\/p>\n<!--YouTube Error: bad URL entered-->\n","protected":false},"excerpt":{"rendered":"<p>Adelina Berisha e ka lansuar sot k\u00ebng\u00ebn e saj t\u00eb re t\u00eb p\u00ebrcjellur me nj\u00eb videoklip t\u00ebrheq\u00ebs dhe t\u00eb nxeht\u00eb. K\u00ebng\u00ebtarja e bukur kosovare ka publikuar k\u00ebng\u00ebn e re n\u00eb bashk\u00ebpunim me Blastan, t\u00eb titulluar &#8220;Di\u00e7ka ma shum\u00eb&#8221;. K\u00ebnga me plot rit\u00ebm pritet t\u00eb jet\u00eb hit i ver\u00ebs, nd\u00ebrsa Adelina ka rritur temperatuarat verore me [&hellip;]<\/p>\n","protected":false},"author":1,"featured_media":0,"comment_status":"closed","ping_status":"closed","sticky":false,"template":"","format":"standard","meta":{"spay_email":"","jetpack_publicize_message":"","jetpack_is_tweetstorm":false,"jetpack_publicize_feature_enabled":true},"categories":[1],"tags":[],"jetpack_publicize_connections":[],"yoast_head":"<!-- This site is optimized with the Yoast SEO plugin v19.1 - https:\/\/yoast.com\/wordpress\/plugins\/seo\/ -->\n<title>Adelina Berisha rikthehet me hitin e ver\u00ebs - Lajme nga Ulqini<\/title>\n<meta name=\"description\" content=\"Adelina Berisha e ka lansuar sot k\u00ebng\u00ebn e saj t\u00eb re t\u00eb p\u00ebrcjellur me nj\u00eb videoklip t\u00ebrheq\u00ebs dhe t\u00eb nxeht\u00eb. K\u00ebng\u00ebtarja e bukur kosovare ka publikuar k\u00ebng\u00ebn\" \/>\n<meta name=\"robots\" content=\"index, follow, max-snippet:-1, max-image-preview:large, max-video-preview:-1\" \/>\n<link rel=\"canonical\" href=\"https:\/\/www.visit-ulcinj.com\/blog\/2014\/06\/17\/adelina-berisha-rikthehet-hitin-e-veres\/\" \/>\n<meta property=\"og:locale\" content=\"en_US\" \/>\n<meta property=\"og:type\" content=\"article\" \/>\n<meta property=\"og:title\" content=\"Adelina Berisha rikthehet me hitin e ver\u00ebs - Lajme nga Ulqini\" \/>\n<meta property=\"og:description\" content=\"Adelina Berisha e ka lansuar sot k\u00ebng\u00ebn e saj t\u00eb re t\u00eb p\u00ebrcjellur me nj\u00eb videoklip t\u00ebrheq\u00ebs dhe t\u00eb nxeht\u00eb. K\u00ebng\u00ebtarja e bukur kosovare ka publikuar k\u00ebng\u00ebn\" \/>\n<meta property=\"og:url\" content=\"https:\/\/www.visit-ulcinj.com\/blog\/2014\/06\/17\/adelina-berisha-rikthehet-hitin-e-veres\/\" \/>\n<meta property=\"og:site_name\" content=\"Lajme nga Ulqini\" \/>\n<meta property=\"article:published_time\" content=\"2014-06-17T04:06:34+00:00\" \/>\n<meta property=\"og:image\" content=\"http:\/\/www.visit-ulcinj.com\/blog\/wp-content\/uploads\/2014\/06\/Adelina-Berisha.jpg\" \/>\n<meta name=\"twitter:label1\" content=\"Written by\" \/>\n\t<meta name=\"twitter:data1\" content=\"ulqini\" \/>\n\t<meta name=\"twitter:label2\" content=\"Est. reading time\" \/>\n\t<meta name=\"twitter:data2\" content=\"1 minute\" \/>\n<script type=\"application\/ld+json\" class=\"yoast-schema-graph\">{\"@context\":\"https:\/\/schema.org\",\"@graph\":[{\"@type\":\"WebSite\",\"@id\":\"https:\/\/www.visit-ulcinj.com\/blog\/#website\",\"url\":\"https:\/\/www.visit-ulcinj.com\/blog\/\",\"name\":\"Lajme nga Ulqini\",\"description\":\"Lajme,Vijesti,Ulqini,Ulqin,Crna Gora,Mali i Zi\",\"potentialAction\":[{\"@type\":\"SearchAction\",\"target\":{\"@type\":\"EntryPoint\",\"urlTemplate\":\"https:\/\/www.visit-ulcinj.com\/blog\/?s={search_term_string}\"},\"query-input\":\"required name=search_term_string\"}],\"inLanguage\":\"en-US\"},{\"@type\":\"ImageObject\",\"inLanguage\":\"en-US\",\"@id\":\"https:\/\/www.visit-ulcinj.com\/blog\/2014\/06\/17\/adelina-berisha-rikthehet-hitin-e-veres\/#primaryimage\",\"url\":\"http:\/\/www.visit-ulcinj.com\/blog\/wp-content\/uploads\/2014\/06\/Adelina-Berisha.jpg\",\"contentUrl\":\"http:\/\/www.visit-ulcinj.com\/blog\/wp-content\/uploads\/2014\/06\/Adelina-Berisha.jpg\"},{\"@type\":\"WebPage\",\"@id\":\"https:\/\/www.visit-ulcinj.com\/blog\/2014\/06\/17\/adelina-berisha-rikthehet-hitin-e-veres\/#webpage\",\"url\":\"https:\/\/www.visit-ulcinj.com\/blog\/2014\/06\/17\/adelina-berisha-rikthehet-hitin-e-veres\/\",\"name\":\"Adelina Berisha rikthehet me hitin e ver\u00ebs - Lajme nga Ulqini\",\"isPartOf\":{\"@id\":\"https:\/\/www.visit-ulcinj.com\/blog\/#website\"},\"primaryImageOfPage\":{\"@id\":\"https:\/\/www.visit-ulcinj.com\/blog\/2014\/06\/17\/adelina-berisha-rikthehet-hitin-e-veres\/#primaryimage\"},\"datePublished\":\"2014-06-17T04:06:34+00:00\",\"dateModified\":\"2014-06-17T04:06:34+00:00\",\"author\":{\"@id\":\"https:\/\/www.visit-ulcinj.com\/blog\/#\/schema\/person\/dcab619c614d3038751c63bc2aadc06d\"},\"description\":\"Adelina Berisha e ka lansuar sot k\u00ebng\u00ebn e saj t\u00eb re t\u00eb p\u00ebrcjellur me nj\u00eb videoklip t\u00ebrheq\u00ebs dhe t\u00eb nxeht\u00eb. K\u00ebng\u00ebtarja e bukur kosovare ka publikuar k\u00ebng\u00ebn\",\"breadcrumb\":{\"@id\":\"https:\/\/www.visit-ulcinj.com\/blog\/2014\/06\/17\/adelina-berisha-rikthehet-hitin-e-veres\/#breadcrumb\"},\"inLanguage\":\"en-US\",\"potentialAction\":[{\"@type\":\"ReadAction\",\"target\":[\"https:\/\/www.visit-ulcinj.com\/blog\/2014\/06\/17\/adelina-berisha-rikthehet-hitin-e-veres\/\"]}]},{\"@type\":\"BreadcrumbList\",\"@id\":\"https:\/\/www.visit-ulcinj.com\/blog\/2014\/06\/17\/adelina-berisha-rikthehet-hitin-e-veres\/#breadcrumb\",\"itemListElement\":[{\"@type\":\"ListItem\",\"position\":1,\"name\":\"Adelina Berisha rikthehet me hitin e ver\u00ebs\"}]},{\"@type\":\"Person\",\"@id\":\"https:\/\/www.visit-ulcinj.com\/blog\/#\/schema\/person\/dcab619c614d3038751c63bc2aadc06d\",\"name\":\"ulqini\",\"sameAs\":[\"http:\/\/www.visit-ulcinj.com\"],\"url\":\"https:\/\/www.visit-ulcinj.com\/blog\/author\/admin\/\"}]}<\/script>\n<!-- \/ Yoast SEO plugin. -->","yoast_head_json":{"title":"Adelina Berisha rikthehet me hitin e ver\u00ebs - Lajme nga Ulqini","description":"Adelina Berisha e ka lansuar sot k\u00ebng\u00ebn e saj t\u00eb re t\u00eb p\u00ebrcjellur me nj\u00eb videoklip t\u00ebrheq\u00ebs dhe t\u00eb nxeht\u00eb. K\u00ebng\u00ebtarja e bukur kosovare ka publikuar k\u00ebng\u00ebn","robots":{"index":"index","follow":"follow","max-snippet":"max-snippet:-1","max-image-preview":"max-image-preview:large","max-video-preview":"max-video-preview:-1"},"canonical":"https:\/\/www.visit-ulcinj.com\/blog\/2014\/06\/17\/adelina-berisha-rikthehet-hitin-e-veres\/","og_locale":"en_US","og_type":"article","og_title":"Adelina Berisha rikthehet me hitin e ver\u00ebs - Lajme nga Ulqini","og_description":"Adelina Berisha e ka lansuar sot k\u00ebng\u00ebn e saj t\u00eb re t\u00eb p\u00ebrcjellur me nj\u00eb videoklip t\u00ebrheq\u00ebs dhe t\u00eb nxeht\u00eb. K\u00ebng\u00ebtarja e bukur kosovare ka publikuar k\u00ebng\u00ebn","og_url":"https:\/\/www.visit-ulcinj.com\/blog\/2014\/06\/17\/adelina-berisha-rikthehet-hitin-e-veres\/","og_site_name":"Lajme nga Ulqini","article_published_time":"2014-06-17T04:06:34+00:00","og_image":[{"url":"http:\/\/www.visit-ulcinj.com\/blog\/wp-content\/uploads\/2014\/06\/Adelina-Berisha.jpg"}],"twitter_misc":{"Written by":"ulqini","Est. reading time":"1 minute"},"schema":{"@context":"https:\/\/schema.org","@graph":[{"@type":"WebSite","@id":"https:\/\/www.visit-ulcinj.com\/blog\/#website","url":"https:\/\/www.visit-ulcinj.com\/blog\/","name":"Lajme nga Ulqini","description":"Lajme,Vijesti,Ulqini,Ulqin,Crna Gora,Mali i Zi","potentialAction":[{"@type":"SearchAction","target":{"@type":"EntryPoint","urlTemplate":"https:\/\/www.visit-ulcinj.com\/blog\/?s={search_term_string}"},"query-input":"required name=search_term_string"}],"inLanguage":"en-US"},{"@type":"ImageObject","inLanguage":"en-US","@id":"https:\/\/www.visit-ulcinj.com\/blog\/2014\/06\/17\/adelina-berisha-rikthehet-hitin-e-veres\/#primaryimage","url":"http:\/\/www.visit-ulcinj.com\/blog\/wp-content\/uploads\/2014\/06\/Adelina-Berisha.jpg","contentUrl":"http:\/\/www.visit-ulcinj.com\/blog\/wp-content\/uploads\/2014\/06\/Adelina-Berisha.jpg"},{"@type":"WebPage","@id":"https:\/\/www.visit-ulcinj.com\/blog\/2014\/06\/17\/adelina-berisha-rikthehet-hitin-e-veres\/#webpage","url":"https:\/\/www.visit-ulcinj.com\/blog\/2014\/06\/17\/adelina-berisha-rikthehet-hitin-e-veres\/","name":"Adelina Berisha rikthehet me hitin e ver\u00ebs - Lajme nga Ulqini","isPartOf":{"@id":"https:\/\/www.visit-ulcinj.com\/blog\/#website"},"primaryImageOfPage":{"@id":"https:\/\/www.visit-ulcinj.com\/blog\/2014\/06\/17\/adelina-berisha-rikthehet-hitin-e-veres\/#primaryimage"},"datePublished":"2014-06-17T04:06:34+00:00","dateModified":"2014-06-17T04:06:34+00:00","author":{"@id":"https:\/\/www.visit-ulcinj.com\/blog\/#\/schema\/person\/dcab619c614d3038751c63bc2aadc06d"},"description":"Adelina Berisha e ka lansuar sot k\u00ebng\u00ebn e saj t\u00eb re t\u00eb p\u00ebrcjellur me nj\u00eb videoklip t\u00ebrheq\u00ebs dhe t\u00eb nxeht\u00eb. K\u00ebng\u00ebtarja e bukur kosovare ka publikuar k\u00ebng\u00ebn","breadcrumb":{"@id":"https:\/\/www.visit-ulcinj.com\/blog\/2014\/06\/17\/adelina-berisha-rikthehet-hitin-e-veres\/#breadcrumb"},"inLanguage":"en-US","potentialAction":[{"@type":"ReadAction","target":["https:\/\/www.visit-ulcinj.com\/blog\/2014\/06\/17\/adelina-berisha-rikthehet-hitin-e-veres\/"]}]},{"@type":"BreadcrumbList","@id":"https:\/\/www.visit-ulcinj.com\/blog\/2014\/06\/17\/adelina-berisha-rikthehet-hitin-e-veres\/#breadcrumb","itemListElement":[{"@type":"ListItem","position":1,"name":"Adelina Berisha rikthehet me hitin e ver\u00ebs"}]},{"@type":"Person","@id":"https:\/\/www.visit-ulcinj.com\/blog\/#\/schema\/person\/dcab619c614d3038751c63bc2aadc06d","name":"ulqini","sameAs":["http:\/\/www.visit-ulcinj.com"],"url":"https:\/\/www.visit-ulcinj.com\/blog\/author\/admin\/"}]}},"jetpack_featured_media_url":"","jetpack_sharing_enabled":true,"jetpack_shortlink":"https:\/\/wp.me\/pe6lTn-lDi","_links":{"self":[{"href":"https:\/\/www.visit-ulcinj.com\/blog\/wp-json\/wp\/v2\/posts\/83160"}],"collection":[{"href":"https:\/\/www.visit-ulcinj.com\/blog\/wp-json\/wp\/v2\/posts"}],"about":[{"href":"https:\/\/www.visit-ulcinj.com\/blog\/wp-json\/wp\/v2\/types\/post"}],"author":[{"embeddable":true,"href":"https:\/\/www.visit-ulcinj.com\/blog\/wp-json\/wp\/v2\/users\/1"}],"replies":[{"embeddable":true,"href":"https:\/\/www.visit-ulcinj.com\/blog\/wp-json\/wp\/v2\/comments?post=83160"}],"version-history":[{"count":1,"href":"https:\/\/www.visit-ulcinj.com\/blog\/wp-json\/wp\/v2\/posts\/83160\/revisions"}],"predecessor-version":[{"id":83162,"href":"https:\/\/www.visit-ulcinj.com\/blog\/wp-json\/wp\/v2\/posts\/83160\/revisions\/83162"}],"wp:attachment":[{"href":"https:\/\/www.visit-ulcinj.com\/blog\/wp-json\/wp\/v2\/media?parent=83160"}],"wp:term":[{"taxonomy":"category","embeddable":true,"href":"https:\/\/www.visit-ulcinj.com\/blog\/wp-json\/wp\/v2\/categories?post=83160"},{"taxonomy":"post_tag","embeddable":true,"href":"https:\/\/www.visit-ulcinj.com\/blog\/wp-json\/wp\/v2\/tags?post=83160"}],"curies":[{"name":"wp","href":"https:\/\/api.w.org\/{rel}","templated":true}]}}