{"id":83167,"date":"2014-06-17T05:36:49","date_gmt":"2014-06-17T04:36:49","guid":{"rendered":"http:\/\/www.visit-ulcinj.com\/blog\/?p=83167"},"modified":"2014-06-17T05:38:06","modified_gmt":"2014-06-17T04:38:06","slug":"ali-bardhi-ne-emisionin-dokumentar-tv-teuta-video","status":"publish","type":"post","link":"https:\/\/www.visit-ulcinj.com\/blog\/2014\/06\/17\/ali-bardhi-ne-emisionin-dokumentar-tv-teuta-video\/","title":{"rendered":"Ali Bardhi ne emisionin \u201d Dokumentar \u201d Tv Teuta \u2013 Video"},"content":{"rendered":"<p><a href=\"http:\/\/www.visit-ulcinj.com\/blog\/wp-content\/uploads\/2014\/06\/Ali-Bardhi-ne-emisionin-Dokumentar-Tv-Teuta.jpg\"><img loading=\"lazy\" class=\"alignleft  wp-image-83168\" alt=\"Ali Bardhi ne emisionin -Dokumentar -Tv Teuta\" src=\"http:\/\/www.visit-ulcinj.com\/blog\/wp-content\/uploads\/2014\/06\/Ali-Bardhi-ne-emisionin-Dokumentar-Tv-Teuta.jpg\" width=\"508\" height=\"360\" \/><\/a>Emisioni \u00a0\u201c\u00a0Dokumentar nga Ibrahim Berjashi\u201d sjell \u00e7do t\u00eb diele nj\u00eb emisionin t\u00eb nxeht\u00eb t\u00eb jav\u00ebs. \u00c7\u00ebshtjet m\u00eb t\u00eb forta,ngjarjet dhe \u00a0t\u00eb ftuar t\u00eb shumt\u00eb, intervista ekskluzive me Mr. Ali Bardhi. N\u00eb nj\u00eb rr\u00ebfim t\u00eb jasht\u00ebzakonsh\u00ebm p\u00ebr emisionin \u201cDokumentar\u201d n\u00eb Tv Teuta flet\u00a0Mr. Ali Bardhi.<\/p>\n<p><strong>Ju ftojm ta ndiqni emisionin<\/strong><\/p>\n<!--YouTube Error: bad URL entered-->\n","protected":false},"excerpt":{"rendered":"<p>Emisioni \u00a0\u201c\u00a0Dokumentar nga Ibrahim Berjashi\u201d sjell \u00e7do t\u00eb diele nj\u00eb emisionin t\u00eb nxeht\u00eb t\u00eb jav\u00ebs. \u00c7\u00ebshtjet m\u00eb t\u00eb forta,ngjarjet dhe \u00a0t\u00eb ftuar t\u00eb shumt\u00eb, intervista ekskluzive me Mr. Ali Bardhi. N\u00eb nj\u00eb rr\u00ebfim t\u00eb jasht\u00ebzakonsh\u00ebm p\u00ebr emisionin \u201cDokumentar\u201d n\u00eb Tv Teuta flet\u00a0Mr. Ali Bardhi. Ju ftojm ta ndiqni emisionin<\/p>\n","protected":false},"author":1,"featured_media":0,"comment_status":"closed","ping_status":"closed","sticky":false,"template":"","format":"standard","meta":{"spay_email":"","jetpack_publicize_message":"","jetpack_is_tweetstorm":false,"jetpack_publicize_feature_enabled":true},"categories":[13],"tags":[],"jetpack_publicize_connections":[],"yoast_head":"<!-- This site is optimized with the Yoast SEO plugin v19.1 - https:\/\/yoast.com\/wordpress\/plugins\/seo\/ -->\n<title>Ali Bardhi ne emisionin \u201d Dokumentar \u201d Tv Teuta \u2013 Video - Lajme nga Ulqini<\/title>\n<meta name=\"description\" content=\"Emisioni \u00a0\u201c\u00a0Dokumentar nga Ibrahim Berjashi\u201d sjell \u00e7do t\u00eb diele nj\u00eb emisionin t\u00eb nxeht\u00eb t\u00eb jav\u00ebs. \u00c7\u00ebshtjet m\u00eb t\u00eb forta,ngjarjet dhe \u00a0t\u00eb ftuar t\u00eb shumt\u00eb,\" \/>\n<meta name=\"robots\" content=\"index, follow, max-snippet:-1, max-image-preview:large, max-video-preview:-1\" \/>\n<link rel=\"canonical\" href=\"https:\/\/www.visit-ulcinj.com\/blog\/2014\/06\/17\/ali-bardhi-ne-emisionin-dokumentar-tv-teuta-video\/\" \/>\n<meta property=\"og:locale\" content=\"en_US\" \/>\n<meta property=\"og:type\" content=\"article\" \/>\n<meta property=\"og:title\" content=\"Ali Bardhi ne emisionin \u201d Dokumentar \u201d Tv Teuta \u2013 Video - Lajme nga Ulqini\" \/>\n<meta property=\"og:description\" content=\"Emisioni \u00a0\u201c\u00a0Dokumentar nga Ibrahim Berjashi\u201d sjell \u00e7do t\u00eb diele nj\u00eb emisionin t\u00eb nxeht\u00eb t\u00eb jav\u00ebs. \u00c7\u00ebshtjet m\u00eb t\u00eb forta,ngjarjet dhe \u00a0t\u00eb ftuar t\u00eb shumt\u00eb,\" \/>\n<meta property=\"og:url\" content=\"https:\/\/www.visit-ulcinj.com\/blog\/2014\/06\/17\/ali-bardhi-ne-emisionin-dokumentar-tv-teuta-video\/\" \/>\n<meta property=\"og:site_name\" content=\"Lajme nga Ulqini\" \/>\n<meta property=\"article:published_time\" content=\"2014-06-17T04:36:49+00:00\" \/>\n<meta property=\"article:modified_time\" content=\"2014-06-17T04:38:06+00:00\" \/>\n<meta property=\"og:image\" content=\"http:\/\/www.visit-ulcinj.com\/blog\/wp-content\/uploads\/2014\/06\/Ali-Bardhi-ne-emisionin-Dokumentar-Tv-Teuta.jpg\" \/>\n<meta name=\"twitter:label1\" content=\"Written by\" \/>\n\t<meta name=\"twitter:data1\" content=\"ulqini\" \/>\n<script type=\"application\/ld+json\" class=\"yoast-schema-graph\">{\"@context\":\"https:\/\/schema.org\",\"@graph\":[{\"@type\":\"WebSite\",\"@id\":\"https:\/\/www.visit-ulcinj.com\/blog\/#website\",\"url\":\"https:\/\/www.visit-ulcinj.com\/blog\/\",\"name\":\"Lajme nga Ulqini\",\"description\":\"Lajme,Vijesti,Ulqini,Ulqin,Crna Gora,Mali i Zi\",\"potentialAction\":[{\"@type\":\"SearchAction\",\"target\":{\"@type\":\"EntryPoint\",\"urlTemplate\":\"https:\/\/www.visit-ulcinj.com\/blog\/?s={search_term_string}\"},\"query-input\":\"required name=search_term_string\"}],\"inLanguage\":\"en-US\"},{\"@type\":\"ImageObject\",\"inLanguage\":\"en-US\",\"@id\":\"https:\/\/www.visit-ulcinj.com\/blog\/2014\/06\/17\/ali-bardhi-ne-emisionin-dokumentar-tv-teuta-video\/#primaryimage\",\"url\":\"https:\/\/www.visit-ulcinj.com\/blog\/wp-content\/uploads\/2014\/06\/Ali-Bardhi-ne-emisionin-Dokumentar-Tv-Teuta.jpg\",\"contentUrl\":\"https:\/\/www.visit-ulcinj.com\/blog\/wp-content\/uploads\/2014\/06\/Ali-Bardhi-ne-emisionin-Dokumentar-Tv-Teuta.jpg\",\"width\":498,\"height\":372},{\"@type\":\"WebPage\",\"@id\":\"https:\/\/www.visit-ulcinj.com\/blog\/2014\/06\/17\/ali-bardhi-ne-emisionin-dokumentar-tv-teuta-video\/#webpage\",\"url\":\"https:\/\/www.visit-ulcinj.com\/blog\/2014\/06\/17\/ali-bardhi-ne-emisionin-dokumentar-tv-teuta-video\/\",\"name\":\"Ali Bardhi ne emisionin \u201d Dokumentar \u201d Tv Teuta \u2013 Video - Lajme nga Ulqini\",\"isPartOf\":{\"@id\":\"https:\/\/www.visit-ulcinj.com\/blog\/#website\"},\"primaryImageOfPage\":{\"@id\":\"https:\/\/www.visit-ulcinj.com\/blog\/2014\/06\/17\/ali-bardhi-ne-emisionin-dokumentar-tv-teuta-video\/#primaryimage\"},\"datePublished\":\"2014-06-17T04:36:49+00:00\",\"dateModified\":\"2014-06-17T04:38:06+00:00\",\"author\":{\"@id\":\"https:\/\/www.visit-ulcinj.com\/blog\/#\/schema\/person\/dcab619c614d3038751c63bc2aadc06d\"},\"description\":\"Emisioni \u00a0\u201c\u00a0Dokumentar nga Ibrahim Berjashi\u201d sjell \u00e7do t\u00eb diele nj\u00eb emisionin t\u00eb nxeht\u00eb t\u00eb jav\u00ebs. \u00c7\u00ebshtjet m\u00eb t\u00eb forta,ngjarjet dhe \u00a0t\u00eb ftuar t\u00eb shumt\u00eb,\",\"breadcrumb\":{\"@id\":\"https:\/\/www.visit-ulcinj.com\/blog\/2014\/06\/17\/ali-bardhi-ne-emisionin-dokumentar-tv-teuta-video\/#breadcrumb\"},\"inLanguage\":\"en-US\",\"potentialAction\":[{\"@type\":\"ReadAction\",\"target\":[\"https:\/\/www.visit-ulcinj.com\/blog\/2014\/06\/17\/ali-bardhi-ne-emisionin-dokumentar-tv-teuta-video\/\"]}]},{\"@type\":\"BreadcrumbList\",\"@id\":\"https:\/\/www.visit-ulcinj.com\/blog\/2014\/06\/17\/ali-bardhi-ne-emisionin-dokumentar-tv-teuta-video\/#breadcrumb\",\"itemListElement\":[{\"@type\":\"ListItem\",\"position\":1,\"name\":\"Ali Bardhi ne emisionin \u201d Dokumentar \u201d Tv Teuta \u2013 Video\"}]},{\"@type\":\"Person\",\"@id\":\"https:\/\/www.visit-ulcinj.com\/blog\/#\/schema\/person\/dcab619c614d3038751c63bc2aadc06d\",\"name\":\"ulqini\",\"sameAs\":[\"http:\/\/www.visit-ulcinj.com\"],\"url\":\"https:\/\/www.visit-ulcinj.com\/blog\/author\/admin\/\"}]}<\/script>\n<!-- \/ Yoast SEO plugin. -->","yoast_head_json":{"title":"Ali Bardhi ne emisionin \u201d Dokumentar \u201d Tv Teuta \u2013 Video - Lajme nga Ulqini","description":"Emisioni \u00a0\u201c\u00a0Dokumentar nga Ibrahim Berjashi\u201d sjell \u00e7do t\u00eb diele nj\u00eb emisionin t\u00eb nxeht\u00eb t\u00eb jav\u00ebs. \u00c7\u00ebshtjet m\u00eb t\u00eb forta,ngjarjet dhe \u00a0t\u00eb ftuar t\u00eb shumt\u00eb,","robots":{"index":"index","follow":"follow","max-snippet":"max-snippet:-1","max-image-preview":"max-image-preview:large","max-video-preview":"max-video-preview:-1"},"canonical":"https:\/\/www.visit-ulcinj.com\/blog\/2014\/06\/17\/ali-bardhi-ne-emisionin-dokumentar-tv-teuta-video\/","og_locale":"en_US","og_type":"article","og_title":"Ali Bardhi ne emisionin \u201d Dokumentar \u201d Tv Teuta \u2013 Video - Lajme nga Ulqini","og_description":"Emisioni \u00a0\u201c\u00a0Dokumentar nga Ibrahim Berjashi\u201d sjell \u00e7do t\u00eb diele nj\u00eb emisionin t\u00eb nxeht\u00eb t\u00eb jav\u00ebs. \u00c7\u00ebshtjet m\u00eb t\u00eb forta,ngjarjet dhe \u00a0t\u00eb ftuar t\u00eb shumt\u00eb,","og_url":"https:\/\/www.visit-ulcinj.com\/blog\/2014\/06\/17\/ali-bardhi-ne-emisionin-dokumentar-tv-teuta-video\/","og_site_name":"Lajme nga Ulqini","article_published_time":"2014-06-17T04:36:49+00:00","article_modified_time":"2014-06-17T04:38:06+00:00","og_image":[{"url":"http:\/\/www.visit-ulcinj.com\/blog\/wp-content\/uploads\/2014\/06\/Ali-Bardhi-ne-emisionin-Dokumentar-Tv-Teuta.jpg"}],"twitter_misc":{"Written by":"ulqini"},"schema":{"@context":"https:\/\/schema.org","@graph":[{"@type":"WebSite","@id":"https:\/\/www.visit-ulcinj.com\/blog\/#website","url":"https:\/\/www.visit-ulcinj.com\/blog\/","name":"Lajme nga Ulqini","description":"Lajme,Vijesti,Ulqini,Ulqin,Crna Gora,Mali i Zi","potentialAction":[{"@type":"SearchAction","target":{"@type":"EntryPoint","urlTemplate":"https:\/\/www.visit-ulcinj.com\/blog\/?s={search_term_string}"},"query-input":"required name=search_term_string"}],"inLanguage":"en-US"},{"@type":"ImageObject","inLanguage":"en-US","@id":"https:\/\/www.visit-ulcinj.com\/blog\/2014\/06\/17\/ali-bardhi-ne-emisionin-dokumentar-tv-teuta-video\/#primaryimage","url":"https:\/\/www.visit-ulcinj.com\/blog\/wp-content\/uploads\/2014\/06\/Ali-Bardhi-ne-emisionin-Dokumentar-Tv-Teuta.jpg","contentUrl":"https:\/\/www.visit-ulcinj.com\/blog\/wp-content\/uploads\/2014\/06\/Ali-Bardhi-ne-emisionin-Dokumentar-Tv-Teuta.jpg","width":498,"height":372},{"@type":"WebPage","@id":"https:\/\/www.visit-ulcinj.com\/blog\/2014\/06\/17\/ali-bardhi-ne-emisionin-dokumentar-tv-teuta-video\/#webpage","url":"https:\/\/www.visit-ulcinj.com\/blog\/2014\/06\/17\/ali-bardhi-ne-emisionin-dokumentar-tv-teuta-video\/","name":"Ali Bardhi ne emisionin \u201d Dokumentar \u201d Tv Teuta \u2013 Video - Lajme nga Ulqini","isPartOf":{"@id":"https:\/\/www.visit-ulcinj.com\/blog\/#website"},"primaryImageOfPage":{"@id":"https:\/\/www.visit-ulcinj.com\/blog\/2014\/06\/17\/ali-bardhi-ne-emisionin-dokumentar-tv-teuta-video\/#primaryimage"},"datePublished":"2014-06-17T04:36:49+00:00","dateModified":"2014-06-17T04:38:06+00:00","author":{"@id":"https:\/\/www.visit-ulcinj.com\/blog\/#\/schema\/person\/dcab619c614d3038751c63bc2aadc06d"},"description":"Emisioni \u00a0\u201c\u00a0Dokumentar nga Ibrahim Berjashi\u201d sjell \u00e7do t\u00eb diele nj\u00eb emisionin t\u00eb nxeht\u00eb t\u00eb jav\u00ebs. \u00c7\u00ebshtjet m\u00eb t\u00eb forta,ngjarjet dhe \u00a0t\u00eb ftuar t\u00eb shumt\u00eb,","breadcrumb":{"@id":"https:\/\/www.visit-ulcinj.com\/blog\/2014\/06\/17\/ali-bardhi-ne-emisionin-dokumentar-tv-teuta-video\/#breadcrumb"},"inLanguage":"en-US","potentialAction":[{"@type":"ReadAction","target":["https:\/\/www.visit-ulcinj.com\/blog\/2014\/06\/17\/ali-bardhi-ne-emisionin-dokumentar-tv-teuta-video\/"]}]},{"@type":"BreadcrumbList","@id":"https:\/\/www.visit-ulcinj.com\/blog\/2014\/06\/17\/ali-bardhi-ne-emisionin-dokumentar-tv-teuta-video\/#breadcrumb","itemListElement":[{"@type":"ListItem","position":1,"name":"Ali Bardhi ne emisionin \u201d Dokumentar \u201d Tv Teuta \u2013 Video"}]},{"@type":"Person","@id":"https:\/\/www.visit-ulcinj.com\/blog\/#\/schema\/person\/dcab619c614d3038751c63bc2aadc06d","name":"ulqini","sameAs":["http:\/\/www.visit-ulcinj.com"],"url":"https:\/\/www.visit-ulcinj.com\/blog\/author\/admin\/"}]}},"jetpack_featured_media_url":"","jetpack_sharing_enabled":true,"jetpack_shortlink":"https:\/\/wp.me\/pe6lTn-lDp","_links":{"self":[{"href":"https:\/\/www.visit-ulcinj.com\/blog\/wp-json\/wp\/v2\/posts\/83167"}],"collection":[{"href":"https:\/\/www.visit-ulcinj.com\/blog\/wp-json\/wp\/v2\/posts"}],"about":[{"href":"https:\/\/www.visit-ulcinj.com\/blog\/wp-json\/wp\/v2\/types\/post"}],"author":[{"embeddable":true,"href":"https:\/\/www.visit-ulcinj.com\/blog\/wp-json\/wp\/v2\/users\/1"}],"replies":[{"embeddable":true,"href":"https:\/\/www.visit-ulcinj.com\/blog\/wp-json\/wp\/v2\/comments?post=83167"}],"version-history":[{"count":2,"href":"https:\/\/www.visit-ulcinj.com\/blog\/wp-json\/wp\/v2\/posts\/83167\/revisions"}],"predecessor-version":[{"id":83170,"href":"https:\/\/www.visit-ulcinj.com\/blog\/wp-json\/wp\/v2\/posts\/83167\/revisions\/83170"}],"wp:attachment":[{"href":"https:\/\/www.visit-ulcinj.com\/blog\/wp-json\/wp\/v2\/media?parent=83167"}],"wp:term":[{"taxonomy":"category","embeddable":true,"href":"https:\/\/www.visit-ulcinj.com\/blog\/wp-json\/wp\/v2\/categories?post=83167"},{"taxonomy":"post_tag","embeddable":true,"href":"https:\/\/www.visit-ulcinj.com\/blog\/wp-json\/wp\/v2\/tags?post=83167"}],"curies":[{"name":"wp","href":"https:\/\/api.w.org\/{rel}","templated":true}]}}