{"id":83173,"date":"2014-06-17T06:20:48","date_gmt":"2014-06-17T05:20:48","guid":{"rendered":"http:\/\/www.visit-ulcinj.com\/blog\/?p=83173"},"modified":"2014-06-17T06:20:48","modified_gmt":"2014-06-17T05:20:48","slug":"ulqin-si-te-shmangim-mushkonjat-gjate-veres-video","status":"publish","type":"post","link":"https:\/\/www.visit-ulcinj.com\/blog\/2014\/06\/17\/ulqin-si-te-shmangim-mushkonjat-gjate-veres-video\/","title":{"rendered":"Ulqin: Si t\u00eb shmangim mushkonjat gjat\u00eb ver\u00ebs ? &#8211; Video"},"content":{"rendered":"<p><a href=\"http:\/\/www.visit-ulcinj.com\/blog\/wp-content\/uploads\/2014\/06\/Abedin-Avdiu-Ekolog.jpg\"><img loading=\"lazy\" class=\"alignleft  wp-image-83174\" alt=\"Abedin Avdiu -Ekolog\" src=\"http:\/\/www.visit-ulcinj.com\/blog\/wp-content\/uploads\/2014\/06\/Abedin-Avdiu-Ekolog.jpg\" width=\"508\" height=\"360\" \/><\/a>Asgj\u00eb nuk mund t\u2019ua prish mbr\u00ebmjet romantike verore sikurse m\u00ebrzia nga mushkonjat. Por me ndihm\u00ebn e disa aleat\u00ebve natyror\u00eb, zhurma dhe thumbimet do t\u2019i takojn\u00eb t\u00eb kaluar\u00ebs thot\u00eb Ekologu Abedin Avdiu p\u00ebr TV Teut\u00ebn.<\/p>\n<p>N\u00ebse Ulqini nuk mund t\u00eb b\u00ebj\u00eb shum\u00eb \u00a0kund\u00ebr val\u00ebs aktuale t\u00eb nxeht\u00ebsis\u00eb, ajo po tenton q\u00eb ta kontrolloj\u00eb gjendjen duke luftuar mushkonjat.<\/p>\n<!--YouTube Error: bad URL entered-->\n<p>&nbsp;<\/p>\n","protected":false},"excerpt":{"rendered":"<p>Asgj\u00eb nuk mund t\u2019ua prish mbr\u00ebmjet romantike verore sikurse m\u00ebrzia nga mushkonjat. Por me ndihm\u00ebn e disa aleat\u00ebve natyror\u00eb, zhurma dhe thumbimet do t\u2019i takojn\u00eb t\u00eb kaluar\u00ebs thot\u00eb Ekologu Abedin Avdiu p\u00ebr TV Teut\u00ebn. N\u00ebse Ulqini nuk mund t\u00eb b\u00ebj\u00eb shum\u00eb \u00a0kund\u00ebr val\u00ebs aktuale t\u00eb nxeht\u00ebsis\u00eb, ajo po tenton q\u00eb ta kontrolloj\u00eb gjendjen duke luftuar [&hellip;]<\/p>\n","protected":false},"author":1,"featured_media":0,"comment_status":"closed","ping_status":"closed","sticky":false,"template":"","format":"standard","meta":{"spay_email":"","jetpack_publicize_message":"","jetpack_is_tweetstorm":false,"jetpack_publicize_feature_enabled":true},"categories":[14249],"tags":[],"jetpack_publicize_connections":[],"yoast_head":"<!-- This site is optimized with the Yoast SEO plugin v19.1 - https:\/\/yoast.com\/wordpress\/plugins\/seo\/ -->\n<title>Ulqin: Si t\u00eb shmangim mushkonjat gjat\u00eb ver\u00ebs ? - Video - Lajme nga Ulqini<\/title>\n<meta name=\"description\" content=\"Asgj\u00eb nuk mund t\u2019ua prish mbr\u00ebmjet romantike verore sikurse m\u00ebrzia nga mushkonjat. Por me ndihm\u00ebn e disa aleat\u00ebve natyror\u00eb, zhurma dhe thumbimet do t\u2019i\" \/>\n<meta name=\"robots\" content=\"index, follow, max-snippet:-1, max-image-preview:large, max-video-preview:-1\" \/>\n<link rel=\"canonical\" href=\"https:\/\/www.visit-ulcinj.com\/blog\/2014\/06\/17\/ulqin-si-te-shmangim-mushkonjat-gjate-veres-video\/\" \/>\n<meta property=\"og:locale\" content=\"en_US\" \/>\n<meta property=\"og:type\" content=\"article\" \/>\n<meta property=\"og:title\" content=\"Ulqin: Si t\u00eb shmangim mushkonjat gjat\u00eb ver\u00ebs ? - Video - Lajme nga Ulqini\" \/>\n<meta property=\"og:description\" content=\"Asgj\u00eb nuk mund t\u2019ua prish mbr\u00ebmjet romantike verore sikurse m\u00ebrzia nga mushkonjat. Por me ndihm\u00ebn e disa aleat\u00ebve natyror\u00eb, zhurma dhe thumbimet do t\u2019i\" \/>\n<meta property=\"og:url\" content=\"https:\/\/www.visit-ulcinj.com\/blog\/2014\/06\/17\/ulqin-si-te-shmangim-mushkonjat-gjate-veres-video\/\" \/>\n<meta property=\"og:site_name\" content=\"Lajme nga Ulqini\" \/>\n<meta property=\"article:published_time\" content=\"2014-06-17T05:20:48+00:00\" \/>\n<meta property=\"og:image\" content=\"http:\/\/www.visit-ulcinj.com\/blog\/wp-content\/uploads\/2014\/06\/Abedin-Avdiu-Ekolog.jpg\" \/>\n<meta name=\"twitter:label1\" content=\"Written by\" \/>\n\t<meta name=\"twitter:data1\" content=\"ulqini\" \/>\n<script type=\"application\/ld+json\" class=\"yoast-schema-graph\">{\"@context\":\"https:\/\/schema.org\",\"@graph\":[{\"@type\":\"WebSite\",\"@id\":\"https:\/\/www.visit-ulcinj.com\/blog\/#website\",\"url\":\"https:\/\/www.visit-ulcinj.com\/blog\/\",\"name\":\"Lajme nga Ulqini\",\"description\":\"Lajme,Vijesti,Ulqini,Ulqin,Crna Gora,Mali i Zi\",\"potentialAction\":[{\"@type\":\"SearchAction\",\"target\":{\"@type\":\"EntryPoint\",\"urlTemplate\":\"https:\/\/www.visit-ulcinj.com\/blog\/?s={search_term_string}\"},\"query-input\":\"required name=search_term_string\"}],\"inLanguage\":\"en-US\"},{\"@type\":\"ImageObject\",\"inLanguage\":\"en-US\",\"@id\":\"https:\/\/www.visit-ulcinj.com\/blog\/2014\/06\/17\/ulqin-si-te-shmangim-mushkonjat-gjate-veres-video\/#primaryimage\",\"url\":\"https:\/\/www.visit-ulcinj.com\/blog\/wp-content\/uploads\/2014\/06\/Abedin-Avdiu-Ekolog.jpg\",\"contentUrl\":\"https:\/\/www.visit-ulcinj.com\/blog\/wp-content\/uploads\/2014\/06\/Abedin-Avdiu-Ekolog.jpg\",\"width\":509,\"height\":381},{\"@type\":\"WebPage\",\"@id\":\"https:\/\/www.visit-ulcinj.com\/blog\/2014\/06\/17\/ulqin-si-te-shmangim-mushkonjat-gjate-veres-video\/#webpage\",\"url\":\"https:\/\/www.visit-ulcinj.com\/blog\/2014\/06\/17\/ulqin-si-te-shmangim-mushkonjat-gjate-veres-video\/\",\"name\":\"Ulqin: Si t\u00eb shmangim mushkonjat gjat\u00eb ver\u00ebs ? - Video - Lajme nga Ulqini\",\"isPartOf\":{\"@id\":\"https:\/\/www.visit-ulcinj.com\/blog\/#website\"},\"primaryImageOfPage\":{\"@id\":\"https:\/\/www.visit-ulcinj.com\/blog\/2014\/06\/17\/ulqin-si-te-shmangim-mushkonjat-gjate-veres-video\/#primaryimage\"},\"datePublished\":\"2014-06-17T05:20:48+00:00\",\"dateModified\":\"2014-06-17T05:20:48+00:00\",\"author\":{\"@id\":\"https:\/\/www.visit-ulcinj.com\/blog\/#\/schema\/person\/dcab619c614d3038751c63bc2aadc06d\"},\"description\":\"Asgj\u00eb nuk mund t\u2019ua prish mbr\u00ebmjet romantike verore sikurse m\u00ebrzia nga mushkonjat. Por me ndihm\u00ebn e disa aleat\u00ebve natyror\u00eb, zhurma dhe thumbimet do t\u2019i\",\"breadcrumb\":{\"@id\":\"https:\/\/www.visit-ulcinj.com\/blog\/2014\/06\/17\/ulqin-si-te-shmangim-mushkonjat-gjate-veres-video\/#breadcrumb\"},\"inLanguage\":\"en-US\",\"potentialAction\":[{\"@type\":\"ReadAction\",\"target\":[\"https:\/\/www.visit-ulcinj.com\/blog\/2014\/06\/17\/ulqin-si-te-shmangim-mushkonjat-gjate-veres-video\/\"]}]},{\"@type\":\"BreadcrumbList\",\"@id\":\"https:\/\/www.visit-ulcinj.com\/blog\/2014\/06\/17\/ulqin-si-te-shmangim-mushkonjat-gjate-veres-video\/#breadcrumb\",\"itemListElement\":[{\"@type\":\"ListItem\",\"position\":1,\"name\":\"Ulqin: Si t\u00eb shmangim mushkonjat gjat\u00eb ver\u00ebs ? &#8211; Video\"}]},{\"@type\":\"Person\",\"@id\":\"https:\/\/www.visit-ulcinj.com\/blog\/#\/schema\/person\/dcab619c614d3038751c63bc2aadc06d\",\"name\":\"ulqini\",\"sameAs\":[\"http:\/\/www.visit-ulcinj.com\"],\"url\":\"https:\/\/www.visit-ulcinj.com\/blog\/author\/admin\/\"}]}<\/script>\n<!-- \/ Yoast SEO plugin. -->","yoast_head_json":{"title":"Ulqin: Si t\u00eb shmangim mushkonjat gjat\u00eb ver\u00ebs ? - Video - Lajme nga Ulqini","description":"Asgj\u00eb nuk mund t\u2019ua prish mbr\u00ebmjet romantike verore sikurse m\u00ebrzia nga mushkonjat. Por me ndihm\u00ebn e disa aleat\u00ebve natyror\u00eb, zhurma dhe thumbimet do t\u2019i","robots":{"index":"index","follow":"follow","max-snippet":"max-snippet:-1","max-image-preview":"max-image-preview:large","max-video-preview":"max-video-preview:-1"},"canonical":"https:\/\/www.visit-ulcinj.com\/blog\/2014\/06\/17\/ulqin-si-te-shmangim-mushkonjat-gjate-veres-video\/","og_locale":"en_US","og_type":"article","og_title":"Ulqin: Si t\u00eb shmangim mushkonjat gjat\u00eb ver\u00ebs ? - Video - Lajme nga Ulqini","og_description":"Asgj\u00eb nuk mund t\u2019ua prish mbr\u00ebmjet romantike verore sikurse m\u00ebrzia nga mushkonjat. Por me ndihm\u00ebn e disa aleat\u00ebve natyror\u00eb, zhurma dhe thumbimet do t\u2019i","og_url":"https:\/\/www.visit-ulcinj.com\/blog\/2014\/06\/17\/ulqin-si-te-shmangim-mushkonjat-gjate-veres-video\/","og_site_name":"Lajme nga Ulqini","article_published_time":"2014-06-17T05:20:48+00:00","og_image":[{"url":"http:\/\/www.visit-ulcinj.com\/blog\/wp-content\/uploads\/2014\/06\/Abedin-Avdiu-Ekolog.jpg"}],"twitter_misc":{"Written by":"ulqini"},"schema":{"@context":"https:\/\/schema.org","@graph":[{"@type":"WebSite","@id":"https:\/\/www.visit-ulcinj.com\/blog\/#website","url":"https:\/\/www.visit-ulcinj.com\/blog\/","name":"Lajme nga Ulqini","description":"Lajme,Vijesti,Ulqini,Ulqin,Crna Gora,Mali i Zi","potentialAction":[{"@type":"SearchAction","target":{"@type":"EntryPoint","urlTemplate":"https:\/\/www.visit-ulcinj.com\/blog\/?s={search_term_string}"},"query-input":"required name=search_term_string"}],"inLanguage":"en-US"},{"@type":"ImageObject","inLanguage":"en-US","@id":"https:\/\/www.visit-ulcinj.com\/blog\/2014\/06\/17\/ulqin-si-te-shmangim-mushkonjat-gjate-veres-video\/#primaryimage","url":"https:\/\/www.visit-ulcinj.com\/blog\/wp-content\/uploads\/2014\/06\/Abedin-Avdiu-Ekolog.jpg","contentUrl":"https:\/\/www.visit-ulcinj.com\/blog\/wp-content\/uploads\/2014\/06\/Abedin-Avdiu-Ekolog.jpg","width":509,"height":381},{"@type":"WebPage","@id":"https:\/\/www.visit-ulcinj.com\/blog\/2014\/06\/17\/ulqin-si-te-shmangim-mushkonjat-gjate-veres-video\/#webpage","url":"https:\/\/www.visit-ulcinj.com\/blog\/2014\/06\/17\/ulqin-si-te-shmangim-mushkonjat-gjate-veres-video\/","name":"Ulqin: Si t\u00eb shmangim mushkonjat gjat\u00eb ver\u00ebs ? - Video - Lajme nga Ulqini","isPartOf":{"@id":"https:\/\/www.visit-ulcinj.com\/blog\/#website"},"primaryImageOfPage":{"@id":"https:\/\/www.visit-ulcinj.com\/blog\/2014\/06\/17\/ulqin-si-te-shmangim-mushkonjat-gjate-veres-video\/#primaryimage"},"datePublished":"2014-06-17T05:20:48+00:00","dateModified":"2014-06-17T05:20:48+00:00","author":{"@id":"https:\/\/www.visit-ulcinj.com\/blog\/#\/schema\/person\/dcab619c614d3038751c63bc2aadc06d"},"description":"Asgj\u00eb nuk mund t\u2019ua prish mbr\u00ebmjet romantike verore sikurse m\u00ebrzia nga mushkonjat. Por me ndihm\u00ebn e disa aleat\u00ebve natyror\u00eb, zhurma dhe thumbimet do t\u2019i","breadcrumb":{"@id":"https:\/\/www.visit-ulcinj.com\/blog\/2014\/06\/17\/ulqin-si-te-shmangim-mushkonjat-gjate-veres-video\/#breadcrumb"},"inLanguage":"en-US","potentialAction":[{"@type":"ReadAction","target":["https:\/\/www.visit-ulcinj.com\/blog\/2014\/06\/17\/ulqin-si-te-shmangim-mushkonjat-gjate-veres-video\/"]}]},{"@type":"BreadcrumbList","@id":"https:\/\/www.visit-ulcinj.com\/blog\/2014\/06\/17\/ulqin-si-te-shmangim-mushkonjat-gjate-veres-video\/#breadcrumb","itemListElement":[{"@type":"ListItem","position":1,"name":"Ulqin: Si t\u00eb shmangim mushkonjat gjat\u00eb ver\u00ebs ? &#8211; Video"}]},{"@type":"Person","@id":"https:\/\/www.visit-ulcinj.com\/blog\/#\/schema\/person\/dcab619c614d3038751c63bc2aadc06d","name":"ulqini","sameAs":["http:\/\/www.visit-ulcinj.com"],"url":"https:\/\/www.visit-ulcinj.com\/blog\/author\/admin\/"}]}},"jetpack_featured_media_url":"","jetpack_sharing_enabled":true,"jetpack_shortlink":"https:\/\/wp.me\/pe6lTn-lDv","_links":{"self":[{"href":"https:\/\/www.visit-ulcinj.com\/blog\/wp-json\/wp\/v2\/posts\/83173"}],"collection":[{"href":"https:\/\/www.visit-ulcinj.com\/blog\/wp-json\/wp\/v2\/posts"}],"about":[{"href":"https:\/\/www.visit-ulcinj.com\/blog\/wp-json\/wp\/v2\/types\/post"}],"author":[{"embeddable":true,"href":"https:\/\/www.visit-ulcinj.com\/blog\/wp-json\/wp\/v2\/users\/1"}],"replies":[{"embeddable":true,"href":"https:\/\/www.visit-ulcinj.com\/blog\/wp-json\/wp\/v2\/comments?post=83173"}],"version-history":[{"count":1,"href":"https:\/\/www.visit-ulcinj.com\/blog\/wp-json\/wp\/v2\/posts\/83173\/revisions"}],"predecessor-version":[{"id":83175,"href":"https:\/\/www.visit-ulcinj.com\/blog\/wp-json\/wp\/v2\/posts\/83173\/revisions\/83175"}],"wp:attachment":[{"href":"https:\/\/www.visit-ulcinj.com\/blog\/wp-json\/wp\/v2\/media?parent=83173"}],"wp:term":[{"taxonomy":"category","embeddable":true,"href":"https:\/\/www.visit-ulcinj.com\/blog\/wp-json\/wp\/v2\/categories?post=83173"},{"taxonomy":"post_tag","embeddable":true,"href":"https:\/\/www.visit-ulcinj.com\/blog\/wp-json\/wp\/v2\/tags?post=83173"}],"curies":[{"name":"wp","href":"https:\/\/api.w.org\/{rel}","templated":true}]}}