{"id":83182,"date":"2014-06-17T09:49:06","date_gmt":"2014-06-17T08:49:06","guid":{"rendered":"http:\/\/www.visit-ulcinj.com\/blog\/?p=83182"},"modified":"2014-06-22T10:29:57","modified_gmt":"2014-06-22T09:29:57","slug":"qyteti-ulqinit-permbytet-nga-shirat","status":"publish","type":"post","link":"https:\/\/www.visit-ulcinj.com\/blog\/2014\/06\/17\/qyteti-ulqinit-permbytet-nga-shirat\/","title":{"rendered":"Qyteti i Ulqinit p\u00ebrmbytet nga shirat + Foto &#8211; Video"},"content":{"rendered":"<p><a href=\"http:\/\/www.visit-ulcinj.com\/blog\/wp-content\/uploads\/2014\/06\/Ulqinit-p\u00ebrmbytet-nga-shirat.jpg\"><img loading=\"lazy\" class=\"alignleft  wp-image-83183\" alt=\"Ulqinit p\u00ebrmbytet nga shirat\" src=\"http:\/\/www.visit-ulcinj.com\/blog\/wp-content\/uploads\/2014\/06\/Ulqinit-p\u00ebrmbytet-nga-shirat.jpg\" width=\"508\" height=\"360\" \/><\/a>Reshjet e shiut dhe era e forte ka shkaktuar probleme ne rrug\u00ebt e Ulqinit. Pamvarsisht investimeve te realizuara ne komunen e Ulqinit edhe kete ver\u00eb reshjet dhe permbytjet nga disa centimetra shi do te jen te pa shmangshme.\u00a0Pas muajve t\u00eb t\u00ebr\u00eb me that\u00ebsi, dit\u00ebve t\u00eb fundit shirat n\u00eb shumic\u00ebn e regjioneve n\u00eb Mal t\u00eb Zi nuk kan\u00eb t\u00eb ndalur.\u00a0Qendra dhe pjes\u00eb t\u00eb tjera t\u00eb qytetit t\u00eb Ulqinit jan\u00eb v\u00ebrshuar nga uji i shiut, sikurse Rana, tek shkolla &#8220;Vllazerim Bashkim&#8221;, rruga ku gjendet marketi Solaris, rruga q\u00eb \u00e7on n\u00eb Kodra, rruga q\u00eb \u00e7on n\u00eb plazhin e madhe tek Garazha e Becit etj,\u00a0 i cili po bie pa nd\u00ebrprer\u00eb prej m\u00eb shum\u00eb se 24 or\u00ebsh dhe gjendja paraqitet alarmante.<\/p>\n<p><a href=\"http:\/\/www.visit-ulcinj.com\/blog\/wp-content\/uploads\/2014\/06\/Ulqinit-p\u00ebrmbytet-nga-shirat-5.jpg\"><img loading=\"lazy\" class=\"alignleft  wp-image-83188\" alt=\"Ulqinit p\u00ebrmbytet nga shirat-5\" src=\"http:\/\/www.visit-ulcinj.com\/blog\/wp-content\/uploads\/2014\/06\/Ulqinit-p\u00ebrmbytet-nga-shirat-5.jpg\" width=\"508\" height=\"600\" \/><\/a><\/p>\n<p><a href=\"http:\/\/www.visit-ulcinj.com\/blog\/wp-content\/uploads\/2014\/06\/Ulqinit-p\u00ebrmbytet-nga-shirat-6.jpg\"><img loading=\"lazy\" class=\"alignleft  wp-image-83227\" alt=\"Ulqinit p\u00ebrmbytet nga shirat-6\" src=\"http:\/\/www.visit-ulcinj.com\/blog\/wp-content\/uploads\/2014\/06\/Ulqinit-p\u00ebrmbytet-nga-shirat-6.jpg\" width=\"508\" height=\"360\" \/><\/a><\/p>\n<p>Pas reshjeve t\u00eb fundit, disa rrug\u00eb n\u00eb Ulqin jan\u00eb bllokuar nga v\u00ebrshimi i uj\u00ebrave. Edhe n\u00eb qytet gjendja \u00ebsht\u00eb keq\u00ebsuar p\u00ebr shkak se uji nuk po qarkullon n\u00ebp\u00ebr kanalizimet, t\u00eb cil\u00ebt jan\u00eb t\u00eb bllokuar.<\/p>\n<div id=\"stcpDiv\">Mesi i qershorit shnd\u00ebrrohet n\u00eb vjesht\u00eb me fortunale, bubullima dhe vet\u00ebtima, duke risjell\u00eb n\u00eb Ulqin p\u00ebrmbytje t\u00eb m\u00ebdha.<\/div>\n<div>Komersantat n\u00eb Ran\u00eb shprehen t\u00eb shqet\u00ebsuar duke th\u00ebn\u00eb se nga p\u00ebrmbytjet, po rrezikohen vazhdimisht dhe kjo p\u00ebr shkak te bllokimit t\u00eb kanalizimeve q\u00eb nuk lejojn\u00eb qarkullimin e uj\u00ebrave n\u00eb raste shirash t\u00eb tejzgjatura.<\/div>\n<div><\/div>\n<div><strong>Lajme nga Ulqini<\/strong><\/div>\n<p><!--YouTube Error: bad URL entered--><br \/>\n<!--YouTube Error: bad URL entered--><\/p>\n<p><strong>Foto + Video: Tihomir Minic Minic Facebook<\/strong><\/p>\n<p>&nbsp;<\/p>\n<p><a href=\"http:\/\/www.visit-ulcinj.com\/blog\/wp-content\/uploads\/2014\/06\/Ulqinit-p\u00ebrmbytet-nga-shirat-1.jpg\"><img loading=\"lazy\" class=\"alignleft  wp-image-83184\" alt=\"Ulqinit p\u00ebrmbytet nga shirat-1\" src=\"http:\/\/www.visit-ulcinj.com\/blog\/wp-content\/uploads\/2014\/06\/Ulqinit-p\u00ebrmbytet-nga-shirat-1.jpg\" width=\"508\" height=\"360\" \/><\/a><\/p>\n<p><a href=\"http:\/\/www.visit-ulcinj.com\/blog\/wp-content\/uploads\/2014\/06\/Ulqinit-p\u00ebrmbytet-nga-shirat-3.jpg\"><img loading=\"lazy\" class=\"alignleft size-full wp-image-83186\" alt=\"Ulqinit p\u00ebrmbytet nga shirat-3\" src=\"http:\/\/www.visit-ulcinj.com\/blog\/wp-content\/uploads\/2014\/06\/Ulqinit-p\u00ebrmbytet-nga-shirat-3.jpg\" width=\"508\" height=\"360\" \/><\/a><\/p>\n<p><strong>Foto nga Arben Prenga Facebook<\/strong><\/p>\n\n\t\t<style type=\"text\/css\">\n\t\t\t#gallery-1 {\n\t\t\t\tmargin: auto;\n\t\t\t}\n\t\t\t#gallery-1 .gallery-item {\n\t\t\t\tfloat: left;\n\t\t\t\tmargin-top: 10px;\n\t\t\t\ttext-align: center;\n\t\t\t\twidth: 33%;\n\t\t\t}\n\t\t\t#gallery-1 img {\n\t\t\t\tborder: 2px solid #cfcfcf;\n\t\t\t}\n\t\t\t#gallery-1 .gallery-caption {\n\t\t\t\tmargin-left: 0;\n\t\t\t}\n\t\t\t\/* see gallery_shortcode() in wp-includes\/media.php *\/\n\t\t<\/style>\n\t\t<div id='gallery-1' class='gallery galleryid-83182 gallery-columns-3 gallery-size-thumbnail'><dl class='gallery-item'>\n\t\t\t<dt class='gallery-icon landscape'>\n\t\t\t\t<a href='https:\/\/www.visit-ulcinj.com\/blog\/2014\/06\/17\/qyteti-ulqinit-permbytet-nga-shirat\/ulqinit-permbytet-nga-shirat-7\/'><img width=\"150\" height=\"150\" src=\"https:\/\/www.visit-ulcinj.com\/blog\/wp-content\/uploads\/2014\/06\/Ulqinit-p\u00ebrmbytet-nga-shirat-7-150x150.jpg\" class=\"attachment-thumbnail size-thumbnail\" alt=\"\" loading=\"lazy\" \/><\/a>\n\t\t\t<\/dt><\/dl><dl class='gallery-item'>\n\t\t\t<dt class='gallery-icon portrait'>\n\t\t\t\t<a href='https:\/\/www.visit-ulcinj.com\/blog\/2014\/06\/17\/qyteti-ulqinit-permbytet-nga-shirat\/ulqinit-permbytet-nga-shirat-8\/'><img width=\"150\" height=\"150\" src=\"https:\/\/www.visit-ulcinj.com\/blog\/wp-content\/uploads\/2014\/06\/Ulqinit-p\u00ebrmbytet-nga-shirat-8-150x150.jpg\" class=\"attachment-thumbnail size-thumbnail\" alt=\"\" loading=\"lazy\" \/><\/a>\n\t\t\t<\/dt><\/dl><dl class='gallery-item'>\n\t\t\t<dt class='gallery-icon landscape'>\n\t\t\t\t<a href='https:\/\/www.visit-ulcinj.com\/blog\/2014\/06\/17\/qyteti-ulqinit-permbytet-nga-shirat\/ulqinit-permbytet-nga-shirat-9\/'><img width=\"150\" height=\"150\" src=\"https:\/\/www.visit-ulcinj.com\/blog\/wp-content\/uploads\/2014\/06\/Ulqinit-p\u00ebrmbytet-nga-shirat-9-150x150.jpg\" class=\"attachment-thumbnail size-thumbnail\" alt=\"\" loading=\"lazy\" \/><\/a>\n\t\t\t<\/dt><\/dl><br style=\"clear: both\" \/><dl class='gallery-item'>\n\t\t\t<dt class='gallery-icon portrait'>\n\t\t\t\t<a href='https:\/\/www.visit-ulcinj.com\/blog\/2014\/06\/17\/qyteti-ulqinit-permbytet-nga-shirat\/ulqinit-permbytet-nga-shirat-10\/'><img width=\"150\" height=\"150\" src=\"https:\/\/www.visit-ulcinj.com\/blog\/wp-content\/uploads\/2014\/06\/Ulqinit-p\u00ebrmbytet-nga-shirat-10-150x150.jpg\" class=\"attachment-thumbnail size-thumbnail\" alt=\"\" loading=\"lazy\" \/><\/a>\n\t\t\t<\/dt><\/dl><dl class='gallery-item'>\n\t\t\t<dt class='gallery-icon landscape'>\n\t\t\t\t<a href='https:\/\/www.visit-ulcinj.com\/blog\/2014\/06\/17\/qyteti-ulqinit-permbytet-nga-shirat\/ulqinit-permbytet-nga-shirat-11\/'><img width=\"150\" height=\"150\" src=\"https:\/\/www.visit-ulcinj.com\/blog\/wp-content\/uploads\/2014\/06\/Ulqinit-p\u00ebrmbytet-nga-shirat-11-150x150.jpg\" class=\"attachment-thumbnail size-thumbnail\" alt=\"\" loading=\"lazy\" \/><\/a>\n\t\t\t<\/dt><\/dl><dl class='gallery-item'>\n\t\t\t<dt class='gallery-icon landscape'>\n\t\t\t\t<a href='https:\/\/www.visit-ulcinj.com\/blog\/2014\/06\/17\/qyteti-ulqinit-permbytet-nga-shirat\/ulqinit-permbytet-nga-shirat-6\/'><img width=\"150\" height=\"150\" src=\"https:\/\/www.visit-ulcinj.com\/blog\/wp-content\/uploads\/2014\/06\/Ulqinit-p\u00ebrmbytet-nga-shirat-6-150x150.jpg\" class=\"attachment-thumbnail size-thumbnail\" alt=\"\" loading=\"lazy\" \/><\/a>\n\t\t\t<\/dt><\/dl><br style=\"clear: both\" \/>\n\t\t<\/div>\n\n<p><strong>Ulqini sot<\/strong><br \/>\nNdrimi i klim\u00ebs m\u00eb p\u00ebrmasa globale apo jo, nuk e di, por si\u00e7 duket tek ne ka ndryshime. Dit\u00eb me radh\u00eb ka qen\u00eb moti i mir\u00eb dhe i bukur, dhe t\u00eb gjith\u00eb ne kemi menduar se na erdhi vera. Ka qen\u00eb nxeht\u00eb me temperatura t\u00eb larta mbi 30 grad Celsius, dhe njer\u00ebzit kan\u00eb filluar t\u00eb b\u00ebjn\u00eb pregaditjet t\u00eb fundit p\u00ebr sezonin turistik. Shum\u00eb lokale i kan\u00eb hapur dyert, kan\u00eb stolisur vitrinat, dhe kan\u00eb filluar m\u00eb punu. Bile, m\u00eb duket se sezoni ka filluar shum\u00eb m\u00eb mir\u00eb, dhe m\u00eb par\u00eb se n\u00eb vitin e kaluar, ka pasur, dhe ende ka shum\u00eb mysafir\u00eb nga Kosova, Bosnja dhe Herzegovina, Polonija dhe nga Rusija.<br \/>\nMir\u00ebpo, tash dy dit\u00eb qytetin ton\u00eb, natyrisht, edhe t\u00eb gjith\u00eb regjionin e ka &#8220;kap&#8221; tom\u00eb ne k\u00ebtu, nj\u00eb mot m\u00eb shi t\u00eb fort, dhe me stuhi, me f\u00ebrtona&#8221; thom\u00eb ne n\u00eb gjuh\u00ebn lokale. Mbi 24 or\u00eb pa nd\u00ebrprerje bje shi, bile ka edhe fortuna si n\u00eb dim\u00ebr.<br \/>\nN\u00eb nj\u00eb pjes\u00eb t\u00eb Ad\u00ebs n\u00eb lumin Buna, \u00ebsht\u00eb formu edhe nj\u00eb ciklon i fort i cili ka shkaktuar edhe dame t\u00eb m\u00ebdhe materijale n\u00eb Ad\u00eb, si edhe n\u00eb Plazhin e Madh\u00eb, duke kaluar n\u00eb rrug\u00ebn e tij. T\u00eb gjith\u00eb objektet n\u00eb Ad\u00eb, por edhe ato n\u00eb Plazhin e Madh\u00eb kan\u00eb pasur dame t\u00eb m\u00ebdha. Posa\u00e7\u00ebrisht stuhija m\u00eb s\u00eb tep\u00ebrmit, e ka godit\u00eb nj\u00eb nd\u00ebr restorantet m\u00eb t\u00eb bukur, n\u00eb k\u00ebt\u00eb pjes\u00eb t\u00eb Adriatikut, restorantin &#8220;\u00c7i\u00e7kova \u00e7arda&#8221; i cili gjendet n\u00eb derdhjen e lumit Buna n\u00eb detin Adriatik. Si\u00e7 duket, atje edhe ka kaluar nj\u00eb &#8220;Trum\u00eb&#8221;e fort\u00eb e cila nga nj\u00eb hera, formohet edhe tek ne n\u00eb Adriatik, dhe e cila i p\u00ebrngjan\u00eb atyre &#8220;Cikloneve&#8221;t\u00eb fuqish\u00ebm n\u00eb oqeane&#8230;. Gjithashtu, edhe n\u00eb n\u00eb qytet ka pasur pasoja. Kur\u00eb ka rreshje t\u00eb m\u00ebdha, uji tek ne gjithmon\u00eb ndahet n\u00eb dy pjes\u00eb, nj\u00ebra shkon dhe rrijedh\u00eb deri te &#8220;gjimnazi&#8221; dhe m\u00eb gjat\u00eb, kurse pjesa e tjet\u00ebr mlidhet n\u00eb Ran\u00eb.<br \/>\nZhvlilimi &#8220;ekonomik&#8221; pa &#8220;plane&#8221;, hapja e shum\u00eb lokaleve, nd\u00ebrtimi i pa kufizuar, ka shkaktuar mbylljen dhe &#8220;betonimin &#8220;e &#8220;kanaleve&#8221; nep\u00ebr mes\u00eb t\u00eb cilave gjithmon\u00eb ka kaluar uji. K\u00ebshtu, t\u00eb gjitha ujrat tashm\u00eb mlidhen n\u00eb Ran\u00eb, dhe uji deporton pa pengesa nep\u00ebr lokale dhe kafene. Prandaj, edhe nuk \u00ebsht\u00eb p\u00ebr t\u00eb \u00e7uditur pse ndodh\u00eb nj\u00eb gj\u00eb e till\u00eb. Disa foto i kam marr\u00eb nga ato t\u00eb cil\u00ebt kan\u00eb qen\u00eb m\u00eb heret n\u00eb Ran\u00eb, dhe i kan\u00eb b\u00ebr\u00eb k\u00ebto fot\u00eb, kurse m\u00eb von\u00eb kam filmuar edhe un\u00eb . Pas dite isha edhe n\u00eb Portomilen\u00eb, e cila tashm\u00eb ka fitur nj\u00eb form\u00eb t\u00eb nj\u00eb lumi t\u00eb v\u00ebrtet\u00eb. Inshalla, po kalon me kaq\u00eb thot\u00eb populli yn\u00eb, dhe i kthehemi asaj normales p\u00ebr k\u00ebt\u00eb koh\u00eb t\u00eb vitit. K\u00ebto dit\u00eb t\u00eb qershorit do ti kujtojm\u00eb&#8230;<\/p>\n<p data-ft=\"{&quot;tn&quot;:&quot;C&quot;}\"><strong><a href=\"https:\/\/www.facebook.com\/ismet.karamanaga?hc_location=timeline\" data-hovercard=\"\/ajax\/hovercard\/user.php?id=1359492972&amp;extragetparams=%7B%22hc_location%22%3A%22timeline%22%7D\">Ismet Karamanaga Facebook&#8230;&#8230;<\/a><a href=\"https:\/\/www.facebook.com\/ismet.karamanaga\/posts\/10204029750768293\">(34 photos)<\/a><\/strong><\/p>\n","protected":false},"excerpt":{"rendered":"<p>Reshjet e shiut dhe era e forte ka shkaktuar probleme ne rrug\u00ebt e Ulqinit. Pamvarsisht investimeve te realizuara ne komunen e Ulqinit edhe kete ver\u00eb reshjet dhe permbytjet nga disa centimetra shi do te jen te pa shmangshme.\u00a0Pas muajve t\u00eb t\u00ebr\u00eb me that\u00ebsi, dit\u00ebve t\u00eb fundit shirat n\u00eb shumic\u00ebn e regjioneve n\u00eb Mal t\u00eb Zi [&hellip;]<\/p>\n","protected":false},"author":1,"featured_media":0,"comment_status":"closed","ping_status":"closed","sticky":false,"template":"","format":"standard","meta":{"spay_email":"","jetpack_publicize_message":"","jetpack_is_tweetstorm":false,"jetpack_publicize_feature_enabled":true},"categories":[1,14249],"tags":[],"jetpack_publicize_connections":[],"yoast_head":"<!-- This site is optimized with the Yoast SEO plugin v19.1 - https:\/\/yoast.com\/wordpress\/plugins\/seo\/ -->\n<title>Qyteti i Ulqinit p\u00ebrmbytet nga shirat + Foto - Video - Lajme nga Ulqini<\/title>\n<meta name=\"description\" content=\"Reshjet e shiut dhe era e forte ka shkaktuar probleme ne rrug\u00ebt e Ulqinit. Pamvarsisht investimeve te realizuara ne komunen e Ulqinit edhe kete ver\u00eb\" \/>\n<meta name=\"robots\" content=\"index, follow, max-snippet:-1, max-image-preview:large, max-video-preview:-1\" \/>\n<link rel=\"canonical\" href=\"https:\/\/www.visit-ulcinj.com\/blog\/2014\/06\/17\/qyteti-ulqinit-permbytet-nga-shirat\/\" \/>\n<meta property=\"og:locale\" content=\"en_US\" \/>\n<meta property=\"og:type\" content=\"article\" \/>\n<meta property=\"og:title\" content=\"Qyteti i Ulqinit p\u00ebrmbytet nga shirat + Foto - Video - Lajme nga Ulqini\" \/>\n<meta property=\"og:description\" content=\"Reshjet e shiut dhe era e forte ka shkaktuar probleme ne rrug\u00ebt e Ulqinit. Pamvarsisht investimeve te realizuara ne komunen e Ulqinit edhe kete ver\u00eb\" \/>\n<meta property=\"og:url\" content=\"https:\/\/www.visit-ulcinj.com\/blog\/2014\/06\/17\/qyteti-ulqinit-permbytet-nga-shirat\/\" \/>\n<meta property=\"og:site_name\" content=\"Lajme nga Ulqini\" \/>\n<meta property=\"article:published_time\" content=\"2014-06-17T08:49:06+00:00\" \/>\n<meta property=\"article:modified_time\" content=\"2014-06-22T09:29:57+00:00\" \/>\n<meta property=\"og:image\" content=\"https:\/\/www.visit-ulcinj.com\/blog\/wp-content\/uploads\/2014\/06\/Ulqinit-p\u00ebrmbytet-nga-shirat-7-150x150.jpg\" \/>\n<meta name=\"twitter:label1\" content=\"Written by\" \/>\n\t<meta name=\"twitter:data1\" content=\"ulqini\" \/>\n\t<meta name=\"twitter:label2\" content=\"Est. reading time\" \/>\n\t<meta name=\"twitter:data2\" content=\"4 minutes\" \/>\n<script type=\"application\/ld+json\" class=\"yoast-schema-graph\">{\"@context\":\"https:\/\/schema.org\",\"@graph\":[{\"@type\":\"WebSite\",\"@id\":\"https:\/\/www.visit-ulcinj.com\/blog\/#website\",\"url\":\"https:\/\/www.visit-ulcinj.com\/blog\/\",\"name\":\"Lajme nga Ulqini\",\"description\":\"Lajme,Vijesti,Ulqini,Ulqin,Crna Gora,Mali i Zi\",\"potentialAction\":[{\"@type\":\"SearchAction\",\"target\":{\"@type\":\"EntryPoint\",\"urlTemplate\":\"https:\/\/www.visit-ulcinj.com\/blog\/?s={search_term_string}\"},\"query-input\":\"required name=search_term_string\"}],\"inLanguage\":\"en-US\"},{\"@type\":\"WebPage\",\"@id\":\"https:\/\/www.visit-ulcinj.com\/blog\/2014\/06\/17\/qyteti-ulqinit-permbytet-nga-shirat\/#webpage\",\"url\":\"https:\/\/www.visit-ulcinj.com\/blog\/2014\/06\/17\/qyteti-ulqinit-permbytet-nga-shirat\/\",\"name\":\"Qyteti i Ulqinit p\u00ebrmbytet nga shirat + Foto - Video - Lajme nga Ulqini\",\"isPartOf\":{\"@id\":\"https:\/\/www.visit-ulcinj.com\/blog\/#website\"},\"datePublished\":\"2014-06-17T08:49:06+00:00\",\"dateModified\":\"2014-06-22T09:29:57+00:00\",\"author\":{\"@id\":\"https:\/\/www.visit-ulcinj.com\/blog\/#\/schema\/person\/dcab619c614d3038751c63bc2aadc06d\"},\"description\":\"Reshjet e shiut dhe era e forte ka shkaktuar probleme ne rrug\u00ebt e Ulqinit. Pamvarsisht investimeve te realizuara ne komunen e Ulqinit edhe kete ver\u00eb\",\"breadcrumb\":{\"@id\":\"https:\/\/www.visit-ulcinj.com\/blog\/2014\/06\/17\/qyteti-ulqinit-permbytet-nga-shirat\/#breadcrumb\"},\"inLanguage\":\"en-US\",\"potentialAction\":[{\"@type\":\"ReadAction\",\"target\":[\"https:\/\/www.visit-ulcinj.com\/blog\/2014\/06\/17\/qyteti-ulqinit-permbytet-nga-shirat\/\"]}]},{\"@type\":\"BreadcrumbList\",\"@id\":\"https:\/\/www.visit-ulcinj.com\/blog\/2014\/06\/17\/qyteti-ulqinit-permbytet-nga-shirat\/#breadcrumb\",\"itemListElement\":[{\"@type\":\"ListItem\",\"position\":1,\"name\":\"Qyteti i Ulqinit p\u00ebrmbytet nga shirat + Foto &#8211; Video\"}]},{\"@type\":\"Person\",\"@id\":\"https:\/\/www.visit-ulcinj.com\/blog\/#\/schema\/person\/dcab619c614d3038751c63bc2aadc06d\",\"name\":\"ulqini\",\"sameAs\":[\"http:\/\/www.visit-ulcinj.com\"],\"url\":\"https:\/\/www.visit-ulcinj.com\/blog\/author\/admin\/\"}]}<\/script>\n<!-- \/ Yoast SEO plugin. -->","yoast_head_json":{"title":"Qyteti i Ulqinit p\u00ebrmbytet nga shirat + Foto - Video - Lajme nga Ulqini","description":"Reshjet e shiut dhe era e forte ka shkaktuar probleme ne rrug\u00ebt e Ulqinit. Pamvarsisht investimeve te realizuara ne komunen e Ulqinit edhe kete ver\u00eb","robots":{"index":"index","follow":"follow","max-snippet":"max-snippet:-1","max-image-preview":"max-image-preview:large","max-video-preview":"max-video-preview:-1"},"canonical":"https:\/\/www.visit-ulcinj.com\/blog\/2014\/06\/17\/qyteti-ulqinit-permbytet-nga-shirat\/","og_locale":"en_US","og_type":"article","og_title":"Qyteti i Ulqinit p\u00ebrmbytet nga shirat + Foto - Video - Lajme nga Ulqini","og_description":"Reshjet e shiut dhe era e forte ka shkaktuar probleme ne rrug\u00ebt e Ulqinit. Pamvarsisht investimeve te realizuara ne komunen e Ulqinit edhe kete ver\u00eb","og_url":"https:\/\/www.visit-ulcinj.com\/blog\/2014\/06\/17\/qyteti-ulqinit-permbytet-nga-shirat\/","og_site_name":"Lajme nga Ulqini","article_published_time":"2014-06-17T08:49:06+00:00","article_modified_time":"2014-06-22T09:29:57+00:00","og_image":[{"url":"https:\/\/www.visit-ulcinj.com\/blog\/wp-content\/uploads\/2014\/06\/Ulqinit-p\u00ebrmbytet-nga-shirat-7-150x150.jpg"}],"twitter_misc":{"Written by":"ulqini","Est. reading time":"4 minutes"},"schema":{"@context":"https:\/\/schema.org","@graph":[{"@type":"WebSite","@id":"https:\/\/www.visit-ulcinj.com\/blog\/#website","url":"https:\/\/www.visit-ulcinj.com\/blog\/","name":"Lajme nga Ulqini","description":"Lajme,Vijesti,Ulqini,Ulqin,Crna Gora,Mali i Zi","potentialAction":[{"@type":"SearchAction","target":{"@type":"EntryPoint","urlTemplate":"https:\/\/www.visit-ulcinj.com\/blog\/?s={search_term_string}"},"query-input":"required name=search_term_string"}],"inLanguage":"en-US"},{"@type":"WebPage","@id":"https:\/\/www.visit-ulcinj.com\/blog\/2014\/06\/17\/qyteti-ulqinit-permbytet-nga-shirat\/#webpage","url":"https:\/\/www.visit-ulcinj.com\/blog\/2014\/06\/17\/qyteti-ulqinit-permbytet-nga-shirat\/","name":"Qyteti i Ulqinit p\u00ebrmbytet nga shirat + Foto - Video - Lajme nga Ulqini","isPartOf":{"@id":"https:\/\/www.visit-ulcinj.com\/blog\/#website"},"datePublished":"2014-06-17T08:49:06+00:00","dateModified":"2014-06-22T09:29:57+00:00","author":{"@id":"https:\/\/www.visit-ulcinj.com\/blog\/#\/schema\/person\/dcab619c614d3038751c63bc2aadc06d"},"description":"Reshjet e shiut dhe era e forte ka shkaktuar probleme ne rrug\u00ebt e Ulqinit. Pamvarsisht investimeve te realizuara ne komunen e Ulqinit edhe kete ver\u00eb","breadcrumb":{"@id":"https:\/\/www.visit-ulcinj.com\/blog\/2014\/06\/17\/qyteti-ulqinit-permbytet-nga-shirat\/#breadcrumb"},"inLanguage":"en-US","potentialAction":[{"@type":"ReadAction","target":["https:\/\/www.visit-ulcinj.com\/blog\/2014\/06\/17\/qyteti-ulqinit-permbytet-nga-shirat\/"]}]},{"@type":"BreadcrumbList","@id":"https:\/\/www.visit-ulcinj.com\/blog\/2014\/06\/17\/qyteti-ulqinit-permbytet-nga-shirat\/#breadcrumb","itemListElement":[{"@type":"ListItem","position":1,"name":"Qyteti i Ulqinit p\u00ebrmbytet nga shirat + Foto &#8211; Video"}]},{"@type":"Person","@id":"https:\/\/www.visit-ulcinj.com\/blog\/#\/schema\/person\/dcab619c614d3038751c63bc2aadc06d","name":"ulqini","sameAs":["http:\/\/www.visit-ulcinj.com"],"url":"https:\/\/www.visit-ulcinj.com\/blog\/author\/admin\/"}]}},"jetpack_featured_media_url":"","jetpack_sharing_enabled":true,"jetpack_shortlink":"https:\/\/wp.me\/pe6lTn-lDE","_links":{"self":[{"href":"https:\/\/www.visit-ulcinj.com\/blog\/wp-json\/wp\/v2\/posts\/83182"}],"collection":[{"href":"https:\/\/www.visit-ulcinj.com\/blog\/wp-json\/wp\/v2\/posts"}],"about":[{"href":"https:\/\/www.visit-ulcinj.com\/blog\/wp-json\/wp\/v2\/types\/post"}],"author":[{"embeddable":true,"href":"https:\/\/www.visit-ulcinj.com\/blog\/wp-json\/wp\/v2\/users\/1"}],"replies":[{"embeddable":true,"href":"https:\/\/www.visit-ulcinj.com\/blog\/wp-json\/wp\/v2\/comments?post=83182"}],"version-history":[{"count":16,"href":"https:\/\/www.visit-ulcinj.com\/blog\/wp-json\/wp\/v2\/posts\/83182\/revisions"}],"predecessor-version":[{"id":83380,"href":"https:\/\/www.visit-ulcinj.com\/blog\/wp-json\/wp\/v2\/posts\/83182\/revisions\/83380"}],"wp:attachment":[{"href":"https:\/\/www.visit-ulcinj.com\/blog\/wp-json\/wp\/v2\/media?parent=83182"}],"wp:term":[{"taxonomy":"category","embeddable":true,"href":"https:\/\/www.visit-ulcinj.com\/blog\/wp-json\/wp\/v2\/categories?post=83182"},{"taxonomy":"post_tag","embeddable":true,"href":"https:\/\/www.visit-ulcinj.com\/blog\/wp-json\/wp\/v2\/tags?post=83182"}],"curies":[{"name":"wp","href":"https:\/\/api.w.org\/{rel}","templated":true}]}}