{"id":83199,"date":"2014-06-17T10:36:50","date_gmt":"2014-06-17T09:36:50","guid":{"rendered":"http:\/\/www.visit-ulcinj.com\/blog\/?p=83199"},"modified":"2014-06-17T10:36:50","modified_gmt":"2014-06-17T09:36:50","slug":"na-adi-bojani-osteceni-brojni-objekti-od-strasne-oluje","status":"publish","type":"post","link":"https:\/\/www.visit-ulcinj.com\/blog\/2014\/06\/17\/na-adi-bojani-osteceni-brojni-objekti-od-strasne-oluje\/","title":{"rendered":"Na Adi Bojani o\u0161te\u0107eni brojni objekti od stra\u0161ne oluje"},"content":{"rendered":"<p><strong><a href=\"http:\/\/www.visit-ulcinj.com\/blog\/wp-content\/uploads\/2014\/06\/Oluja-na-Adi-Bojani.jpg\"><img loading=\"lazy\" class=\"alignleft  wp-image-83200\" alt=\"Oluja na Adi Bojani\" src=\"http:\/\/www.visit-ulcinj.com\/blog\/wp-content\/uploads\/2014\/06\/Oluja-na-Adi-Bojani.jpg\" width=\"508\" height=\"360\" \/><\/a>U olujnom nevremenu na Adi Bojani o\u0161te\u0107eni brojni objekti<\/strong><\/p>\n<div>\n<p>Takozvana pijavica, koja je trajala svega minut, nosila je krovove i \u010dupala drve\u0107e<\/p>\n<p><a href=\"http:\/\/www.visit-ulcinj.com\/blog\/wp-content\/uploads\/2014\/06\/Oluja-na-Adi-Bojani-2.jpg\"><img loading=\"lazy\" class=\"alignleft  wp-image-83202\" alt=\"Oluja na Adi Bojani-2\" src=\"http:\/\/www.visit-ulcinj.com\/blog\/wp-content\/uploads\/2014\/06\/Oluja-na-Adi-Bojani-2.jpg\" width=\"508\" height=\"600\" \/><\/a><\/p>\n<p>U olujnom nevremenu koje je jutros u sedam \u010dasova zahvatilo podru\u010dje Ade Bojane o\u0161te\u0107ene su brojne privatne ku\u0107ice i ugostiteljski objekti.<\/p>\n<p><a href=\"http:\/\/www.visit-ulcinj.com\/blog\/wp-content\/uploads\/2014\/06\/Oluja-na-Adi-Bojani-1.jpg\"><img loading=\"lazy\" class=\"alignleft  wp-image-83201\" alt=\"Oluja na Adi Bojani-1\" src=\"http:\/\/www.visit-ulcinj.com\/blog\/wp-content\/uploads\/2014\/06\/Oluja-na-Adi-Bojani-1.jpg\" width=\"508\" height=\"360\" \/><\/a><\/p>\n<p>Takozvana pijavica, koja je trajala svega minut, nosila je krovove i \u010dupala drve\u0107e.<\/p>\n<p>Jedan od objekata na kojem je napravljena velika materijalnu \u0161teta je restoran &#8220;\u0106i\u0107kova \u010carda&#8221;.<\/p>\n<p>Smje\u0161ten na u\u0161\u0107u Bojane, bio je prvi na udaru oluje.<br \/>\n<a href=\"http:\/\/www.visit-ulcinj.com\/blog\/wp-content\/uploads\/2014\/06\/Oluja-na-Adi-Bojani-3.jpg\"><img loading=\"lazy\" class=\"alignleft  wp-image-83204\" alt=\"Oluja na Adi Bojani-3\" src=\"http:\/\/www.visit-ulcinj.com\/blog\/wp-content\/uploads\/2014\/06\/Oluja-na-Adi-Bojani-3.jpg\" width=\"508\" height=\"600\" \/><\/a><\/p>\n<p>&#8220;Restoran koji je gra\u0111en vi\u0161e od deset godina, uni\u0161ten je za minut. Sre\u0107om po sve nas, niko nije povrije\u0111en u ovom katastrofalnom vremenu&#8221;, kazala je &#8220;Vijestima&#8221; vlasnica Valentina Bogojevi\u0107.<\/p>\n<p><strong>Izvor + Foto: Vijesti Online<\/strong><\/p>\n","protected":false},"excerpt":{"rendered":"<p>U olujnom nevremenu na Adi Bojani o\u0161te\u0107eni brojni objekti Takozvana pijavica, koja je trajala svega minut, nosila je krovove i \u010dupala drve\u0107e U olujnom nevremenu koje je jutros u sedam \u010dasova zahvatilo podru\u010dje Ade Bojane o\u0161te\u0107ene su brojne privatne ku\u0107ice i ugostiteljski objekti. Takozvana pijavica, koja je trajala svega minut, nosila je krovove i \u010dupala [&hellip;]<\/p>\n","protected":false},"author":1,"featured_media":0,"comment_status":"closed","ping_status":"closed","sticky":false,"template":"","format":"standard","meta":{"spay_email":"","jetpack_publicize_message":"","jetpack_is_tweetstorm":false,"jetpack_publicize_feature_enabled":true},"categories":[8337],"tags":[],"jetpack_publicize_connections":[],"yoast_head":"<!-- This site is optimized with the Yoast SEO plugin v19.1 - https:\/\/yoast.com\/wordpress\/plugins\/seo\/ -->\n<title>Na Adi Bojani o\u0161te\u0107eni brojni objekti od stra\u0161ne oluje - Lajme nga Ulqini<\/title>\n<meta name=\"description\" content=\"U olujnom nevremenu na Adi Bojani o\u0161te\u0107eni brojni objekti Takozvana pijavica, koja je trajala svega minut, nosila je krovove i \u010dupala drve\u0107e U olujnom\" \/>\n<meta name=\"robots\" content=\"index, follow, max-snippet:-1, max-image-preview:large, max-video-preview:-1\" \/>\n<link rel=\"canonical\" href=\"https:\/\/www.visit-ulcinj.com\/blog\/2014\/06\/17\/na-adi-bojani-osteceni-brojni-objekti-od-strasne-oluje\/\" \/>\n<meta property=\"og:locale\" content=\"en_US\" \/>\n<meta property=\"og:type\" content=\"article\" \/>\n<meta property=\"og:title\" content=\"Na Adi Bojani o\u0161te\u0107eni brojni objekti od stra\u0161ne oluje - Lajme nga Ulqini\" \/>\n<meta property=\"og:description\" content=\"U olujnom nevremenu na Adi Bojani o\u0161te\u0107eni brojni objekti Takozvana pijavica, koja je trajala svega minut, nosila je krovove i \u010dupala drve\u0107e U olujnom\" \/>\n<meta property=\"og:url\" content=\"https:\/\/www.visit-ulcinj.com\/blog\/2014\/06\/17\/na-adi-bojani-osteceni-brojni-objekti-od-strasne-oluje\/\" \/>\n<meta property=\"og:site_name\" content=\"Lajme nga Ulqini\" \/>\n<meta property=\"article:published_time\" content=\"2014-06-17T09:36:50+00:00\" \/>\n<meta property=\"og:image\" content=\"http:\/\/www.visit-ulcinj.com\/blog\/wp-content\/uploads\/2014\/06\/Oluja-na-Adi-Bojani.jpg\" \/>\n<meta name=\"twitter:label1\" content=\"Written by\" \/>\n\t<meta name=\"twitter:data1\" content=\"ulqini\" \/>\n\t<meta name=\"twitter:label2\" content=\"Est. reading time\" \/>\n\t<meta name=\"twitter:data2\" content=\"1 minute\" \/>\n<script type=\"application\/ld+json\" class=\"yoast-schema-graph\">{\"@context\":\"https:\/\/schema.org\",\"@graph\":[{\"@type\":\"WebSite\",\"@id\":\"https:\/\/www.visit-ulcinj.com\/blog\/#website\",\"url\":\"https:\/\/www.visit-ulcinj.com\/blog\/\",\"name\":\"Lajme nga Ulqini\",\"description\":\"Lajme,Vijesti,Ulqini,Ulqin,Crna Gora,Mali i Zi\",\"potentialAction\":[{\"@type\":\"SearchAction\",\"target\":{\"@type\":\"EntryPoint\",\"urlTemplate\":\"https:\/\/www.visit-ulcinj.com\/blog\/?s={search_term_string}\"},\"query-input\":\"required name=search_term_string\"}],\"inLanguage\":\"en-US\"},{\"@type\":\"ImageObject\",\"inLanguage\":\"en-US\",\"@id\":\"https:\/\/www.visit-ulcinj.com\/blog\/2014\/06\/17\/na-adi-bojani-osteceni-brojni-objekti-od-strasne-oluje\/#primaryimage\",\"url\":\"https:\/\/www.visit-ulcinj.com\/blog\/wp-content\/uploads\/2014\/06\/Oluja-na-Adi-Bojani.jpg\",\"contentUrl\":\"https:\/\/www.visit-ulcinj.com\/blog\/wp-content\/uploads\/2014\/06\/Oluja-na-Adi-Bojani.jpg\",\"width\":519,\"height\":389},{\"@type\":\"WebPage\",\"@id\":\"https:\/\/www.visit-ulcinj.com\/blog\/2014\/06\/17\/na-adi-bojani-osteceni-brojni-objekti-od-strasne-oluje\/#webpage\",\"url\":\"https:\/\/www.visit-ulcinj.com\/blog\/2014\/06\/17\/na-adi-bojani-osteceni-brojni-objekti-od-strasne-oluje\/\",\"name\":\"Na Adi Bojani o\u0161te\u0107eni brojni objekti od stra\u0161ne oluje - Lajme nga Ulqini\",\"isPartOf\":{\"@id\":\"https:\/\/www.visit-ulcinj.com\/blog\/#website\"},\"primaryImageOfPage\":{\"@id\":\"https:\/\/www.visit-ulcinj.com\/blog\/2014\/06\/17\/na-adi-bojani-osteceni-brojni-objekti-od-strasne-oluje\/#primaryimage\"},\"datePublished\":\"2014-06-17T09:36:50+00:00\",\"dateModified\":\"2014-06-17T09:36:50+00:00\",\"author\":{\"@id\":\"https:\/\/www.visit-ulcinj.com\/blog\/#\/schema\/person\/dcab619c614d3038751c63bc2aadc06d\"},\"description\":\"U olujnom nevremenu na Adi Bojani o\u0161te\u0107eni brojni objekti Takozvana pijavica, koja je trajala svega minut, nosila je krovove i \u010dupala drve\u0107e U olujnom\",\"breadcrumb\":{\"@id\":\"https:\/\/www.visit-ulcinj.com\/blog\/2014\/06\/17\/na-adi-bojani-osteceni-brojni-objekti-od-strasne-oluje\/#breadcrumb\"},\"inLanguage\":\"en-US\",\"potentialAction\":[{\"@type\":\"ReadAction\",\"target\":[\"https:\/\/www.visit-ulcinj.com\/blog\/2014\/06\/17\/na-adi-bojani-osteceni-brojni-objekti-od-strasne-oluje\/\"]}]},{\"@type\":\"BreadcrumbList\",\"@id\":\"https:\/\/www.visit-ulcinj.com\/blog\/2014\/06\/17\/na-adi-bojani-osteceni-brojni-objekti-od-strasne-oluje\/#breadcrumb\",\"itemListElement\":[{\"@type\":\"ListItem\",\"position\":1,\"name\":\"Na Adi Bojani o\u0161te\u0107eni brojni objekti od stra\u0161ne oluje\"}]},{\"@type\":\"Person\",\"@id\":\"https:\/\/www.visit-ulcinj.com\/blog\/#\/schema\/person\/dcab619c614d3038751c63bc2aadc06d\",\"name\":\"ulqini\",\"sameAs\":[\"http:\/\/www.visit-ulcinj.com\"],\"url\":\"https:\/\/www.visit-ulcinj.com\/blog\/author\/admin\/\"}]}<\/script>\n<!-- \/ Yoast SEO plugin. -->","yoast_head_json":{"title":"Na Adi Bojani o\u0161te\u0107eni brojni objekti od stra\u0161ne oluje - Lajme nga Ulqini","description":"U olujnom nevremenu na Adi Bojani o\u0161te\u0107eni brojni objekti Takozvana pijavica, koja je trajala svega minut, nosila je krovove i \u010dupala drve\u0107e U olujnom","robots":{"index":"index","follow":"follow","max-snippet":"max-snippet:-1","max-image-preview":"max-image-preview:large","max-video-preview":"max-video-preview:-1"},"canonical":"https:\/\/www.visit-ulcinj.com\/blog\/2014\/06\/17\/na-adi-bojani-osteceni-brojni-objekti-od-strasne-oluje\/","og_locale":"en_US","og_type":"article","og_title":"Na Adi Bojani o\u0161te\u0107eni brojni objekti od stra\u0161ne oluje - Lajme nga Ulqini","og_description":"U olujnom nevremenu na Adi Bojani o\u0161te\u0107eni brojni objekti Takozvana pijavica, koja je trajala svega minut, nosila je krovove i \u010dupala drve\u0107e U olujnom","og_url":"https:\/\/www.visit-ulcinj.com\/blog\/2014\/06\/17\/na-adi-bojani-osteceni-brojni-objekti-od-strasne-oluje\/","og_site_name":"Lajme nga Ulqini","article_published_time":"2014-06-17T09:36:50+00:00","og_image":[{"url":"http:\/\/www.visit-ulcinj.com\/blog\/wp-content\/uploads\/2014\/06\/Oluja-na-Adi-Bojani.jpg"}],"twitter_misc":{"Written by":"ulqini","Est. reading time":"1 minute"},"schema":{"@context":"https:\/\/schema.org","@graph":[{"@type":"WebSite","@id":"https:\/\/www.visit-ulcinj.com\/blog\/#website","url":"https:\/\/www.visit-ulcinj.com\/blog\/","name":"Lajme nga Ulqini","description":"Lajme,Vijesti,Ulqini,Ulqin,Crna Gora,Mali i Zi","potentialAction":[{"@type":"SearchAction","target":{"@type":"EntryPoint","urlTemplate":"https:\/\/www.visit-ulcinj.com\/blog\/?s={search_term_string}"},"query-input":"required name=search_term_string"}],"inLanguage":"en-US"},{"@type":"ImageObject","inLanguage":"en-US","@id":"https:\/\/www.visit-ulcinj.com\/blog\/2014\/06\/17\/na-adi-bojani-osteceni-brojni-objekti-od-strasne-oluje\/#primaryimage","url":"https:\/\/www.visit-ulcinj.com\/blog\/wp-content\/uploads\/2014\/06\/Oluja-na-Adi-Bojani.jpg","contentUrl":"https:\/\/www.visit-ulcinj.com\/blog\/wp-content\/uploads\/2014\/06\/Oluja-na-Adi-Bojani.jpg","width":519,"height":389},{"@type":"WebPage","@id":"https:\/\/www.visit-ulcinj.com\/blog\/2014\/06\/17\/na-adi-bojani-osteceni-brojni-objekti-od-strasne-oluje\/#webpage","url":"https:\/\/www.visit-ulcinj.com\/blog\/2014\/06\/17\/na-adi-bojani-osteceni-brojni-objekti-od-strasne-oluje\/","name":"Na Adi Bojani o\u0161te\u0107eni brojni objekti od stra\u0161ne oluje - Lajme nga Ulqini","isPartOf":{"@id":"https:\/\/www.visit-ulcinj.com\/blog\/#website"},"primaryImageOfPage":{"@id":"https:\/\/www.visit-ulcinj.com\/blog\/2014\/06\/17\/na-adi-bojani-osteceni-brojni-objekti-od-strasne-oluje\/#primaryimage"},"datePublished":"2014-06-17T09:36:50+00:00","dateModified":"2014-06-17T09:36:50+00:00","author":{"@id":"https:\/\/www.visit-ulcinj.com\/blog\/#\/schema\/person\/dcab619c614d3038751c63bc2aadc06d"},"description":"U olujnom nevremenu na Adi Bojani o\u0161te\u0107eni brojni objekti Takozvana pijavica, koja je trajala svega minut, nosila je krovove i \u010dupala drve\u0107e U olujnom","breadcrumb":{"@id":"https:\/\/www.visit-ulcinj.com\/blog\/2014\/06\/17\/na-adi-bojani-osteceni-brojni-objekti-od-strasne-oluje\/#breadcrumb"},"inLanguage":"en-US","potentialAction":[{"@type":"ReadAction","target":["https:\/\/www.visit-ulcinj.com\/blog\/2014\/06\/17\/na-adi-bojani-osteceni-brojni-objekti-od-strasne-oluje\/"]}]},{"@type":"BreadcrumbList","@id":"https:\/\/www.visit-ulcinj.com\/blog\/2014\/06\/17\/na-adi-bojani-osteceni-brojni-objekti-od-strasne-oluje\/#breadcrumb","itemListElement":[{"@type":"ListItem","position":1,"name":"Na Adi Bojani o\u0161te\u0107eni brojni objekti od stra\u0161ne oluje"}]},{"@type":"Person","@id":"https:\/\/www.visit-ulcinj.com\/blog\/#\/schema\/person\/dcab619c614d3038751c63bc2aadc06d","name":"ulqini","sameAs":["http:\/\/www.visit-ulcinj.com"],"url":"https:\/\/www.visit-ulcinj.com\/blog\/author\/admin\/"}]}},"jetpack_featured_media_url":"","jetpack_sharing_enabled":true,"jetpack_shortlink":"https:\/\/wp.me\/pe6lTn-lDV","_links":{"self":[{"href":"https:\/\/www.visit-ulcinj.com\/blog\/wp-json\/wp\/v2\/posts\/83199"}],"collection":[{"href":"https:\/\/www.visit-ulcinj.com\/blog\/wp-json\/wp\/v2\/posts"}],"about":[{"href":"https:\/\/www.visit-ulcinj.com\/blog\/wp-json\/wp\/v2\/types\/post"}],"author":[{"embeddable":true,"href":"https:\/\/www.visit-ulcinj.com\/blog\/wp-json\/wp\/v2\/users\/1"}],"replies":[{"embeddable":true,"href":"https:\/\/www.visit-ulcinj.com\/blog\/wp-json\/wp\/v2\/comments?post=83199"}],"version-history":[{"count":1,"href":"https:\/\/www.visit-ulcinj.com\/blog\/wp-json\/wp\/v2\/posts\/83199\/revisions"}],"predecessor-version":[{"id":83205,"href":"https:\/\/www.visit-ulcinj.com\/blog\/wp-json\/wp\/v2\/posts\/83199\/revisions\/83205"}],"wp:attachment":[{"href":"https:\/\/www.visit-ulcinj.com\/blog\/wp-json\/wp\/v2\/media?parent=83199"}],"wp:term":[{"taxonomy":"category","embeddable":true,"href":"https:\/\/www.visit-ulcinj.com\/blog\/wp-json\/wp\/v2\/categories?post=83199"},{"taxonomy":"post_tag","embeddable":true,"href":"https:\/\/www.visit-ulcinj.com\/blog\/wp-json\/wp\/v2\/tags?post=83199"}],"curies":[{"name":"wp","href":"https:\/\/api.w.org\/{rel}","templated":true}]}}