{"id":83213,"date":"2014-06-17T15:59:43","date_gmt":"2014-06-17T14:59:43","guid":{"rendered":"http:\/\/www.visit-ulcinj.com\/blog\/?p=83213"},"modified":"2014-06-17T15:59:43","modified_gmt":"2014-06-17T14:59:43","slug":"xhamia-e-klleznes-themelon-forumin-rinor","status":"publish","type":"post","link":"https:\/\/www.visit-ulcinj.com\/blog\/2014\/06\/17\/xhamia-e-klleznes-themelon-forumin-rinor\/","title":{"rendered":"Xhamia e Kllezn\u00ebs themelon &#8220;FORUMIN RINOR&#8221;"},"content":{"rendered":"<p><a href=\"http:\/\/www.visit-ulcinj.com\/blog\/wp-content\/uploads\/2014\/06\/Forumi-Rinor-Xhamia-Kllezen.jpg\"><img loading=\"lazy\" class=\"alignleft  wp-image-83214\" alt=\"Forumi-Rinor-Xhamia-Kllezen\" src=\"http:\/\/www.visit-ulcinj.com\/blog\/wp-content\/uploads\/2014\/06\/Forumi-Rinor-Xhamia-Kllezen.jpg\" width=\"278\" height=\"278\" \/><\/a>N\u00eb Xhamin\u00eb e Kllezn\u00ebs me dat\u00ebn 14 dhe 15 qershor 2014, dit\u00ebn e Shtune dhe t\u00eb Diel u mbajt\u00ebn dy mbledhje me t\u00eb rinjt\u00eb e fshatit Kllez\u00ebn ku u themelua p\u00ebr her\u00eb t\u00eb par\u00eb FORUMIN RINOR n\u00eb kuad\u00ebr t\u00eb Xhamis\u00eb s\u00eb Kllezn\u00ebs, i cili do t\u00eb jet\u00eb udh\u00ebheq\u00ebs n\u00eb fush\u00ebn e veprimtaris\u00eb rinore, kulturore dhe morale t\u00eb shoq\u00ebris\u00eb, n\u00eb ngritjen dhe aft\u00ebsimin e tyre.<\/p>\n<p>Mbas diskutimeve t\u00eb shumta dhe t\u00eb frytshme nga t\u00eb rinjt\u00eb dhe n\u00ebn mbik\u00ebqyrjen e Imamit t\u00eb Xhamis\u00eb dhe Kryetarit t\u00eb k\u00ebshillit t\u00eb Xhamis\u00eb, an\u00ebtar\u00ebt e forumit rinor\u00eb zgjodh\u00ebn me votim udh\u00ebheq\u00ebsin dhe kryesin e forumit rinor nga t\u00eb dyja gjinit\u00eb.<\/p>\n<p>&nbsp;<\/p>\n<p>Kryetari i Forumit Rinor\u00eb: <b>Mensur Rexha<\/b><\/p>\n<p>N\u00ebnkryetari i forumit: <b>Muhamet \u00c7apriq<\/b><\/p>\n<p>An\u00ebtar\u00ebt e kryesis\u00eb s\u00eb forumit: <b>Riza Kurti, Erzan Rexha dhe Ardit Kurti<\/b>.<\/p>\n<p>&nbsp;<\/p>\n<p>Kryetarja e Forumit Rinor\u00eb: <b>Xhemale Elezi<\/b><\/p>\n<p>N\u00ebnkryetarja e forumit: <b>Albina Rexha<\/b><\/p>\n<p>An\u00ebtar\u00ebt e kryesis\u00eb s\u00eb forumit: <b>Aide Rexha, Edona Kurti dhe Dorijana Meqikukiq<\/b>.<\/p>\n<p>&nbsp;<\/p>\n<p>Rinia jan\u00eb udh\u00ebheq\u00ebsit e t\u00eb nes\u00ebrmes dhe shpresa e t\u00eb ardhmes. Mbi supet e tyre ngrihen qytet\u00ebrimi dhe historia e lavdishme. Tek ata varen shpresat, \u00ebndrrat dhe zemrat.<\/p>\n<p>Rinia \u00ebsht\u00eb pasuria e nj\u00eb populli dhe fsheht\u00ebsia e forc\u00ebs s\u00eb tij. N\u00ebse doni t\u00eb dini t\u00eb ardhmen e nj\u00eb populli, mos pyetni p\u00ebr pasurin\u00eb q\u00eb ka, por shiko t\u00eb rinjt\u00eb e tij. N\u00ebse ata kan\u00eb vlera e moral dije se ardhm\u00ebria e atij populli premton gjitha t\u00eb mirat.<\/p>\n<p>&nbsp;<\/p>\n<p>Forumit Rinor\u00eb iu urojm\u00eb dhe iu d\u00ebshirojm\u00eb pun\u00eb t\u00eb mbar\u00eb e t\u00eb suksesshme n\u00eb p\u00ebrfaq\u00ebsimin dhe shpalosjen e pun\u00ebs s\u00eb palodhshme q\u00eb b\u00ebjn\u00eb dhe do t\u00eb b\u00ebjn\u00eb n\u00eb t\u00eb ardhmen.<\/p>\n<p>&nbsp;<\/p>\n<p>Zoti e bekoft\u00eb rinin\u00eb.<\/p>\n<p><i>Imami i xhamis\u00eb<\/i><\/p>\n<p><i>K\u00ebshilli i xhamis\u00eb<\/i><\/p>\n<p>&nbsp;<\/p>\n<p>&nbsp;<\/p>\n<p align=\"center\"><b>PASQYR\u00cb E SHKURT\u00cbR E FORUMIT RINOR\u00cb<\/b><\/p>\n<p>&nbsp;<\/p>\n<p>Forumi Rinor\u00eb i Xhamis\u00eb s\u00eb Kllezn\u00ebs themelohet me q\u00ebllim q\u00eb ky forum t\u00eb jet\u00eb udh\u00ebheq\u00ebs n\u00eb fush\u00ebn e veprimtaris\u00eb rinore, kulturore dhe morale t\u00eb shoq\u00ebris\u00eb, n\u00eb ngritjen dhe aft\u00ebsimin e tyre.<\/p>\n<p>Forumi Rinor\u00eb do t\u00eb ushtroj\u00eb aktivitetin e tyre n\u00ebn mbik\u00ebqyrjen e K\u00ebshillit t\u00eb Xhamis\u00eb dhe Imamit t\u00eb Xhamis\u00eb.<\/p>\n<p>Forumi Rinor\u00eb do t\u00eb ket\u00eb mb\u00ebshtetjen maksimale nga K\u00ebshilli dhe Imami i xhamis\u00eb n\u00eb aktivitetet e tyre.<\/p>\n<p>Forumin Rinor\u00eb e p\u00ebrb\u00ebjn\u00eb rinia e fshatit Kllez\u00ebn pa dallim moshe dhe gjinie.<\/p>\n<p>Forumin Rinor\u00eb e p\u00ebrb\u00ebjn\u00eb t\u00eb rinjt\u00eb n\u00ebn mosh\u00ebn 30 vje\u00e7are ku secili automatikisht b\u00ebhet an\u00ebtar\u00eb i forumit, nd\u00ebrsa Kryetari dhe Kryetarja e Forumit zgjidhet prej mosh\u00ebs 15 deri 30 vje\u00e7are, t\u00eb cil\u00ebt zgjidhet me votim nga vet\u00eb an\u00ebtar\u00ebt e forumit.<\/p>\n<p>Kryetari i forumit zgjidhet nga vet sektori i gjinis\u00eb mashkullore, nd\u00ebrsa Kryetarja e forumit zgjidhet po ashtu nga sektori i gjinis\u00eb fem\u00ebrore.<\/p>\n<p>Kryetari dhe Kryetarja e forumit kan\u00eb mandat nj\u00eb vje\u00e7ar, me mund\u00ebsi rizgjedhjeje.<\/p>\n<p>&nbsp;<\/p>\n<p>Forumi Rinor\u00eb i Xhamis\u00eb s\u00eb Kllezn\u00ebs, ka p\u00ebr q\u00ebllim k\u00ebto objektiva dhe aktivitete, si fillim mund t\u00eb ve\u00e7ojm\u00eb:<\/p>\n<p>Promovimi dhe kultivimi i vlerave universale Islame dhe njer\u00ebzore, mbrojta e t\u00eb rinjve nga devijimet si dhe ngritja dhe aft\u00ebsimi i tyre.<\/p>\n<p>Mbrojtja e trash\u00ebgimis\u00eb kulturore n\u00eb vend.<\/p>\n<p>Organizimin e ekskursioneve, piknik\u00ebve, dhe aktivitete tjera sportive etj.<\/p>\n<p>Organizimin e aktiviteteve bamir\u00ebse duke mbledhur t\u00eb dh\u00ebna dhe informacione p\u00ebr zonat dhe familjet e prekura nga ndonj\u00eb katastrof\u00eb natyrore apo nga varf\u00ebria. Mjetet e dhuruara nga donator\u00eb t\u00eb ndrysh\u00ebm do t\u00eb shp\u00ebrndahen mbi baz\u00ebn e prioriteteve emergjente, p\u00ebr individ\u00ebt dhe grupet n\u00eb nevoj\u00eb.<\/p>\n<p>Organizimin e takimeve t\u00eb rregullta p\u00ebr aktivitete konstruktive t\u00eb rinis\u00eb sikurse jan\u00eb ligj\u00ebratat, ekskursionet edukative, loj\u00ebra rekreative dhe arg\u00ebtime t\u00eb tjera audio-vizuale, diskutime t\u00eb hapura, mbr\u00ebmjeve fetare, etj.<\/p>\n<p>Botimin e literatur\u00ebs s\u00eb p\u00ebrshtatshme n\u00eb form\u00eb fletushkash, broshurash, q\u00eb i sh\u00ebrbejn\u00eb synimit t\u00eb veprimtaris\u00eb s\u00eb saj dhe n\u00eb vet\u00ebdijesimin e rinis\u00eb, e shum\u00eb aktivitete tjera.<\/p>\n<p>&nbsp;<\/p>\n<p>Mbi t\u00eb gjitha k\u00ebto Forumi Rinor\u00eb duhet ti ket\u00eb k\u00ebto vlera:<\/p>\n<p>Besimin<\/p>\n<p>P\u00ebrpikshm\u00ebrin\u00eb<\/p>\n<p>Objektivitetin<\/p>\n<p>Unitetin<\/p>\n<p>Toleranc\u00ebn<\/p>\n<p>Mir\u00ebkuptimin<\/p>\n<p>Bashk\u00ebpunimin<\/p>\n<p>&nbsp;<\/p>\n<p>Forumi Rinor\u00eb n\u00eb muajt n\u00eb vijim do t\u00eb p\u00ebrpiloj\u00eb statusin e vet t\u00eb plot\u00eb me t\u00eb cil\u00ebn mund t\u00eb thirren dhe t\u2019ju p\u00ebrmbahen rregullave p\u00ebrkat\u00ebse.<\/p>\n<p>Forumi Rinor\u00eb duhet t\u00eb ket\u00eb takime t\u00eb shpeshta p\u00ebr t\u00eb diskutuar p\u00ebr \u00e7do aktivitet t\u00eb vetin q\u00eb do t\u00eb nd\u00ebrmerr.\u00a0 Takimet do t\u00eb mbahen n\u00eb klas\u00ebn e xhamis\u00eb s\u00eb Kllezn\u00ebs.<\/p>\n","protected":false},"excerpt":{"rendered":"<p>N\u00eb Xhamin\u00eb e Kllezn\u00ebs me dat\u00ebn 14 dhe 15 qershor 2014, dit\u00ebn e Shtune dhe t\u00eb Diel u mbajt\u00ebn dy mbledhje me t\u00eb rinjt\u00eb e fshatit Kllez\u00ebn ku u themelua p\u00ebr her\u00eb t\u00eb par\u00eb FORUMIN RINOR n\u00eb kuad\u00ebr t\u00eb Xhamis\u00eb s\u00eb Kllezn\u00ebs, i cili do t\u00eb jet\u00eb udh\u00ebheq\u00ebs n\u00eb fush\u00ebn e veprimtaris\u00eb rinore, kulturore dhe [&hellip;]<\/p>\n","protected":false},"author":1,"featured_media":0,"comment_status":"closed","ping_status":"closed","sticky":false,"template":"","format":"standard","meta":{"spay_email":"","jetpack_publicize_message":"","jetpack_is_tweetstorm":false,"jetpack_publicize_feature_enabled":true},"categories":[11],"tags":[],"jetpack_publicize_connections":[],"yoast_head":"<!-- This site is optimized with the Yoast SEO plugin v19.1 - https:\/\/yoast.com\/wordpress\/plugins\/seo\/ -->\n<title>Xhamia e Kllezn\u00ebs themelon &quot;FORUMIN RINOR&quot; - Lajme nga Ulqini<\/title>\n<meta name=\"description\" content=\"N\u00eb Xhamin\u00eb e Kllezn\u00ebs me dat\u00ebn 14 dhe 15 qershor 2014, dit\u00ebn e Shtune dhe t\u00eb Diel u mbajt\u00ebn dy mbledhje me t\u00eb rinjt\u00eb e fshatit Kllez\u00ebn ku u themelua p\u00ebr\" \/>\n<meta name=\"robots\" content=\"index, follow, max-snippet:-1, max-image-preview:large, max-video-preview:-1\" \/>\n<link rel=\"canonical\" href=\"https:\/\/www.visit-ulcinj.com\/blog\/2014\/06\/17\/xhamia-e-klleznes-themelon-forumin-rinor\/\" \/>\n<meta property=\"og:locale\" content=\"en_US\" \/>\n<meta property=\"og:type\" content=\"article\" \/>\n<meta property=\"og:title\" content=\"Xhamia e Kllezn\u00ebs themelon &quot;FORUMIN RINOR&quot; - Lajme nga Ulqini\" \/>\n<meta property=\"og:description\" content=\"N\u00eb Xhamin\u00eb e Kllezn\u00ebs me dat\u00ebn 14 dhe 15 qershor 2014, dit\u00ebn e Shtune dhe t\u00eb Diel u mbajt\u00ebn dy mbledhje me t\u00eb rinjt\u00eb e fshatit Kllez\u00ebn ku u themelua p\u00ebr\" \/>\n<meta property=\"og:url\" content=\"https:\/\/www.visit-ulcinj.com\/blog\/2014\/06\/17\/xhamia-e-klleznes-themelon-forumin-rinor\/\" \/>\n<meta property=\"og:site_name\" content=\"Lajme nga Ulqini\" \/>\n<meta property=\"article:published_time\" content=\"2014-06-17T14:59:43+00:00\" \/>\n<meta property=\"og:image\" content=\"http:\/\/www.visit-ulcinj.com\/blog\/wp-content\/uploads\/2014\/06\/Forumi-Rinor-Xhamia-Kllezen.jpg\" \/>\n<meta name=\"twitter:label1\" content=\"Written by\" \/>\n\t<meta name=\"twitter:data1\" content=\"ulqini\" \/>\n\t<meta name=\"twitter:label2\" content=\"Est. reading time\" \/>\n\t<meta name=\"twitter:data2\" content=\"4 minutes\" \/>\n<script type=\"application\/ld+json\" class=\"yoast-schema-graph\">{\"@context\":\"https:\/\/schema.org\",\"@graph\":[{\"@type\":\"WebSite\",\"@id\":\"https:\/\/www.visit-ulcinj.com\/blog\/#website\",\"url\":\"https:\/\/www.visit-ulcinj.com\/blog\/\",\"name\":\"Lajme nga Ulqini\",\"description\":\"Lajme,Vijesti,Ulqini,Ulqin,Crna Gora,Mali i Zi\",\"potentialAction\":[{\"@type\":\"SearchAction\",\"target\":{\"@type\":\"EntryPoint\",\"urlTemplate\":\"https:\/\/www.visit-ulcinj.com\/blog\/?s={search_term_string}\"},\"query-input\":\"required name=search_term_string\"}],\"inLanguage\":\"en-US\"},{\"@type\":\"ImageObject\",\"inLanguage\":\"en-US\",\"@id\":\"https:\/\/www.visit-ulcinj.com\/blog\/2014\/06\/17\/xhamia-e-klleznes-themelon-forumin-rinor\/#primaryimage\",\"url\":\"https:\/\/www.visit-ulcinj.com\/blog\/wp-content\/uploads\/2014\/06\/Forumi-Rinor-Xhamia-Kllezen.jpg\",\"contentUrl\":\"https:\/\/www.visit-ulcinj.com\/blog\/wp-content\/uploads\/2014\/06\/Forumi-Rinor-Xhamia-Kllezen.jpg\",\"width\":278,\"height\":254},{\"@type\":\"WebPage\",\"@id\":\"https:\/\/www.visit-ulcinj.com\/blog\/2014\/06\/17\/xhamia-e-klleznes-themelon-forumin-rinor\/#webpage\",\"url\":\"https:\/\/www.visit-ulcinj.com\/blog\/2014\/06\/17\/xhamia-e-klleznes-themelon-forumin-rinor\/\",\"name\":\"Xhamia e Kllezn\u00ebs themelon \\\"FORUMIN RINOR\\\" - Lajme nga Ulqini\",\"isPartOf\":{\"@id\":\"https:\/\/www.visit-ulcinj.com\/blog\/#website\"},\"primaryImageOfPage\":{\"@id\":\"https:\/\/www.visit-ulcinj.com\/blog\/2014\/06\/17\/xhamia-e-klleznes-themelon-forumin-rinor\/#primaryimage\"},\"datePublished\":\"2014-06-17T14:59:43+00:00\",\"dateModified\":\"2014-06-17T14:59:43+00:00\",\"author\":{\"@id\":\"https:\/\/www.visit-ulcinj.com\/blog\/#\/schema\/person\/dcab619c614d3038751c63bc2aadc06d\"},\"description\":\"N\u00eb Xhamin\u00eb e Kllezn\u00ebs me dat\u00ebn 14 dhe 15 qershor 2014, dit\u00ebn e Shtune dhe t\u00eb Diel u mbajt\u00ebn dy mbledhje me t\u00eb rinjt\u00eb e fshatit Kllez\u00ebn ku u themelua p\u00ebr\",\"breadcrumb\":{\"@id\":\"https:\/\/www.visit-ulcinj.com\/blog\/2014\/06\/17\/xhamia-e-klleznes-themelon-forumin-rinor\/#breadcrumb\"},\"inLanguage\":\"en-US\",\"potentialAction\":[{\"@type\":\"ReadAction\",\"target\":[\"https:\/\/www.visit-ulcinj.com\/blog\/2014\/06\/17\/xhamia-e-klleznes-themelon-forumin-rinor\/\"]}]},{\"@type\":\"BreadcrumbList\",\"@id\":\"https:\/\/www.visit-ulcinj.com\/blog\/2014\/06\/17\/xhamia-e-klleznes-themelon-forumin-rinor\/#breadcrumb\",\"itemListElement\":[{\"@type\":\"ListItem\",\"position\":1,\"name\":\"Xhamia e Kllezn\u00ebs themelon &#8220;FORUMIN RINOR&#8221;\"}]},{\"@type\":\"Person\",\"@id\":\"https:\/\/www.visit-ulcinj.com\/blog\/#\/schema\/person\/dcab619c614d3038751c63bc2aadc06d\",\"name\":\"ulqini\",\"sameAs\":[\"http:\/\/www.visit-ulcinj.com\"],\"url\":\"https:\/\/www.visit-ulcinj.com\/blog\/author\/admin\/\"}]}<\/script>\n<!-- \/ Yoast SEO plugin. -->","yoast_head_json":{"title":"Xhamia e Kllezn\u00ebs themelon \"FORUMIN RINOR\" - Lajme nga Ulqini","description":"N\u00eb Xhamin\u00eb e Kllezn\u00ebs me dat\u00ebn 14 dhe 15 qershor 2014, dit\u00ebn e Shtune dhe t\u00eb Diel u mbajt\u00ebn dy mbledhje me t\u00eb rinjt\u00eb e fshatit Kllez\u00ebn ku u themelua p\u00ebr","robots":{"index":"index","follow":"follow","max-snippet":"max-snippet:-1","max-image-preview":"max-image-preview:large","max-video-preview":"max-video-preview:-1"},"canonical":"https:\/\/www.visit-ulcinj.com\/blog\/2014\/06\/17\/xhamia-e-klleznes-themelon-forumin-rinor\/","og_locale":"en_US","og_type":"article","og_title":"Xhamia e Kllezn\u00ebs themelon \"FORUMIN RINOR\" - Lajme nga Ulqini","og_description":"N\u00eb Xhamin\u00eb e Kllezn\u00ebs me dat\u00ebn 14 dhe 15 qershor 2014, dit\u00ebn e Shtune dhe t\u00eb Diel u mbajt\u00ebn dy mbledhje me t\u00eb rinjt\u00eb e fshatit Kllez\u00ebn ku u themelua p\u00ebr","og_url":"https:\/\/www.visit-ulcinj.com\/blog\/2014\/06\/17\/xhamia-e-klleznes-themelon-forumin-rinor\/","og_site_name":"Lajme nga Ulqini","article_published_time":"2014-06-17T14:59:43+00:00","og_image":[{"url":"http:\/\/www.visit-ulcinj.com\/blog\/wp-content\/uploads\/2014\/06\/Forumi-Rinor-Xhamia-Kllezen.jpg"}],"twitter_misc":{"Written by":"ulqini","Est. reading time":"4 minutes"},"schema":{"@context":"https:\/\/schema.org","@graph":[{"@type":"WebSite","@id":"https:\/\/www.visit-ulcinj.com\/blog\/#website","url":"https:\/\/www.visit-ulcinj.com\/blog\/","name":"Lajme nga Ulqini","description":"Lajme,Vijesti,Ulqini,Ulqin,Crna Gora,Mali i Zi","potentialAction":[{"@type":"SearchAction","target":{"@type":"EntryPoint","urlTemplate":"https:\/\/www.visit-ulcinj.com\/blog\/?s={search_term_string}"},"query-input":"required name=search_term_string"}],"inLanguage":"en-US"},{"@type":"ImageObject","inLanguage":"en-US","@id":"https:\/\/www.visit-ulcinj.com\/blog\/2014\/06\/17\/xhamia-e-klleznes-themelon-forumin-rinor\/#primaryimage","url":"https:\/\/www.visit-ulcinj.com\/blog\/wp-content\/uploads\/2014\/06\/Forumi-Rinor-Xhamia-Kllezen.jpg","contentUrl":"https:\/\/www.visit-ulcinj.com\/blog\/wp-content\/uploads\/2014\/06\/Forumi-Rinor-Xhamia-Kllezen.jpg","width":278,"height":254},{"@type":"WebPage","@id":"https:\/\/www.visit-ulcinj.com\/blog\/2014\/06\/17\/xhamia-e-klleznes-themelon-forumin-rinor\/#webpage","url":"https:\/\/www.visit-ulcinj.com\/blog\/2014\/06\/17\/xhamia-e-klleznes-themelon-forumin-rinor\/","name":"Xhamia e Kllezn\u00ebs themelon \"FORUMIN RINOR\" - Lajme nga Ulqini","isPartOf":{"@id":"https:\/\/www.visit-ulcinj.com\/blog\/#website"},"primaryImageOfPage":{"@id":"https:\/\/www.visit-ulcinj.com\/blog\/2014\/06\/17\/xhamia-e-klleznes-themelon-forumin-rinor\/#primaryimage"},"datePublished":"2014-06-17T14:59:43+00:00","dateModified":"2014-06-17T14:59:43+00:00","author":{"@id":"https:\/\/www.visit-ulcinj.com\/blog\/#\/schema\/person\/dcab619c614d3038751c63bc2aadc06d"},"description":"N\u00eb Xhamin\u00eb e Kllezn\u00ebs me dat\u00ebn 14 dhe 15 qershor 2014, dit\u00ebn e Shtune dhe t\u00eb Diel u mbajt\u00ebn dy mbledhje me t\u00eb rinjt\u00eb e fshatit Kllez\u00ebn ku u themelua p\u00ebr","breadcrumb":{"@id":"https:\/\/www.visit-ulcinj.com\/blog\/2014\/06\/17\/xhamia-e-klleznes-themelon-forumin-rinor\/#breadcrumb"},"inLanguage":"en-US","potentialAction":[{"@type":"ReadAction","target":["https:\/\/www.visit-ulcinj.com\/blog\/2014\/06\/17\/xhamia-e-klleznes-themelon-forumin-rinor\/"]}]},{"@type":"BreadcrumbList","@id":"https:\/\/www.visit-ulcinj.com\/blog\/2014\/06\/17\/xhamia-e-klleznes-themelon-forumin-rinor\/#breadcrumb","itemListElement":[{"@type":"ListItem","position":1,"name":"Xhamia e Kllezn\u00ebs themelon &#8220;FORUMIN RINOR&#8221;"}]},{"@type":"Person","@id":"https:\/\/www.visit-ulcinj.com\/blog\/#\/schema\/person\/dcab619c614d3038751c63bc2aadc06d","name":"ulqini","sameAs":["http:\/\/www.visit-ulcinj.com"],"url":"https:\/\/www.visit-ulcinj.com\/blog\/author\/admin\/"}]}},"jetpack_featured_media_url":"","jetpack_sharing_enabled":true,"jetpack_shortlink":"https:\/\/wp.me\/pe6lTn-lE9","_links":{"self":[{"href":"https:\/\/www.visit-ulcinj.com\/blog\/wp-json\/wp\/v2\/posts\/83213"}],"collection":[{"href":"https:\/\/www.visit-ulcinj.com\/blog\/wp-json\/wp\/v2\/posts"}],"about":[{"href":"https:\/\/www.visit-ulcinj.com\/blog\/wp-json\/wp\/v2\/types\/post"}],"author":[{"embeddable":true,"href":"https:\/\/www.visit-ulcinj.com\/blog\/wp-json\/wp\/v2\/users\/1"}],"replies":[{"embeddable":true,"href":"https:\/\/www.visit-ulcinj.com\/blog\/wp-json\/wp\/v2\/comments?post=83213"}],"version-history":[{"count":1,"href":"https:\/\/www.visit-ulcinj.com\/blog\/wp-json\/wp\/v2\/posts\/83213\/revisions"}],"predecessor-version":[{"id":83215,"href":"https:\/\/www.visit-ulcinj.com\/blog\/wp-json\/wp\/v2\/posts\/83213\/revisions\/83215"}],"wp:attachment":[{"href":"https:\/\/www.visit-ulcinj.com\/blog\/wp-json\/wp\/v2\/media?parent=83213"}],"wp:term":[{"taxonomy":"category","embeddable":true,"href":"https:\/\/www.visit-ulcinj.com\/blog\/wp-json\/wp\/v2\/categories?post=83213"},{"taxonomy":"post_tag","embeddable":true,"href":"https:\/\/www.visit-ulcinj.com\/blog\/wp-json\/wp\/v2\/tags?post=83213"}],"curies":[{"name":"wp","href":"https:\/\/api.w.org\/{rel}","templated":true}]}}