{"id":83216,"date":"2014-06-17T16:05:53","date_gmt":"2014-06-17T15:05:53","guid":{"rendered":"http:\/\/www.visit-ulcinj.com\/blog\/?p=83216"},"modified":"2014-06-21T16:54:37","modified_gmt":"2014-06-21T15:54:37","slug":"nema-interesovanja-za-zakup-ulcinjske-solane","status":"publish","type":"post","link":"https:\/\/www.visit-ulcinj.com\/blog\/2014\/06\/17\/nema-interesovanja-za-zakup-ulcinjske-solane\/","title":{"rendered":"Nema interesovanja za zakup ulcinjske Solane"},"content":{"rendered":"<p><a href=\"http:\/\/www.visit-ulcinj.com\/blog\/wp-content\/uploads\/2014\/03\/ULCINJSKA-SOLANA-1.jpg\"><img loading=\"lazy\" class=\"alignleft  wp-image-80323\" alt=\"ULCINJSKA-SOLANA-1\" src=\"http:\/\/www.visit-ulcinj.com\/blog\/wp-content\/uploads\/2014\/03\/ULCINJSKA-SOLANA-1.jpg\" width=\"508\" height=\"360\" \/><\/a>Za zakup tehni\u010dko-tehnolo\u0161kog kompleksa ulcinjske Solane \u201cBajo Sekuli\u0107\u201d ili za poslovno-tehni\u010dku saradnju za organizovanje proizvodnje tokom ovogodi\u0161nje i berbe soli u narednoj godini, nema zainteresovanih.<\/p>\n<div>\n<p>Ste\u010dajni upravnik Solane <strong>Ognjen Jovovi\u0107<\/strong> rekao je da nije stigla nijedna ponuda, a da berbe soli definitivno nema, jer niko nije uzeo u zakup, prenijela je agencija MINA BUSINESS.<\/p>\n<p>Ste\u010dajna uprava je krajem maja raspisala oglas za zakup ili poslovno-tehni\u010dku saradnju, a ponude su se podgori\u010dkom Privrednom sudu mogle dostavljati 15 dana nakon raspisivanja.<\/p>\n<p>Jovovi\u0107 je dodao i da na tender za prodaju cjelokupne imovine preduze\u0107a po po\u010detnoj cijeni od 190 miliona EUR, koji je objavljen po\u010detkom juna, za sada nema zainteresovanih.<\/p>\n<p>Tender je otvoren do 27. Juna, akako je rekao Jovovi\u0107 veliki je skeptik kada je u pitanju ovakav na\u010din prodaje tako vrijedne imovine. Skeptik sam da se na ovaj na\u010din mo\u017ee zavr\u0161iti prodaja Solane, bar po ovako viskoj cijeni\u201c, naveo je Jovovi\u0107.<\/p>\n<p>U slu\u010daju neuspjelog tendera, Jovovi\u0107 je objasnio da ste\u010dajna uprava mo\u017ee samo da ponavlja oglase uz ne\u0161to ni\u017eu prodajnu cijenu.<\/p>\n<p>\u201eDa se pojavi bilo ko ozbiljan ko bi u\u0161ao u razgovor, onda bi se vjerovatno uklju\u010dili malo meritorniji organi, od suda mogu\u0107e i nekih dr\u017eavnih organa i institucija\u201c, zaklju\u010dio je Jovovi\u0107.<\/p>\n<p>Do sada je bezuspje\u0161no raspisivano devet oglasa za prodaju, a na novom tenderu cijena je pet miliona eura ni\u017ea nego na prethodnom. Na prodaju je nepokretna i pokretna imovina koju \u010dine zemlji\u0161te, poslovne zgrade, elektroenergetski i objekti za vodu i gasovod, kanali, sve locirano u Op\u0161tini Ulcinj na povr\u0161ini od oko 14,5 miliona kvadrata, kao i tehnolo\u0161ka i kancelarijska oprema, gra\u0111evinska mehanizacija i transportna sredstva.<\/p>\n<p>Solanu je od 2003. kontrolisao podgori\u010dki biznismen Veselin Barovi\u0107, koji je kupio kontrolni paket akcija za 800 hiljada eura. Barovi\u0107 je po\u010detkom godine iza\u0161ao iz Eurofonda i svih kompanija koje su u portfelju fonda, a time i iz Solane. U kompaniju je 2005. godine, zbog duga od 13 hiljada eura uveden programirani ste\u010daj, koji nije dao rezultate, pa je po\u010detkom 2011. godine uveden klasi\u010dni. Vlada je u novembru 2011. godine Solani oduzela koncesiju na kori\u0161\u0107enje morske vode.<\/p>\n<p>Prema podacima Centralne depozitarne agencije (CDA), vlasnik 73,5 odsto akcija ulcinjske Solane sakriven je iza HB Zbirnog kastodi ra\u010duna 3. Fond Trend ima 5,89 odsto akcija ulcinjskog preduze\u0107a, podgori\u010dka kompanija Flash posjeduje 5,36 odsto, a Arnad Alivodi\u0107 jedan odsto. Ostali akcionari imaju manje od jedan odsto akcija preduze\u0107a.<\/p>\n<p><strong>Izvor: CDM<\/strong><\/p>\n<\/div>\n","protected":false},"excerpt":{"rendered":"<p>Za zakup tehni\u010dko-tehnolo\u0161kog kompleksa ulcinjske Solane \u201cBajo Sekuli\u0107\u201d ili za poslovno-tehni\u010dku saradnju za organizovanje proizvodnje tokom ovogodi\u0161nje i berbe soli u narednoj godini, nema zainteresovanih. Ste\u010dajni upravnik Solane Ognjen Jovovi\u0107 rekao je da nije stigla nijedna ponuda, a da berbe soli definitivno nema, jer niko nije uzeo u zakup, prenijela je agencija MINA BUSINESS. Ste\u010dajna [&hellip;]<\/p>\n","protected":false},"author":1,"featured_media":0,"comment_status":"closed","ping_status":"closed","sticky":false,"template":"","format":"standard","meta":{"spay_email":"","jetpack_publicize_message":"","jetpack_is_tweetstorm":false,"jetpack_publicize_feature_enabled":true},"categories":[8337],"tags":[],"jetpack_publicize_connections":[],"yoast_head":"<!-- This site is optimized with the Yoast SEO plugin v19.1 - https:\/\/yoast.com\/wordpress\/plugins\/seo\/ -->\n<title>Nema interesovanja za zakup ulcinjske Solane - Lajme nga Ulqini<\/title>\n<meta name=\"description\" content=\"Za zakup tehni\u010dko-tehnolo\u0161kog kompleksa ulcinjske Solane \u201cBajo Sekuli\u0107\u201d ili za poslovno-tehni\u010dku saradnju za organizovanje proizvodnje tokom ovogodi\u0161nje i\" \/>\n<meta name=\"robots\" content=\"index, follow, max-snippet:-1, max-image-preview:large, max-video-preview:-1\" \/>\n<link rel=\"canonical\" href=\"https:\/\/www.visit-ulcinj.com\/blog\/2014\/06\/17\/nema-interesovanja-za-zakup-ulcinjske-solane\/\" \/>\n<meta property=\"og:locale\" content=\"en_US\" \/>\n<meta property=\"og:type\" content=\"article\" \/>\n<meta property=\"og:title\" content=\"Nema interesovanja za zakup ulcinjske Solane - Lajme nga Ulqini\" \/>\n<meta property=\"og:description\" content=\"Za zakup tehni\u010dko-tehnolo\u0161kog kompleksa ulcinjske Solane \u201cBajo Sekuli\u0107\u201d ili za poslovno-tehni\u010dku saradnju za organizovanje proizvodnje tokom ovogodi\u0161nje i\" \/>\n<meta property=\"og:url\" content=\"https:\/\/www.visit-ulcinj.com\/blog\/2014\/06\/17\/nema-interesovanja-za-zakup-ulcinjske-solane\/\" \/>\n<meta property=\"og:site_name\" content=\"Lajme nga Ulqini\" \/>\n<meta property=\"article:published_time\" content=\"2014-06-17T15:05:53+00:00\" \/>\n<meta property=\"article:modified_time\" content=\"2014-06-21T15:54:37+00:00\" \/>\n<meta property=\"og:image\" content=\"http:\/\/www.visit-ulcinj.com\/blog\/wp-content\/uploads\/2014\/03\/ULCINJSKA-SOLANA-1.jpg\" \/>\n<meta name=\"twitter:label1\" content=\"Written by\" \/>\n\t<meta name=\"twitter:data1\" content=\"ulqini\" \/>\n\t<meta name=\"twitter:label2\" content=\"Est. reading time\" \/>\n\t<meta name=\"twitter:data2\" content=\"2 minutes\" \/>\n<script type=\"application\/ld+json\" class=\"yoast-schema-graph\">{\"@context\":\"https:\/\/schema.org\",\"@graph\":[{\"@type\":\"WebSite\",\"@id\":\"https:\/\/www.visit-ulcinj.com\/blog\/#website\",\"url\":\"https:\/\/www.visit-ulcinj.com\/blog\/\",\"name\":\"Lajme nga Ulqini\",\"description\":\"Lajme,Vijesti,Ulqini,Ulqin,Crna Gora,Mali i Zi\",\"potentialAction\":[{\"@type\":\"SearchAction\",\"target\":{\"@type\":\"EntryPoint\",\"urlTemplate\":\"https:\/\/www.visit-ulcinj.com\/blog\/?s={search_term_string}\"},\"query-input\":\"required name=search_term_string\"}],\"inLanguage\":\"en-US\"},{\"@type\":\"ImageObject\",\"inLanguage\":\"en-US\",\"@id\":\"https:\/\/www.visit-ulcinj.com\/blog\/2014\/06\/17\/nema-interesovanja-za-zakup-ulcinjske-solane\/#primaryimage\",\"url\":\"https:\/\/www.visit-ulcinj.com\/blog\/wp-content\/uploads\/2014\/03\/ULCINJSKA-SOLANA-1.jpg\",\"contentUrl\":\"https:\/\/www.visit-ulcinj.com\/blog\/wp-content\/uploads\/2014\/03\/ULCINJSKA-SOLANA-1.jpg\",\"width\":975,\"height\":655},{\"@type\":\"WebPage\",\"@id\":\"https:\/\/www.visit-ulcinj.com\/blog\/2014\/06\/17\/nema-interesovanja-za-zakup-ulcinjske-solane\/#webpage\",\"url\":\"https:\/\/www.visit-ulcinj.com\/blog\/2014\/06\/17\/nema-interesovanja-za-zakup-ulcinjske-solane\/\",\"name\":\"Nema interesovanja za zakup ulcinjske Solane - Lajme nga Ulqini\",\"isPartOf\":{\"@id\":\"https:\/\/www.visit-ulcinj.com\/blog\/#website\"},\"primaryImageOfPage\":{\"@id\":\"https:\/\/www.visit-ulcinj.com\/blog\/2014\/06\/17\/nema-interesovanja-za-zakup-ulcinjske-solane\/#primaryimage\"},\"datePublished\":\"2014-06-17T15:05:53+00:00\",\"dateModified\":\"2014-06-21T15:54:37+00:00\",\"author\":{\"@id\":\"https:\/\/www.visit-ulcinj.com\/blog\/#\/schema\/person\/dcab619c614d3038751c63bc2aadc06d\"},\"description\":\"Za zakup tehni\u010dko-tehnolo\u0161kog kompleksa ulcinjske Solane \u201cBajo Sekuli\u0107\u201d ili za poslovno-tehni\u010dku saradnju za organizovanje proizvodnje tokom ovogodi\u0161nje i\",\"breadcrumb\":{\"@id\":\"https:\/\/www.visit-ulcinj.com\/blog\/2014\/06\/17\/nema-interesovanja-za-zakup-ulcinjske-solane\/#breadcrumb\"},\"inLanguage\":\"en-US\",\"potentialAction\":[{\"@type\":\"ReadAction\",\"target\":[\"https:\/\/www.visit-ulcinj.com\/blog\/2014\/06\/17\/nema-interesovanja-za-zakup-ulcinjske-solane\/\"]}]},{\"@type\":\"BreadcrumbList\",\"@id\":\"https:\/\/www.visit-ulcinj.com\/blog\/2014\/06\/17\/nema-interesovanja-za-zakup-ulcinjske-solane\/#breadcrumb\",\"itemListElement\":[{\"@type\":\"ListItem\",\"position\":1,\"name\":\"Nema interesovanja za zakup ulcinjske Solane\"}]},{\"@type\":\"Person\",\"@id\":\"https:\/\/www.visit-ulcinj.com\/blog\/#\/schema\/person\/dcab619c614d3038751c63bc2aadc06d\",\"name\":\"ulqini\",\"sameAs\":[\"http:\/\/www.visit-ulcinj.com\"],\"url\":\"https:\/\/www.visit-ulcinj.com\/blog\/author\/admin\/\"}]}<\/script>\n<!-- \/ Yoast SEO plugin. -->","yoast_head_json":{"title":"Nema interesovanja za zakup ulcinjske Solane - Lajme nga Ulqini","description":"Za zakup tehni\u010dko-tehnolo\u0161kog kompleksa ulcinjske Solane \u201cBajo Sekuli\u0107\u201d ili za poslovno-tehni\u010dku saradnju za organizovanje proizvodnje tokom ovogodi\u0161nje i","robots":{"index":"index","follow":"follow","max-snippet":"max-snippet:-1","max-image-preview":"max-image-preview:large","max-video-preview":"max-video-preview:-1"},"canonical":"https:\/\/www.visit-ulcinj.com\/blog\/2014\/06\/17\/nema-interesovanja-za-zakup-ulcinjske-solane\/","og_locale":"en_US","og_type":"article","og_title":"Nema interesovanja za zakup ulcinjske Solane - Lajme nga Ulqini","og_description":"Za zakup tehni\u010dko-tehnolo\u0161kog kompleksa ulcinjske Solane \u201cBajo Sekuli\u0107\u201d ili za poslovno-tehni\u010dku saradnju za organizovanje proizvodnje tokom ovogodi\u0161nje i","og_url":"https:\/\/www.visit-ulcinj.com\/blog\/2014\/06\/17\/nema-interesovanja-za-zakup-ulcinjske-solane\/","og_site_name":"Lajme nga Ulqini","article_published_time":"2014-06-17T15:05:53+00:00","article_modified_time":"2014-06-21T15:54:37+00:00","og_image":[{"url":"http:\/\/www.visit-ulcinj.com\/blog\/wp-content\/uploads\/2014\/03\/ULCINJSKA-SOLANA-1.jpg"}],"twitter_misc":{"Written by":"ulqini","Est. reading time":"2 minutes"},"schema":{"@context":"https:\/\/schema.org","@graph":[{"@type":"WebSite","@id":"https:\/\/www.visit-ulcinj.com\/blog\/#website","url":"https:\/\/www.visit-ulcinj.com\/blog\/","name":"Lajme nga Ulqini","description":"Lajme,Vijesti,Ulqini,Ulqin,Crna Gora,Mali i Zi","potentialAction":[{"@type":"SearchAction","target":{"@type":"EntryPoint","urlTemplate":"https:\/\/www.visit-ulcinj.com\/blog\/?s={search_term_string}"},"query-input":"required name=search_term_string"}],"inLanguage":"en-US"},{"@type":"ImageObject","inLanguage":"en-US","@id":"https:\/\/www.visit-ulcinj.com\/blog\/2014\/06\/17\/nema-interesovanja-za-zakup-ulcinjske-solane\/#primaryimage","url":"https:\/\/www.visit-ulcinj.com\/blog\/wp-content\/uploads\/2014\/03\/ULCINJSKA-SOLANA-1.jpg","contentUrl":"https:\/\/www.visit-ulcinj.com\/blog\/wp-content\/uploads\/2014\/03\/ULCINJSKA-SOLANA-1.jpg","width":975,"height":655},{"@type":"WebPage","@id":"https:\/\/www.visit-ulcinj.com\/blog\/2014\/06\/17\/nema-interesovanja-za-zakup-ulcinjske-solane\/#webpage","url":"https:\/\/www.visit-ulcinj.com\/blog\/2014\/06\/17\/nema-interesovanja-za-zakup-ulcinjske-solane\/","name":"Nema interesovanja za zakup ulcinjske Solane - Lajme nga Ulqini","isPartOf":{"@id":"https:\/\/www.visit-ulcinj.com\/blog\/#website"},"primaryImageOfPage":{"@id":"https:\/\/www.visit-ulcinj.com\/blog\/2014\/06\/17\/nema-interesovanja-za-zakup-ulcinjske-solane\/#primaryimage"},"datePublished":"2014-06-17T15:05:53+00:00","dateModified":"2014-06-21T15:54:37+00:00","author":{"@id":"https:\/\/www.visit-ulcinj.com\/blog\/#\/schema\/person\/dcab619c614d3038751c63bc2aadc06d"},"description":"Za zakup tehni\u010dko-tehnolo\u0161kog kompleksa ulcinjske Solane \u201cBajo Sekuli\u0107\u201d ili za poslovno-tehni\u010dku saradnju za organizovanje proizvodnje tokom ovogodi\u0161nje i","breadcrumb":{"@id":"https:\/\/www.visit-ulcinj.com\/blog\/2014\/06\/17\/nema-interesovanja-za-zakup-ulcinjske-solane\/#breadcrumb"},"inLanguage":"en-US","potentialAction":[{"@type":"ReadAction","target":["https:\/\/www.visit-ulcinj.com\/blog\/2014\/06\/17\/nema-interesovanja-za-zakup-ulcinjske-solane\/"]}]},{"@type":"BreadcrumbList","@id":"https:\/\/www.visit-ulcinj.com\/blog\/2014\/06\/17\/nema-interesovanja-za-zakup-ulcinjske-solane\/#breadcrumb","itemListElement":[{"@type":"ListItem","position":1,"name":"Nema interesovanja za zakup ulcinjske Solane"}]},{"@type":"Person","@id":"https:\/\/www.visit-ulcinj.com\/blog\/#\/schema\/person\/dcab619c614d3038751c63bc2aadc06d","name":"ulqini","sameAs":["http:\/\/www.visit-ulcinj.com"],"url":"https:\/\/www.visit-ulcinj.com\/blog\/author\/admin\/"}]}},"jetpack_featured_media_url":"","jetpack_sharing_enabled":true,"jetpack_shortlink":"https:\/\/wp.me\/pe6lTn-lEc","_links":{"self":[{"href":"https:\/\/www.visit-ulcinj.com\/blog\/wp-json\/wp\/v2\/posts\/83216"}],"collection":[{"href":"https:\/\/www.visit-ulcinj.com\/blog\/wp-json\/wp\/v2\/posts"}],"about":[{"href":"https:\/\/www.visit-ulcinj.com\/blog\/wp-json\/wp\/v2\/types\/post"}],"author":[{"embeddable":true,"href":"https:\/\/www.visit-ulcinj.com\/blog\/wp-json\/wp\/v2\/users\/1"}],"replies":[{"embeddable":true,"href":"https:\/\/www.visit-ulcinj.com\/blog\/wp-json\/wp\/v2\/comments?post=83216"}],"version-history":[{"count":1,"href":"https:\/\/www.visit-ulcinj.com\/blog\/wp-json\/wp\/v2\/posts\/83216\/revisions"}],"predecessor-version":[{"id":83217,"href":"https:\/\/www.visit-ulcinj.com\/blog\/wp-json\/wp\/v2\/posts\/83216\/revisions\/83217"}],"wp:attachment":[{"href":"https:\/\/www.visit-ulcinj.com\/blog\/wp-json\/wp\/v2\/media?parent=83216"}],"wp:term":[{"taxonomy":"category","embeddable":true,"href":"https:\/\/www.visit-ulcinj.com\/blog\/wp-json\/wp\/v2\/categories?post=83216"},{"taxonomy":"post_tag","embeddable":true,"href":"https:\/\/www.visit-ulcinj.com\/blog\/wp-json\/wp\/v2\/tags?post=83216"}],"curies":[{"name":"wp","href":"https:\/\/api.w.org\/{rel}","templated":true}]}}