{"id":83218,"date":"2014-06-17T16:31:36","date_gmt":"2014-06-17T15:31:36","guid":{"rendered":"http:\/\/www.visit-ulcinj.com\/blog\/?p=83218"},"modified":"2014-06-17T16:31:36","modified_gmt":"2014-06-17T15:31:36","slug":"moti-keq-godet-aden-e-ulqinit","status":"publish","type":"post","link":"https:\/\/www.visit-ulcinj.com\/blog\/2014\/06\/17\/moti-keq-godet-aden-e-ulqinit\/","title":{"rendered":"Moti i keq godet Ad\u00ebn e Ulqinit"},"content":{"rendered":"<p><strong><a href=\"http:\/\/www.visit-ulcinj.com\/blog\/wp-content\/uploads\/2014\/06\/Oluja-na-Adi-Bojani-3.jpg\"><img loading=\"lazy\" class=\"alignleft  wp-image-83204\" alt=\"Oluja na Adi Bojani-3\" src=\"http:\/\/www.visit-ulcinj.com\/blog\/wp-content\/uploads\/2014\/06\/Oluja-na-Adi-Bojani-3.jpg\" width=\"508\" height=\"600\" \/><\/a>Ad\u00ebn e Ulqinit e godet moti i keq, edhe pullazet n\u00eb hava<\/strong><\/p>\n<p><strong>Moti i keq me stuhi, i cili sot n\u00eb m\u00ebngjes, rreth or\u00ebs shtat\u00eb, e ka goditur Ad\u00ebn e Bun\u00ebs (Ulqin), ka prishur num\u00ebr t\u00eb konsideruesh\u00ebm sht\u00ebpizash private dhe objekte hotelerike, raporton \u201cVijesti\u201d i Podgoric\u00ebs. E ashtuquajtura p\u00ebshtjelliza, e cila zgjati vet\u00ebm nj\u00eb minut\u00eb, ka marr\u00eb pullazet dhe ka shkulur drunjt\u00eb. Nj\u00eb nga objektet, n\u00eb t\u00eb cilin shkaktoi d\u00ebm t\u00eb madh materiale, ishte restoranti \u201cQiqkova \u00c7arda\u201d.<\/strong><\/p>\n<p><a href=\"http:\/\/www.visit-ulcinj.com\/blog\/wp-content\/uploads\/2014\/06\/Oluja-na-Adi-Bojani.jpg\"><img loading=\"lazy\" class=\"alignleft  wp-image-83200\" alt=\"Oluja na Adi Bojani\" src=\"http:\/\/www.visit-ulcinj.com\/blog\/wp-content\/uploads\/2014\/06\/Oluja-na-Adi-Bojani.jpg\" width=\"508\" height=\"360\" \/><\/a><\/p>\n<p>I vendosur n\u00eb gryk t\u00eb Bun\u00ebs, ishte i pari n\u00eb goditje t\u00eb stuhis\u00eb.<br \/>\n\u201cRestoranti, i cili \u00ebsht\u00eb nd\u00ebrtuar p\u00ebr m\u00eb shum\u00eb se dhjet\u00eb vjet, \u00ebsht\u00eb shkat\u00ebrruar p\u00ebr nj\u00eb minut\u00eb. P\u00ebr fatin ton\u00eb, askush nuk \u00ebsht\u00eb l\u00ebnduar gjat\u00eb k\u00ebtij moti katastrofal\u201d, tha pronarja Valentina Bogojeviq.<\/p>\n<p><a href=\"http:\/\/www.visit-ulcinj.com\/blog\/wp-content\/uploads\/2014\/06\/Oluja-na-Adi-Bojani-2.jpg\"><img loading=\"lazy\" class=\"alignleft  wp-image-83202\" alt=\"Oluja na Adi Bojani-2\" src=\"http:\/\/www.visit-ulcinj.com\/blog\/wp-content\/uploads\/2014\/06\/Oluja-na-Adi-Bojani-2.jpg\" width=\"508\" height=\"600\" \/><\/a><\/p>\n<p>I t\u00ebr\u00eb Ulqini \u00ebsht\u00eb goditur nga reshjet e bollshme, p\u00ebr nj\u00eb koh\u00eb t\u00eb shkurt\u00ebr \u00e7do gj\u00eb ishte e mbuluar nga uji.<\/p>\n<p><strong>Koha Net<\/strong><\/p>\n","protected":false},"excerpt":{"rendered":"<p>Ad\u00ebn e Ulqinit e godet moti i keq, edhe pullazet n\u00eb hava Moti i keq me stuhi, i cili sot n\u00eb m\u00ebngjes, rreth or\u00ebs shtat\u00eb, e ka goditur Ad\u00ebn e Bun\u00ebs (Ulqin), ka prishur num\u00ebr t\u00eb konsideruesh\u00ebm sht\u00ebpizash private dhe objekte hotelerike, raporton \u201cVijesti\u201d i Podgoric\u00ebs. E ashtuquajtura p\u00ebshtjelliza, e cila zgjati vet\u00ebm nj\u00eb minut\u00eb, [&hellip;]<\/p>\n","protected":false},"author":1,"featured_media":0,"comment_status":"closed","ping_status":"closed","sticky":false,"template":"","format":"standard","meta":{"spay_email":"","jetpack_publicize_message":"","jetpack_is_tweetstorm":false,"jetpack_publicize_feature_enabled":true},"categories":[6950],"tags":[],"jetpack_publicize_connections":[],"yoast_head":"<!-- This site is optimized with the Yoast SEO plugin v19.1 - https:\/\/yoast.com\/wordpress\/plugins\/seo\/ -->\n<title>Moti i keq godet Ad\u00ebn e Ulqinit - Lajme nga Ulqini<\/title>\n<meta name=\"description\" content=\"Ad\u00ebn e Ulqinit e godet moti i keq, edhe pullazet n\u00eb hava Moti i keq me stuhi, i cili sot n\u00eb m\u00ebngjes, rreth or\u00ebs shtat\u00eb, e ka goditur Ad\u00ebn e Bun\u00ebs (Ulqin),\" \/>\n<meta name=\"robots\" content=\"index, follow, max-snippet:-1, max-image-preview:large, max-video-preview:-1\" \/>\n<link rel=\"canonical\" href=\"https:\/\/www.visit-ulcinj.com\/blog\/2014\/06\/17\/moti-keq-godet-aden-e-ulqinit\/\" \/>\n<meta property=\"og:locale\" content=\"en_US\" \/>\n<meta property=\"og:type\" content=\"article\" \/>\n<meta property=\"og:title\" content=\"Moti i keq godet Ad\u00ebn e Ulqinit - Lajme nga Ulqini\" \/>\n<meta property=\"og:description\" content=\"Ad\u00ebn e Ulqinit e godet moti i keq, edhe pullazet n\u00eb hava Moti i keq me stuhi, i cili sot n\u00eb m\u00ebngjes, rreth or\u00ebs shtat\u00eb, e ka goditur Ad\u00ebn e Bun\u00ebs (Ulqin),\" \/>\n<meta property=\"og:url\" content=\"https:\/\/www.visit-ulcinj.com\/blog\/2014\/06\/17\/moti-keq-godet-aden-e-ulqinit\/\" \/>\n<meta property=\"og:site_name\" content=\"Lajme nga Ulqini\" \/>\n<meta property=\"article:published_time\" content=\"2014-06-17T15:31:36+00:00\" \/>\n<meta property=\"og:image\" content=\"http:\/\/www.visit-ulcinj.com\/blog\/wp-content\/uploads\/2014\/06\/Oluja-na-Adi-Bojani-3.jpg\" \/>\n<meta name=\"twitter:label1\" content=\"Written by\" \/>\n\t<meta name=\"twitter:data1\" content=\"ulqini\" \/>\n\t<meta name=\"twitter:label2\" content=\"Est. reading time\" \/>\n\t<meta name=\"twitter:data2\" content=\"1 minute\" \/>\n<script type=\"application\/ld+json\" class=\"yoast-schema-graph\">{\"@context\":\"https:\/\/schema.org\",\"@graph\":[{\"@type\":\"WebSite\",\"@id\":\"https:\/\/www.visit-ulcinj.com\/blog\/#website\",\"url\":\"https:\/\/www.visit-ulcinj.com\/blog\/\",\"name\":\"Lajme nga Ulqini\",\"description\":\"Lajme,Vijesti,Ulqini,Ulqin,Crna Gora,Mali i Zi\",\"potentialAction\":[{\"@type\":\"SearchAction\",\"target\":{\"@type\":\"EntryPoint\",\"urlTemplate\":\"https:\/\/www.visit-ulcinj.com\/blog\/?s={search_term_string}\"},\"query-input\":\"required name=search_term_string\"}],\"inLanguage\":\"en-US\"},{\"@type\":\"ImageObject\",\"inLanguage\":\"en-US\",\"@id\":\"https:\/\/www.visit-ulcinj.com\/blog\/2014\/06\/17\/moti-keq-godet-aden-e-ulqinit\/#primaryimage\",\"url\":\"https:\/\/www.visit-ulcinj.com\/blog\/wp-content\/uploads\/2014\/06\/Oluja-na-Adi-Bojani-3.jpg\",\"contentUrl\":\"https:\/\/www.visit-ulcinj.com\/blog\/wp-content\/uploads\/2014\/06\/Oluja-na-Adi-Bojani-3.jpg\",\"width\":562,\"height\":750},{\"@type\":\"WebPage\",\"@id\":\"https:\/\/www.visit-ulcinj.com\/blog\/2014\/06\/17\/moti-keq-godet-aden-e-ulqinit\/#webpage\",\"url\":\"https:\/\/www.visit-ulcinj.com\/blog\/2014\/06\/17\/moti-keq-godet-aden-e-ulqinit\/\",\"name\":\"Moti i keq godet Ad\u00ebn e Ulqinit - Lajme nga Ulqini\",\"isPartOf\":{\"@id\":\"https:\/\/www.visit-ulcinj.com\/blog\/#website\"},\"primaryImageOfPage\":{\"@id\":\"https:\/\/www.visit-ulcinj.com\/blog\/2014\/06\/17\/moti-keq-godet-aden-e-ulqinit\/#primaryimage\"},\"datePublished\":\"2014-06-17T15:31:36+00:00\",\"dateModified\":\"2014-06-17T15:31:36+00:00\",\"author\":{\"@id\":\"https:\/\/www.visit-ulcinj.com\/blog\/#\/schema\/person\/dcab619c614d3038751c63bc2aadc06d\"},\"description\":\"Ad\u00ebn e Ulqinit e godet moti i keq, edhe pullazet n\u00eb hava Moti i keq me stuhi, i cili sot n\u00eb m\u00ebngjes, rreth or\u00ebs shtat\u00eb, e ka goditur Ad\u00ebn e Bun\u00ebs (Ulqin),\",\"breadcrumb\":{\"@id\":\"https:\/\/www.visit-ulcinj.com\/blog\/2014\/06\/17\/moti-keq-godet-aden-e-ulqinit\/#breadcrumb\"},\"inLanguage\":\"en-US\",\"potentialAction\":[{\"@type\":\"ReadAction\",\"target\":[\"https:\/\/www.visit-ulcinj.com\/blog\/2014\/06\/17\/moti-keq-godet-aden-e-ulqinit\/\"]}]},{\"@type\":\"BreadcrumbList\",\"@id\":\"https:\/\/www.visit-ulcinj.com\/blog\/2014\/06\/17\/moti-keq-godet-aden-e-ulqinit\/#breadcrumb\",\"itemListElement\":[{\"@type\":\"ListItem\",\"position\":1,\"name\":\"Moti i keq godet Ad\u00ebn e Ulqinit\"}]},{\"@type\":\"Person\",\"@id\":\"https:\/\/www.visit-ulcinj.com\/blog\/#\/schema\/person\/dcab619c614d3038751c63bc2aadc06d\",\"name\":\"ulqini\",\"sameAs\":[\"http:\/\/www.visit-ulcinj.com\"],\"url\":\"https:\/\/www.visit-ulcinj.com\/blog\/author\/admin\/\"}]}<\/script>\n<!-- \/ Yoast SEO plugin. -->","yoast_head_json":{"title":"Moti i keq godet Ad\u00ebn e Ulqinit - Lajme nga Ulqini","description":"Ad\u00ebn e Ulqinit e godet moti i keq, edhe pullazet n\u00eb hava Moti i keq me stuhi, i cili sot n\u00eb m\u00ebngjes, rreth or\u00ebs shtat\u00eb, e ka goditur Ad\u00ebn e Bun\u00ebs (Ulqin),","robots":{"index":"index","follow":"follow","max-snippet":"max-snippet:-1","max-image-preview":"max-image-preview:large","max-video-preview":"max-video-preview:-1"},"canonical":"https:\/\/www.visit-ulcinj.com\/blog\/2014\/06\/17\/moti-keq-godet-aden-e-ulqinit\/","og_locale":"en_US","og_type":"article","og_title":"Moti i keq godet Ad\u00ebn e Ulqinit - Lajme nga Ulqini","og_description":"Ad\u00ebn e Ulqinit e godet moti i keq, edhe pullazet n\u00eb hava Moti i keq me stuhi, i cili sot n\u00eb m\u00ebngjes, rreth or\u00ebs shtat\u00eb, e ka goditur Ad\u00ebn e Bun\u00ebs (Ulqin),","og_url":"https:\/\/www.visit-ulcinj.com\/blog\/2014\/06\/17\/moti-keq-godet-aden-e-ulqinit\/","og_site_name":"Lajme nga Ulqini","article_published_time":"2014-06-17T15:31:36+00:00","og_image":[{"url":"http:\/\/www.visit-ulcinj.com\/blog\/wp-content\/uploads\/2014\/06\/Oluja-na-Adi-Bojani-3.jpg"}],"twitter_misc":{"Written by":"ulqini","Est. reading time":"1 minute"},"schema":{"@context":"https:\/\/schema.org","@graph":[{"@type":"WebSite","@id":"https:\/\/www.visit-ulcinj.com\/blog\/#website","url":"https:\/\/www.visit-ulcinj.com\/blog\/","name":"Lajme nga Ulqini","description":"Lajme,Vijesti,Ulqini,Ulqin,Crna Gora,Mali i Zi","potentialAction":[{"@type":"SearchAction","target":{"@type":"EntryPoint","urlTemplate":"https:\/\/www.visit-ulcinj.com\/blog\/?s={search_term_string}"},"query-input":"required name=search_term_string"}],"inLanguage":"en-US"},{"@type":"ImageObject","inLanguage":"en-US","@id":"https:\/\/www.visit-ulcinj.com\/blog\/2014\/06\/17\/moti-keq-godet-aden-e-ulqinit\/#primaryimage","url":"https:\/\/www.visit-ulcinj.com\/blog\/wp-content\/uploads\/2014\/06\/Oluja-na-Adi-Bojani-3.jpg","contentUrl":"https:\/\/www.visit-ulcinj.com\/blog\/wp-content\/uploads\/2014\/06\/Oluja-na-Adi-Bojani-3.jpg","width":562,"height":750},{"@type":"WebPage","@id":"https:\/\/www.visit-ulcinj.com\/blog\/2014\/06\/17\/moti-keq-godet-aden-e-ulqinit\/#webpage","url":"https:\/\/www.visit-ulcinj.com\/blog\/2014\/06\/17\/moti-keq-godet-aden-e-ulqinit\/","name":"Moti i keq godet Ad\u00ebn e Ulqinit - Lajme nga Ulqini","isPartOf":{"@id":"https:\/\/www.visit-ulcinj.com\/blog\/#website"},"primaryImageOfPage":{"@id":"https:\/\/www.visit-ulcinj.com\/blog\/2014\/06\/17\/moti-keq-godet-aden-e-ulqinit\/#primaryimage"},"datePublished":"2014-06-17T15:31:36+00:00","dateModified":"2014-06-17T15:31:36+00:00","author":{"@id":"https:\/\/www.visit-ulcinj.com\/blog\/#\/schema\/person\/dcab619c614d3038751c63bc2aadc06d"},"description":"Ad\u00ebn e Ulqinit e godet moti i keq, edhe pullazet n\u00eb hava Moti i keq me stuhi, i cili sot n\u00eb m\u00ebngjes, rreth or\u00ebs shtat\u00eb, e ka goditur Ad\u00ebn e Bun\u00ebs (Ulqin),","breadcrumb":{"@id":"https:\/\/www.visit-ulcinj.com\/blog\/2014\/06\/17\/moti-keq-godet-aden-e-ulqinit\/#breadcrumb"},"inLanguage":"en-US","potentialAction":[{"@type":"ReadAction","target":["https:\/\/www.visit-ulcinj.com\/blog\/2014\/06\/17\/moti-keq-godet-aden-e-ulqinit\/"]}]},{"@type":"BreadcrumbList","@id":"https:\/\/www.visit-ulcinj.com\/blog\/2014\/06\/17\/moti-keq-godet-aden-e-ulqinit\/#breadcrumb","itemListElement":[{"@type":"ListItem","position":1,"name":"Moti i keq godet Ad\u00ebn e Ulqinit"}]},{"@type":"Person","@id":"https:\/\/www.visit-ulcinj.com\/blog\/#\/schema\/person\/dcab619c614d3038751c63bc2aadc06d","name":"ulqini","sameAs":["http:\/\/www.visit-ulcinj.com"],"url":"https:\/\/www.visit-ulcinj.com\/blog\/author\/admin\/"}]}},"jetpack_featured_media_url":"","jetpack_sharing_enabled":true,"jetpack_shortlink":"https:\/\/wp.me\/pe6lTn-lEe","_links":{"self":[{"href":"https:\/\/www.visit-ulcinj.com\/blog\/wp-json\/wp\/v2\/posts\/83218"}],"collection":[{"href":"https:\/\/www.visit-ulcinj.com\/blog\/wp-json\/wp\/v2\/posts"}],"about":[{"href":"https:\/\/www.visit-ulcinj.com\/blog\/wp-json\/wp\/v2\/types\/post"}],"author":[{"embeddable":true,"href":"https:\/\/www.visit-ulcinj.com\/blog\/wp-json\/wp\/v2\/users\/1"}],"replies":[{"embeddable":true,"href":"https:\/\/www.visit-ulcinj.com\/blog\/wp-json\/wp\/v2\/comments?post=83218"}],"version-history":[{"count":1,"href":"https:\/\/www.visit-ulcinj.com\/blog\/wp-json\/wp\/v2\/posts\/83218\/revisions"}],"predecessor-version":[{"id":83219,"href":"https:\/\/www.visit-ulcinj.com\/blog\/wp-json\/wp\/v2\/posts\/83218\/revisions\/83219"}],"wp:attachment":[{"href":"https:\/\/www.visit-ulcinj.com\/blog\/wp-json\/wp\/v2\/media?parent=83218"}],"wp:term":[{"taxonomy":"category","embeddable":true,"href":"https:\/\/www.visit-ulcinj.com\/blog\/wp-json\/wp\/v2\/categories?post=83218"},{"taxonomy":"post_tag","embeddable":true,"href":"https:\/\/www.visit-ulcinj.com\/blog\/wp-json\/wp\/v2\/tags?post=83218"}],"curies":[{"name":"wp","href":"https:\/\/api.w.org\/{rel}","templated":true}]}}