{"id":83255,"date":"2014-06-19T14:07:45","date_gmt":"2014-06-19T13:07:45","guid":{"rendered":"http:\/\/www.visit-ulcinj.com\/blog\/?p=83255"},"modified":"2014-06-19T14:07:45","modified_gmt":"2014-06-19T13:07:45","slug":"deklarate-per-shtyp-shoqata-e-bjeshkatareve-rumia","status":"publish","type":"post","link":"https:\/\/www.visit-ulcinj.com\/blog\/2014\/06\/19\/deklarate-per-shtyp-shoqata-e-bjeshkatareve-rumia\/","title":{"rendered":"Deklarat\u00eb p\u00ebr shtyp : Shoqata e bjeshkatar\u00ebve Rumia"},"content":{"rendered":"<p><b><a href=\"http:\/\/www.visit-ulcinj.com\/blog\/wp-content\/uploads\/2014\/06\/T\u00cb-GJITH\u00cb-N\u00cb-RUMI-ulqin-tivar-kraje-2.jpg\"><img loading=\"lazy\" class=\"alignleft  wp-image-83256\" alt=\"T\u00cb-GJITH\u00cb-N\u00cb-RUMI-ulqin-tivar-kraje-2\" src=\"http:\/\/www.visit-ulcinj.com\/blog\/wp-content\/uploads\/2014\/06\/T\u00cb-GJITH\u00cb-N\u00cb-RUMI-ulqin-tivar-kraje-2.jpg\" width=\"508\" height=\"360\" \/><\/a>SHOQATA E BJESHKATAR\u00cbVE \u201cRUMIA\u201d<\/b><\/p>\n<p style=\"text-align: center;\"><b>Deklarat\u00eb p\u00ebr shtyp <\/b><\/p>\n<p>&nbsp;<\/p>\n<p>Shoqata e Bjeshkatar\u00ebve \u201eRumia\u201c nga Ulqini, t\u00eb diel\u00ebn, m\u00eb 15 qershor 2014, organizoi p\u00ebr t\u00eb tretin vit me radh\u00eb daljen masive n\u00eb maj\u00ebn e Rumis\u00eb.<\/p>\n<p>Ngjitja n\u00eb Rumi u organizua n\u00eb pajtim me misionin e Shoqat\u00ebs \u2013 rip\u00ebrt\u00ebrirjen e tradit\u00ebs s\u00eb lasht\u00eb t\u00eb daljes s\u00eb p\u00ebrbashk\u00ebt n\u00eb maj\u00ebn e Rumis\u00eb. Ky zakon i lasht\u00eb p\u00ebrb\u00ebn gj\u00ebn\u00eb m\u00eb t\u00eb vlefshme si trash\u00ebgimi n\u00eb aspektin kulturologjik p\u00ebr t\u00eb gjith\u00eb qytetar\u00ebt e trev\u00ebs n\u00ebn Rumi.<\/p>\n<p>Ky zakon p\u00ebrb\u00ebhej nga ngjitja n\u00eb maj\u00eb dhe bartja e nj\u00eb guri me q\u00ebllim q\u00eb maja e Rumis\u00eb \u201et\u00eb b\u00ebhet sa m\u00eb e lart\u00eb\u201c, gj\u00eb q\u00eb e d\u00ebshmon grumbulli i gur\u00ebve n\u00eb maj\u00ebn e saj. Pastaj nga organizimi i loj\u00ebrave tradicionale dhe festa gjith\u00ebpopullore. T\u00eb moshuarit e kujtojn\u00eb me nostalgji k\u00ebt\u00eb tradit\u00eb, bashk\u00ebjetes\u00ebn dhe harmonin\u00eb, koloritin e veshjeve popullore, njohjet dhe shoq\u00ebrimin.<\/p>\n<p>Ky zakon i lasht\u00eb, rr\u00ebnj\u00ebt e t\u00eb cilit besohet se dep\u00ebrtojn\u00eb q\u00eb nga periudha pagane, \u00ebsht\u00eb d\u00ebmtuar nga nj\u00ebmend\u00ebsia ideologjike pas Luft\u00ebs s\u00eb Dyt\u00eb Bot\u00ebrore dhe n\u00eb koh\u00ebn e sotme nga p\u00ebrpjekjet q\u00eb maja e Rumis\u00eb t\u00eb p\u00ebrvet\u00ebsohet dhe t&#8217;i takoj\u00eb nj\u00eb komb\u00ebsie dhe nj\u00eb feje.<\/p>\n<p>N\u00eb koh\u00ebn e sotme t\u00eb vlerave dhe marr\u00ebdh\u00ebnieve njer\u00ebzore t\u00eb prishura, nuk habitemi q\u00eb misioni yn\u00eb i rip\u00ebrt\u00ebrirjes s\u00eb k\u00ebsaj tradite t\u00eb lasht\u00eb i pengon dikujt. Ne jemi krenar\u00eb p\u00ebr misionin ton\u00eb t\u00eb paq\u00ebs dhe pajtimit, duke u munduar q\u00eb me p\u00ebrpjekjet tona t\u00eb dep\u00ebrtojm\u00eb tek sa m\u00eb shum\u00eb qytetar\u00eb, n\u00eb radh\u00eb t\u00eb par\u00eb nga Ulqini dhe Tivari.<\/p>\n<p>Ne nuk do t\u00eb ndalemi n\u00eb misionin ton\u00eb dhe \u00e7do vit, me moton \u201eT\u00eb gjith\u00eb n\u00eb Rumi\u201c, do t\u00eb organizojm\u00eb daljen sa m\u00eb masive. Do t\u00eb presim dit\u00ebn kur n\u00eb Rumi do t\u00eb takohen s\u00ebrish koloritet e t\u00eb gjitha veshjeve, do t\u00eb njihen me nj\u00ebri-tjetrin dhe do t\u00eb afrohen adhuruesit e natyr\u00ebs, bjeshkataris\u00eb, shoq\u00ebrimit dhe t\u00eb gjith\u00eb ata q\u00eb e respektojn\u00eb Rumin\u00eb.<\/p>\n<p>Jemi t\u00eb bindur se manifestimi yn\u00eb n\u00eb koh\u00ebn moderne do t\u00eb fitoj\u00eb edhe misionin e promovimit t\u00eb turizmit.<\/p>\n<p>P\u00ebrpos sponsor\u00ebve tjer\u00eb t\u00eb shumt\u00eb, edicionin e sivjetsh\u00ebm t\u00eb k\u00ebtij manifestimi e kan\u00eb mb\u00ebshtetur financiarisht Komuna e Uqinit, Organizata Turistike Ulqin dhe nd\u00ebrmarrjet publike.<\/p>\n<p><b>\u00a0<\/b><\/p>\n<p><b>Ulqin, m\u00eb 17 qershor 2014 \u00a0\u00a0\u00a0\u00a0\u00a0\u00a0\u00a0\u00a0\u00a0\u00a0\u00a0\u00a0\u00a0\u00a0\u00a0\u00a0\u00a0\u00a0\u00a0\u00a0\u00a0\u00a0\u00a0\u00a0\u00a0\u00a0\u00a0\u00a0\u00a0\u00a0\u00a0\u00a0\u00a0\u00a0\u00a0\u00a0\u00a0\u00a0\u00a0\u00a0\u00a0\u00a0\u00a0\u00a0\u00a0\u00a0\u00a0\u00a0\u00a0\u00a0\u00a0\u00a0\u00a0\u00a0\u00a0\u00a0\u00a0 \u00a0 \u00a0 \u00a0 \u00a0 \u00a0 \u00a0 \u00a0 \u00a0 \u00a0 \u00a0 \u00a0 \u00a0 \u00a0 \u00a0 \u00a0 \u00a0 \u00a0 \u00a0 \u00a0 \u00a0 \u00a0 \u00a0 \u00a0 \u00a0 \u00a0 \u00a0 \u00a0 \u00a0 \u00a0<\/b><\/p>\n<p><b> Kryetari<br \/>\nXhelal Muja <\/b><\/p>\n","protected":false},"excerpt":{"rendered":"<p>SHOQATA E BJESHKATAR\u00cbVE \u201cRUMIA\u201d Deklarat\u00eb p\u00ebr shtyp &nbsp; Shoqata e Bjeshkatar\u00ebve \u201eRumia\u201c nga Ulqini, t\u00eb diel\u00ebn, m\u00eb 15 qershor 2014, organizoi p\u00ebr t\u00eb tretin vit me radh\u00eb daljen masive n\u00eb maj\u00ebn e Rumis\u00eb. Ngjitja n\u00eb Rumi u organizua n\u00eb pajtim me misionin e Shoqat\u00ebs \u2013 rip\u00ebrt\u00ebrirjen e tradit\u00ebs s\u00eb lasht\u00eb t\u00eb daljes s\u00eb p\u00ebrbashk\u00ebt n\u00eb [&hellip;]<\/p>\n","protected":false},"author":1,"featured_media":0,"comment_status":"closed","ping_status":"closed","sticky":false,"template":"","format":"standard","meta":{"spay_email":"","jetpack_publicize_message":"","jetpack_is_tweetstorm":false,"jetpack_publicize_feature_enabled":true},"categories":[12],"tags":[],"jetpack_publicize_connections":[],"yoast_head":"<!-- This site is optimized with the Yoast SEO plugin v19.1 - https:\/\/yoast.com\/wordpress\/plugins\/seo\/ -->\n<title>Deklarat\u00eb p\u00ebr shtyp : Shoqata e bjeshkatar\u00ebve Rumia - Lajme nga Ulqini<\/title>\n<meta name=\"description\" content=\"SHOQATA E BJESHKATAR\u00cbVE \u201cRUMIA\u201d Deklarat\u00eb p\u00ebr shtyp &nbsp; Shoqata e Bjeshkatar\u00ebve \u201eRumia\u201c nga Ulqini, t\u00eb diel\u00ebn, m\u00eb 15 qershor 2014, organizoi p\u00ebr t\u00eb\" \/>\n<meta name=\"robots\" content=\"index, follow, max-snippet:-1, max-image-preview:large, max-video-preview:-1\" \/>\n<link rel=\"canonical\" href=\"https:\/\/www.visit-ulcinj.com\/blog\/2014\/06\/19\/deklarate-per-shtyp-shoqata-e-bjeshkatareve-rumia\/\" \/>\n<meta property=\"og:locale\" content=\"en_US\" \/>\n<meta property=\"og:type\" content=\"article\" \/>\n<meta property=\"og:title\" content=\"Deklarat\u00eb p\u00ebr shtyp : Shoqata e bjeshkatar\u00ebve Rumia - Lajme nga Ulqini\" \/>\n<meta property=\"og:description\" content=\"SHOQATA E BJESHKATAR\u00cbVE \u201cRUMIA\u201d Deklarat\u00eb p\u00ebr shtyp &nbsp; Shoqata e Bjeshkatar\u00ebve \u201eRumia\u201c nga Ulqini, t\u00eb diel\u00ebn, m\u00eb 15 qershor 2014, organizoi p\u00ebr t\u00eb\" \/>\n<meta property=\"og:url\" content=\"https:\/\/www.visit-ulcinj.com\/blog\/2014\/06\/19\/deklarate-per-shtyp-shoqata-e-bjeshkatareve-rumia\/\" \/>\n<meta property=\"og:site_name\" content=\"Lajme nga Ulqini\" \/>\n<meta property=\"article:published_time\" content=\"2014-06-19T13:07:45+00:00\" \/>\n<meta name=\"twitter:label1\" content=\"Written by\" \/>\n\t<meta name=\"twitter:data1\" content=\"ulqini\" \/>\n\t<meta name=\"twitter:label2\" content=\"Est. reading time\" \/>\n\t<meta name=\"twitter:data2\" content=\"2 minutes\" \/>\n<script type=\"application\/ld+json\" class=\"yoast-schema-graph\">{\"@context\":\"https:\/\/schema.org\",\"@graph\":[{\"@type\":\"WebSite\",\"@id\":\"https:\/\/www.visit-ulcinj.com\/blog\/#website\",\"url\":\"https:\/\/www.visit-ulcinj.com\/blog\/\",\"name\":\"Lajme nga Ulqini\",\"description\":\"Lajme,Vijesti,Ulqini,Ulqin,Crna Gora,Mali i Zi\",\"potentialAction\":[{\"@type\":\"SearchAction\",\"target\":{\"@type\":\"EntryPoint\",\"urlTemplate\":\"https:\/\/www.visit-ulcinj.com\/blog\/?s={search_term_string}\"},\"query-input\":\"required name=search_term_string\"}],\"inLanguage\":\"en-US\"},{\"@type\":\"WebPage\",\"@id\":\"https:\/\/www.visit-ulcinj.com\/blog\/2014\/06\/19\/deklarate-per-shtyp-shoqata-e-bjeshkatareve-rumia\/#webpage\",\"url\":\"https:\/\/www.visit-ulcinj.com\/blog\/2014\/06\/19\/deklarate-per-shtyp-shoqata-e-bjeshkatareve-rumia\/\",\"name\":\"Deklarat\u00eb p\u00ebr shtyp : Shoqata e bjeshkatar\u00ebve Rumia - Lajme nga Ulqini\",\"isPartOf\":{\"@id\":\"https:\/\/www.visit-ulcinj.com\/blog\/#website\"},\"datePublished\":\"2014-06-19T13:07:45+00:00\",\"dateModified\":\"2014-06-19T13:07:45+00:00\",\"author\":{\"@id\":\"https:\/\/www.visit-ulcinj.com\/blog\/#\/schema\/person\/dcab619c614d3038751c63bc2aadc06d\"},\"description\":\"SHOQATA E BJESHKATAR\u00cbVE \u201cRUMIA\u201d Deklarat\u00eb p\u00ebr shtyp &nbsp; Shoqata e Bjeshkatar\u00ebve \u201eRumia\u201c nga Ulqini, t\u00eb diel\u00ebn, m\u00eb 15 qershor 2014, organizoi p\u00ebr t\u00eb\",\"breadcrumb\":{\"@id\":\"https:\/\/www.visit-ulcinj.com\/blog\/2014\/06\/19\/deklarate-per-shtyp-shoqata-e-bjeshkatareve-rumia\/#breadcrumb\"},\"inLanguage\":\"en-US\",\"potentialAction\":[{\"@type\":\"ReadAction\",\"target\":[\"https:\/\/www.visit-ulcinj.com\/blog\/2014\/06\/19\/deklarate-per-shtyp-shoqata-e-bjeshkatareve-rumia\/\"]}]},{\"@type\":\"BreadcrumbList\",\"@id\":\"https:\/\/www.visit-ulcinj.com\/blog\/2014\/06\/19\/deklarate-per-shtyp-shoqata-e-bjeshkatareve-rumia\/#breadcrumb\",\"itemListElement\":[{\"@type\":\"ListItem\",\"position\":1,\"name\":\"Deklarat\u00eb p\u00ebr shtyp : Shoqata e bjeshkatar\u00ebve Rumia\"}]},{\"@type\":\"Person\",\"@id\":\"https:\/\/www.visit-ulcinj.com\/blog\/#\/schema\/person\/dcab619c614d3038751c63bc2aadc06d\",\"name\":\"ulqini\",\"sameAs\":[\"http:\/\/www.visit-ulcinj.com\"],\"url\":\"https:\/\/www.visit-ulcinj.com\/blog\/author\/admin\/\"}]}<\/script>\n<!-- \/ Yoast SEO plugin. -->","yoast_head_json":{"title":"Deklarat\u00eb p\u00ebr shtyp : Shoqata e bjeshkatar\u00ebve Rumia - Lajme nga Ulqini","description":"SHOQATA E BJESHKATAR\u00cbVE \u201cRUMIA\u201d Deklarat\u00eb p\u00ebr shtyp &nbsp; Shoqata e Bjeshkatar\u00ebve \u201eRumia\u201c nga Ulqini, t\u00eb diel\u00ebn, m\u00eb 15 qershor 2014, organizoi p\u00ebr t\u00eb","robots":{"index":"index","follow":"follow","max-snippet":"max-snippet:-1","max-image-preview":"max-image-preview:large","max-video-preview":"max-video-preview:-1"},"canonical":"https:\/\/www.visit-ulcinj.com\/blog\/2014\/06\/19\/deklarate-per-shtyp-shoqata-e-bjeshkatareve-rumia\/","og_locale":"en_US","og_type":"article","og_title":"Deklarat\u00eb p\u00ebr shtyp : Shoqata e bjeshkatar\u00ebve Rumia - Lajme nga Ulqini","og_description":"SHOQATA E BJESHKATAR\u00cbVE \u201cRUMIA\u201d Deklarat\u00eb p\u00ebr shtyp &nbsp; Shoqata e Bjeshkatar\u00ebve \u201eRumia\u201c nga Ulqini, t\u00eb diel\u00ebn, m\u00eb 15 qershor 2014, organizoi p\u00ebr t\u00eb","og_url":"https:\/\/www.visit-ulcinj.com\/blog\/2014\/06\/19\/deklarate-per-shtyp-shoqata-e-bjeshkatareve-rumia\/","og_site_name":"Lajme nga Ulqini","article_published_time":"2014-06-19T13:07:45+00:00","twitter_misc":{"Written by":"ulqini","Est. reading time":"2 minutes"},"schema":{"@context":"https:\/\/schema.org","@graph":[{"@type":"WebSite","@id":"https:\/\/www.visit-ulcinj.com\/blog\/#website","url":"https:\/\/www.visit-ulcinj.com\/blog\/","name":"Lajme nga Ulqini","description":"Lajme,Vijesti,Ulqini,Ulqin,Crna Gora,Mali i Zi","potentialAction":[{"@type":"SearchAction","target":{"@type":"EntryPoint","urlTemplate":"https:\/\/www.visit-ulcinj.com\/blog\/?s={search_term_string}"},"query-input":"required name=search_term_string"}],"inLanguage":"en-US"},{"@type":"WebPage","@id":"https:\/\/www.visit-ulcinj.com\/blog\/2014\/06\/19\/deklarate-per-shtyp-shoqata-e-bjeshkatareve-rumia\/#webpage","url":"https:\/\/www.visit-ulcinj.com\/blog\/2014\/06\/19\/deklarate-per-shtyp-shoqata-e-bjeshkatareve-rumia\/","name":"Deklarat\u00eb p\u00ebr shtyp : Shoqata e bjeshkatar\u00ebve Rumia - Lajme nga Ulqini","isPartOf":{"@id":"https:\/\/www.visit-ulcinj.com\/blog\/#website"},"datePublished":"2014-06-19T13:07:45+00:00","dateModified":"2014-06-19T13:07:45+00:00","author":{"@id":"https:\/\/www.visit-ulcinj.com\/blog\/#\/schema\/person\/dcab619c614d3038751c63bc2aadc06d"},"description":"SHOQATA E BJESHKATAR\u00cbVE \u201cRUMIA\u201d Deklarat\u00eb p\u00ebr shtyp &nbsp; Shoqata e Bjeshkatar\u00ebve \u201eRumia\u201c nga Ulqini, t\u00eb diel\u00ebn, m\u00eb 15 qershor 2014, organizoi p\u00ebr t\u00eb","breadcrumb":{"@id":"https:\/\/www.visit-ulcinj.com\/blog\/2014\/06\/19\/deklarate-per-shtyp-shoqata-e-bjeshkatareve-rumia\/#breadcrumb"},"inLanguage":"en-US","potentialAction":[{"@type":"ReadAction","target":["https:\/\/www.visit-ulcinj.com\/blog\/2014\/06\/19\/deklarate-per-shtyp-shoqata-e-bjeshkatareve-rumia\/"]}]},{"@type":"BreadcrumbList","@id":"https:\/\/www.visit-ulcinj.com\/blog\/2014\/06\/19\/deklarate-per-shtyp-shoqata-e-bjeshkatareve-rumia\/#breadcrumb","itemListElement":[{"@type":"ListItem","position":1,"name":"Deklarat\u00eb p\u00ebr shtyp : Shoqata e bjeshkatar\u00ebve Rumia"}]},{"@type":"Person","@id":"https:\/\/www.visit-ulcinj.com\/blog\/#\/schema\/person\/dcab619c614d3038751c63bc2aadc06d","name":"ulqini","sameAs":["http:\/\/www.visit-ulcinj.com"],"url":"https:\/\/www.visit-ulcinj.com\/blog\/author\/admin\/"}]}},"jetpack_featured_media_url":"","jetpack_sharing_enabled":true,"jetpack_shortlink":"https:\/\/wp.me\/pe6lTn-lEP","_links":{"self":[{"href":"https:\/\/www.visit-ulcinj.com\/blog\/wp-json\/wp\/v2\/posts\/83255"}],"collection":[{"href":"https:\/\/www.visit-ulcinj.com\/blog\/wp-json\/wp\/v2\/posts"}],"about":[{"href":"https:\/\/www.visit-ulcinj.com\/blog\/wp-json\/wp\/v2\/types\/post"}],"author":[{"embeddable":true,"href":"https:\/\/www.visit-ulcinj.com\/blog\/wp-json\/wp\/v2\/users\/1"}],"replies":[{"embeddable":true,"href":"https:\/\/www.visit-ulcinj.com\/blog\/wp-json\/wp\/v2\/comments?post=83255"}],"version-history":[{"count":1,"href":"https:\/\/www.visit-ulcinj.com\/blog\/wp-json\/wp\/v2\/posts\/83255\/revisions"}],"predecessor-version":[{"id":83257,"href":"https:\/\/www.visit-ulcinj.com\/blog\/wp-json\/wp\/v2\/posts\/83255\/revisions\/83257"}],"wp:attachment":[{"href":"https:\/\/www.visit-ulcinj.com\/blog\/wp-json\/wp\/v2\/media?parent=83255"}],"wp:term":[{"taxonomy":"category","embeddable":true,"href":"https:\/\/www.visit-ulcinj.com\/blog\/wp-json\/wp\/v2\/categories?post=83255"},{"taxonomy":"post_tag","embeddable":true,"href":"https:\/\/www.visit-ulcinj.com\/blog\/wp-json\/wp\/v2\/tags?post=83255"}],"curies":[{"name":"wp","href":"https:\/\/api.w.org\/{rel}","templated":true}]}}