{"id":83275,"date":"2014-06-21T07:38:06","date_gmt":"2014-06-21T06:38:06","guid":{"rendered":"http:\/\/www.visit-ulcinj.com\/blog\/?p=83275"},"modified":"2014-06-21T07:38:06","modified_gmt":"2014-06-21T06:38:06","slug":"planinarsko-drustvo-iz-ulcinja-svake-godine-cemo-na-rumiju","status":"publish","type":"post","link":"https:\/\/www.visit-ulcinj.com\/blog\/2014\/06\/21\/planinarsko-drustvo-iz-ulcinja-svake-godine-cemo-na-rumiju\/","title":{"rendered":"Planinarsko dru\u0161tvo iz Ulcinja: Svake godine \u0107emo na Rumiju"},"content":{"rendered":"<p><a href=\"http:\/\/www.visit-ulcinj.com\/blog\/wp-content\/uploads\/2014\/06\/T\u00cb-GJITH\u00cb-N\u00cb-RUMI-ulqin-tivar-kraje-2.jpg\"><img loading=\"lazy\" class=\"alignleft  wp-image-83256\" alt=\"T\u00cb-GJITH\u00cb-N\u00cb-RUMI-ulqin-tivar-kraje-2\" src=\"http:\/\/www.visit-ulcinj.com\/blog\/wp-content\/uploads\/2014\/06\/T\u00cb-GJITH\u00cb-N\u00cb-RUMI-ulqin-tivar-kraje-2.jpg\" width=\"508\" height=\"360\" \/><\/a>Planinarsko dru\u0161tvo \u201cRumija\u201d iz Ulcinja saop\u0161tilo je da \u0107e i naredne godine organizovati masovni pohod na vrh Rumije, smetalo to kome ili ne.<\/p>\n<div>\n<p>\u201cNe\u0107emo posustati u na\u0161oj misiji i svake godine pod motom &#8216;Svi na Rumiju&#8217; organizova\u0107emo sve masovnije pohode.<\/p>\n<p>Do\u010deka\u0107emo dan kada \u0107e se na Rumiji opet vidjeti koloriti svih narodnih no\u0161nji, me\u0111usobno upoznavati i zbli\u017eavati ljubitelji prirode, planinarenja, dru\u017eenja i po\u0161tovaoci ove kultne planine\u201d, pi\u0161e u saop\u0161tenju ulcinjskih planinara, prenose Vijesti.<\/p>\n<p>Oni su 15. juna organizovali pohod na Rumiju \u017eele\u0107i, da kako poru\u010duju u saop\u0161tenju, obnove drevnu tradiciju zajedni\u010dkog izlaska na rumijski vrh.<\/p>\n<p>\u201cTaj drevni obi\u010daj je ne\u0161to najvrednije kao naslje\u0111e u kulturolo\u0161kom smislu za sve gra\u0111ane podrumijskog kraja\u201d, pi\u0161e u saop\u0161tenju.<\/p>\n<p>Pohod ulcinjskih planinara na vrh Rumije nije se dopao svima stigle su osude jer su na crkvi osvanuli albanska zastava i grafiti.<\/p>\n<p>U saop\u0161tenju koje potpisuje predsjednik dru\u0161tva D\u017eelal Muja nema ni potvrde ni demantija da su to uradili planinari:<\/p>\n<p>\u201cU dana\u0161njem vremenu poreme\u0107enih vrijednosti i me\u0111uljudskih odnosa, ne \u010dudimo se \u0161to na\u0161a misija obnove ovog drevnog obi\u010daja, nekome smeta. Mi smo ponosni na svoju misiju mira i pomirenja\u201d.<\/p>\n<p>D\u017eelal Muja je podsjetio da se, prije nego \u0161to je Amfilohije na vrh Rumije postavio metalnu crkvu, na njen vrh nosio po jedan kamen kako bi kultni vrh Rumije &#8220;postao jo\u0161 vi\u0161i&#8221;: \u201cStariji se sa nostalgijom sje\u0107aju ove tradicije, ni\u010dim poreme\u0107enog su\u017eivota i harmonije, kolorita narodnih no\u0161nji, upoznavanja i dru\u017eenja\u201d.<\/p>\n<p>Dodao je da je taj drevni obi\u010daj poreme\u0107en ideolo\u0161kim jednoumljem nakon Drugog svjetskog rata i u novije doba nastojanjima da se vrh Rumije prisvoji i pripi\u0161e jednoj naciji i vjeri\u201c.<\/p>\n<p>Ovogodi\u0161nji uspon ulcinjskih planinara podr\u017eala je Op\u0161tina Ulcinj, Turisti\u010dka organizacija Ulcinj i javna preduze\u0107a.<\/p>\n<p><strong>Izvor: CDM<\/strong><\/p>\n<\/div>\n","protected":false},"excerpt":{"rendered":"<p>Planinarsko dru\u0161tvo \u201cRumija\u201d iz Ulcinja saop\u0161tilo je da \u0107e i naredne godine organizovati masovni pohod na vrh Rumije, smetalo to kome ili ne. \u201cNe\u0107emo posustati u na\u0161oj misiji i svake godine pod motom &#8216;Svi na Rumiju&#8217; organizova\u0107emo sve masovnije pohode. Do\u010deka\u0107emo dan kada \u0107e se na Rumiji opet vidjeti koloriti svih narodnih no\u0161nji, me\u0111usobno upoznavati [&hellip;]<\/p>\n","protected":false},"author":1,"featured_media":0,"comment_status":"closed","ping_status":"closed","sticky":false,"template":"","format":"standard","meta":{"spay_email":"","jetpack_publicize_message":"","jetpack_is_tweetstorm":false,"jetpack_publicize_feature_enabled":true},"categories":[8337],"tags":[],"jetpack_publicize_connections":[],"yoast_head":"<!-- This site is optimized with the Yoast SEO plugin v19.1 - https:\/\/yoast.com\/wordpress\/plugins\/seo\/ -->\n<title>Planinarsko dru\u0161tvo iz Ulcinja: Svake godine \u0107emo na Rumiju - Lajme nga Ulqini<\/title>\n<meta name=\"description\" content=\"Planinarsko dru\u0161tvo \u201cRumija\u201d iz Ulcinja saop\u0161tilo je da \u0107e i naredne godine organizovati masovni pohod na vrh Rumije, smetalo to kome ili ne. \u201cNe\u0107emo\" \/>\n<meta name=\"robots\" content=\"index, follow, max-snippet:-1, max-image-preview:large, max-video-preview:-1\" \/>\n<link rel=\"canonical\" href=\"https:\/\/www.visit-ulcinj.com\/blog\/2014\/06\/21\/planinarsko-drustvo-iz-ulcinja-svake-godine-cemo-na-rumiju\/\" \/>\n<meta property=\"og:locale\" content=\"en_US\" \/>\n<meta property=\"og:type\" content=\"article\" \/>\n<meta property=\"og:title\" content=\"Planinarsko dru\u0161tvo iz Ulcinja: Svake godine \u0107emo na Rumiju - Lajme nga Ulqini\" \/>\n<meta property=\"og:description\" content=\"Planinarsko dru\u0161tvo \u201cRumija\u201d iz Ulcinja saop\u0161tilo je da \u0107e i naredne godine organizovati masovni pohod na vrh Rumije, smetalo to kome ili ne. \u201cNe\u0107emo\" \/>\n<meta property=\"og:url\" content=\"https:\/\/www.visit-ulcinj.com\/blog\/2014\/06\/21\/planinarsko-drustvo-iz-ulcinja-svake-godine-cemo-na-rumiju\/\" \/>\n<meta property=\"og:site_name\" content=\"Lajme nga Ulqini\" \/>\n<meta property=\"article:published_time\" content=\"2014-06-21T06:38:06+00:00\" \/>\n<meta name=\"twitter:label1\" content=\"Written by\" \/>\n\t<meta name=\"twitter:data1\" content=\"ulqini\" \/>\n\t<meta name=\"twitter:label2\" content=\"Est. reading time\" \/>\n\t<meta name=\"twitter:data2\" content=\"2 minutes\" \/>\n<script type=\"application\/ld+json\" class=\"yoast-schema-graph\">{\"@context\":\"https:\/\/schema.org\",\"@graph\":[{\"@type\":\"WebSite\",\"@id\":\"https:\/\/www.visit-ulcinj.com\/blog\/#website\",\"url\":\"https:\/\/www.visit-ulcinj.com\/blog\/\",\"name\":\"Lajme nga Ulqini\",\"description\":\"Lajme,Vijesti,Ulqini,Ulqin,Crna Gora,Mali i Zi\",\"potentialAction\":[{\"@type\":\"SearchAction\",\"target\":{\"@type\":\"EntryPoint\",\"urlTemplate\":\"https:\/\/www.visit-ulcinj.com\/blog\/?s={search_term_string}\"},\"query-input\":\"required name=search_term_string\"}],\"inLanguage\":\"en-US\"},{\"@type\":\"WebPage\",\"@id\":\"https:\/\/www.visit-ulcinj.com\/blog\/2014\/06\/21\/planinarsko-drustvo-iz-ulcinja-svake-godine-cemo-na-rumiju\/#webpage\",\"url\":\"https:\/\/www.visit-ulcinj.com\/blog\/2014\/06\/21\/planinarsko-drustvo-iz-ulcinja-svake-godine-cemo-na-rumiju\/\",\"name\":\"Planinarsko dru\u0161tvo iz Ulcinja: Svake godine \u0107emo na Rumiju - Lajme nga Ulqini\",\"isPartOf\":{\"@id\":\"https:\/\/www.visit-ulcinj.com\/blog\/#website\"},\"datePublished\":\"2014-06-21T06:38:06+00:00\",\"dateModified\":\"2014-06-21T06:38:06+00:00\",\"author\":{\"@id\":\"https:\/\/www.visit-ulcinj.com\/blog\/#\/schema\/person\/dcab619c614d3038751c63bc2aadc06d\"},\"description\":\"Planinarsko dru\u0161tvo \u201cRumija\u201d iz Ulcinja saop\u0161tilo je da \u0107e i naredne godine organizovati masovni pohod na vrh Rumije, smetalo to kome ili ne. \u201cNe\u0107emo\",\"breadcrumb\":{\"@id\":\"https:\/\/www.visit-ulcinj.com\/blog\/2014\/06\/21\/planinarsko-drustvo-iz-ulcinja-svake-godine-cemo-na-rumiju\/#breadcrumb\"},\"inLanguage\":\"en-US\",\"potentialAction\":[{\"@type\":\"ReadAction\",\"target\":[\"https:\/\/www.visit-ulcinj.com\/blog\/2014\/06\/21\/planinarsko-drustvo-iz-ulcinja-svake-godine-cemo-na-rumiju\/\"]}]},{\"@type\":\"BreadcrumbList\",\"@id\":\"https:\/\/www.visit-ulcinj.com\/blog\/2014\/06\/21\/planinarsko-drustvo-iz-ulcinja-svake-godine-cemo-na-rumiju\/#breadcrumb\",\"itemListElement\":[{\"@type\":\"ListItem\",\"position\":1,\"name\":\"Planinarsko dru\u0161tvo iz Ulcinja: Svake godine \u0107emo na Rumiju\"}]},{\"@type\":\"Person\",\"@id\":\"https:\/\/www.visit-ulcinj.com\/blog\/#\/schema\/person\/dcab619c614d3038751c63bc2aadc06d\",\"name\":\"ulqini\",\"sameAs\":[\"http:\/\/www.visit-ulcinj.com\"],\"url\":\"https:\/\/www.visit-ulcinj.com\/blog\/author\/admin\/\"}]}<\/script>\n<!-- \/ Yoast SEO plugin. -->","yoast_head_json":{"title":"Planinarsko dru\u0161tvo iz Ulcinja: Svake godine \u0107emo na Rumiju - Lajme nga Ulqini","description":"Planinarsko dru\u0161tvo \u201cRumija\u201d iz Ulcinja saop\u0161tilo je da \u0107e i naredne godine organizovati masovni pohod na vrh Rumije, smetalo to kome ili ne. \u201cNe\u0107emo","robots":{"index":"index","follow":"follow","max-snippet":"max-snippet:-1","max-image-preview":"max-image-preview:large","max-video-preview":"max-video-preview:-1"},"canonical":"https:\/\/www.visit-ulcinj.com\/blog\/2014\/06\/21\/planinarsko-drustvo-iz-ulcinja-svake-godine-cemo-na-rumiju\/","og_locale":"en_US","og_type":"article","og_title":"Planinarsko dru\u0161tvo iz Ulcinja: Svake godine \u0107emo na Rumiju - Lajme nga Ulqini","og_description":"Planinarsko dru\u0161tvo \u201cRumija\u201d iz Ulcinja saop\u0161tilo je da \u0107e i naredne godine organizovati masovni pohod na vrh Rumije, smetalo to kome ili ne. \u201cNe\u0107emo","og_url":"https:\/\/www.visit-ulcinj.com\/blog\/2014\/06\/21\/planinarsko-drustvo-iz-ulcinja-svake-godine-cemo-na-rumiju\/","og_site_name":"Lajme nga Ulqini","article_published_time":"2014-06-21T06:38:06+00:00","twitter_misc":{"Written by":"ulqini","Est. reading time":"2 minutes"},"schema":{"@context":"https:\/\/schema.org","@graph":[{"@type":"WebSite","@id":"https:\/\/www.visit-ulcinj.com\/blog\/#website","url":"https:\/\/www.visit-ulcinj.com\/blog\/","name":"Lajme nga Ulqini","description":"Lajme,Vijesti,Ulqini,Ulqin,Crna Gora,Mali i Zi","potentialAction":[{"@type":"SearchAction","target":{"@type":"EntryPoint","urlTemplate":"https:\/\/www.visit-ulcinj.com\/blog\/?s={search_term_string}"},"query-input":"required name=search_term_string"}],"inLanguage":"en-US"},{"@type":"WebPage","@id":"https:\/\/www.visit-ulcinj.com\/blog\/2014\/06\/21\/planinarsko-drustvo-iz-ulcinja-svake-godine-cemo-na-rumiju\/#webpage","url":"https:\/\/www.visit-ulcinj.com\/blog\/2014\/06\/21\/planinarsko-drustvo-iz-ulcinja-svake-godine-cemo-na-rumiju\/","name":"Planinarsko dru\u0161tvo iz Ulcinja: Svake godine \u0107emo na Rumiju - Lajme nga Ulqini","isPartOf":{"@id":"https:\/\/www.visit-ulcinj.com\/blog\/#website"},"datePublished":"2014-06-21T06:38:06+00:00","dateModified":"2014-06-21T06:38:06+00:00","author":{"@id":"https:\/\/www.visit-ulcinj.com\/blog\/#\/schema\/person\/dcab619c614d3038751c63bc2aadc06d"},"description":"Planinarsko dru\u0161tvo \u201cRumija\u201d iz Ulcinja saop\u0161tilo je da \u0107e i naredne godine organizovati masovni pohod na vrh Rumije, smetalo to kome ili ne. \u201cNe\u0107emo","breadcrumb":{"@id":"https:\/\/www.visit-ulcinj.com\/blog\/2014\/06\/21\/planinarsko-drustvo-iz-ulcinja-svake-godine-cemo-na-rumiju\/#breadcrumb"},"inLanguage":"en-US","potentialAction":[{"@type":"ReadAction","target":["https:\/\/www.visit-ulcinj.com\/blog\/2014\/06\/21\/planinarsko-drustvo-iz-ulcinja-svake-godine-cemo-na-rumiju\/"]}]},{"@type":"BreadcrumbList","@id":"https:\/\/www.visit-ulcinj.com\/blog\/2014\/06\/21\/planinarsko-drustvo-iz-ulcinja-svake-godine-cemo-na-rumiju\/#breadcrumb","itemListElement":[{"@type":"ListItem","position":1,"name":"Planinarsko dru\u0161tvo iz Ulcinja: Svake godine \u0107emo na Rumiju"}]},{"@type":"Person","@id":"https:\/\/www.visit-ulcinj.com\/blog\/#\/schema\/person\/dcab619c614d3038751c63bc2aadc06d","name":"ulqini","sameAs":["http:\/\/www.visit-ulcinj.com"],"url":"https:\/\/www.visit-ulcinj.com\/blog\/author\/admin\/"}]}},"jetpack_featured_media_url":"","jetpack_sharing_enabled":true,"jetpack_shortlink":"https:\/\/wp.me\/pe6lTn-lF9","_links":{"self":[{"href":"https:\/\/www.visit-ulcinj.com\/blog\/wp-json\/wp\/v2\/posts\/83275"}],"collection":[{"href":"https:\/\/www.visit-ulcinj.com\/blog\/wp-json\/wp\/v2\/posts"}],"about":[{"href":"https:\/\/www.visit-ulcinj.com\/blog\/wp-json\/wp\/v2\/types\/post"}],"author":[{"embeddable":true,"href":"https:\/\/www.visit-ulcinj.com\/blog\/wp-json\/wp\/v2\/users\/1"}],"replies":[{"embeddable":true,"href":"https:\/\/www.visit-ulcinj.com\/blog\/wp-json\/wp\/v2\/comments?post=83275"}],"version-history":[{"count":1,"href":"https:\/\/www.visit-ulcinj.com\/blog\/wp-json\/wp\/v2\/posts\/83275\/revisions"}],"predecessor-version":[{"id":83276,"href":"https:\/\/www.visit-ulcinj.com\/blog\/wp-json\/wp\/v2\/posts\/83275\/revisions\/83276"}],"wp:attachment":[{"href":"https:\/\/www.visit-ulcinj.com\/blog\/wp-json\/wp\/v2\/media?parent=83275"}],"wp:term":[{"taxonomy":"category","embeddable":true,"href":"https:\/\/www.visit-ulcinj.com\/blog\/wp-json\/wp\/v2\/categories?post=83275"},{"taxonomy":"post_tag","embeddable":true,"href":"https:\/\/www.visit-ulcinj.com\/blog\/wp-json\/wp\/v2\/tags?post=83275"}],"curies":[{"name":"wp","href":"https:\/\/api.w.org\/{rel}","templated":true}]}}