{"id":83282,"date":"2014-06-21T15:42:55","date_gmt":"2014-06-21T14:42:55","guid":{"rendered":"http:\/\/www.visit-ulcinj.com\/blog\/?p=83282"},"modified":"2014-06-21T16:07:23","modified_gmt":"2014-06-21T15:07:23","slug":"miss-shqiperia-ulqin-2014-gati-per-nje-super-spektakel-video","status":"publish","type":"post","link":"https:\/\/www.visit-ulcinj.com\/blog\/2014\/06\/21\/miss-shqiperia-ulqin-2014-gati-per-nje-super-spektakel-video\/","title":{"rendered":"Miss Shqip\u00ebria Ulqin 2014, gati per nje super spektakel &#8211; Video + Foto"},"content":{"rendered":"<p><strong><a href=\"http:\/\/www.visit-ulcinj.com\/blog\/wp-content\/uploads\/2014\/06\/Miss-Shqiperia-2014-ne-Ulqin-1.jpg\"><img loading=\"lazy\" class=\"alignleft  wp-image-83283\" alt=\"Miss Shqiperia 2014 ne Ulqin-1\" src=\"http:\/\/www.visit-ulcinj.com\/blog\/wp-content\/uploads\/2014\/06\/Miss-Shqiperia-2014-ne-Ulqin-1.jpg\" width=\"508\" height=\"360\" \/><\/a>Vendi ku do t\u00eb mbahet gara e Miss Shqip\u00ebris\u00eb \u00ebsht\u00eb kalaja e Ulqinit. Ajo \u00ebsht\u00eb dhe mbetet simbol i qytetit q\u00eb t\u00ebrheq interesimin e turist\u00ebve. Ajo \u00ebsht\u00eb nd\u00ebr t\u00eb rrallat kala q\u00eb edhe sot e k\u00ebsaj dite \u00ebsht\u00eb e banuar. Nd\u00ebrtimi dhe historia q\u00eb bart ajo e b\u00ebn Ulqinin pjes\u00eb t\u00eb vyer t\u00eb historis\u00eb. <\/strong><\/p>\n<p>Pas udh\u00ebtimit mbi nj\u00eb javor n\u00eb t\u00eb gjith\u00eb vendin, Miss Shqip\u00ebria 2014 \u00ebsht\u00eb ndalur n\u00eb Shkod\u00ebr. 31 bukuroshet, i ndajn\u00eb vet\u00ebm disa dit\u00eb nga nata finale e cila do t\u00eb zhvillohet n\u00eb Ulqin, ndaj p\u00ebr k\u00ebt\u00eb arsye organizatoret e Miss Shqip\u00ebris\u00eb kan\u00eb dh\u00ebne nj\u00eb konferenc\u00eb p\u00ebr shtyp lidhur me turin turistik dhe detajet para finales s\u00eb madhe t\u00eb 27 Qershorit.<\/p>\n<p><a href=\"http:\/\/www.visit-ulcinj.com\/blog\/wp-content\/uploads\/2014\/06\/Miss-Shqiperia-2014-ne-Ulqin-2.jpg\"><img loading=\"lazy\" class=\"alignleft  wp-image-83284\" alt=\"Miss Shqiperia 2014 ne Ulqin-2\" src=\"http:\/\/www.visit-ulcinj.com\/blog\/wp-content\/uploads\/2014\/06\/Miss-Shqiperia-2014-ne-Ulqin-2.jpg\" width=\"508\" height=\"360\" \/><\/a><\/p>\n<p>Udh\u00ebtimi q\u00eb ka promovuar vlerat turistike dhe trash\u00ebgimin\u00eb e vendit, \u00ebsht\u00eb mbyllur n\u00eb Theth vend i cili u vizitua p\u00ebr her\u00eb t\u00eb par\u00eb k\u00ebt\u00eb edicion t\u00eb Miss Shqip\u00ebris\u00eb. Pas Thethit, organizatoret dhe vajzat pjes\u00ebmarr\u00ebse jan\u00eb ndalur n\u00eb fabrik\u00ebn e Cottoneles, e cila mund\u00ebson veshjet e 31 konkurrenteve, e q\u00eb prej vitesh vesh edhe Miss Italia-n.<\/p>\n<p>Vendi ku do t\u00eb mbahet gara e Miss Shqip\u00ebris\u00eb \u00ebsht\u00eb kalaja e Ulqinit. Ajo \u00ebsht\u00eb dhe mbetet simbol i qytetit q\u00eb t\u00ebrheq interesimin e turist\u00ebve. Ajo \u00ebsht\u00eb nd\u00ebr t\u00eb rrallat kala q\u00eb edhe sot e k\u00ebsaj dite \u00ebsht\u00eb e banuar. Nd\u00ebrtimi dhe historia q\u00eb bart ajo e b\u00ebn Ulqinin pjes\u00eb t\u00eb vyer t\u00eb historis\u00eb. \u00a0\/ <strong>KultPlus.com<\/strong><\/p>\n<!--YouTube Error: bad URL entered-->\n<!--YouTube Error: bad URL entered-->\n<p><a href=\"http:\/\/www.visit-ulcinj.com\/blog\/wp-content\/uploads\/2014\/06\/Miss-Shqiperia-2014-ne-Ulqin.jpg\"><img loading=\"lazy\" class=\"alignleft  wp-image-83279\" alt=\"Miss Shqiperia 2014 ne Ulqin\" src=\"http:\/\/www.visit-ulcinj.com\/blog\/wp-content\/uploads\/2014\/06\/Miss-Shqiperia-2014-ne-Ulqin.jpg\" width=\"508\" height=\"360\" \/><\/a><\/p>\n<p><a href=\"http:\/\/www.visit-ulcinj.com\/blog\/wp-content\/uploads\/2014\/06\/Miss-Shqiperia-2014-ne-Ulqin-7.jpg\"><img loading=\"lazy\" class=\"alignleft  wp-image-83296\" alt=\"Miss Shqiperia 2014 ne Ulqin-7\" src=\"http:\/\/www.visit-ulcinj.com\/blog\/wp-content\/uploads\/2014\/06\/Miss-Shqiperia-2014-ne-Ulqin-7.jpg\" width=\"508\" height=\"360\" \/><\/a><\/p>\n<p><a href=\"http:\/\/www.visit-ulcinj.com\/blog\/wp-content\/uploads\/2014\/06\/Miss-Shqiperia-2014-ne-Ulqin-2.jpg\"><img loading=\"lazy\" class=\"alignleft size-full wp-image-83284\" alt=\"Miss Shqiperia 2014 ne Ulqin-2\" src=\"http:\/\/www.visit-ulcinj.com\/blog\/wp-content\/uploads\/2014\/06\/Miss-Shqiperia-2014-ne-Ulqin-2.jpg\" width=\"508\" height=\"360\" \/><\/a><\/p>\n<p><a href=\"http:\/\/www.visit-ulcinj.com\/blog\/wp-content\/uploads\/2014\/06\/Miss-Shqiperia-2014-ne-Ulqin-1.jpg\"><img loading=\"lazy\" class=\"alignleft size-full wp-image-83283\" alt=\"Miss Shqiperia 2014 ne Ulqin-1\" src=\"http:\/\/www.visit-ulcinj.com\/blog\/wp-content\/uploads\/2014\/06\/Miss-Shqiperia-2014-ne-Ulqin-1.jpg\" width=\"508\" height=\"360\" \/><\/a><\/p>\n<p><a href=\"http:\/\/www.visit-ulcinj.com\/blog\/wp-content\/uploads\/2014\/06\/Miss-Shqiperia-2014-ne-Ulqin-3.jpg\"><img loading=\"lazy\" class=\"alignleft size-full wp-image-83289\" alt=\"Miss Shqiperia 2014 ne Ulqin-3\" src=\"http:\/\/www.visit-ulcinj.com\/blog\/wp-content\/uploads\/2014\/06\/Miss-Shqiperia-2014-ne-Ulqin-3.jpg\" width=\"508\" height=\"360\" \/><\/a><\/p>\n<p><a href=\"http:\/\/www.visit-ulcinj.com\/blog\/wp-content\/uploads\/2014\/06\/Miss-Shqiperia-2014-ne-Ulqin-4.jpg\"><img loading=\"lazy\" class=\"alignleft size-full wp-image-83290\" alt=\"Miss Shqiperia 2014 ne Ulqin-4\" src=\"http:\/\/www.visit-ulcinj.com\/blog\/wp-content\/uploads\/2014\/06\/Miss-Shqiperia-2014-ne-Ulqin-4.jpg\" width=\"508\" height=\"360\" \/><\/a><\/p>\n<p><a href=\"http:\/\/www.visit-ulcinj.com\/blog\/wp-content\/uploads\/2014\/06\/Miss-Shqiperia-2014-ne-Ulqin-5.jpg\"><img loading=\"lazy\" class=\"alignleft size-full wp-image-83291\" alt=\"Miss Shqiperia 2014 ne Ulqin-5\" src=\"http:\/\/www.visit-ulcinj.com\/blog\/wp-content\/uploads\/2014\/06\/Miss-Shqiperia-2014-ne-Ulqin-5.jpg\" width=\"508\" height=\"360\" \/><\/a><\/p>\n<p><a href=\"http:\/\/www.visit-ulcinj.com\/blog\/wp-content\/uploads\/2014\/06\/Miss-Shqiperia-2014-ne-Ulqin-6.jpg\"><img loading=\"lazy\" class=\"alignleft size-full wp-image-83292\" alt=\"Miss Shqiperia 2014 ne Ulqin-6\" src=\"http:\/\/www.visit-ulcinj.com\/blog\/wp-content\/uploads\/2014\/06\/Miss-Shqiperia-2014-ne-Ulqin-6.jpg\" width=\"508\" height=\"360\" \/><\/a><\/p>\n","protected":false},"excerpt":{"rendered":"<p>Vendi ku do t\u00eb mbahet gara e Miss Shqip\u00ebris\u00eb \u00ebsht\u00eb kalaja e Ulqinit. Ajo \u00ebsht\u00eb dhe mbetet simbol i qytetit q\u00eb t\u00ebrheq interesimin e turist\u00ebve. Ajo \u00ebsht\u00eb nd\u00ebr t\u00eb rrallat kala q\u00eb edhe sot e k\u00ebsaj dite \u00ebsht\u00eb e banuar. Nd\u00ebrtimi dhe historia q\u00eb bart ajo e b\u00ebn Ulqinin pjes\u00eb t\u00eb vyer t\u00eb historis\u00eb. Pas [&hellip;]<\/p>\n","protected":false},"author":1,"featured_media":0,"comment_status":"closed","ping_status":"closed","sticky":false,"template":"","format":"standard","meta":{"spay_email":"","jetpack_publicize_message":"","jetpack_is_tweetstorm":false,"jetpack_publicize_feature_enabled":true},"categories":[10],"tags":[],"jetpack_publicize_connections":[],"yoast_head":"<!-- This site is optimized with the Yoast SEO plugin v19.1 - https:\/\/yoast.com\/wordpress\/plugins\/seo\/ -->\n<title>Miss Shqip\u00ebria Ulqin 2014, gati per nje super spektakel - Video + Foto - Lajme nga Ulqini<\/title>\n<meta name=\"description\" content=\"Vendi ku do t\u00eb mbahet gara e Miss Shqip\u00ebris\u00eb \u00ebsht\u00eb kalaja e Ulqinit. Ajo \u00ebsht\u00eb dhe mbetet simbol i qytetit q\u00eb t\u00ebrheq interesimin e turist\u00ebve. Ajo \u00ebsht\u00eb\" \/>\n<meta name=\"robots\" content=\"index, follow, max-snippet:-1, max-image-preview:large, max-video-preview:-1\" \/>\n<link rel=\"canonical\" href=\"https:\/\/www.visit-ulcinj.com\/blog\/2014\/06\/21\/miss-shqiperia-ulqin-2014-gati-per-nje-super-spektakel-video\/\" \/>\n<meta property=\"og:locale\" content=\"en_US\" \/>\n<meta property=\"og:type\" content=\"article\" \/>\n<meta property=\"og:title\" content=\"Miss Shqip\u00ebria Ulqin 2014, gati per nje super spektakel - Video + Foto - Lajme nga Ulqini\" \/>\n<meta property=\"og:description\" content=\"Vendi ku do t\u00eb mbahet gara e Miss Shqip\u00ebris\u00eb \u00ebsht\u00eb kalaja e Ulqinit. Ajo \u00ebsht\u00eb dhe mbetet simbol i qytetit q\u00eb t\u00ebrheq interesimin e turist\u00ebve. Ajo \u00ebsht\u00eb\" \/>\n<meta property=\"og:url\" content=\"https:\/\/www.visit-ulcinj.com\/blog\/2014\/06\/21\/miss-shqiperia-ulqin-2014-gati-per-nje-super-spektakel-video\/\" \/>\n<meta property=\"og:site_name\" content=\"Lajme nga Ulqini\" \/>\n<meta property=\"article:published_time\" content=\"2014-06-21T14:42:55+00:00\" \/>\n<meta property=\"article:modified_time\" content=\"2014-06-21T15:07:23+00:00\" \/>\n<meta property=\"og:image\" content=\"http:\/\/www.visit-ulcinj.com\/blog\/wp-content\/uploads\/2014\/06\/Miss-Shqiperia-2014-ne-Ulqin-1.jpg\" \/>\n<meta name=\"twitter:label1\" content=\"Written by\" \/>\n\t<meta name=\"twitter:data1\" content=\"ulqini\" \/>\n\t<meta name=\"twitter:label2\" content=\"Est. reading time\" \/>\n\t<meta name=\"twitter:data2\" content=\"1 minute\" \/>\n<script type=\"application\/ld+json\" class=\"yoast-schema-graph\">{\"@context\":\"https:\/\/schema.org\",\"@graph\":[{\"@type\":\"WebSite\",\"@id\":\"https:\/\/www.visit-ulcinj.com\/blog\/#website\",\"url\":\"https:\/\/www.visit-ulcinj.com\/blog\/\",\"name\":\"Lajme nga Ulqini\",\"description\":\"Lajme,Vijesti,Ulqini,Ulqin,Crna Gora,Mali i Zi\",\"potentialAction\":[{\"@type\":\"SearchAction\",\"target\":{\"@type\":\"EntryPoint\",\"urlTemplate\":\"https:\/\/www.visit-ulcinj.com\/blog\/?s={search_term_string}\"},\"query-input\":\"required name=search_term_string\"}],\"inLanguage\":\"en-US\"},{\"@type\":\"ImageObject\",\"inLanguage\":\"en-US\",\"@id\":\"https:\/\/www.visit-ulcinj.com\/blog\/2014\/06\/21\/miss-shqiperia-ulqin-2014-gati-per-nje-super-spektakel-video\/#primaryimage\",\"url\":\"https:\/\/www.visit-ulcinj.com\/blog\/wp-content\/uploads\/2014\/06\/Miss-Shqiperia-2014-ne-Ulqin-1.jpg\",\"contentUrl\":\"https:\/\/www.visit-ulcinj.com\/blog\/wp-content\/uploads\/2014\/06\/Miss-Shqiperia-2014-ne-Ulqin-1.jpg\",\"width\":960,\"height\":640},{\"@type\":\"WebPage\",\"@id\":\"https:\/\/www.visit-ulcinj.com\/blog\/2014\/06\/21\/miss-shqiperia-ulqin-2014-gati-per-nje-super-spektakel-video\/#webpage\",\"url\":\"https:\/\/www.visit-ulcinj.com\/blog\/2014\/06\/21\/miss-shqiperia-ulqin-2014-gati-per-nje-super-spektakel-video\/\",\"name\":\"Miss Shqip\u00ebria Ulqin 2014, gati per nje super spektakel - Video + Foto - Lajme nga Ulqini\",\"isPartOf\":{\"@id\":\"https:\/\/www.visit-ulcinj.com\/blog\/#website\"},\"primaryImageOfPage\":{\"@id\":\"https:\/\/www.visit-ulcinj.com\/blog\/2014\/06\/21\/miss-shqiperia-ulqin-2014-gati-per-nje-super-spektakel-video\/#primaryimage\"},\"datePublished\":\"2014-06-21T14:42:55+00:00\",\"dateModified\":\"2014-06-21T15:07:23+00:00\",\"author\":{\"@id\":\"https:\/\/www.visit-ulcinj.com\/blog\/#\/schema\/person\/dcab619c614d3038751c63bc2aadc06d\"},\"description\":\"Vendi ku do t\u00eb mbahet gara e Miss Shqip\u00ebris\u00eb \u00ebsht\u00eb kalaja e Ulqinit. Ajo \u00ebsht\u00eb dhe mbetet simbol i qytetit q\u00eb t\u00ebrheq interesimin e turist\u00ebve. Ajo \u00ebsht\u00eb\",\"breadcrumb\":{\"@id\":\"https:\/\/www.visit-ulcinj.com\/blog\/2014\/06\/21\/miss-shqiperia-ulqin-2014-gati-per-nje-super-spektakel-video\/#breadcrumb\"},\"inLanguage\":\"en-US\",\"potentialAction\":[{\"@type\":\"ReadAction\",\"target\":[\"https:\/\/www.visit-ulcinj.com\/blog\/2014\/06\/21\/miss-shqiperia-ulqin-2014-gati-per-nje-super-spektakel-video\/\"]}]},{\"@type\":\"BreadcrumbList\",\"@id\":\"https:\/\/www.visit-ulcinj.com\/blog\/2014\/06\/21\/miss-shqiperia-ulqin-2014-gati-per-nje-super-spektakel-video\/#breadcrumb\",\"itemListElement\":[{\"@type\":\"ListItem\",\"position\":1,\"name\":\"Miss Shqip\u00ebria Ulqin 2014, gati per nje super spektakel &#8211; Video + Foto\"}]},{\"@type\":\"Person\",\"@id\":\"https:\/\/www.visit-ulcinj.com\/blog\/#\/schema\/person\/dcab619c614d3038751c63bc2aadc06d\",\"name\":\"ulqini\",\"sameAs\":[\"http:\/\/www.visit-ulcinj.com\"],\"url\":\"https:\/\/www.visit-ulcinj.com\/blog\/author\/admin\/\"}]}<\/script>\n<!-- \/ Yoast SEO plugin. -->","yoast_head_json":{"title":"Miss Shqip\u00ebria Ulqin 2014, gati per nje super spektakel - Video + Foto - Lajme nga Ulqini","description":"Vendi ku do t\u00eb mbahet gara e Miss Shqip\u00ebris\u00eb \u00ebsht\u00eb kalaja e Ulqinit. Ajo \u00ebsht\u00eb dhe mbetet simbol i qytetit q\u00eb t\u00ebrheq interesimin e turist\u00ebve. Ajo \u00ebsht\u00eb","robots":{"index":"index","follow":"follow","max-snippet":"max-snippet:-1","max-image-preview":"max-image-preview:large","max-video-preview":"max-video-preview:-1"},"canonical":"https:\/\/www.visit-ulcinj.com\/blog\/2014\/06\/21\/miss-shqiperia-ulqin-2014-gati-per-nje-super-spektakel-video\/","og_locale":"en_US","og_type":"article","og_title":"Miss Shqip\u00ebria Ulqin 2014, gati per nje super spektakel - Video + Foto - Lajme nga Ulqini","og_description":"Vendi ku do t\u00eb mbahet gara e Miss Shqip\u00ebris\u00eb \u00ebsht\u00eb kalaja e Ulqinit. Ajo \u00ebsht\u00eb dhe mbetet simbol i qytetit q\u00eb t\u00ebrheq interesimin e turist\u00ebve. Ajo \u00ebsht\u00eb","og_url":"https:\/\/www.visit-ulcinj.com\/blog\/2014\/06\/21\/miss-shqiperia-ulqin-2014-gati-per-nje-super-spektakel-video\/","og_site_name":"Lajme nga Ulqini","article_published_time":"2014-06-21T14:42:55+00:00","article_modified_time":"2014-06-21T15:07:23+00:00","og_image":[{"url":"http:\/\/www.visit-ulcinj.com\/blog\/wp-content\/uploads\/2014\/06\/Miss-Shqiperia-2014-ne-Ulqin-1.jpg"}],"twitter_misc":{"Written by":"ulqini","Est. reading time":"1 minute"},"schema":{"@context":"https:\/\/schema.org","@graph":[{"@type":"WebSite","@id":"https:\/\/www.visit-ulcinj.com\/blog\/#website","url":"https:\/\/www.visit-ulcinj.com\/blog\/","name":"Lajme nga Ulqini","description":"Lajme,Vijesti,Ulqini,Ulqin,Crna Gora,Mali i Zi","potentialAction":[{"@type":"SearchAction","target":{"@type":"EntryPoint","urlTemplate":"https:\/\/www.visit-ulcinj.com\/blog\/?s={search_term_string}"},"query-input":"required name=search_term_string"}],"inLanguage":"en-US"},{"@type":"ImageObject","inLanguage":"en-US","@id":"https:\/\/www.visit-ulcinj.com\/blog\/2014\/06\/21\/miss-shqiperia-ulqin-2014-gati-per-nje-super-spektakel-video\/#primaryimage","url":"https:\/\/www.visit-ulcinj.com\/blog\/wp-content\/uploads\/2014\/06\/Miss-Shqiperia-2014-ne-Ulqin-1.jpg","contentUrl":"https:\/\/www.visit-ulcinj.com\/blog\/wp-content\/uploads\/2014\/06\/Miss-Shqiperia-2014-ne-Ulqin-1.jpg","width":960,"height":640},{"@type":"WebPage","@id":"https:\/\/www.visit-ulcinj.com\/blog\/2014\/06\/21\/miss-shqiperia-ulqin-2014-gati-per-nje-super-spektakel-video\/#webpage","url":"https:\/\/www.visit-ulcinj.com\/blog\/2014\/06\/21\/miss-shqiperia-ulqin-2014-gati-per-nje-super-spektakel-video\/","name":"Miss Shqip\u00ebria Ulqin 2014, gati per nje super spektakel - Video + Foto - Lajme nga Ulqini","isPartOf":{"@id":"https:\/\/www.visit-ulcinj.com\/blog\/#website"},"primaryImageOfPage":{"@id":"https:\/\/www.visit-ulcinj.com\/blog\/2014\/06\/21\/miss-shqiperia-ulqin-2014-gati-per-nje-super-spektakel-video\/#primaryimage"},"datePublished":"2014-06-21T14:42:55+00:00","dateModified":"2014-06-21T15:07:23+00:00","author":{"@id":"https:\/\/www.visit-ulcinj.com\/blog\/#\/schema\/person\/dcab619c614d3038751c63bc2aadc06d"},"description":"Vendi ku do t\u00eb mbahet gara e Miss Shqip\u00ebris\u00eb \u00ebsht\u00eb kalaja e Ulqinit. Ajo \u00ebsht\u00eb dhe mbetet simbol i qytetit q\u00eb t\u00ebrheq interesimin e turist\u00ebve. Ajo \u00ebsht\u00eb","breadcrumb":{"@id":"https:\/\/www.visit-ulcinj.com\/blog\/2014\/06\/21\/miss-shqiperia-ulqin-2014-gati-per-nje-super-spektakel-video\/#breadcrumb"},"inLanguage":"en-US","potentialAction":[{"@type":"ReadAction","target":["https:\/\/www.visit-ulcinj.com\/blog\/2014\/06\/21\/miss-shqiperia-ulqin-2014-gati-per-nje-super-spektakel-video\/"]}]},{"@type":"BreadcrumbList","@id":"https:\/\/www.visit-ulcinj.com\/blog\/2014\/06\/21\/miss-shqiperia-ulqin-2014-gati-per-nje-super-spektakel-video\/#breadcrumb","itemListElement":[{"@type":"ListItem","position":1,"name":"Miss Shqip\u00ebria Ulqin 2014, gati per nje super spektakel &#8211; Video + Foto"}]},{"@type":"Person","@id":"https:\/\/www.visit-ulcinj.com\/blog\/#\/schema\/person\/dcab619c614d3038751c63bc2aadc06d","name":"ulqini","sameAs":["http:\/\/www.visit-ulcinj.com"],"url":"https:\/\/www.visit-ulcinj.com\/blog\/author\/admin\/"}]}},"jetpack_featured_media_url":"","jetpack_sharing_enabled":true,"jetpack_shortlink":"https:\/\/wp.me\/pe6lTn-lFg","_links":{"self":[{"href":"https:\/\/www.visit-ulcinj.com\/blog\/wp-json\/wp\/v2\/posts\/83282"}],"collection":[{"href":"https:\/\/www.visit-ulcinj.com\/blog\/wp-json\/wp\/v2\/posts"}],"about":[{"href":"https:\/\/www.visit-ulcinj.com\/blog\/wp-json\/wp\/v2\/types\/post"}],"author":[{"embeddable":true,"href":"https:\/\/www.visit-ulcinj.com\/blog\/wp-json\/wp\/v2\/users\/1"}],"replies":[{"embeddable":true,"href":"https:\/\/www.visit-ulcinj.com\/blog\/wp-json\/wp\/v2\/comments?post=83282"}],"version-history":[{"count":6,"href":"https:\/\/www.visit-ulcinj.com\/blog\/wp-json\/wp\/v2\/posts\/83282\/revisions"}],"predecessor-version":[{"id":83300,"href":"https:\/\/www.visit-ulcinj.com\/blog\/wp-json\/wp\/v2\/posts\/83282\/revisions\/83300"}],"wp:attachment":[{"href":"https:\/\/www.visit-ulcinj.com\/blog\/wp-json\/wp\/v2\/media?parent=83282"}],"wp:term":[{"taxonomy":"category","embeddable":true,"href":"https:\/\/www.visit-ulcinj.com\/blog\/wp-json\/wp\/v2\/categories?post=83282"},{"taxonomy":"post_tag","embeddable":true,"href":"https:\/\/www.visit-ulcinj.com\/blog\/wp-json\/wp\/v2\/tags?post=83282"}],"curies":[{"name":"wp","href":"https:\/\/api.w.org\/{rel}","templated":true}]}}