{"id":83302,"date":"2014-06-21T16:38:40","date_gmt":"2014-06-21T15:38:40","guid":{"rendered":"http:\/\/www.visit-ulcinj.com\/blog\/?p=83302"},"modified":"2014-06-22T14:25:38","modified_gmt":"2014-06-22T13:25:38","slug":"vajzat-e-miss-shqiperia-2014-mberrijne-ne-ulqin","status":"publish","type":"post","link":"https:\/\/www.visit-ulcinj.com\/blog\/2014\/06\/21\/vajzat-e-miss-shqiperia-2014-mberrijne-ne-ulqin\/","title":{"rendered":"Vajzat e \u201cMiss Shqip\u00ebria\u201d 2014 mb\u00ebrrijn\u00eb n\u00eb Ulqin + Foto + Video"},"content":{"rendered":"<p><a href=\"http:\/\/www.visit-ulcinj.com\/blog\/wp-content\/uploads\/2014\/06\/Miss-Shqip\u00ebria-2014.jpg\"><img loading=\"lazy\" class=\"alignleft  wp-image-83303\" alt=\"Miss Shqip\u00ebria-2014\" src=\"http:\/\/www.visit-ulcinj.com\/blog\/wp-content\/uploads\/2014\/06\/Miss-Shqip\u00ebria-2014.jpg\" width=\"508\" height=\"360\" \/><\/a>Kan\u00eb kaluar kufirin dje (t\u00eb premten) mbasdite 31 vajzat konkurente p\u00ebr kuror\u00ebn e \u201cMiss Shqip\u00ebria 2014\u201d. Pas nj\u00eb turi q\u00eb zgjati pothuaj dy jav\u00eb n\u00ebp\u00ebr zonat turistike n\u00eb Shqip\u00ebri, destinacioni ka qen\u00eb Mali i Zi, i cili ka mir\u00ebpritur bukuroshet p\u00ebr turin e radh\u00ebs atje, por edhe p\u00ebr finalen e madhe q\u00eb do t\u00eb mbahet<br \/>\nn\u00eb kalan\u00eb e Ulqinit, t\u00eb premten e 27 qershorit.<\/p>\n<p>Si \u00e7do her\u00eb edhe k\u00ebt\u00eb vit garojn\u00eb 31 vajza t\u00eb p\u00ebrzgjedhura dit\u00ebt e fundit t\u00eb majit nga organizator\u00ebt e eventit, nj\u00eb p\u00ebrzgjedhje e kryer nd\u00ebr 240 kandidatura t\u00eb paraqitura p\u00ebr spektaklin e k\u00ebtij viti. Mbr\u00ebmjen e s\u00eb premtes, n\u00ebn prezantimin e bukuroshes Orinda Huta, do t\u00eb shpallet nj\u00eb tjet\u00ebr mbret\u00ebresh\u00eb e bukuris\u00eb shqiptare.<\/p>\n<p><a href=\"http:\/\/www.visit-ulcinj.com\/blog\/wp-content\/uploads\/2014\/06\/Miss-Shqip\u00ebria-2014-1.jpg\"><img loading=\"lazy\" class=\"alignleft  wp-image-83304\" alt=\"Miss Shqip\u00ebria-2014-1\" src=\"http:\/\/www.visit-ulcinj.com\/blog\/wp-content\/uploads\/2014\/06\/Miss-Shqip\u00ebria-2014-1.jpg\" width=\"508\" height=\"360\" \/><\/a><br \/>\nGjithashtu jan\u00eb menduar t\u00eb gjitha detajet e nj\u00eb spektakli q\u00eb pritet t\u00eb ket\u00eb nj\u00eb form\u00eb t\u00eb re sa i takon prezantimit dhe detajeve t\u00eb tjera t\u00eb spektaklit q\u00eb shoq\u00ebron gjithmon\u00eb gar\u00ebn e bukuris\u00eb. Do t\u00eb jen\u00eb n\u00eb sken\u00ebn e \u201cMiss Shqip\u00ebria sivjet artist\u00eb t\u00eb kalibrit t\u00eb Irma Libohov\u00ebs , Elton Ded\u00ebs, Redon Makashit, Aleksand\u00ebr Gjok\u00ebs, Mihrije Brah\u00ebs etj, nd\u00ebrkoh\u00eb q\u00eb edhe vet\u00eb prezantuesja, e njohur n\u00eb fillimet e veta si k\u00ebng\u00ebtare, Orinda Huta do t\u00eb interpretoj\u00eb nj\u00eb kompozim interesant.<\/p>\n<p>Vajzat e drejtuara nga koreografia Olta Ahmetaj jan\u00eb gati, \u00e7ka do t\u00eb thot\u00eb se edhe performanca e tyre pritet t\u00eb jet\u00eb nga ato q\u00eb mbahen mend gjat\u00eb. Gjithashtu k\u00ebt\u00eb vit bashk\u00eb me organizator\u00ebt n\u00eb turin e \u201cMiss Shqip\u00ebria\u201d ka qen\u00eb edhe n\u00ebj grup i studios \u201cMaximus\u201d n\u00eb Kosov\u00eb, fitues t\u00eb \u00e7mimit Regjia m\u00eb e Mir\u00eb, n\u00eb Festivalin e Klipit Shqiptar, nata gala e t\u00eb cilit u mbajt n\u00eb Shkup k\u00ebt\u00eb 2 qershor.<br \/>\n<a href=\"http:\/\/www.visit-ulcinj.com\/blog\/wp-content\/uploads\/2014\/06\/Miss-Shqip\u00ebria-2014-2.jpg\"><img loading=\"lazy\" class=\"alignleft  wp-image-83305\" alt=\"Miss Shqip\u00ebria-2014-2\" src=\"http:\/\/www.visit-ulcinj.com\/blog\/wp-content\/uploads\/2014\/06\/Miss-Shqip\u00ebria-2014-2.jpg\" width=\"508\" height=\"360\" \/><\/a><br \/>\nAta kan\u00eb ardhur p\u00ebr t\u00eb ndjekur turin dhe kan\u00eb ekskluzivitetin e realizimit t\u00eb klipeve brenda spektaklit. Me teknologji t\u00eb fjal\u00ebs s\u00eb fundit dhe form\u00eb dhe ide interesante realizimi edhe produktet e \u201cMaximus\u201d pritet t\u00eb provokojn\u00eb emocione n\u00eb publikun e \u201cMiss Shqip\u00ebria\u201d.<\/p>\n<p><strong>DHURATA HAMZAI<\/strong><\/p>\n<p><strong>Shqiptarja.com<\/strong><br \/>\n<!--YouTube Error: bad URL entered--><\/p>\n","protected":false},"excerpt":{"rendered":"<p>Kan\u00eb kaluar kufirin dje (t\u00eb premten) mbasdite 31 vajzat konkurente p\u00ebr kuror\u00ebn e \u201cMiss Shqip\u00ebria 2014\u201d. Pas nj\u00eb turi q\u00eb zgjati pothuaj dy jav\u00eb n\u00ebp\u00ebr zonat turistike n\u00eb Shqip\u00ebri, destinacioni ka qen\u00eb Mali i Zi, i cili ka mir\u00ebpritur bukuroshet p\u00ebr turin e radh\u00ebs atje, por edhe p\u00ebr finalen e madhe q\u00eb do t\u00eb mbahet [&hellip;]<\/p>\n","protected":false},"author":1,"featured_media":0,"comment_status":"closed","ping_status":"closed","sticky":false,"template":"","format":"standard","meta":{"spay_email":"","jetpack_publicize_message":"","jetpack_is_tweetstorm":false,"jetpack_publicize_feature_enabled":true},"categories":[13],"tags":[],"jetpack_publicize_connections":[],"yoast_head":"<!-- This site is optimized with the Yoast SEO plugin v19.1 - https:\/\/yoast.com\/wordpress\/plugins\/seo\/ -->\n<title>Vajzat e \u201cMiss Shqip\u00ebria\u201d 2014 mb\u00ebrrijn\u00eb n\u00eb Ulqin + Foto + Video - Lajme nga Ulqini<\/title>\n<meta name=\"description\" content=\"Kan\u00eb kaluar kufirin dje (t\u00eb premten) mbasdite 31 vajzat konkurente p\u00ebr kuror\u00ebn e \u201cMiss Shqip\u00ebria 2014\u201d. Pas nj\u00eb turi q\u00eb zgjati pothuaj dy jav\u00eb n\u00ebp\u00ebr zonat\" \/>\n<meta name=\"robots\" content=\"index, follow, max-snippet:-1, max-image-preview:large, max-video-preview:-1\" \/>\n<link rel=\"canonical\" href=\"https:\/\/www.visit-ulcinj.com\/blog\/2014\/06\/21\/vajzat-e-miss-shqiperia-2014-mberrijne-ne-ulqin\/\" \/>\n<meta property=\"og:locale\" content=\"en_US\" \/>\n<meta property=\"og:type\" content=\"article\" \/>\n<meta property=\"og:title\" content=\"Vajzat e \u201cMiss Shqip\u00ebria\u201d 2014 mb\u00ebrrijn\u00eb n\u00eb Ulqin + Foto + Video - Lajme nga Ulqini\" \/>\n<meta property=\"og:description\" content=\"Kan\u00eb kaluar kufirin dje (t\u00eb premten) mbasdite 31 vajzat konkurente p\u00ebr kuror\u00ebn e \u201cMiss Shqip\u00ebria 2014\u201d. Pas nj\u00eb turi q\u00eb zgjati pothuaj dy jav\u00eb n\u00ebp\u00ebr zonat\" \/>\n<meta property=\"og:url\" content=\"https:\/\/www.visit-ulcinj.com\/blog\/2014\/06\/21\/vajzat-e-miss-shqiperia-2014-mberrijne-ne-ulqin\/\" \/>\n<meta property=\"og:site_name\" content=\"Lajme nga Ulqini\" \/>\n<meta property=\"article:published_time\" content=\"2014-06-21T15:38:40+00:00\" \/>\n<meta property=\"article:modified_time\" content=\"2014-06-22T13:25:38+00:00\" \/>\n<meta name=\"twitter:label1\" content=\"Written by\" \/>\n\t<meta name=\"twitter:data1\" content=\"ulqini\" \/>\n\t<meta name=\"twitter:label2\" content=\"Est. reading time\" \/>\n\t<meta name=\"twitter:data2\" content=\"2 minutes\" \/>\n<script type=\"application\/ld+json\" class=\"yoast-schema-graph\">{\"@context\":\"https:\/\/schema.org\",\"@graph\":[{\"@type\":\"WebSite\",\"@id\":\"https:\/\/www.visit-ulcinj.com\/blog\/#website\",\"url\":\"https:\/\/www.visit-ulcinj.com\/blog\/\",\"name\":\"Lajme nga Ulqini\",\"description\":\"Lajme,Vijesti,Ulqini,Ulqin,Crna Gora,Mali i Zi\",\"potentialAction\":[{\"@type\":\"SearchAction\",\"target\":{\"@type\":\"EntryPoint\",\"urlTemplate\":\"https:\/\/www.visit-ulcinj.com\/blog\/?s={search_term_string}\"},\"query-input\":\"required name=search_term_string\"}],\"inLanguage\":\"en-US\"},{\"@type\":\"WebPage\",\"@id\":\"https:\/\/www.visit-ulcinj.com\/blog\/2014\/06\/21\/vajzat-e-miss-shqiperia-2014-mberrijne-ne-ulqin\/#webpage\",\"url\":\"https:\/\/www.visit-ulcinj.com\/blog\/2014\/06\/21\/vajzat-e-miss-shqiperia-2014-mberrijne-ne-ulqin\/\",\"name\":\"Vajzat e \u201cMiss Shqip\u00ebria\u201d 2014 mb\u00ebrrijn\u00eb n\u00eb Ulqin + Foto + Video - Lajme nga Ulqini\",\"isPartOf\":{\"@id\":\"https:\/\/www.visit-ulcinj.com\/blog\/#website\"},\"datePublished\":\"2014-06-21T15:38:40+00:00\",\"dateModified\":\"2014-06-22T13:25:38+00:00\",\"author\":{\"@id\":\"https:\/\/www.visit-ulcinj.com\/blog\/#\/schema\/person\/dcab619c614d3038751c63bc2aadc06d\"},\"description\":\"Kan\u00eb kaluar kufirin dje (t\u00eb premten) mbasdite 31 vajzat konkurente p\u00ebr kuror\u00ebn e \u201cMiss Shqip\u00ebria 2014\u201d. Pas nj\u00eb turi q\u00eb zgjati pothuaj dy jav\u00eb n\u00ebp\u00ebr zonat\",\"breadcrumb\":{\"@id\":\"https:\/\/www.visit-ulcinj.com\/blog\/2014\/06\/21\/vajzat-e-miss-shqiperia-2014-mberrijne-ne-ulqin\/#breadcrumb\"},\"inLanguage\":\"en-US\",\"potentialAction\":[{\"@type\":\"ReadAction\",\"target\":[\"https:\/\/www.visit-ulcinj.com\/blog\/2014\/06\/21\/vajzat-e-miss-shqiperia-2014-mberrijne-ne-ulqin\/\"]}]},{\"@type\":\"BreadcrumbList\",\"@id\":\"https:\/\/www.visit-ulcinj.com\/blog\/2014\/06\/21\/vajzat-e-miss-shqiperia-2014-mberrijne-ne-ulqin\/#breadcrumb\",\"itemListElement\":[{\"@type\":\"ListItem\",\"position\":1,\"name\":\"Vajzat e \u201cMiss Shqip\u00ebria\u201d 2014 mb\u00ebrrijn\u00eb n\u00eb Ulqin + Foto + Video\"}]},{\"@type\":\"Person\",\"@id\":\"https:\/\/www.visit-ulcinj.com\/blog\/#\/schema\/person\/dcab619c614d3038751c63bc2aadc06d\",\"name\":\"ulqini\",\"sameAs\":[\"http:\/\/www.visit-ulcinj.com\"],\"url\":\"https:\/\/www.visit-ulcinj.com\/blog\/author\/admin\/\"}]}<\/script>\n<!-- \/ Yoast SEO plugin. -->","yoast_head_json":{"title":"Vajzat e \u201cMiss Shqip\u00ebria\u201d 2014 mb\u00ebrrijn\u00eb n\u00eb Ulqin + Foto + Video - Lajme nga Ulqini","description":"Kan\u00eb kaluar kufirin dje (t\u00eb premten) mbasdite 31 vajzat konkurente p\u00ebr kuror\u00ebn e \u201cMiss Shqip\u00ebria 2014\u201d. Pas nj\u00eb turi q\u00eb zgjati pothuaj dy jav\u00eb n\u00ebp\u00ebr zonat","robots":{"index":"index","follow":"follow","max-snippet":"max-snippet:-1","max-image-preview":"max-image-preview:large","max-video-preview":"max-video-preview:-1"},"canonical":"https:\/\/www.visit-ulcinj.com\/blog\/2014\/06\/21\/vajzat-e-miss-shqiperia-2014-mberrijne-ne-ulqin\/","og_locale":"en_US","og_type":"article","og_title":"Vajzat e \u201cMiss Shqip\u00ebria\u201d 2014 mb\u00ebrrijn\u00eb n\u00eb Ulqin + Foto + Video - Lajme nga Ulqini","og_description":"Kan\u00eb kaluar kufirin dje (t\u00eb premten) mbasdite 31 vajzat konkurente p\u00ebr kuror\u00ebn e \u201cMiss Shqip\u00ebria 2014\u201d. Pas nj\u00eb turi q\u00eb zgjati pothuaj dy jav\u00eb n\u00ebp\u00ebr zonat","og_url":"https:\/\/www.visit-ulcinj.com\/blog\/2014\/06\/21\/vajzat-e-miss-shqiperia-2014-mberrijne-ne-ulqin\/","og_site_name":"Lajme nga Ulqini","article_published_time":"2014-06-21T15:38:40+00:00","article_modified_time":"2014-06-22T13:25:38+00:00","twitter_misc":{"Written by":"ulqini","Est. reading time":"2 minutes"},"schema":{"@context":"https:\/\/schema.org","@graph":[{"@type":"WebSite","@id":"https:\/\/www.visit-ulcinj.com\/blog\/#website","url":"https:\/\/www.visit-ulcinj.com\/blog\/","name":"Lajme nga Ulqini","description":"Lajme,Vijesti,Ulqini,Ulqin,Crna Gora,Mali i Zi","potentialAction":[{"@type":"SearchAction","target":{"@type":"EntryPoint","urlTemplate":"https:\/\/www.visit-ulcinj.com\/blog\/?s={search_term_string}"},"query-input":"required name=search_term_string"}],"inLanguage":"en-US"},{"@type":"WebPage","@id":"https:\/\/www.visit-ulcinj.com\/blog\/2014\/06\/21\/vajzat-e-miss-shqiperia-2014-mberrijne-ne-ulqin\/#webpage","url":"https:\/\/www.visit-ulcinj.com\/blog\/2014\/06\/21\/vajzat-e-miss-shqiperia-2014-mberrijne-ne-ulqin\/","name":"Vajzat e \u201cMiss Shqip\u00ebria\u201d 2014 mb\u00ebrrijn\u00eb n\u00eb Ulqin + Foto + Video - Lajme nga Ulqini","isPartOf":{"@id":"https:\/\/www.visit-ulcinj.com\/blog\/#website"},"datePublished":"2014-06-21T15:38:40+00:00","dateModified":"2014-06-22T13:25:38+00:00","author":{"@id":"https:\/\/www.visit-ulcinj.com\/blog\/#\/schema\/person\/dcab619c614d3038751c63bc2aadc06d"},"description":"Kan\u00eb kaluar kufirin dje (t\u00eb premten) mbasdite 31 vajzat konkurente p\u00ebr kuror\u00ebn e \u201cMiss Shqip\u00ebria 2014\u201d. Pas nj\u00eb turi q\u00eb zgjati pothuaj dy jav\u00eb n\u00ebp\u00ebr zonat","breadcrumb":{"@id":"https:\/\/www.visit-ulcinj.com\/blog\/2014\/06\/21\/vajzat-e-miss-shqiperia-2014-mberrijne-ne-ulqin\/#breadcrumb"},"inLanguage":"en-US","potentialAction":[{"@type":"ReadAction","target":["https:\/\/www.visit-ulcinj.com\/blog\/2014\/06\/21\/vajzat-e-miss-shqiperia-2014-mberrijne-ne-ulqin\/"]}]},{"@type":"BreadcrumbList","@id":"https:\/\/www.visit-ulcinj.com\/blog\/2014\/06\/21\/vajzat-e-miss-shqiperia-2014-mberrijne-ne-ulqin\/#breadcrumb","itemListElement":[{"@type":"ListItem","position":1,"name":"Vajzat e \u201cMiss Shqip\u00ebria\u201d 2014 mb\u00ebrrijn\u00eb n\u00eb Ulqin + Foto + Video"}]},{"@type":"Person","@id":"https:\/\/www.visit-ulcinj.com\/blog\/#\/schema\/person\/dcab619c614d3038751c63bc2aadc06d","name":"ulqini","sameAs":["http:\/\/www.visit-ulcinj.com"],"url":"https:\/\/www.visit-ulcinj.com\/blog\/author\/admin\/"}]}},"jetpack_featured_media_url":"","jetpack_sharing_enabled":true,"jetpack_shortlink":"https:\/\/wp.me\/pe6lTn-lFA","_links":{"self":[{"href":"https:\/\/www.visit-ulcinj.com\/blog\/wp-json\/wp\/v2\/posts\/83302"}],"collection":[{"href":"https:\/\/www.visit-ulcinj.com\/blog\/wp-json\/wp\/v2\/posts"}],"about":[{"href":"https:\/\/www.visit-ulcinj.com\/blog\/wp-json\/wp\/v2\/types\/post"}],"author":[{"embeddable":true,"href":"https:\/\/www.visit-ulcinj.com\/blog\/wp-json\/wp\/v2\/users\/1"}],"replies":[{"embeddable":true,"href":"https:\/\/www.visit-ulcinj.com\/blog\/wp-json\/wp\/v2\/comments?post=83302"}],"version-history":[{"count":4,"href":"https:\/\/www.visit-ulcinj.com\/blog\/wp-json\/wp\/v2\/posts\/83302\/revisions"}],"predecessor-version":[{"id":83401,"href":"https:\/\/www.visit-ulcinj.com\/blog\/wp-json\/wp\/v2\/posts\/83302\/revisions\/83401"}],"wp:attachment":[{"href":"https:\/\/www.visit-ulcinj.com\/blog\/wp-json\/wp\/v2\/media?parent=83302"}],"wp:term":[{"taxonomy":"category","embeddable":true,"href":"https:\/\/www.visit-ulcinj.com\/blog\/wp-json\/wp\/v2\/categories?post=83302"},{"taxonomy":"post_tag","embeddable":true,"href":"https:\/\/www.visit-ulcinj.com\/blog\/wp-json\/wp\/v2\/tags?post=83302"}],"curies":[{"name":"wp","href":"https:\/\/api.w.org\/{rel}","templated":true}]}}