{"id":83371,"date":"2014-06-22T10:07:21","date_gmt":"2014-06-22T09:07:21","guid":{"rendered":"http:\/\/www.visit-ulcinj.com\/blog\/?p=83371"},"modified":"2014-06-22T10:09:13","modified_gmt":"2014-06-22T09:09:13","slug":"selatin-gjeloshi-ne-emisionin-dokumentar-tv-teuta-video","status":"publish","type":"post","link":"https:\/\/www.visit-ulcinj.com\/blog\/2014\/06\/22\/selatin-gjeloshi-ne-emisionin-dokumentar-tv-teuta-video\/","title":{"rendered":"Selatin Gjeloshi ne emisionin \u201d Dokumentar \u201d Tv Teuta \u2013 Video"},"content":{"rendered":"<p id=\"watch-headline-title\"><strong><a href=\"http:\/\/www.visit-ulcinj.com\/blog\/wp-content\/uploads\/2014\/06\/Selatin-Gjeloshi-Ibrahim-Berjashi.jpg\"><img loading=\"lazy\" class=\"alignleft  wp-image-83372\" alt=\"Selatin-Gjeloshi-Ibrahim-Berjashi\" src=\"http:\/\/www.visit-ulcinj.com\/blog\/wp-content\/uploads\/2014\/06\/Selatin-Gjeloshi-Ibrahim-Berjashi.jpg\" width=\"508\" height=\"360\" \/><\/a>SHKA &#8220;Tradita&#8221; shperblehet ne Gjilan<\/strong><\/p>\n<p>Emisioni \u00a0\u201c\u00a0Dokumentar nga Ibrahim Berjashi\u201d sjell \u00e7do t\u00eb diele nj\u00eb emisionin t\u00eb nxeht\u00eb t\u00eb jav\u00ebs. \u00c7\u00ebshtjet m\u00eb t\u00eb forta,ngjarjet dhe \u00a0t\u00eb ftuar t\u00eb shumt\u00eb, intervista ekskluzive me Selatin Gjeloshin. N\u00eb nj\u00eb rr\u00ebfim t\u00eb jasht\u00ebzakonsh\u00ebm p\u00ebr emisionin \u201cDokumentar\u201d n\u00eb Tv Teuta flet Selatin Gjeloshi p\u00ebr shperblimet n\u00eb Gjilan t\u00eb SHKA Tradita.<\/p>\n<p>&nbsp;<\/p>\n<p><strong>Ju ftojm ta ndiqni emisionin<\/strong><\/p>\n<!--YouTube Error: bad URL entered-->\n<p><a href=\"http:\/\/www.visit-ulcinj.com\/blog\/wp-content\/uploads\/2014\/06\/SHA-Tradita-Ana-E-Malit-.jpg\"><img loading=\"lazy\" class=\"alignleft  wp-image-83133\" alt=\"SHA-Tradita-Ana-E-Malit-\" src=\"http:\/\/www.visit-ulcinj.com\/blog\/wp-content\/uploads\/2014\/06\/SHA-Tradita-Ana-E-Malit-.jpg\" width=\"508\" height=\"360\" \/><\/a>N\u00ebn patronatin e kryetarit t\u00eb Komun\u00ebs s\u00eb Gjilanit Lutfi Haziri, kan\u00eb nisur aktivitetet n\u00eb sh\u00ebnim t\u00eb 15-vjetorit t\u00eb \u00e7lirimit t\u00eb Gjilanit nga pushtuesi agresor serb, ku sonte \u00ebsht\u00eb mbajtur nata e par\u00eb e festivalit t\u00eb k\u00ebng\u00ebve dhe valleve \u201cGurra Popullore\u201d. Fillimisht tet\u00eb ansamblet e t\u00eb gjitha trojeve shqiptare kan\u00eb defiluar n\u00eb sheshin \u201cAgim Ramadani\u201d p\u00ebr t\u00eb nisur nata e pare e festivalit, i cili mbahet p\u00ebr her\u00eb t\u00eb 11-t\u00eb.<br \/>\nI pranish\u00ebm n\u00eb k\u00ebt\u00eb eveniment ka qen\u00eb kryetari i Komun\u00ebs s\u00eb Gjilanit Lutfi Haziri, n\u00ebnkryetari Rexhep Kadriu, drejtor\u00ebt komunal si dhe artdash\u00ebs e mysafir\u00eb nga t\u00eb gjitha trevat.<\/p>\n<p><a href=\"http:\/\/www.visit-ulcinj.com\/blog\/wp-content\/uploads\/2014\/06\/Gurra-Popullore-n\u00eb-Gjilan.jpg\"><img loading=\"lazy\" class=\"alignleft  wp-image-83152\" alt=\"Gurra Popullore n\u00eb Gjilan\" src=\"http:\/\/www.visit-ulcinj.com\/blog\/wp-content\/uploads\/2014\/06\/Gurra-Popullore-n\u00eb-Gjilan.jpg\" width=\"508\" height=\"360\" \/><\/a><\/p>\n<p>Para qindra t\u00eb pranishm\u00ebve, kryetari Lutfi Haziri ka uruar gjilanasit p\u00ebr dit\u00ebt e bardha t\u00eb liris\u00eb s\u00eb Gjilanit, nd\u00ebrsa u shpreh i lumtur dhe krenar me organizimin fantastik t\u00eb festivalit t\u00eb k\u00ebng\u00ebve dhe valleve \u201cGurra Popullore\u201d.<\/p>\n<p>\u201cM\u00eb lejoni q\u00eb n\u00eb em\u00ebr timin n\u00eb em\u00ebr t\u00eb familjes time dhe Kuvendit Komunal t\u00eb Gjilanit t\u2019ju uroj dit\u00ebt e bardha t\u00eb liris\u00eb, dit\u00ebt e \u00e7lirimit t\u00eb Gjilanit n\u00eb k\u00ebto dit\u00eb feste q\u00eb sivjet e sh\u00ebnojm\u00eb e liris\u00eb s\u00eb Gjilanit. M\u00eb lejoni t\u2019i fal\u00ebnderoj t\u00eb gjith\u00eb k\u00ebta njer\u00ebz q\u00eb kan\u00eb punuar shum\u00eb q\u00eb festivali i k\u00ebng\u00ebve dhe valleve n\u00eb k\u00ebt\u00eb vit t\u00eb b\u00ebhet realitet. Fal\u00ebnderoj jurin\u00eb q\u00eb \u00ebsht\u00eb k\u00ebtu, Drejtorin\u00eb e Kultur\u00ebs dhe gjith\u00eb pjes\u00ebmarr\u00ebsit q\u00eb sot e nes\u00ebr do ta ndajm\u00eb k\u00ebt\u00eb fest\u00eb, do ta ndajm\u00eb k\u00ebt\u00eb g\u00ebzim dhe do t\u2019i ndajm\u00eb k\u00ebto vlera kulturore me t\u00eb cil\u00ebt ne krenohemi si Gjilan, Karadak e Gollak dhe si bashk\u00ebvend\u00ebs, sepse ne jemi pjes\u00eb e r\u00ebnd\u00ebsishme e thesarit kulturor dhe vlerave tradicionale t\u00eb trash\u00ebguara q\u00eb do t\u2019i ruajm\u00eb dhe avancojm\u00eb. Urime k\u00ebto dit\u00eb t\u00eb bardha Gjilan, Zoti ju ruajt t\u00eb gjith\u00ebve\u201d, \u00ebsht\u00eb shprehur Haziri.<br \/>\n<a href=\"http:\/\/www.visit-ulcinj.com\/blog\/wp-content\/uploads\/2014\/06\/Gurra-Popullore-n\u00eb-Gjilan-2.jpg\"><img loading=\"lazy\" class=\"alignleft  wp-image-83153\" alt=\"Gurra Popullore n\u00eb Gjilan-2\" src=\"http:\/\/www.visit-ulcinj.com\/blog\/wp-content\/uploads\/2014\/06\/Gurra-Popullore-n\u00eb-Gjilan-2.jpg\" width=\"508\" height=\"360\" \/><\/a><\/p>\n<p>\u201cKy festival mbahet p\u00ebr shume vite me radhe dhe kishte karakter garues, pjes\u00ebmarr\u00ebs te k\u00ebtij festivali ishin edhe Ansamble dhe grupe nga e gjith\u00eb hap\u00ebsira Shqiptare, si : Ulqini , Shkupi, Veleshta-Struga,Tetova,Podujeva,Prizreni,Ka\u00e7aniku,Obiliqi dhe grupe lokale te qytetit te Gjilanit. Konkurrenca ishte jasht\u00ebzakonisht e fort\u00eb sepse edhe Ansamblet e tjera u paraqiten me programe shume te bukura dhe kolorit te jasht\u00ebzakonsh\u00ebm te veshjeve tona komb\u00ebtare.<\/p>\n<p>Ansambli i k\u00ebng\u00ebve dhe valleve &#8220;Gjilani&#8221;, i \u00ebsht\u00eb ndar\u00eb vendi i par\u00eb n\u00eb Festivalin \u201cGurra Popullore\u201d, kurse Sh.A. &#8221;Tradita&#8221; nga Ulqini ka arritur q\u00eb t\u00eb fitoi \u00c7mimin p\u00ebr pun\u00eb n\u00eb kontinuitet dhe ruajtjen e tradites.<\/p>\n<p><strong>SH.A <a id=\"js_51\" href=\"https:\/\/www.facebook.com\/tradita.anaemalit?hc_location=timeline\" data-hovercard=\"\/ajax\/hovercard\/user.php?id=100005584151048&amp;extragetparams=%7B%22hc_location%22%3A%22timeline%22%7D\">Tradita Ana E Malit <\/a>shprehet ne rrjetin social t\u00eb faqes se saj t\u00eb Facebookut:<\/strong><br \/>\nT\u00eb dashur miq,shok\u00eb dhe dashamir\u00eb ju njoftojm\u00eb se pjesmarrjen e Sh.A Tradita n\u00eb Festivalin Gurra Popullore 2014 Gjilan e mundsuan BKA dhe Shoqata Ana E Malit n\u00eb New York dhe njiherit i falenderojm\u00eb publikisht.<\/p>\n","protected":false},"excerpt":{"rendered":"<p>SHKA &#8220;Tradita&#8221; shperblehet ne Gjilan Emisioni \u00a0\u201c\u00a0Dokumentar nga Ibrahim Berjashi\u201d sjell \u00e7do t\u00eb diele nj\u00eb emisionin t\u00eb nxeht\u00eb t\u00eb jav\u00ebs. \u00c7\u00ebshtjet m\u00eb t\u00eb forta,ngjarjet dhe \u00a0t\u00eb ftuar t\u00eb shumt\u00eb, intervista ekskluzive me Selatin Gjeloshin. N\u00eb nj\u00eb rr\u00ebfim t\u00eb jasht\u00ebzakonsh\u00ebm p\u00ebr emisionin \u201cDokumentar\u201d n\u00eb Tv Teuta flet Selatin Gjeloshi p\u00ebr shperblimet n\u00eb Gjilan t\u00eb SHKA Tradita. [&hellip;]<\/p>\n","protected":false},"author":1,"featured_media":0,"comment_status":"closed","ping_status":"closed","sticky":false,"template":"","format":"standard","meta":{"spay_email":"","jetpack_publicize_message":"","jetpack_is_tweetstorm":false,"jetpack_publicize_feature_enabled":true},"categories":[5],"tags":[],"jetpack_publicize_connections":[],"yoast_head":"<!-- This site is optimized with the Yoast SEO plugin v19.1 - https:\/\/yoast.com\/wordpress\/plugins\/seo\/ -->\n<title>Selatin Gjeloshi ne emisionin \u201d Dokumentar \u201d Tv Teuta \u2013 Video - Lajme nga Ulqini<\/title>\n<meta name=\"description\" content=\"SHKA &quot;Tradita&quot; shperblehet ne Gjilan Emisioni \u00a0\u201c\u00a0Dokumentar nga Ibrahim Berjashi\u201d sjell \u00e7do t\u00eb diele nj\u00eb emisionin t\u00eb nxeht\u00eb t\u00eb jav\u00ebs. \u00c7\u00ebshtjet m\u00eb t\u00eb\" \/>\n<meta name=\"robots\" content=\"index, follow, max-snippet:-1, max-image-preview:large, max-video-preview:-1\" \/>\n<link rel=\"canonical\" href=\"https:\/\/www.visit-ulcinj.com\/blog\/2014\/06\/22\/selatin-gjeloshi-ne-emisionin-dokumentar-tv-teuta-video\/\" \/>\n<meta property=\"og:locale\" content=\"en_US\" \/>\n<meta property=\"og:type\" content=\"article\" \/>\n<meta property=\"og:title\" content=\"Selatin Gjeloshi ne emisionin \u201d Dokumentar \u201d Tv Teuta \u2013 Video - Lajme nga Ulqini\" \/>\n<meta property=\"og:description\" content=\"SHKA &quot;Tradita&quot; shperblehet ne Gjilan Emisioni \u00a0\u201c\u00a0Dokumentar nga Ibrahim Berjashi\u201d sjell \u00e7do t\u00eb diele nj\u00eb emisionin t\u00eb nxeht\u00eb t\u00eb jav\u00ebs. \u00c7\u00ebshtjet m\u00eb t\u00eb\" \/>\n<meta property=\"og:url\" content=\"https:\/\/www.visit-ulcinj.com\/blog\/2014\/06\/22\/selatin-gjeloshi-ne-emisionin-dokumentar-tv-teuta-video\/\" \/>\n<meta property=\"og:site_name\" content=\"Lajme nga Ulqini\" \/>\n<meta property=\"article:published_time\" content=\"2014-06-22T09:07:21+00:00\" \/>\n<meta property=\"article:modified_time\" content=\"2014-06-22T09:09:13+00:00\" \/>\n<meta property=\"og:image\" content=\"http:\/\/www.visit-ulcinj.com\/blog\/wp-content\/uploads\/2014\/06\/Selatin-Gjeloshi-Ibrahim-Berjashi.jpg\" \/>\n<meta name=\"twitter:label1\" content=\"Written by\" \/>\n\t<meta name=\"twitter:data1\" content=\"ulqini\" \/>\n\t<meta name=\"twitter:label2\" content=\"Est. reading time\" \/>\n\t<meta name=\"twitter:data2\" content=\"3 minutes\" \/>\n<script type=\"application\/ld+json\" class=\"yoast-schema-graph\">{\"@context\":\"https:\/\/schema.org\",\"@graph\":[{\"@type\":\"WebSite\",\"@id\":\"https:\/\/www.visit-ulcinj.com\/blog\/#website\",\"url\":\"https:\/\/www.visit-ulcinj.com\/blog\/\",\"name\":\"Lajme nga Ulqini\",\"description\":\"Lajme,Vijesti,Ulqini,Ulqin,Crna Gora,Mali i Zi\",\"potentialAction\":[{\"@type\":\"SearchAction\",\"target\":{\"@type\":\"EntryPoint\",\"urlTemplate\":\"https:\/\/www.visit-ulcinj.com\/blog\/?s={search_term_string}\"},\"query-input\":\"required name=search_term_string\"}],\"inLanguage\":\"en-US\"},{\"@type\":\"ImageObject\",\"inLanguage\":\"en-US\",\"@id\":\"https:\/\/www.visit-ulcinj.com\/blog\/2014\/06\/22\/selatin-gjeloshi-ne-emisionin-dokumentar-tv-teuta-video\/#primaryimage\",\"url\":\"https:\/\/www.visit-ulcinj.com\/blog\/wp-content\/uploads\/2014\/06\/Selatin-Gjeloshi-Ibrahim-Berjashi.jpg\",\"contentUrl\":\"https:\/\/www.visit-ulcinj.com\/blog\/wp-content\/uploads\/2014\/06\/Selatin-Gjeloshi-Ibrahim-Berjashi.jpg\",\"width\":508,\"height\":384},{\"@type\":\"WebPage\",\"@id\":\"https:\/\/www.visit-ulcinj.com\/blog\/2014\/06\/22\/selatin-gjeloshi-ne-emisionin-dokumentar-tv-teuta-video\/#webpage\",\"url\":\"https:\/\/www.visit-ulcinj.com\/blog\/2014\/06\/22\/selatin-gjeloshi-ne-emisionin-dokumentar-tv-teuta-video\/\",\"name\":\"Selatin Gjeloshi ne emisionin \u201d Dokumentar \u201d Tv Teuta \u2013 Video - Lajme nga Ulqini\",\"isPartOf\":{\"@id\":\"https:\/\/www.visit-ulcinj.com\/blog\/#website\"},\"primaryImageOfPage\":{\"@id\":\"https:\/\/www.visit-ulcinj.com\/blog\/2014\/06\/22\/selatin-gjeloshi-ne-emisionin-dokumentar-tv-teuta-video\/#primaryimage\"},\"datePublished\":\"2014-06-22T09:07:21+00:00\",\"dateModified\":\"2014-06-22T09:09:13+00:00\",\"author\":{\"@id\":\"https:\/\/www.visit-ulcinj.com\/blog\/#\/schema\/person\/dcab619c614d3038751c63bc2aadc06d\"},\"description\":\"SHKA \\\"Tradita\\\" shperblehet ne Gjilan Emisioni \u00a0\u201c\u00a0Dokumentar nga Ibrahim Berjashi\u201d sjell \u00e7do t\u00eb diele nj\u00eb emisionin t\u00eb nxeht\u00eb t\u00eb jav\u00ebs. \u00c7\u00ebshtjet m\u00eb t\u00eb\",\"breadcrumb\":{\"@id\":\"https:\/\/www.visit-ulcinj.com\/blog\/2014\/06\/22\/selatin-gjeloshi-ne-emisionin-dokumentar-tv-teuta-video\/#breadcrumb\"},\"inLanguage\":\"en-US\",\"potentialAction\":[{\"@type\":\"ReadAction\",\"target\":[\"https:\/\/www.visit-ulcinj.com\/blog\/2014\/06\/22\/selatin-gjeloshi-ne-emisionin-dokumentar-tv-teuta-video\/\"]}]},{\"@type\":\"BreadcrumbList\",\"@id\":\"https:\/\/www.visit-ulcinj.com\/blog\/2014\/06\/22\/selatin-gjeloshi-ne-emisionin-dokumentar-tv-teuta-video\/#breadcrumb\",\"itemListElement\":[{\"@type\":\"ListItem\",\"position\":1,\"name\":\"Selatin Gjeloshi ne emisionin \u201d Dokumentar \u201d Tv Teuta \u2013 Video\"}]},{\"@type\":\"Person\",\"@id\":\"https:\/\/www.visit-ulcinj.com\/blog\/#\/schema\/person\/dcab619c614d3038751c63bc2aadc06d\",\"name\":\"ulqini\",\"sameAs\":[\"http:\/\/www.visit-ulcinj.com\"],\"url\":\"https:\/\/www.visit-ulcinj.com\/blog\/author\/admin\/\"}]}<\/script>\n<!-- \/ Yoast SEO plugin. -->","yoast_head_json":{"title":"Selatin Gjeloshi ne emisionin \u201d Dokumentar \u201d Tv Teuta \u2013 Video - Lajme nga Ulqini","description":"SHKA \"Tradita\" shperblehet ne Gjilan Emisioni \u00a0\u201c\u00a0Dokumentar nga Ibrahim Berjashi\u201d sjell \u00e7do t\u00eb diele nj\u00eb emisionin t\u00eb nxeht\u00eb t\u00eb jav\u00ebs. \u00c7\u00ebshtjet m\u00eb t\u00eb","robots":{"index":"index","follow":"follow","max-snippet":"max-snippet:-1","max-image-preview":"max-image-preview:large","max-video-preview":"max-video-preview:-1"},"canonical":"https:\/\/www.visit-ulcinj.com\/blog\/2014\/06\/22\/selatin-gjeloshi-ne-emisionin-dokumentar-tv-teuta-video\/","og_locale":"en_US","og_type":"article","og_title":"Selatin Gjeloshi ne emisionin \u201d Dokumentar \u201d Tv Teuta \u2013 Video - Lajme nga Ulqini","og_description":"SHKA \"Tradita\" shperblehet ne Gjilan Emisioni \u00a0\u201c\u00a0Dokumentar nga Ibrahim Berjashi\u201d sjell \u00e7do t\u00eb diele nj\u00eb emisionin t\u00eb nxeht\u00eb t\u00eb jav\u00ebs. \u00c7\u00ebshtjet m\u00eb t\u00eb","og_url":"https:\/\/www.visit-ulcinj.com\/blog\/2014\/06\/22\/selatin-gjeloshi-ne-emisionin-dokumentar-tv-teuta-video\/","og_site_name":"Lajme nga Ulqini","article_published_time":"2014-06-22T09:07:21+00:00","article_modified_time":"2014-06-22T09:09:13+00:00","og_image":[{"url":"http:\/\/www.visit-ulcinj.com\/blog\/wp-content\/uploads\/2014\/06\/Selatin-Gjeloshi-Ibrahim-Berjashi.jpg"}],"twitter_misc":{"Written by":"ulqini","Est. reading time":"3 minutes"},"schema":{"@context":"https:\/\/schema.org","@graph":[{"@type":"WebSite","@id":"https:\/\/www.visit-ulcinj.com\/blog\/#website","url":"https:\/\/www.visit-ulcinj.com\/blog\/","name":"Lajme nga Ulqini","description":"Lajme,Vijesti,Ulqini,Ulqin,Crna Gora,Mali i Zi","potentialAction":[{"@type":"SearchAction","target":{"@type":"EntryPoint","urlTemplate":"https:\/\/www.visit-ulcinj.com\/blog\/?s={search_term_string}"},"query-input":"required name=search_term_string"}],"inLanguage":"en-US"},{"@type":"ImageObject","inLanguage":"en-US","@id":"https:\/\/www.visit-ulcinj.com\/blog\/2014\/06\/22\/selatin-gjeloshi-ne-emisionin-dokumentar-tv-teuta-video\/#primaryimage","url":"https:\/\/www.visit-ulcinj.com\/blog\/wp-content\/uploads\/2014\/06\/Selatin-Gjeloshi-Ibrahim-Berjashi.jpg","contentUrl":"https:\/\/www.visit-ulcinj.com\/blog\/wp-content\/uploads\/2014\/06\/Selatin-Gjeloshi-Ibrahim-Berjashi.jpg","width":508,"height":384},{"@type":"WebPage","@id":"https:\/\/www.visit-ulcinj.com\/blog\/2014\/06\/22\/selatin-gjeloshi-ne-emisionin-dokumentar-tv-teuta-video\/#webpage","url":"https:\/\/www.visit-ulcinj.com\/blog\/2014\/06\/22\/selatin-gjeloshi-ne-emisionin-dokumentar-tv-teuta-video\/","name":"Selatin Gjeloshi ne emisionin \u201d Dokumentar \u201d Tv Teuta \u2013 Video - Lajme nga Ulqini","isPartOf":{"@id":"https:\/\/www.visit-ulcinj.com\/blog\/#website"},"primaryImageOfPage":{"@id":"https:\/\/www.visit-ulcinj.com\/blog\/2014\/06\/22\/selatin-gjeloshi-ne-emisionin-dokumentar-tv-teuta-video\/#primaryimage"},"datePublished":"2014-06-22T09:07:21+00:00","dateModified":"2014-06-22T09:09:13+00:00","author":{"@id":"https:\/\/www.visit-ulcinj.com\/blog\/#\/schema\/person\/dcab619c614d3038751c63bc2aadc06d"},"description":"SHKA \"Tradita\" shperblehet ne Gjilan Emisioni \u00a0\u201c\u00a0Dokumentar nga Ibrahim Berjashi\u201d sjell \u00e7do t\u00eb diele nj\u00eb emisionin t\u00eb nxeht\u00eb t\u00eb jav\u00ebs. \u00c7\u00ebshtjet m\u00eb t\u00eb","breadcrumb":{"@id":"https:\/\/www.visit-ulcinj.com\/blog\/2014\/06\/22\/selatin-gjeloshi-ne-emisionin-dokumentar-tv-teuta-video\/#breadcrumb"},"inLanguage":"en-US","potentialAction":[{"@type":"ReadAction","target":["https:\/\/www.visit-ulcinj.com\/blog\/2014\/06\/22\/selatin-gjeloshi-ne-emisionin-dokumentar-tv-teuta-video\/"]}]},{"@type":"BreadcrumbList","@id":"https:\/\/www.visit-ulcinj.com\/blog\/2014\/06\/22\/selatin-gjeloshi-ne-emisionin-dokumentar-tv-teuta-video\/#breadcrumb","itemListElement":[{"@type":"ListItem","position":1,"name":"Selatin Gjeloshi ne emisionin \u201d Dokumentar \u201d Tv Teuta \u2013 Video"}]},{"@type":"Person","@id":"https:\/\/www.visit-ulcinj.com\/blog\/#\/schema\/person\/dcab619c614d3038751c63bc2aadc06d","name":"ulqini","sameAs":["http:\/\/www.visit-ulcinj.com"],"url":"https:\/\/www.visit-ulcinj.com\/blog\/author\/admin\/"}]}},"jetpack_featured_media_url":"","jetpack_sharing_enabled":true,"jetpack_shortlink":"https:\/\/wp.me\/pe6lTn-lGH","_links":{"self":[{"href":"https:\/\/www.visit-ulcinj.com\/blog\/wp-json\/wp\/v2\/posts\/83371"}],"collection":[{"href":"https:\/\/www.visit-ulcinj.com\/blog\/wp-json\/wp\/v2\/posts"}],"about":[{"href":"https:\/\/www.visit-ulcinj.com\/blog\/wp-json\/wp\/v2\/types\/post"}],"author":[{"embeddable":true,"href":"https:\/\/www.visit-ulcinj.com\/blog\/wp-json\/wp\/v2\/users\/1"}],"replies":[{"embeddable":true,"href":"https:\/\/www.visit-ulcinj.com\/blog\/wp-json\/wp\/v2\/comments?post=83371"}],"version-history":[{"count":3,"href":"https:\/\/www.visit-ulcinj.com\/blog\/wp-json\/wp\/v2\/posts\/83371\/revisions"}],"predecessor-version":[{"id":83375,"href":"https:\/\/www.visit-ulcinj.com\/blog\/wp-json\/wp\/v2\/posts\/83371\/revisions\/83375"}],"wp:attachment":[{"href":"https:\/\/www.visit-ulcinj.com\/blog\/wp-json\/wp\/v2\/media?parent=83371"}],"wp:term":[{"taxonomy":"category","embeddable":true,"href":"https:\/\/www.visit-ulcinj.com\/blog\/wp-json\/wp\/v2\/categories?post=83371"},{"taxonomy":"post_tag","embeddable":true,"href":"https:\/\/www.visit-ulcinj.com\/blog\/wp-json\/wp\/v2\/tags?post=83371"}],"curies":[{"name":"wp","href":"https:\/\/api.w.org\/{rel}","templated":true}]}}