{"id":83415,"date":"2014-06-23T07:30:13","date_gmt":"2014-06-23T06:30:13","guid":{"rendered":"http:\/\/www.visit-ulcinj.com\/blog\/?p=83415"},"modified":"2014-06-23T07:30:13","modified_gmt":"2014-06-23T06:30:13","slug":"omer-bajraktari-ubrzali-smo-mjere-za-izradu-strateskog-plana-ulcinja","status":"publish","type":"post","link":"https:\/\/www.visit-ulcinj.com\/blog\/2014\/06\/23\/omer-bajraktari-ubrzali-smo-mjere-za-izradu-strateskog-plana-ulcinja\/","title":{"rendered":"Omer Bajraktari: Ubrzali smo mjere za izradu Strate\u0161kog plana Ulcinja"},"content":{"rendered":"<p><a href=\"http:\/\/www.visit-ulcinj.com\/blog\/wp-content\/uploads\/2014\/06\/Omer-Bajraktari.jpg\"><img loading=\"lazy\" class=\"alignleft  wp-image-83416\" alt=\"Omer Bajraktari\" src=\"http:\/\/www.visit-ulcinj.com\/blog\/wp-content\/uploads\/2014\/06\/Omer-Bajraktari.jpg\" width=\"508\" height=\"360\" \/><\/a>Op\u0161tina Ulcinj je jedna od rijetkih op\u0161tina koja nije donijela Strate\u0161ki plan razvoja, \u0161to je prili\u010dno pora\u017eavaju\u0107a \u010dinjenica i velika barijera prilikom promi\u0161ljanja o potezima daljnjeg razvoja op\u0161tine, naro\u010dito u odre\u0111ivanju prioritetnih projektnih aktivnosti, saop\u0161tio je mend\u017eer te Op\u0161tine i \u010dlan Pozitivne crne Gore Omer Bajraktari.<\/p>\n<p>On je rekao i da su zbog toga ubrzali mjere koje su potrebne da se uklone postoje\u0107e prepreke.<\/p>\n<p>&#8220;Predao sam rje\u0161enje o formiranju stru\u010dnog tima za izradu Strate\u0161kog plana za 2015-2020. godinu koji je ve\u0107 sastavljen. Gradona\u010delnik Fatmir \u0110eka je potpisao rje\u0161enje, a o\u010dekujem da \u0107e verzija koja postoji kao draft dokument, ubrzo po formiranju tog tijela, dobiti svoju zavr\u0161nu verziju i nakon toga \u0107e Ministarstvo ekonomije i Skup\u0161tina Op\u0161tine dati svoj kona\u010dni sud&#8221;, rekao je Bajraktari.<\/p>\n<p>Po njegovim rije\u010dima uz to intenzivno rade na pripremi i drugih dokumenta koji trebaju pospje\u0161iti razvoj Ulcinja kao \u0161to su vi\u0161egodi\u0161nji investicioni plan i plan za subvencioniranje poljoprivrednika i preduzetnika.<\/p>\n<p>&#8220;Paralelno radimo i na otvaranju kancelarije, popularno nazvane &#8220;One Stop Shop&#8221; koja \u0107e ubrzati proces prikupljanja potrebne dokumentacije za potencijalne investitore. Moram priznati, uz punu odgovornost prema gra\u0111anima Ulcinja da je izuzetno slo\u017eena ekonomska situacija u kojoj se Op\u0161tina nalazi prili\u010dno ote\u017eala realizaciju planova koje su u domenu menad\u017eera op\u0161tine&#8221;, istakao je on.<\/p>\n<p>Bajraktari je ocijenio i da je pored svih te\u0161ko\u0107a, siguran da Op\u0161tina Ulcinj ima mogu\u0107nosti za dinami\u010dniji razvoj, a da bi do njega do\u0161lo potrebna je unutra\u0161nja reforma administracije i bolja koordinacija sa organima centralne vlasti.<\/p>\n<p>&#8220;Ono sa \u010dime mo\u017eemo da se pohvalimo jeste dobra saradnja sa drugim op\u0161tinama u Crnoj Gori na \u010dijem se unapre\u0111enju konstatno radi, kao i sa gradovima dr\u017eava regiona. Naro\u010diti progres je postignut sa gradovima u BiH, a tu prije svega moram pomenuti gradove Mostar i Lukavac sa kojima smo po\u010deli da realizujemo zajedni\u010dke projekte. Me\u0111u njima najzna\u010dajniji je dogovor sa kompanijom Amko komerc i Jafa komerc koji \u0107e vr\u0161iti otkup poljoprivrednih proizvoda proizvo\u0111a\u010da sa podru\u010dja op\u0161tine Ulcinj&#8221;, zaklju\u010dio je Barjaktari.<\/p>\n<p><strong>Izvor: Vijesti Online<\/strong><\/p>\n","protected":false},"excerpt":{"rendered":"<p>Op\u0161tina Ulcinj je jedna od rijetkih op\u0161tina koja nije donijela Strate\u0161ki plan razvoja, \u0161to je prili\u010dno pora\u017eavaju\u0107a \u010dinjenica i velika barijera prilikom promi\u0161ljanja o potezima daljnjeg razvoja op\u0161tine, naro\u010dito u odre\u0111ivanju prioritetnih projektnih aktivnosti, saop\u0161tio je mend\u017eer te Op\u0161tine i \u010dlan Pozitivne crne Gore Omer Bajraktari. On je rekao i da su zbog toga ubrzali [&hellip;]<\/p>\n","protected":false},"author":1,"featured_media":0,"comment_status":"closed","ping_status":"closed","sticky":false,"template":"","format":"standard","meta":{"spay_email":"","jetpack_publicize_message":"","jetpack_is_tweetstorm":false,"jetpack_publicize_feature_enabled":true},"categories":[8337],"tags":[],"jetpack_publicize_connections":[],"yoast_head":"<!-- This site is optimized with the Yoast SEO plugin v19.1 - https:\/\/yoast.com\/wordpress\/plugins\/seo\/ -->\n<title>Omer Bajraktari: Ubrzali smo mjere za izradu Strate\u0161kog plana Ulcinja - Lajme nga Ulqini<\/title>\n<meta name=\"description\" content=\"Op\u0161tina Ulcinj je jedna od rijetkih op\u0161tina koja nije donijela Strate\u0161ki plan razvoja, \u0161to je prili\u010dno pora\u017eavaju\u0107a \u010dinjenica i velika barijera prilikom\" \/>\n<meta name=\"robots\" content=\"index, follow, max-snippet:-1, max-image-preview:large, max-video-preview:-1\" \/>\n<link rel=\"canonical\" href=\"https:\/\/www.visit-ulcinj.com\/blog\/2014\/06\/23\/omer-bajraktari-ubrzali-smo-mjere-za-izradu-strateskog-plana-ulcinja\/\" \/>\n<meta property=\"og:locale\" content=\"en_US\" \/>\n<meta property=\"og:type\" content=\"article\" \/>\n<meta property=\"og:title\" content=\"Omer Bajraktari: Ubrzali smo mjere za izradu Strate\u0161kog plana Ulcinja - Lajme nga Ulqini\" \/>\n<meta property=\"og:description\" content=\"Op\u0161tina Ulcinj je jedna od rijetkih op\u0161tina koja nije donijela Strate\u0161ki plan razvoja, \u0161to je prili\u010dno pora\u017eavaju\u0107a \u010dinjenica i velika barijera prilikom\" \/>\n<meta property=\"og:url\" content=\"https:\/\/www.visit-ulcinj.com\/blog\/2014\/06\/23\/omer-bajraktari-ubrzali-smo-mjere-za-izradu-strateskog-plana-ulcinja\/\" \/>\n<meta property=\"og:site_name\" content=\"Lajme nga Ulqini\" \/>\n<meta property=\"article:published_time\" content=\"2014-06-23T06:30:13+00:00\" \/>\n<meta property=\"og:image\" content=\"http:\/\/www.visit-ulcinj.com\/blog\/wp-content\/uploads\/2014\/06\/Omer-Bajraktari.jpg\" \/>\n<meta name=\"twitter:label1\" content=\"Written by\" \/>\n\t<meta name=\"twitter:data1\" content=\"ulqini\" \/>\n\t<meta name=\"twitter:label2\" content=\"Est. reading time\" \/>\n\t<meta name=\"twitter:data2\" content=\"2 minutes\" \/>\n<script type=\"application\/ld+json\" class=\"yoast-schema-graph\">{\"@context\":\"https:\/\/schema.org\",\"@graph\":[{\"@type\":\"WebSite\",\"@id\":\"https:\/\/www.visit-ulcinj.com\/blog\/#website\",\"url\":\"https:\/\/www.visit-ulcinj.com\/blog\/\",\"name\":\"Lajme nga Ulqini\",\"description\":\"Lajme,Vijesti,Ulqini,Ulqin,Crna Gora,Mali i Zi\",\"potentialAction\":[{\"@type\":\"SearchAction\",\"target\":{\"@type\":\"EntryPoint\",\"urlTemplate\":\"https:\/\/www.visit-ulcinj.com\/blog\/?s={search_term_string}\"},\"query-input\":\"required name=search_term_string\"}],\"inLanguage\":\"en-US\"},{\"@type\":\"ImageObject\",\"inLanguage\":\"en-US\",\"@id\":\"https:\/\/www.visit-ulcinj.com\/blog\/2014\/06\/23\/omer-bajraktari-ubrzali-smo-mjere-za-izradu-strateskog-plana-ulcinja\/#primaryimage\",\"url\":\"https:\/\/www.visit-ulcinj.com\/blog\/wp-content\/uploads\/2014\/06\/Omer-Bajraktari.jpg\",\"contentUrl\":\"https:\/\/www.visit-ulcinj.com\/blog\/wp-content\/uploads\/2014\/06\/Omer-Bajraktari.jpg\",\"width\":1000,\"height\":666},{\"@type\":\"WebPage\",\"@id\":\"https:\/\/www.visit-ulcinj.com\/blog\/2014\/06\/23\/omer-bajraktari-ubrzali-smo-mjere-za-izradu-strateskog-plana-ulcinja\/#webpage\",\"url\":\"https:\/\/www.visit-ulcinj.com\/blog\/2014\/06\/23\/omer-bajraktari-ubrzali-smo-mjere-za-izradu-strateskog-plana-ulcinja\/\",\"name\":\"Omer Bajraktari: Ubrzali smo mjere za izradu Strate\u0161kog plana Ulcinja - Lajme nga Ulqini\",\"isPartOf\":{\"@id\":\"https:\/\/www.visit-ulcinj.com\/blog\/#website\"},\"primaryImageOfPage\":{\"@id\":\"https:\/\/www.visit-ulcinj.com\/blog\/2014\/06\/23\/omer-bajraktari-ubrzali-smo-mjere-za-izradu-strateskog-plana-ulcinja\/#primaryimage\"},\"datePublished\":\"2014-06-23T06:30:13+00:00\",\"dateModified\":\"2014-06-23T06:30:13+00:00\",\"author\":{\"@id\":\"https:\/\/www.visit-ulcinj.com\/blog\/#\/schema\/person\/dcab619c614d3038751c63bc2aadc06d\"},\"description\":\"Op\u0161tina Ulcinj je jedna od rijetkih op\u0161tina koja nije donijela Strate\u0161ki plan razvoja, \u0161to je prili\u010dno pora\u017eavaju\u0107a \u010dinjenica i velika barijera prilikom\",\"breadcrumb\":{\"@id\":\"https:\/\/www.visit-ulcinj.com\/blog\/2014\/06\/23\/omer-bajraktari-ubrzali-smo-mjere-za-izradu-strateskog-plana-ulcinja\/#breadcrumb\"},\"inLanguage\":\"en-US\",\"potentialAction\":[{\"@type\":\"ReadAction\",\"target\":[\"https:\/\/www.visit-ulcinj.com\/blog\/2014\/06\/23\/omer-bajraktari-ubrzali-smo-mjere-za-izradu-strateskog-plana-ulcinja\/\"]}]},{\"@type\":\"BreadcrumbList\",\"@id\":\"https:\/\/www.visit-ulcinj.com\/blog\/2014\/06\/23\/omer-bajraktari-ubrzali-smo-mjere-za-izradu-strateskog-plana-ulcinja\/#breadcrumb\",\"itemListElement\":[{\"@type\":\"ListItem\",\"position\":1,\"name\":\"Omer Bajraktari: Ubrzali smo mjere za izradu Strate\u0161kog plana Ulcinja\"}]},{\"@type\":\"Person\",\"@id\":\"https:\/\/www.visit-ulcinj.com\/blog\/#\/schema\/person\/dcab619c614d3038751c63bc2aadc06d\",\"name\":\"ulqini\",\"sameAs\":[\"http:\/\/www.visit-ulcinj.com\"],\"url\":\"https:\/\/www.visit-ulcinj.com\/blog\/author\/admin\/\"}]}<\/script>\n<!-- \/ Yoast SEO plugin. -->","yoast_head_json":{"title":"Omer Bajraktari: Ubrzali smo mjere za izradu Strate\u0161kog plana Ulcinja - Lajme nga Ulqini","description":"Op\u0161tina Ulcinj je jedna od rijetkih op\u0161tina koja nije donijela Strate\u0161ki plan razvoja, \u0161to je prili\u010dno pora\u017eavaju\u0107a \u010dinjenica i velika barijera prilikom","robots":{"index":"index","follow":"follow","max-snippet":"max-snippet:-1","max-image-preview":"max-image-preview:large","max-video-preview":"max-video-preview:-1"},"canonical":"https:\/\/www.visit-ulcinj.com\/blog\/2014\/06\/23\/omer-bajraktari-ubrzali-smo-mjere-za-izradu-strateskog-plana-ulcinja\/","og_locale":"en_US","og_type":"article","og_title":"Omer Bajraktari: Ubrzali smo mjere za izradu Strate\u0161kog plana Ulcinja - Lajme nga Ulqini","og_description":"Op\u0161tina Ulcinj je jedna od rijetkih op\u0161tina koja nije donijela Strate\u0161ki plan razvoja, \u0161to je prili\u010dno pora\u017eavaju\u0107a \u010dinjenica i velika barijera prilikom","og_url":"https:\/\/www.visit-ulcinj.com\/blog\/2014\/06\/23\/omer-bajraktari-ubrzali-smo-mjere-za-izradu-strateskog-plana-ulcinja\/","og_site_name":"Lajme nga Ulqini","article_published_time":"2014-06-23T06:30:13+00:00","og_image":[{"url":"http:\/\/www.visit-ulcinj.com\/blog\/wp-content\/uploads\/2014\/06\/Omer-Bajraktari.jpg"}],"twitter_misc":{"Written by":"ulqini","Est. reading time":"2 minutes"},"schema":{"@context":"https:\/\/schema.org","@graph":[{"@type":"WebSite","@id":"https:\/\/www.visit-ulcinj.com\/blog\/#website","url":"https:\/\/www.visit-ulcinj.com\/blog\/","name":"Lajme nga Ulqini","description":"Lajme,Vijesti,Ulqini,Ulqin,Crna Gora,Mali i Zi","potentialAction":[{"@type":"SearchAction","target":{"@type":"EntryPoint","urlTemplate":"https:\/\/www.visit-ulcinj.com\/blog\/?s={search_term_string}"},"query-input":"required name=search_term_string"}],"inLanguage":"en-US"},{"@type":"ImageObject","inLanguage":"en-US","@id":"https:\/\/www.visit-ulcinj.com\/blog\/2014\/06\/23\/omer-bajraktari-ubrzali-smo-mjere-za-izradu-strateskog-plana-ulcinja\/#primaryimage","url":"https:\/\/www.visit-ulcinj.com\/blog\/wp-content\/uploads\/2014\/06\/Omer-Bajraktari.jpg","contentUrl":"https:\/\/www.visit-ulcinj.com\/blog\/wp-content\/uploads\/2014\/06\/Omer-Bajraktari.jpg","width":1000,"height":666},{"@type":"WebPage","@id":"https:\/\/www.visit-ulcinj.com\/blog\/2014\/06\/23\/omer-bajraktari-ubrzali-smo-mjere-za-izradu-strateskog-plana-ulcinja\/#webpage","url":"https:\/\/www.visit-ulcinj.com\/blog\/2014\/06\/23\/omer-bajraktari-ubrzali-smo-mjere-za-izradu-strateskog-plana-ulcinja\/","name":"Omer Bajraktari: Ubrzali smo mjere za izradu Strate\u0161kog plana Ulcinja - Lajme nga Ulqini","isPartOf":{"@id":"https:\/\/www.visit-ulcinj.com\/blog\/#website"},"primaryImageOfPage":{"@id":"https:\/\/www.visit-ulcinj.com\/blog\/2014\/06\/23\/omer-bajraktari-ubrzali-smo-mjere-za-izradu-strateskog-plana-ulcinja\/#primaryimage"},"datePublished":"2014-06-23T06:30:13+00:00","dateModified":"2014-06-23T06:30:13+00:00","author":{"@id":"https:\/\/www.visit-ulcinj.com\/blog\/#\/schema\/person\/dcab619c614d3038751c63bc2aadc06d"},"description":"Op\u0161tina Ulcinj je jedna od rijetkih op\u0161tina koja nije donijela Strate\u0161ki plan razvoja, \u0161to je prili\u010dno pora\u017eavaju\u0107a \u010dinjenica i velika barijera prilikom","breadcrumb":{"@id":"https:\/\/www.visit-ulcinj.com\/blog\/2014\/06\/23\/omer-bajraktari-ubrzali-smo-mjere-za-izradu-strateskog-plana-ulcinja\/#breadcrumb"},"inLanguage":"en-US","potentialAction":[{"@type":"ReadAction","target":["https:\/\/www.visit-ulcinj.com\/blog\/2014\/06\/23\/omer-bajraktari-ubrzali-smo-mjere-za-izradu-strateskog-plana-ulcinja\/"]}]},{"@type":"BreadcrumbList","@id":"https:\/\/www.visit-ulcinj.com\/blog\/2014\/06\/23\/omer-bajraktari-ubrzali-smo-mjere-za-izradu-strateskog-plana-ulcinja\/#breadcrumb","itemListElement":[{"@type":"ListItem","position":1,"name":"Omer Bajraktari: Ubrzali smo mjere za izradu Strate\u0161kog plana Ulcinja"}]},{"@type":"Person","@id":"https:\/\/www.visit-ulcinj.com\/blog\/#\/schema\/person\/dcab619c614d3038751c63bc2aadc06d","name":"ulqini","sameAs":["http:\/\/www.visit-ulcinj.com"],"url":"https:\/\/www.visit-ulcinj.com\/blog\/author\/admin\/"}]}},"jetpack_featured_media_url":"","jetpack_sharing_enabled":true,"jetpack_shortlink":"https:\/\/wp.me\/pe6lTn-lHp","_links":{"self":[{"href":"https:\/\/www.visit-ulcinj.com\/blog\/wp-json\/wp\/v2\/posts\/83415"}],"collection":[{"href":"https:\/\/www.visit-ulcinj.com\/blog\/wp-json\/wp\/v2\/posts"}],"about":[{"href":"https:\/\/www.visit-ulcinj.com\/blog\/wp-json\/wp\/v2\/types\/post"}],"author":[{"embeddable":true,"href":"https:\/\/www.visit-ulcinj.com\/blog\/wp-json\/wp\/v2\/users\/1"}],"replies":[{"embeddable":true,"href":"https:\/\/www.visit-ulcinj.com\/blog\/wp-json\/wp\/v2\/comments?post=83415"}],"version-history":[{"count":1,"href":"https:\/\/www.visit-ulcinj.com\/blog\/wp-json\/wp\/v2\/posts\/83415\/revisions"}],"predecessor-version":[{"id":83417,"href":"https:\/\/www.visit-ulcinj.com\/blog\/wp-json\/wp\/v2\/posts\/83415\/revisions\/83417"}],"wp:attachment":[{"href":"https:\/\/www.visit-ulcinj.com\/blog\/wp-json\/wp\/v2\/media?parent=83415"}],"wp:term":[{"taxonomy":"category","embeddable":true,"href":"https:\/\/www.visit-ulcinj.com\/blog\/wp-json\/wp\/v2\/categories?post=83415"},{"taxonomy":"post_tag","embeddable":true,"href":"https:\/\/www.visit-ulcinj.com\/blog\/wp-json\/wp\/v2\/tags?post=83415"}],"curies":[{"name":"wp","href":"https:\/\/api.w.org\/{rel}","templated":true}]}}