{"id":83421,"date":"2014-06-23T15:46:17","date_gmt":"2014-06-23T14:46:17","guid":{"rendered":"http:\/\/www.visit-ulcinj.com\/blog\/?p=83421"},"modified":"2014-06-23T15:46:17","modified_gmt":"2014-06-23T14:46:17","slug":"historia-e-fshatit-kravar-ikonen-e-saj-xhamin-e-vjeter-video","status":"publish","type":"post","link":"https:\/\/www.visit-ulcinj.com\/blog\/2014\/06\/23\/historia-e-fshatit-kravar-ikonen-e-saj-xhamin-e-vjeter-video\/","title":{"rendered":"Historia e fshatit Kravar me ikonen e saj, xhamin e vjeter &#8211; Video"},"content":{"rendered":"<div data-reactid=\".20.$mid=11403531558816=2595c7d40c16e77db09.2:0\">\n<div data-reactid=\".20.$mid=11403531558816=2595c7d40c16e77db09.2:0.0\">\n<div data-reactid=\".20.$mid=11403531558816=2595c7d40c16e77db09.2:0.0.0\">\n<div data-reactid=\".20.$mid=11403531558816=2595c7d40c16e77db09.2:0.0.0.0\"><strong><a href=\"http:\/\/www.visit-ulcinj.com\/blog\/wp-content\/uploads\/2014\/06\/Historia-e-fshatit-Kravar-Xhamia-1.jpg\"><img loading=\"lazy\" class=\"alignleft  wp-image-83424\" alt=\"Historia e fshatit Kravar-Xhamia-1\" src=\"http:\/\/www.visit-ulcinj.com\/blog\/wp-content\/uploads\/2014\/06\/Historia-e-fshatit-Kravar-Xhamia-1.jpg\" width=\"508\" height=\"360\" \/><\/a>Historia e Fshatit Kravar<\/strong><\/div>\n<div data-reactid=\".20.$mid=11403531558816=2595c7d40c16e77db09.2:0.0.0.0\"><\/div>\n<div data-reactid=\".20.$mid=11403531558816=2595c7d40c16e77db09.2:0.0.0.0\">Nd\u00ebr vendbanimet m\u00eb t\u00eb vjetra t\u00eb Komunes se Ulqinit \u00ebsht\u00eb edhe vendi ku sot gjendet fshati yn\u00eb Kravar. Lokaliteti ku sot shtrihet fshati Kravar u formua dhe u zhvillua n\u00eb rrug\u00ebn e vjet\u00ebr tregtare e cila lidhte Shkodren me Ulqinin si dhe m\u00eb gjer\u00eb. Kravari perbehet prej dy pjes\u00ebve. Kravari i posht\u00ebm dhe Kravari i ep\u00ebrm. Kravari gjendet n\u00eb lindje te An\u00ebs Malit, rr\u00ebz\u00eb maleve t\u00eb Rumise dhe Taraboshit, n\u00eb nj\u00eb lart\u00ebsi mbidetare prej 300 metrave. Fshati sot \u00ebsht\u00eb i lidhur, apo korrespondon me nyje t\u00eb r\u00ebnd\u00ebsishme, si\u00e7 jan\u00eb: rruget qe lidhin Kravarin me Krajen,me Shkodren ,me Ulqinin si dhe me Tivarin. Aktualisht n\u00eb Kravar jetojn\u00eb rreth 80 familje. Ku gjithashtu rreth 70 familje jetojne n\u00eb diaspor\u00eb: SHBA, Gjermani etj. Historia e mergimit ndodh\u00eb n\u00eb dy p\u00ebriudha. M\u00ebrgata e par\u00eb ndodh\u00eb n\u00eb shekullin e 17. Ku disa banor\u00eb u shp\u00ebrngulen n\u00eb Turqi n\u00eb koh\u00ebn e perandorise Osmane.<\/div>\n<div data-reactid=\".20.$mid=11403531558816=2595c7d40c16e77db09.2:0.0.0.0\"><a href=\"http:\/\/www.visit-ulcinj.com\/blog\/wp-content\/uploads\/2014\/06\/Fshati-Kravari-ana-malit-Ulqin.jpg\"><img loading=\"lazy\" class=\"alignleft  wp-image-83425\" alt=\"Fshati-Kravari-ana-malit-Ulqin\" src=\"http:\/\/www.visit-ulcinj.com\/blog\/wp-content\/uploads\/2014\/06\/Fshati-Kravari-ana-malit-Ulqin.jpg\" width=\"508\" height=\"360\" \/><\/a><\/div>\n<div data-reactid=\".20.$mid=11403531558816=2595c7d40c16e77db09.2:0.0.0.0\">Nd\u00ebrsa M\u00ebrgata e dyte ndodh\u00eb si pasoj\u00eb e shtypjes sistematike nga regjimi i at\u00ebhersh\u00ebm Jugosllav. L\u00ebvizja m\u00eb e madhe e banor\u00ebve t\u00eb Kravarit drejt vendeve p\u00ebr\u00ebndimore, u b\u00eb gjat\u00eb viteve `90-ta,. T\u00eb gjetur n\u00eb situat\u00eb t\u00eb v\u00ebshtir\u00eb, nj\u00eb pjes\u00eb e Kravarseve mor\u00ebn rrug\u00ebn e m\u00ebrgimit p\u00ebr t\u00eb siguruar ekzistenc\u00ebn dhe mir\u00ebqenien p\u00ebr vete dhe familjen. Si dhe shumica e popullsis\u00eb jan\u00eb zhvendos n\u00eb qytete si Ulqin ,Tivar etj.. M\u00ebrgimtaret nga Kravari kan\u00eb dh\u00ebn\u00eb kontribut t\u00eb jasht\u00ebzakonsh\u00ebm p\u00ebr vendlindjen, n\u00eb p\u00ebrgjith\u00ebsi, si n\u00eb aspektin komb\u00ebtar, ashtu edhe n\u00eb at\u00eb ekonomik. Kravarsit p\u00ebrve\u00e7 aktivitetit atdhetar, n\u00eb l\u00ebvizje apo shoqata t\u00eb ndryshme, gjithkund ku kan\u00eb mundur, kan\u00eb ndihmuar financiarisht dhe me t\u00eb mira t\u00eb tjera familjet dhe t\u00eb af\u00ebrmit e tyre p\u00ebr t\u00eb p\u00ebrballuar gjendjen e r\u00ebnd\u00eb, kohe pas kohe ne vendlindjen e tyre. Popullata e fshatit Kravar tradicionalisht \u00ebsht\u00eb marr\u00eb me bujq\u00ebsi dhe me blegtori. Poashtu, p\u00ebrve\u00e7 k\u00ebsaj, koh\u00ebt e fundit shum\u00eb njer\u00ebz nga Kravari kan\u00eb themeluar kompani dhe kan\u00eb hapur biznese t\u00eb suksesshme. Mir\u00ebpo, Kravari \u00ebsht\u00eb i njohur edhe p\u00ebr arsimin e zhvilluar, duke nxjerr\u00eb num\u00ebr t\u00eb madh intelektual\u00ebsh, t\u00eb cil\u00ebt kan\u00eb b\u00ebr\u00eb karrier\u00eb t\u00eb suksesshme, kudo q\u00eb i ka cuar jeta.<\/div>\n<div data-reactid=\".20.$mid=11403531558816=2595c7d40c16e77db09.2:0.0.0.0\"><a href=\"http:\/\/www.visit-ulcinj.com\/blog\/wp-content\/uploads\/2014\/06\/Historia-e-fshatit-Kravar-Xhamia-3.jpg\"><img loading=\"lazy\" class=\"alignleft  wp-image-83427\" alt=\"Historia e fshatit Kravar-Xhamia-3\" src=\"http:\/\/www.visit-ulcinj.com\/blog\/wp-content\/uploads\/2014\/06\/Historia-e-fshatit-Kravar-Xhamia-3.jpg\" width=\"508\" height=\"360\" \/><\/a><\/div>\n<div data-reactid=\".20.$mid=11403531558816=2595c7d40c16e77db09.2:0.0.0.0\">Kravari sot ka shum\u00eb t\u00eb shkolluar, me fakultet dhe shkolla te larta. Aktualisht sot kravari ka M\u00ebsimdh\u00ebn\u00ebsa , ekonomista , jurista, inxhiniera, hoxhallare me shkolle t\u00eb lart\u00eb , etj. Fshati i Kravarit p\u00ebrvec mikpritjes dhe bujaris q\u00eb kan\u00eb banoret e ketij vendit, gjithashtu \u00ebsht\u00eb i njohur me mullinjte e mocem qe fatkeqesisht nuk jane ne funksion, si dhe me xhamine e vjeter qe \u00ebsht\u00eb nd\u00ebrtuar n\u00eb fund te shekullit 17. Dicka rreth historikut te xhamise se vjet\u00ebr te fshatit Kravar.. Feja Islame ne keto troje, saktesisht ne Ane te Malit ka ardhur ne vitet 1570. Ndersa nd\u00ebr xhamijat e para ne k\u00ebto an\u00eb \u00ebsht\u00eb xhamia e mocme e Kravarit q\u00eb \u00ebsht\u00eb nd\u00ebrtuar ne vitin 1762, apo sipas vitit Hixhri 1176 nga Jusufi I biri i Abdu Rrahamnit dhe nga Ramadani i biri i Hysejn Demirit. Kjo deshmi eshte e shkruar edhe ne gurin e gdhendur mbi deren e xhamis\u00eb s\u00eb mocme, ku n\u00eb t\u00eb thuhet: ,, K\u00ebt\u00eb heriat e ka ngrit\u00eb Jusufi ( nj\u00eb nd\u00ebr binjaket ) i biri Abdu Rrahmanit dhe Ramadani i biri i Hysejn Demirit. P\u00ebr shpirtat e tyre. Elham.\u201d Gjithashtu n\u00eb k\u00ebt\u00eb vend apo ne varrezat e xhamis\u00eb gjindet edhe vorri me i mocem n\u00eb k\u00ebto an\u00eb.<br \/>\n<a href=\"http:\/\/www.visit-ulcinj.com\/blog\/wp-content\/uploads\/2014\/06\/Historia-e-fshatit-Kravar-Xhamia-2.jpg\"><img loading=\"lazy\" class=\"alignleft  wp-image-83429\" alt=\"Historia e fshatit Kravar-Xhamia-2\" src=\"http:\/\/www.visit-ulcinj.com\/blog\/wp-content\/uploads\/2014\/06\/Historia-e-fshatit-Kravar-Xhamia-2.jpg\" width=\"508\" height=\"360\" \/><\/a><\/div>\n<div data-reactid=\".20.$mid=11403531558816=2595c7d40c16e77db09.2:0.0.0.0\">Imamet apo prij\u00ebsit e xhamis\u00eb s\u00eb mocme kan\u00eb q\u00ebn\u00eb: Ef.Hafiz Dervishi Ef.Hafiz Sait Shasi Ef.Sait Bisha Ef.Qazim Cenaj, si dhe Ef.Omer Demiraj. Deri ne vitin e 1965 xhamia ka q\u00ebn\u00eb pa minare, ku n\u00eb vitin 1966 nd\u00ebrtohet minarja nga mjeshtri Sal Ibroci. Termeti i vitit 1979 d\u00ebmton xhamine e vjet\u00ebr, sidomos minarja shkat\u00ebrrohet totalisht, dhe komisioni i atehershem shtet\u00ebror e ka vler\u00ebsu si p\u00ebrfundim; t\u00eb pafunksionushem k\u00ebt\u00eb faltore. Megjithate xhamia ka funksionu deri ne vitet 1986. Ku n\u00eb pranver\u00ebn e vitit 1986 b\u00ebhet hapja e xhamis\u00eb s\u00eb re t\u00eb Kravarit n\u00eb krye me imamin e asaj kohe Omer Demirin. Xhamia e re e Kravarit ka fillu ndertimin ne vitin 1983, ku ne at\u00eb kohe Myrtaveli ishte i ndjeri Daut Tafica. Mjetet p\u00ebr ndertimin e k\u00ebsaj xhamie i ka siguru Bashk\u00ebsia Islame me kryetarin e k\u00ebsaj bashk\u00ebsie n\u00eb at\u00eb koh\u00eb, bashkevendasi yne Idris Demiri. Nd\u00ebrsa fuqia puntore p\u00ebr nd\u00ebrtimin e k\u00ebsaj xhamie \u00ebsht\u00eb b\u00ebr\u00eb nga vendasit. Imamet n\u00eb k\u00ebt\u00eb xhami kan\u00eb q\u00ebn\u00eb : Ef.Omer Demiri I ndjeri Ef.Qazim Ceni Ef.Isa Aloshi Nd\u00ebrsa sot imami i k\u00ebsaj xhamie \u00ebsht\u00eb i nderuari Ef.Daut Kallaba.<\/div>\n<div data-reactid=\".20.$mid=11403531558816=2595c7d40c16e77db09.2:0.0.0.0\"><a href=\"http:\/\/www.visit-ulcinj.com\/blog\/wp-content\/uploads\/2014\/06\/Historia-e-fshatit-Kravar-Xhamia.jpg\"><img loading=\"lazy\" class=\"alignleft  wp-image-83422\" alt=\"Historia e fshatit Kravar-Xhamia\" src=\"http:\/\/www.visit-ulcinj.com\/blog\/wp-content\/uploads\/2014\/06\/Historia-e-fshatit-Kravar-Xhamia.jpg\" width=\"508\" height=\"600\" \/><\/a><\/div>\n<div data-reactid=\".20.$mid=11403531558816=2595c7d40c16e77db09.2:0.0.0.0\">Nevoja p\u00ebr rinovimin e k\u00ebsaj xhamie u b\u00eb shkak kulmi i xhamis\u00eb ku ishte demtu pjes\u00ebrisht dhe pikonte gjat\u00eb reshjeve. Por vullneti p\u00ebr riparimin e kulmit b\u00ebhet edhe me i madh sa q\u00eb idea dhe vullneti i madh i kalon kufijt sa q\u00eb u formua edhe nj\u00eb k\u00ebshill i vecant\u00eb p\u00ebr organizimin e punimeve dhe u mor\u00eb vendim q\u00eb t\u00eb rindertohet nj\u00eb pjes\u00eb e madhe e objektit, ku me ndihm\u00ebn e vendasve si brenda ashtu edhe jasht vendit ndihmuan si financiarisht ashtu edhe fizikisht, dhe si perfundim u realizua ajo q\u00eb sot pra e shofim, Xhamin me kupol te vetmen ne Komunen e Ulqinit !!! Dhe njeher falenderojme te gjithe kontribuesit, si dhe rinine e Kravarit ne krye me myrtavelin Naim Demirin.<\/div>\n<div data-reactid=\".20.$mid=11403531558816=2595c7d40c16e77db09.2:0.0.0.0\">Inagurimi i xhamise se re te Kravarit eshte bere me daten 21.06.2014. Per me shume ndiqeni videon.<\/p>\n<\/div>\n<div data-reactid=\".20.$mid=11403531558816=2595c7d40c16e77db09.2:0.0.0.0\"><strong>Shikim te kendshem !!!<\/strong><\/div>\n<div data-reactid=\".20.$mid=11403531558816=2595c7d40c16e77db09.2:0.0.0.0\">\n<!--YouTube Error: bad URL entered--><\/div>\n<\/div>\n<\/div>\n<\/div>\n","protected":false},"excerpt":{"rendered":"<p>Historia e Fshatit Kravar Nd\u00ebr vendbanimet m\u00eb t\u00eb vjetra t\u00eb Komunes se Ulqinit \u00ebsht\u00eb edhe vendi ku sot gjendet fshati yn\u00eb Kravar. Lokaliteti ku sot shtrihet fshati Kravar u formua dhe u zhvillua n\u00eb rrug\u00ebn e vjet\u00ebr tregtare e cila lidhte Shkodren me Ulqinin si dhe m\u00eb gjer\u00eb. Kravari perbehet prej dy pjes\u00ebve. Kravari i [&hellip;]<\/p>\n","protected":false},"author":1,"featured_media":0,"comment_status":"closed","ping_status":"closed","sticky":false,"template":"","format":"standard","meta":{"spay_email":"","jetpack_publicize_message":"","jetpack_is_tweetstorm":false,"jetpack_publicize_feature_enabled":true},"categories":[4],"tags":[],"jetpack_publicize_connections":[],"yoast_head":"<!-- This site is optimized with the Yoast SEO plugin v19.1 - https:\/\/yoast.com\/wordpress\/plugins\/seo\/ -->\n<title>Historia e fshatit Kravar me ikonen e saj, xhamin e vjeter - Video - Lajme nga Ulqini<\/title>\n<meta name=\"description\" content=\"Historia e Fshatit Kravar Nd\u00ebr vendbanimet m\u00eb t\u00eb vjetra t\u00eb Komunes se Ulqinit \u00ebsht\u00eb edhe vendi ku sot gjendet fshati yn\u00eb Kravar. Lokaliteti ku sot\" \/>\n<meta name=\"robots\" content=\"index, follow, max-snippet:-1, max-image-preview:large, max-video-preview:-1\" \/>\n<link rel=\"canonical\" href=\"https:\/\/www.visit-ulcinj.com\/blog\/2014\/06\/23\/historia-e-fshatit-kravar-ikonen-e-saj-xhamin-e-vjeter-video\/\" \/>\n<meta property=\"og:locale\" content=\"en_US\" \/>\n<meta property=\"og:type\" content=\"article\" \/>\n<meta property=\"og:title\" content=\"Historia e fshatit Kravar me ikonen e saj, xhamin e vjeter - Video - Lajme nga Ulqini\" \/>\n<meta property=\"og:description\" content=\"Historia e Fshatit Kravar Nd\u00ebr vendbanimet m\u00eb t\u00eb vjetra t\u00eb Komunes se Ulqinit \u00ebsht\u00eb edhe vendi ku sot gjendet fshati yn\u00eb Kravar. Lokaliteti ku sot\" \/>\n<meta property=\"og:url\" content=\"https:\/\/www.visit-ulcinj.com\/blog\/2014\/06\/23\/historia-e-fshatit-kravar-ikonen-e-saj-xhamin-e-vjeter-video\/\" \/>\n<meta property=\"og:site_name\" content=\"Lajme nga Ulqini\" \/>\n<meta property=\"article:published_time\" content=\"2014-06-23T14:46:17+00:00\" \/>\n<meta property=\"og:image\" content=\"http:\/\/www.visit-ulcinj.com\/blog\/wp-content\/uploads\/2014\/06\/Historia-e-fshatit-Kravar-Xhamia-1.jpg\" \/>\n<meta name=\"twitter:label1\" content=\"Written by\" \/>\n\t<meta name=\"twitter:data1\" content=\"ulqini\" \/>\n\t<meta name=\"twitter:label2\" content=\"Est. reading time\" \/>\n\t<meta name=\"twitter:data2\" content=\"5 minutes\" \/>\n<script type=\"application\/ld+json\" class=\"yoast-schema-graph\">{\"@context\":\"https:\/\/schema.org\",\"@graph\":[{\"@type\":\"WebSite\",\"@id\":\"https:\/\/www.visit-ulcinj.com\/blog\/#website\",\"url\":\"https:\/\/www.visit-ulcinj.com\/blog\/\",\"name\":\"Lajme nga Ulqini\",\"description\":\"Lajme,Vijesti,Ulqini,Ulqin,Crna Gora,Mali i Zi\",\"potentialAction\":[{\"@type\":\"SearchAction\",\"target\":{\"@type\":\"EntryPoint\",\"urlTemplate\":\"https:\/\/www.visit-ulcinj.com\/blog\/?s={search_term_string}\"},\"query-input\":\"required name=search_term_string\"}],\"inLanguage\":\"en-US\"},{\"@type\":\"ImageObject\",\"inLanguage\":\"en-US\",\"@id\":\"https:\/\/www.visit-ulcinj.com\/blog\/2014\/06\/23\/historia-e-fshatit-kravar-ikonen-e-saj-xhamin-e-vjeter-video\/#primaryimage\",\"url\":\"https:\/\/www.visit-ulcinj.com\/blog\/wp-content\/uploads\/2014\/06\/Historia-e-fshatit-Kravar-Xhamia-1.jpg\",\"contentUrl\":\"https:\/\/www.visit-ulcinj.com\/blog\/wp-content\/uploads\/2014\/06\/Historia-e-fshatit-Kravar-Xhamia-1.jpg\",\"width\":999,\"height\":725},{\"@type\":\"WebPage\",\"@id\":\"https:\/\/www.visit-ulcinj.com\/blog\/2014\/06\/23\/historia-e-fshatit-kravar-ikonen-e-saj-xhamin-e-vjeter-video\/#webpage\",\"url\":\"https:\/\/www.visit-ulcinj.com\/blog\/2014\/06\/23\/historia-e-fshatit-kravar-ikonen-e-saj-xhamin-e-vjeter-video\/\",\"name\":\"Historia e fshatit Kravar me ikonen e saj, xhamin e vjeter - Video - Lajme nga Ulqini\",\"isPartOf\":{\"@id\":\"https:\/\/www.visit-ulcinj.com\/blog\/#website\"},\"primaryImageOfPage\":{\"@id\":\"https:\/\/www.visit-ulcinj.com\/blog\/2014\/06\/23\/historia-e-fshatit-kravar-ikonen-e-saj-xhamin-e-vjeter-video\/#primaryimage\"},\"datePublished\":\"2014-06-23T14:46:17+00:00\",\"dateModified\":\"2014-06-23T14:46:17+00:00\",\"author\":{\"@id\":\"https:\/\/www.visit-ulcinj.com\/blog\/#\/schema\/person\/dcab619c614d3038751c63bc2aadc06d\"},\"description\":\"Historia e Fshatit Kravar Nd\u00ebr vendbanimet m\u00eb t\u00eb vjetra t\u00eb Komunes se Ulqinit \u00ebsht\u00eb edhe vendi ku sot gjendet fshati yn\u00eb Kravar. Lokaliteti ku sot\",\"breadcrumb\":{\"@id\":\"https:\/\/www.visit-ulcinj.com\/blog\/2014\/06\/23\/historia-e-fshatit-kravar-ikonen-e-saj-xhamin-e-vjeter-video\/#breadcrumb\"},\"inLanguage\":\"en-US\",\"potentialAction\":[{\"@type\":\"ReadAction\",\"target\":[\"https:\/\/www.visit-ulcinj.com\/blog\/2014\/06\/23\/historia-e-fshatit-kravar-ikonen-e-saj-xhamin-e-vjeter-video\/\"]}]},{\"@type\":\"BreadcrumbList\",\"@id\":\"https:\/\/www.visit-ulcinj.com\/blog\/2014\/06\/23\/historia-e-fshatit-kravar-ikonen-e-saj-xhamin-e-vjeter-video\/#breadcrumb\",\"itemListElement\":[{\"@type\":\"ListItem\",\"position\":1,\"name\":\"Historia e fshatit Kravar me ikonen e saj, xhamin e vjeter &#8211; Video\"}]},{\"@type\":\"Person\",\"@id\":\"https:\/\/www.visit-ulcinj.com\/blog\/#\/schema\/person\/dcab619c614d3038751c63bc2aadc06d\",\"name\":\"ulqini\",\"sameAs\":[\"http:\/\/www.visit-ulcinj.com\"],\"url\":\"https:\/\/www.visit-ulcinj.com\/blog\/author\/admin\/\"}]}<\/script>\n<!-- \/ Yoast SEO plugin. -->","yoast_head_json":{"title":"Historia e fshatit Kravar me ikonen e saj, xhamin e vjeter - Video - Lajme nga Ulqini","description":"Historia e Fshatit Kravar Nd\u00ebr vendbanimet m\u00eb t\u00eb vjetra t\u00eb Komunes se Ulqinit \u00ebsht\u00eb edhe vendi ku sot gjendet fshati yn\u00eb Kravar. Lokaliteti ku sot","robots":{"index":"index","follow":"follow","max-snippet":"max-snippet:-1","max-image-preview":"max-image-preview:large","max-video-preview":"max-video-preview:-1"},"canonical":"https:\/\/www.visit-ulcinj.com\/blog\/2014\/06\/23\/historia-e-fshatit-kravar-ikonen-e-saj-xhamin-e-vjeter-video\/","og_locale":"en_US","og_type":"article","og_title":"Historia e fshatit Kravar me ikonen e saj, xhamin e vjeter - Video - Lajme nga Ulqini","og_description":"Historia e Fshatit Kravar Nd\u00ebr vendbanimet m\u00eb t\u00eb vjetra t\u00eb Komunes se Ulqinit \u00ebsht\u00eb edhe vendi ku sot gjendet fshati yn\u00eb Kravar. Lokaliteti ku sot","og_url":"https:\/\/www.visit-ulcinj.com\/blog\/2014\/06\/23\/historia-e-fshatit-kravar-ikonen-e-saj-xhamin-e-vjeter-video\/","og_site_name":"Lajme nga Ulqini","article_published_time":"2014-06-23T14:46:17+00:00","og_image":[{"url":"http:\/\/www.visit-ulcinj.com\/blog\/wp-content\/uploads\/2014\/06\/Historia-e-fshatit-Kravar-Xhamia-1.jpg"}],"twitter_misc":{"Written by":"ulqini","Est. reading time":"5 minutes"},"schema":{"@context":"https:\/\/schema.org","@graph":[{"@type":"WebSite","@id":"https:\/\/www.visit-ulcinj.com\/blog\/#website","url":"https:\/\/www.visit-ulcinj.com\/blog\/","name":"Lajme nga Ulqini","description":"Lajme,Vijesti,Ulqini,Ulqin,Crna Gora,Mali i Zi","potentialAction":[{"@type":"SearchAction","target":{"@type":"EntryPoint","urlTemplate":"https:\/\/www.visit-ulcinj.com\/blog\/?s={search_term_string}"},"query-input":"required name=search_term_string"}],"inLanguage":"en-US"},{"@type":"ImageObject","inLanguage":"en-US","@id":"https:\/\/www.visit-ulcinj.com\/blog\/2014\/06\/23\/historia-e-fshatit-kravar-ikonen-e-saj-xhamin-e-vjeter-video\/#primaryimage","url":"https:\/\/www.visit-ulcinj.com\/blog\/wp-content\/uploads\/2014\/06\/Historia-e-fshatit-Kravar-Xhamia-1.jpg","contentUrl":"https:\/\/www.visit-ulcinj.com\/blog\/wp-content\/uploads\/2014\/06\/Historia-e-fshatit-Kravar-Xhamia-1.jpg","width":999,"height":725},{"@type":"WebPage","@id":"https:\/\/www.visit-ulcinj.com\/blog\/2014\/06\/23\/historia-e-fshatit-kravar-ikonen-e-saj-xhamin-e-vjeter-video\/#webpage","url":"https:\/\/www.visit-ulcinj.com\/blog\/2014\/06\/23\/historia-e-fshatit-kravar-ikonen-e-saj-xhamin-e-vjeter-video\/","name":"Historia e fshatit Kravar me ikonen e saj, xhamin e vjeter - Video - Lajme nga Ulqini","isPartOf":{"@id":"https:\/\/www.visit-ulcinj.com\/blog\/#website"},"primaryImageOfPage":{"@id":"https:\/\/www.visit-ulcinj.com\/blog\/2014\/06\/23\/historia-e-fshatit-kravar-ikonen-e-saj-xhamin-e-vjeter-video\/#primaryimage"},"datePublished":"2014-06-23T14:46:17+00:00","dateModified":"2014-06-23T14:46:17+00:00","author":{"@id":"https:\/\/www.visit-ulcinj.com\/blog\/#\/schema\/person\/dcab619c614d3038751c63bc2aadc06d"},"description":"Historia e Fshatit Kravar Nd\u00ebr vendbanimet m\u00eb t\u00eb vjetra t\u00eb Komunes se Ulqinit \u00ebsht\u00eb edhe vendi ku sot gjendet fshati yn\u00eb Kravar. Lokaliteti ku sot","breadcrumb":{"@id":"https:\/\/www.visit-ulcinj.com\/blog\/2014\/06\/23\/historia-e-fshatit-kravar-ikonen-e-saj-xhamin-e-vjeter-video\/#breadcrumb"},"inLanguage":"en-US","potentialAction":[{"@type":"ReadAction","target":["https:\/\/www.visit-ulcinj.com\/blog\/2014\/06\/23\/historia-e-fshatit-kravar-ikonen-e-saj-xhamin-e-vjeter-video\/"]}]},{"@type":"BreadcrumbList","@id":"https:\/\/www.visit-ulcinj.com\/blog\/2014\/06\/23\/historia-e-fshatit-kravar-ikonen-e-saj-xhamin-e-vjeter-video\/#breadcrumb","itemListElement":[{"@type":"ListItem","position":1,"name":"Historia e fshatit Kravar me ikonen e saj, xhamin e vjeter &#8211; Video"}]},{"@type":"Person","@id":"https:\/\/www.visit-ulcinj.com\/blog\/#\/schema\/person\/dcab619c614d3038751c63bc2aadc06d","name":"ulqini","sameAs":["http:\/\/www.visit-ulcinj.com"],"url":"https:\/\/www.visit-ulcinj.com\/blog\/author\/admin\/"}]}},"jetpack_featured_media_url":"","jetpack_sharing_enabled":true,"jetpack_shortlink":"https:\/\/wp.me\/pe6lTn-lHv","_links":{"self":[{"href":"https:\/\/www.visit-ulcinj.com\/blog\/wp-json\/wp\/v2\/posts\/83421"}],"collection":[{"href":"https:\/\/www.visit-ulcinj.com\/blog\/wp-json\/wp\/v2\/posts"}],"about":[{"href":"https:\/\/www.visit-ulcinj.com\/blog\/wp-json\/wp\/v2\/types\/post"}],"author":[{"embeddable":true,"href":"https:\/\/www.visit-ulcinj.com\/blog\/wp-json\/wp\/v2\/users\/1"}],"replies":[{"embeddable":true,"href":"https:\/\/www.visit-ulcinj.com\/blog\/wp-json\/wp\/v2\/comments?post=83421"}],"version-history":[{"count":1,"href":"https:\/\/www.visit-ulcinj.com\/blog\/wp-json\/wp\/v2\/posts\/83421\/revisions"}],"predecessor-version":[{"id":83430,"href":"https:\/\/www.visit-ulcinj.com\/blog\/wp-json\/wp\/v2\/posts\/83421\/revisions\/83430"}],"wp:attachment":[{"href":"https:\/\/www.visit-ulcinj.com\/blog\/wp-json\/wp\/v2\/media?parent=83421"}],"wp:term":[{"taxonomy":"category","embeddable":true,"href":"https:\/\/www.visit-ulcinj.com\/blog\/wp-json\/wp\/v2\/categories?post=83421"},{"taxonomy":"post_tag","embeddable":true,"href":"https:\/\/www.visit-ulcinj.com\/blog\/wp-json\/wp\/v2\/tags?post=83421"}],"curies":[{"name":"wp","href":"https:\/\/api.w.org\/{rel}","templated":true}]}}