{"id":83436,"date":"2014-06-23T18:52:51","date_gmt":"2014-06-23T17:52:51","guid":{"rendered":"http:\/\/www.visit-ulcinj.com\/blog\/?p=83436"},"modified":"2014-06-23T18:54:12","modified_gmt":"2014-06-23T17:54:12","slug":"zavrsena-rekonstrukcija-kravarske-dzamije","status":"publish","type":"post","link":"https:\/\/www.visit-ulcinj.com\/blog\/2014\/06\/23\/zavrsena-rekonstrukcija-kravarske-dzamije\/","title":{"rendered":"Zavr\u0161ena rekonstrukcija Kravarske d\u017eamije &#8211; Video"},"content":{"rendered":"<p><a href=\"http:\/\/www.visit-ulcinj.com\/blog\/wp-content\/uploads\/2014\/06\/Historia-e-fshatit-Kravar-Xhamia.jpg\"><img loading=\"lazy\" class=\"alignleft  wp-image-83422\" alt=\"Historia e fshatit Kravar-Xhamia\" src=\"http:\/\/www.visit-ulcinj.com\/blog\/wp-content\/uploads\/2014\/06\/Historia-e-fshatit-Kravar-Xhamia.jpg\" width=\"508\" height=\"600\" \/><\/a>D\u017eematski odbor d\u017eamije u Kravarima OIZ-e Ulcinja, uprili\u010dio je sve\u010danost povodom zavr\u0161etka radova na rekonstrukciji d\u017eamije u istom selu. Krov d\u017eamije je zamijenjen kupolom, prednji dio d\u017eamije je pro\u0161iren, izgra\u0111en je novi mokri \u010dvor, abdesthana, vi\u0161enamjenska sala za potrebe mekteba i odr\u017eavanje sastanaka i parking. Obnovljena je fasada i enterijer d\u017eamije. Radovi su ko\u0161tali 50 000 \u20ac a sredstva su donirali mje\u0161tani sela i d\u017eematlije Ulcinja i Bara.<\/p>\n<p>Sve\u010danosti su prisustvovali: predsjednik op\u0161tine Ulcinj g-din. Fatmir \u0110eka, presjednik sabora IZ Muidin ef. Milaimi, generalni sekretar IZ Fuad ef. \u010ceki\u0107, dir. ureda za odnose sa javno\u0161\u0107u i inostranstvom pri Me\u0161ihatu Omer Kajoshaj i stalni pravni savjetnik reisa Fejzi\u0107a Muharem Demirovi\u0107. Prisutnima su se obratili glavnim imam u Ulcinju Ali ef. Bardhi, imam d\u017eamije Daut ef. Kalaba, u svojstvu izaslanika Reisa Rifata ef. Fejzi\u0107a Omer Kajoshaj i imam iz Tirane Ahmed ef. Kalaja. Ilahije i kaside su izveli polaznici mektebske nastave kojima je na kraju programa poklone uru\u010dio presjednik Odbora IZ Ulcinj g-din. Gazmend Dolaku.<\/p>\n<p><strong>Izvor: Monteislam<\/strong><\/p>\n<!--YouTube Error: bad URL entered-->\n","protected":false},"excerpt":{"rendered":"<p>D\u017eematski odbor d\u017eamije u Kravarima OIZ-e Ulcinja, uprili\u010dio je sve\u010danost povodom zavr\u0161etka radova na rekonstrukciji d\u017eamije u istom selu. Krov d\u017eamije je zamijenjen kupolom, prednji dio d\u017eamije je pro\u0161iren, izgra\u0111en je novi mokri \u010dvor, abdesthana, vi\u0161enamjenska sala za potrebe mekteba i odr\u017eavanje sastanaka i parking. Obnovljena je fasada i enterijer d\u017eamije. Radovi su ko\u0161tali 50 [&hellip;]<\/p>\n","protected":false},"author":1,"featured_media":0,"comment_status":"closed","ping_status":"closed","sticky":false,"template":"","format":"standard","meta":{"spay_email":"","jetpack_publicize_message":"","jetpack_is_tweetstorm":false,"jetpack_publicize_feature_enabled":true},"categories":[6950],"tags":[],"jetpack_publicize_connections":[],"yoast_head":"<!-- This site is optimized with the Yoast SEO plugin v19.1 - https:\/\/yoast.com\/wordpress\/plugins\/seo\/ -->\n<title>Zavr\u0161ena rekonstrukcija Kravarske d\u017eamije - Video - Lajme nga Ulqini<\/title>\n<meta name=\"description\" content=\"D\u017eematski odbor d\u017eamije u Kravarima OIZ-e Ulcinja, uprili\u010dio je sve\u010danost povodom zavr\u0161etka radova na rekonstrukciji d\u017eamije u istom selu. Krov d\u017eamije je\" \/>\n<meta name=\"robots\" content=\"index, follow, max-snippet:-1, max-image-preview:large, max-video-preview:-1\" \/>\n<link rel=\"canonical\" href=\"https:\/\/www.visit-ulcinj.com\/blog\/2014\/06\/23\/zavrsena-rekonstrukcija-kravarske-dzamije\/\" \/>\n<meta property=\"og:locale\" content=\"en_US\" \/>\n<meta property=\"og:type\" content=\"article\" \/>\n<meta property=\"og:title\" content=\"Zavr\u0161ena rekonstrukcija Kravarske d\u017eamije - Video - Lajme nga Ulqini\" \/>\n<meta property=\"og:description\" content=\"D\u017eematski odbor d\u017eamije u Kravarima OIZ-e Ulcinja, uprili\u010dio je sve\u010danost povodom zavr\u0161etka radova na rekonstrukciji d\u017eamije u istom selu. Krov d\u017eamije je\" \/>\n<meta property=\"og:url\" content=\"https:\/\/www.visit-ulcinj.com\/blog\/2014\/06\/23\/zavrsena-rekonstrukcija-kravarske-dzamije\/\" \/>\n<meta property=\"og:site_name\" content=\"Lajme nga Ulqini\" \/>\n<meta property=\"article:published_time\" content=\"2014-06-23T17:52:51+00:00\" \/>\n<meta property=\"article:modified_time\" content=\"2014-06-23T17:54:12+00:00\" \/>\n<meta property=\"og:image\" content=\"http:\/\/www.visit-ulcinj.com\/blog\/wp-content\/uploads\/2014\/06\/Historia-e-fshatit-Kravar-Xhamia.jpg\" \/>\n<meta name=\"twitter:label1\" content=\"Written by\" \/>\n\t<meta name=\"twitter:data1\" content=\"ulqini\" \/>\n\t<meta name=\"twitter:label2\" content=\"Est. reading time\" \/>\n\t<meta name=\"twitter:data2\" content=\"1 minute\" \/>\n<script type=\"application\/ld+json\" class=\"yoast-schema-graph\">{\"@context\":\"https:\/\/schema.org\",\"@graph\":[{\"@type\":\"WebSite\",\"@id\":\"https:\/\/www.visit-ulcinj.com\/blog\/#website\",\"url\":\"https:\/\/www.visit-ulcinj.com\/blog\/\",\"name\":\"Lajme nga Ulqini\",\"description\":\"Lajme,Vijesti,Ulqini,Ulqin,Crna Gora,Mali i Zi\",\"potentialAction\":[{\"@type\":\"SearchAction\",\"target\":{\"@type\":\"EntryPoint\",\"urlTemplate\":\"https:\/\/www.visit-ulcinj.com\/blog\/?s={search_term_string}\"},\"query-input\":\"required name=search_term_string\"}],\"inLanguage\":\"en-US\"},{\"@type\":\"ImageObject\",\"inLanguage\":\"en-US\",\"@id\":\"https:\/\/www.visit-ulcinj.com\/blog\/2014\/06\/23\/zavrsena-rekonstrukcija-kravarske-dzamije\/#primaryimage\",\"url\":\"https:\/\/www.visit-ulcinj.com\/blog\/wp-content\/uploads\/2014\/06\/Historia-e-fshatit-Kravar-Xhamia.jpg\",\"contentUrl\":\"https:\/\/www.visit-ulcinj.com\/blog\/wp-content\/uploads\/2014\/06\/Historia-e-fshatit-Kravar-Xhamia.jpg\",\"width\":686,\"height\":960},{\"@type\":\"WebPage\",\"@id\":\"https:\/\/www.visit-ulcinj.com\/blog\/2014\/06\/23\/zavrsena-rekonstrukcija-kravarske-dzamije\/#webpage\",\"url\":\"https:\/\/www.visit-ulcinj.com\/blog\/2014\/06\/23\/zavrsena-rekonstrukcija-kravarske-dzamije\/\",\"name\":\"Zavr\u0161ena rekonstrukcija Kravarske d\u017eamije - Video - Lajme nga Ulqini\",\"isPartOf\":{\"@id\":\"https:\/\/www.visit-ulcinj.com\/blog\/#website\"},\"primaryImageOfPage\":{\"@id\":\"https:\/\/www.visit-ulcinj.com\/blog\/2014\/06\/23\/zavrsena-rekonstrukcija-kravarske-dzamije\/#primaryimage\"},\"datePublished\":\"2014-06-23T17:52:51+00:00\",\"dateModified\":\"2014-06-23T17:54:12+00:00\",\"author\":{\"@id\":\"https:\/\/www.visit-ulcinj.com\/blog\/#\/schema\/person\/dcab619c614d3038751c63bc2aadc06d\"},\"description\":\"D\u017eematski odbor d\u017eamije u Kravarima OIZ-e Ulcinja, uprili\u010dio je sve\u010danost povodom zavr\u0161etka radova na rekonstrukciji d\u017eamije u istom selu. Krov d\u017eamije je\",\"breadcrumb\":{\"@id\":\"https:\/\/www.visit-ulcinj.com\/blog\/2014\/06\/23\/zavrsena-rekonstrukcija-kravarske-dzamije\/#breadcrumb\"},\"inLanguage\":\"en-US\",\"potentialAction\":[{\"@type\":\"ReadAction\",\"target\":[\"https:\/\/www.visit-ulcinj.com\/blog\/2014\/06\/23\/zavrsena-rekonstrukcija-kravarske-dzamije\/\"]}]},{\"@type\":\"BreadcrumbList\",\"@id\":\"https:\/\/www.visit-ulcinj.com\/blog\/2014\/06\/23\/zavrsena-rekonstrukcija-kravarske-dzamije\/#breadcrumb\",\"itemListElement\":[{\"@type\":\"ListItem\",\"position\":1,\"name\":\"Zavr\u0161ena rekonstrukcija Kravarske d\u017eamije &#8211; Video\"}]},{\"@type\":\"Person\",\"@id\":\"https:\/\/www.visit-ulcinj.com\/blog\/#\/schema\/person\/dcab619c614d3038751c63bc2aadc06d\",\"name\":\"ulqini\",\"sameAs\":[\"http:\/\/www.visit-ulcinj.com\"],\"url\":\"https:\/\/www.visit-ulcinj.com\/blog\/author\/admin\/\"}]}<\/script>\n<!-- \/ Yoast SEO plugin. -->","yoast_head_json":{"title":"Zavr\u0161ena rekonstrukcija Kravarske d\u017eamije - Video - Lajme nga Ulqini","description":"D\u017eematski odbor d\u017eamije u Kravarima OIZ-e Ulcinja, uprili\u010dio je sve\u010danost povodom zavr\u0161etka radova na rekonstrukciji d\u017eamije u istom selu. Krov d\u017eamije je","robots":{"index":"index","follow":"follow","max-snippet":"max-snippet:-1","max-image-preview":"max-image-preview:large","max-video-preview":"max-video-preview:-1"},"canonical":"https:\/\/www.visit-ulcinj.com\/blog\/2014\/06\/23\/zavrsena-rekonstrukcija-kravarske-dzamije\/","og_locale":"en_US","og_type":"article","og_title":"Zavr\u0161ena rekonstrukcija Kravarske d\u017eamije - Video - Lajme nga Ulqini","og_description":"D\u017eematski odbor d\u017eamije u Kravarima OIZ-e Ulcinja, uprili\u010dio je sve\u010danost povodom zavr\u0161etka radova na rekonstrukciji d\u017eamije u istom selu. Krov d\u017eamije je","og_url":"https:\/\/www.visit-ulcinj.com\/blog\/2014\/06\/23\/zavrsena-rekonstrukcija-kravarske-dzamije\/","og_site_name":"Lajme nga Ulqini","article_published_time":"2014-06-23T17:52:51+00:00","article_modified_time":"2014-06-23T17:54:12+00:00","og_image":[{"url":"http:\/\/www.visit-ulcinj.com\/blog\/wp-content\/uploads\/2014\/06\/Historia-e-fshatit-Kravar-Xhamia.jpg"}],"twitter_misc":{"Written by":"ulqini","Est. reading time":"1 minute"},"schema":{"@context":"https:\/\/schema.org","@graph":[{"@type":"WebSite","@id":"https:\/\/www.visit-ulcinj.com\/blog\/#website","url":"https:\/\/www.visit-ulcinj.com\/blog\/","name":"Lajme nga Ulqini","description":"Lajme,Vijesti,Ulqini,Ulqin,Crna Gora,Mali i Zi","potentialAction":[{"@type":"SearchAction","target":{"@type":"EntryPoint","urlTemplate":"https:\/\/www.visit-ulcinj.com\/blog\/?s={search_term_string}"},"query-input":"required name=search_term_string"}],"inLanguage":"en-US"},{"@type":"ImageObject","inLanguage":"en-US","@id":"https:\/\/www.visit-ulcinj.com\/blog\/2014\/06\/23\/zavrsena-rekonstrukcija-kravarske-dzamije\/#primaryimage","url":"https:\/\/www.visit-ulcinj.com\/blog\/wp-content\/uploads\/2014\/06\/Historia-e-fshatit-Kravar-Xhamia.jpg","contentUrl":"https:\/\/www.visit-ulcinj.com\/blog\/wp-content\/uploads\/2014\/06\/Historia-e-fshatit-Kravar-Xhamia.jpg","width":686,"height":960},{"@type":"WebPage","@id":"https:\/\/www.visit-ulcinj.com\/blog\/2014\/06\/23\/zavrsena-rekonstrukcija-kravarske-dzamije\/#webpage","url":"https:\/\/www.visit-ulcinj.com\/blog\/2014\/06\/23\/zavrsena-rekonstrukcija-kravarske-dzamije\/","name":"Zavr\u0161ena rekonstrukcija Kravarske d\u017eamije - Video - Lajme nga Ulqini","isPartOf":{"@id":"https:\/\/www.visit-ulcinj.com\/blog\/#website"},"primaryImageOfPage":{"@id":"https:\/\/www.visit-ulcinj.com\/blog\/2014\/06\/23\/zavrsena-rekonstrukcija-kravarske-dzamije\/#primaryimage"},"datePublished":"2014-06-23T17:52:51+00:00","dateModified":"2014-06-23T17:54:12+00:00","author":{"@id":"https:\/\/www.visit-ulcinj.com\/blog\/#\/schema\/person\/dcab619c614d3038751c63bc2aadc06d"},"description":"D\u017eematski odbor d\u017eamije u Kravarima OIZ-e Ulcinja, uprili\u010dio je sve\u010danost povodom zavr\u0161etka radova na rekonstrukciji d\u017eamije u istom selu. Krov d\u017eamije je","breadcrumb":{"@id":"https:\/\/www.visit-ulcinj.com\/blog\/2014\/06\/23\/zavrsena-rekonstrukcija-kravarske-dzamije\/#breadcrumb"},"inLanguage":"en-US","potentialAction":[{"@type":"ReadAction","target":["https:\/\/www.visit-ulcinj.com\/blog\/2014\/06\/23\/zavrsena-rekonstrukcija-kravarske-dzamije\/"]}]},{"@type":"BreadcrumbList","@id":"https:\/\/www.visit-ulcinj.com\/blog\/2014\/06\/23\/zavrsena-rekonstrukcija-kravarske-dzamije\/#breadcrumb","itemListElement":[{"@type":"ListItem","position":1,"name":"Zavr\u0161ena rekonstrukcija Kravarske d\u017eamije &#8211; Video"}]},{"@type":"Person","@id":"https:\/\/www.visit-ulcinj.com\/blog\/#\/schema\/person\/dcab619c614d3038751c63bc2aadc06d","name":"ulqini","sameAs":["http:\/\/www.visit-ulcinj.com"],"url":"https:\/\/www.visit-ulcinj.com\/blog\/author\/admin\/"}]}},"jetpack_featured_media_url":"","jetpack_sharing_enabled":true,"jetpack_shortlink":"https:\/\/wp.me\/pe6lTn-lHK","_links":{"self":[{"href":"https:\/\/www.visit-ulcinj.com\/blog\/wp-json\/wp\/v2\/posts\/83436"}],"collection":[{"href":"https:\/\/www.visit-ulcinj.com\/blog\/wp-json\/wp\/v2\/posts"}],"about":[{"href":"https:\/\/www.visit-ulcinj.com\/blog\/wp-json\/wp\/v2\/types\/post"}],"author":[{"embeddable":true,"href":"https:\/\/www.visit-ulcinj.com\/blog\/wp-json\/wp\/v2\/users\/1"}],"replies":[{"embeddable":true,"href":"https:\/\/www.visit-ulcinj.com\/blog\/wp-json\/wp\/v2\/comments?post=83436"}],"version-history":[{"count":2,"href":"https:\/\/www.visit-ulcinj.com\/blog\/wp-json\/wp\/v2\/posts\/83436\/revisions"}],"predecessor-version":[{"id":83438,"href":"https:\/\/www.visit-ulcinj.com\/blog\/wp-json\/wp\/v2\/posts\/83436\/revisions\/83438"}],"wp:attachment":[{"href":"https:\/\/www.visit-ulcinj.com\/blog\/wp-json\/wp\/v2\/media?parent=83436"}],"wp:term":[{"taxonomy":"category","embeddable":true,"href":"https:\/\/www.visit-ulcinj.com\/blog\/wp-json\/wp\/v2\/categories?post=83436"},{"taxonomy":"post_tag","embeddable":true,"href":"https:\/\/www.visit-ulcinj.com\/blog\/wp-json\/wp\/v2\/tags?post=83436"}],"curies":[{"name":"wp","href":"https:\/\/api.w.org\/{rel}","templated":true}]}}